{"id":951430,"date":"2025-09-10T20:18:00","date_gmt":"2025-09-10T18:18:00","guid":{"rendered":"https:\/\/dmcsrb.com\/uncategorized\/doncic-jos-jednom-briljirao-njemacka-na-misice-zakazala-polufinale-sa-finskom\/"},"modified":"2025-09-10T20:18:00","modified_gmt":"2025-09-10T18:18:00","slug":"doncic-jos-jednom-briljirao-njemacka-na-misice-zakazala-polufinale-sa-finskom","status":"publish","type":"post","link":"https:\/\/dmcsrb.com\/en\/sport\/doncic-jos-jednom-briljirao-njemacka-na-misice-zakazala-polufinale-sa-finskom\/","title":{"rendered":"Don\u010di\u0107 jo\u0161 jednom briljirao, Njema\u010dka na mi\u0161i\u0107e zakazala polufinale sa Finskom"},"content":{"rendered":"<p>Kao i u osmini finala&nbsp;<strong>Luka Don\u010di\u0107&nbsp;<\/strong>je ve\u010deras odigrao savr\u0161eno prvo poluvrijeme. Italiji je ubacio 30, a Pancerima ve\u010deras 22 poena. Zmaj\u010deki su na njegovim krilima nakon 10 minuta igre stekli dvocifreno vo\u0111stvo, 32:21.<\/p>\n\n\n\n<p>Nakon uvodnog polaganja&nbsp;<strong>Martina Krampelja&nbsp;<\/strong>na startu druge dionice Slovenija nije mogla da na\u0111e put do ko\u0161a skoro \u010detiri minuta. Iskoristili su to Njemci i spustili se na pet poena minusa (34:29). Bio je to nalet aktuelnog \u0161ampiona svijeta kojim su se na tri i po minuta do odlaska na odmor izme\u0111u dva poluvremena do\u0161li do egala (39:39).<\/p>\n\n\n\n<p>Probudio se Luka ponovo u fini\u0161u druge dionice i osigurao Slovencima odlazak na odmor sa \u201cplus\u201d \u0161est, 51:45.<\/p>\n\n\n\n<p>Rano je zvijezda Los An\u0111eles Lejkersa u\u0161la u probleme sa faulovima, na poluvremenu je imao tri, a prakti\u010dno na samom startu tre\u0107e dionice napravio je \u010detvrtu li\u010dnu gre\u0161ku.<\/p>\n\n\n\n<p>Ostavio ga je selektor&nbsp;<strong>Aleksander Sekuli\u0107&nbsp;<\/strong>na terenu \u2013 i nije pogrije\u0161io. Po\u010deo je da poga\u0111a, razigrava, a trojkom&nbsp;<strong>Klemena Prepeli\u010da&nbsp;<\/strong>na minut do isteka tre\u0107e dionice ponovo su Slovenci do\u0161li na prag dvocifrene prednosti (73:64).<\/p>\n\n\n\n<p>Vratili su se Njemci u posljednjih 60 sekundi ovog perioda me\u010da, a na \u010detiri poena minusa pribli\u017eio ih je&nbsp;<strong>Tristan<\/strong>&nbsp;<strong>da Silva&nbsp;<\/strong>trojkom sa centra.<\/p>\n\n\n\n<figure class=\"wp-block-embed is-type-rich is-provider-twitter wp-block-embed-twitter\"><div class=\"wp-block-embed__wrapper\">\n<blockquote class=\"twitter-tweet\" data-width=\"500\" data-dnt=\"true\"><p lang=\"en\" dir=\"ltr\">INCREDIBLE! Tristan Da Silva knocks down the <a href=\"https:\/\/twitter.com\/hashtag\/TissotBuzzerBeater?src=hash&amp;ref_src=twsrc%5Etfw\">#TissotBuzzerBeater<\/a> from half-court to end the third quarter! \ud83d\udea8\ud83c\udde9\ud83c\uddea <a href=\"https:\/\/t.co\/rTiuhrbyJi\">pic.twitter.com\/rTiuhrbyJi<\/a><\/p>&mdash; FIBA EuroBasket (@EuroBasket) <a href=\"https:\/\/twitter.com\/EuroBasket\/status\/1965865593438924944?ref_src=twsrc%5Etfw\">September 10, 2025<\/a><\/blockquote><script async src=\"https:\/\/platform.twitter.com\/widgets.js\" charset=\"utf-8\"><\/script>\n<\/div><\/figure>\n\n\n\n<p>Okrenulo je to momentum. Sa sedam vezanih poena tim koji \u0107e do kraja \u0161ampionata sa klupe predvodio&nbsp;<strong>Alan Ibrahimagi\u0107&nbsp;<\/strong>do\u0161ao je do prvog vo\u0111stva jo\u0161 od prve dionice (77:74). Ra\u010dunaju\u0107i zavr\u0161nicu tre\u0107e i po\u010detak \u010detvrtine dionicu seriju 11:0 Njemaca prekinuo je Don\u010di\u0107 poenima sa linije slobodnih bacanja.<\/p>\n\n\n\n<figure class=\"wp-block-image size-large\"><img decoding=\"async\" src=\"https:\/\/gradski.me\/wp-content\/uploads\/2025\/09\/Doncic-i-Tajs-FIBA-1024x682.webp\" alt=\"\" class=\"wp-image-831464\"\/><figcaption class=\"wp-element-caption\">Foto: FIBA<\/figcaption><\/figure>\n\n\n\n<p>Na \u010detiri minuta i 12 sekundi do kraja Luka je pogodio trojku kojom je vratio prednost Sloveniji (86:85), me\u0111utim, ispostavi\u0107e se da je to bio posljednji ko\u0161 iz igre za Slovence. Ve\u0107 u narednom napadu&nbsp;<strong>Denis \u0160ruder&nbsp;<\/strong>je vratio trojku i prednost Njema\u010dkoj (88:86). Po\u010deli su da proma\u0161uju Zmaj\u010deki, dok su na drugoj strani Panceri poenima sa bacanja korak po korak pove\u0107avali prednost.<\/p>\n\n\n\n<p>Don\u010di\u0107a i saigra\u010de izdao je \u0161ut u posljednjih 10 minuta (1\/10 za tri), pa cu Njemci priveli me\u010d kraju rutinski.<\/p>\n\n\n\n<p>Najefikasniji u pobjedni\u010dkoj ekipi bio je&nbsp;<strong>Franc Vagner&nbsp;<\/strong>sa 23 poena dok ga je pratio \u0160ruder sa tri manje.&nbsp;<strong>Danijel Tajs&nbsp;<\/strong>je ubacio 15,&nbsp;<strong>Maodo Lo&nbsp;<\/strong>11, a dvocifren je bio jo\u0161&nbsp;<strong>Andreas Obst&nbsp;<\/strong>sa 10 poena.<\/p>\n\n\n\n<p>Kod Slovenaca najbolji ko drugi nego Don\u010di\u0107 \u2013 39 poena i 10 skokova. Prepeli\u010d je ubacio 13, a dvocifren je bio i&nbsp;<strong>Gregor Hrovat&nbsp;<\/strong>sa 11 poena.<\/p>","protected":false},"excerpt":{"rendered":"<p>Vodili su najve\u0107i dio me\u010da reprezentativci Slovenije u duelu \u010detvrtfinala Eurobasketa sa Njemcima, ali nisu izdr\u017eali do kraja. Panceri su u posljednjih 10 minuta preokrenuli i do\u0161li do pobjede vrijedne polufinala i duela sa Fincima \u2013 99:91.<\/p>","protected":false},"author":1,"featured_media":951431,"comment_status":"open","ping_status":"open","sticky":false,"template":"","format":"standard","meta":{"_acf_changed":false,"footnotes":""},"categories":[148],"tags":[6462,6826,6471],"naslovna":[],"class_list":["post-951430","post","type-post","status-publish","format-standard","has-post-thumbnail","hentry","category-sport","tag-eurobasket-2025","tag-muska-kosarkaska-reprezentacija-njemacke","tag-muska-kosarkaska-reprezentacija-slovenije"],"acf":[],"yoast_head":"<!-- This site is optimized with the Yoast SEO plugin v27.4 - https:\/\/yoast.com\/product\/yoast-seo-wordpress\/ -->\n<title>Don\u010di\u0107 jo\u0161 jednom briljirao, Njema\u010dka na mi\u0161i\u0107e zakazala polufinale sa Finskom - dmcsrb.com<\/title>\n<meta name=\"robots\" content=\"index, follow, max-snippet:-1, max-image-preview:large, max-video-preview:-1\" \/>\n<link rel=\"canonical\" href=\"https:\/\/dmcsrb.com\/en\/sport\/doncic-jos-jednom-briljirao-njemacka-na-misice-zakazala-polufinale-sa-finskom\/\" \/>\n<meta property=\"og:locale\" content=\"en_GB\" \/>\n<meta property=\"og:type\" content=\"article\" \/>\n<meta property=\"og:title\" content=\"Don\u010di\u0107 jo\u0161 jednom briljirao, Njema\u010dka na mi\u0161i\u0107e zakazala polufinale sa Finskom - dmcsrb.com\" \/>\n<meta property=\"og:description\" content=\"Vodili su najve\u0107i dio me\u010da reprezentativci Slovenije u duelu \u010detvrtfinala Eurobasketa sa Njemcima, ali nisu izdr\u017eali do kraja. Panceri su u posljednjih 10 minuta preokrenuli i do\u0161li do pobjede vrijedne polufinala i duela sa Fincima \u2013 99:91.\" \/>\n<meta property=\"og:url\" content=\"https:\/\/dmcsrb.com\/en\/sport\/doncic-jos-jednom-briljirao-njemacka-na-misice-zakazala-polufinale-sa-finskom\/\" \/>\n<meta property=\"og:site_name\" content=\"dmcsrb.com\" \/>\n<meta property=\"article:published_time\" content=\"2025-09-10T18:18:00+00:00\" \/>\n<meta property=\"og:image\" content=\"https:\/\/dmcsrb.com\/wp-content\/uploads\/2026\/01\/Sreder-i-Doncic-FIBA.webp\" \/>\n\t<meta property=\"og:image:width\" content=\"1000\" \/>\n\t<meta property=\"og:image:height\" content=\"666\" \/>\n\t<meta property=\"og:image:type\" content=\"image\/jpeg\" \/>\n<meta name=\"author\" content=\"dmcsrbija.com@gmail.com\" \/>\n<meta name=\"twitter:card\" content=\"summary_large_image\" \/>\n<meta name=\"twitter:label1\" content=\"Written by\" \/>\n\t<meta name=\"twitter:data1\" content=\"dmcsrbija.com@gmail.com\" \/>\n\t<meta name=\"twitter:label2\" content=\"Estimated reading time\" \/>\n\t<meta name=\"twitter:data2\" content=\"2 minutes\" \/>\n<script type=\"application\/ld+json\" class=\"yoast-schema-graph\">{\"@context\":\"https:\\\/\\\/schema.org\",\"@graph\":[{\"@type\":\"Article\",\"@id\":\"https:\\\/\\\/dmcsrb.com\\\/sport\\\/doncic-jos-jednom-briljirao-njemacka-na-misice-zakazala-polufinale-sa-finskom\\\/#article\",\"isPartOf\":{\"@id\":\"https:\\\/\\\/dmcsrb.com\\\/sport\\\/doncic-jos-jednom-briljirao-njemacka-na-misice-zakazala-polufinale-sa-finskom\\\/\"},\"author\":{\"name\":\"dmcsrbija.com@gmail.com\",\"@id\":\"https:\\\/\\\/dmcsrb.com\\\/#\\\/schema\\\/person\\\/5c39170f12db1b8b457732d0b5c854e2\"},\"headline\":\"Don\u010di\u0107 jo\u0161 jednom briljirao, Njema\u010dka na mi\u0161i\u0107e zakazala polufinale sa Finskom\",\"datePublished\":\"2025-09-10T18:18:00+00:00\",\"mainEntityOfPage\":{\"@id\":\"https:\\\/\\\/dmcsrb.com\\\/sport\\\/doncic-jos-jednom-briljirao-njemacka-na-misice-zakazala-polufinale-sa-finskom\\\/\"},\"wordCount\":460,\"commentCount\":0,\"image\":{\"@id\":\"https:\\\/\\\/dmcsrb.com\\\/sport\\\/doncic-jos-jednom-briljirao-njemacka-na-misice-zakazala-polufinale-sa-finskom\\\/#primaryimage\"},\"thumbnailUrl\":\"https:\\\/\\\/dmcsrb.com\\\/wp-content\\\/uploads\\\/2026\\\/01\\\/Sreder-i-Doncic-FIBA.webp\",\"keywords\":[\"Eurobasket 2025\",\"Mu\u0161ka ko\u0161arka\u0161ka reprezentacija Njema\u010dke\",\"Mu\u0161ka ko\u0161arka\u0161ka reprezentacija Slovenije\"],\"articleSection\":[\"Sport\"],\"inLanguage\":\"en-GB\",\"potentialAction\":[{\"@type\":\"CommentAction\",\"name\":\"Comment\",\"target\":[\"https:\\\/\\\/dmcsrb.com\\\/sport\\\/doncic-jos-jednom-briljirao-njemacka-na-misice-zakazala-polufinale-sa-finskom\\\/#respond\"]}]},{\"@type\":\"WebPage\",\"@id\":\"https:\\\/\\\/dmcsrb.com\\\/sport\\\/doncic-jos-jednom-briljirao-njemacka-na-misice-zakazala-polufinale-sa-finskom\\\/\",\"url\":\"https:\\\/\\\/dmcsrb.com\\\/sport\\\/doncic-jos-jednom-briljirao-njemacka-na-misice-zakazala-polufinale-sa-finskom\\\/\",\"name\":\"Don\u010di\u0107 jo\u0161 jednom briljirao, Njema\u010dka na mi\u0161i\u0107e zakazala polufinale sa Finskom - dmcsrb.com\",\"isPartOf\":{\"@id\":\"https:\\\/\\\/dmcsrb.com\\\/#website\"},\"primaryImageOfPage\":{\"@id\":\"https:\\\/\\\/dmcsrb.com\\\/sport\\\/doncic-jos-jednom-briljirao-njemacka-na-misice-zakazala-polufinale-sa-finskom\\\/#primaryimage\"},\"image\":{\"@id\":\"https:\\\/\\\/dmcsrb.com\\\/sport\\\/doncic-jos-jednom-briljirao-njemacka-na-misice-zakazala-polufinale-sa-finskom\\\/#primaryimage\"},\"thumbnailUrl\":\"https:\\\/\\\/dmcsrb.com\\\/wp-content\\\/uploads\\\/2026\\\/01\\\/Sreder-i-Doncic-FIBA.webp\",\"datePublished\":\"2025-09-10T18:18:00+00:00\",\"author\":{\"@id\":\"https:\\\/\\\/dmcsrb.com\\\/#\\\/schema\\\/person\\\/5c39170f12db1b8b457732d0b5c854e2\"},\"breadcrumb\":{\"@id\":\"https:\\\/\\\/dmcsrb.com\\\/sport\\\/doncic-jos-jednom-briljirao-njemacka-na-misice-zakazala-polufinale-sa-finskom\\\/#breadcrumb\"},\"inLanguage\":\"en-GB\",\"potentialAction\":[{\"@type\":\"ReadAction\",\"target\":[\"https:\\\/\\\/dmcsrb.com\\\/sport\\\/doncic-jos-jednom-briljirao-njemacka-na-misice-zakazala-polufinale-sa-finskom\\\/\"]}]},{\"@type\":\"ImageObject\",\"inLanguage\":\"en-GB\",\"@id\":\"https:\\\/\\\/dmcsrb.com\\\/sport\\\/doncic-jos-jednom-briljirao-njemacka-na-misice-zakazala-polufinale-sa-finskom\\\/#primaryimage\",\"url\":\"https:\\\/\\\/dmcsrb.com\\\/wp-content\\\/uploads\\\/2026\\\/01\\\/Sreder-i-Doncic-FIBA.webp\",\"contentUrl\":\"https:\\\/\\\/dmcsrb.com\\\/wp-content\\\/uploads\\\/2026\\\/01\\\/Sreder-i-Doncic-FIBA.webp\",\"width\":1000,\"height\":666},{\"@type\":\"BreadcrumbList\",\"@id\":\"https:\\\/\\\/dmcsrb.com\\\/sport\\\/doncic-jos-jednom-briljirao-njemacka-na-misice-zakazala-polufinale-sa-finskom\\\/#breadcrumb\",\"itemListElement\":[{\"@type\":\"ListItem\",\"position\":1,\"name\":\"Home\",\"item\":\"https:\\\/\\\/dmcsrb.com\\\/\"},{\"@type\":\"ListItem\",\"position\":2,\"name\":\"Don\u010di\u0107 jo\u0161 jednom briljirao, Njema\u010dka na mi\u0161i\u0107e zakazala polufinale sa Finskom\"}]},{\"@type\":\"WebSite\",\"@id\":\"https:\\\/\\\/dmcsrb.com\\\/#website\",\"url\":\"https:\\\/\\\/dmcsrb.com\\\/\",\"name\":\"dmcsrb.com\",\"description\":\"\",\"potentialAction\":[{\"@type\":\"SearchAction\",\"target\":{\"@type\":\"EntryPoint\",\"urlTemplate\":\"https:\\\/\\\/dmcsrb.com\\\/?s={search_term_string}\"},\"query-input\":{\"@type\":\"PropertyValueSpecification\",\"valueRequired\":true,\"valueName\":\"search_term_string\"}}],\"inLanguage\":\"en-GB\"},{\"@type\":\"Person\",\"@id\":\"https:\\\/\\\/dmcsrb.com\\\/#\\\/schema\\\/person\\\/5c39170f12db1b8b457732d0b5c854e2\",\"name\":\"dmcsrbija.com@gmail.com\",\"image\":{\"@type\":\"ImageObject\",\"inLanguage\":\"en-GB\",\"@id\":\"https:\\\/\\\/secure.gravatar.com\\\/avatar\\\/68592660ad6347fad0fb587f8d5d8f1a7b44961362f56e4f2cd524feb87e9069?s=96&d=mm&r=g\",\"url\":\"https:\\\/\\\/secure.gravatar.com\\\/avatar\\\/68592660ad6347fad0fb587f8d5d8f1a7b44961362f56e4f2cd524feb87e9069?s=96&d=mm&r=g\",\"contentUrl\":\"https:\\\/\\\/secure.gravatar.com\\\/avatar\\\/68592660ad6347fad0fb587f8d5d8f1a7b44961362f56e4f2cd524feb87e9069?s=96&d=mm&r=g\",\"caption\":\"dmcsrbija.com@gmail.com\"},\"sameAs\":[\"https:\\\/\\\/dmcsrb.com\"],\"url\":\"https:\\\/\\\/dmcsrb.com\\\/en\\\/author\\\/dmcsrbija-comgmail-com\\\/\"}]}<\/script>\n<!-- \/ Yoast SEO plugin. -->","yoast_head_json":{"title":"Don\u010di\u0107 jo\u0161 jednom briljirao, Njema\u010dka na mi\u0161i\u0107e zakazala polufinale sa Finskom - dmcsrb.com","robots":{"index":"index","follow":"follow","max-snippet":"max-snippet:-1","max-image-preview":"max-image-preview:large","max-video-preview":"max-video-preview:-1"},"canonical":"https:\/\/dmcsrb.com\/en\/sport\/doncic-jos-jednom-briljirao-njemacka-na-misice-zakazala-polufinale-sa-finskom\/","og_locale":"en_GB","og_type":"article","og_title":"Don\u010di\u0107 jo\u0161 jednom briljirao, Njema\u010dka na mi\u0161i\u0107e zakazala polufinale sa Finskom - dmcsrb.com","og_description":"Vodili su najve\u0107i dio me\u010da reprezentativci Slovenije u duelu \u010detvrtfinala Eurobasketa sa Njemcima, ali nisu izdr\u017eali do kraja. Panceri su u posljednjih 10 minuta preokrenuli i do\u0161li do pobjede vrijedne polufinala i duela sa Fincima \u2013 99:91.","og_url":"https:\/\/dmcsrb.com\/en\/sport\/doncic-jos-jednom-briljirao-njemacka-na-misice-zakazala-polufinale-sa-finskom\/","og_site_name":"dmcsrb.com","article_published_time":"2025-09-10T18:18:00+00:00","og_image":[{"width":1000,"height":666,"url":"https:\/\/dmcsrb.com\/wp-content\/uploads\/2026\/01\/Sreder-i-Doncic-FIBA.webp","type":"image\/jpeg"}],"author":"dmcsrbija.com@gmail.com","twitter_card":"summary_large_image","twitter_misc":{"Written by":"dmcsrbija.com@gmail.com","Estimated reading time":"2 minutes"},"schema":{"@context":"https:\/\/schema.org","@graph":[{"@type":"Article","@id":"https:\/\/dmcsrb.com\/sport\/doncic-jos-jednom-briljirao-njemacka-na-misice-zakazala-polufinale-sa-finskom\/#article","isPartOf":{"@id":"https:\/\/dmcsrb.com\/sport\/doncic-jos-jednom-briljirao-njemacka-na-misice-zakazala-polufinale-sa-finskom\/"},"author":{"name":"dmcsrbija.com@gmail.com","@id":"https:\/\/dmcsrb.com\/#\/schema\/person\/5c39170f12db1b8b457732d0b5c854e2"},"headline":"Don\u010di\u0107 jo\u0161 jednom briljirao, Njema\u010dka na mi\u0161i\u0107e zakazala polufinale sa Finskom","datePublished":"2025-09-10T18:18:00+00:00","mainEntityOfPage":{"@id":"https:\/\/dmcsrb.com\/sport\/doncic-jos-jednom-briljirao-njemacka-na-misice-zakazala-polufinale-sa-finskom\/"},"wordCount":460,"commentCount":0,"image":{"@id":"https:\/\/dmcsrb.com\/sport\/doncic-jos-jednom-briljirao-njemacka-na-misice-zakazala-polufinale-sa-finskom\/#primaryimage"},"thumbnailUrl":"https:\/\/dmcsrb.com\/wp-content\/uploads\/2026\/01\/Sreder-i-Doncic-FIBA.webp","keywords":["Eurobasket 2025","Mu\u0161ka ko\u0161arka\u0161ka reprezentacija Njema\u010dke","Mu\u0161ka ko\u0161arka\u0161ka reprezentacija Slovenije"],"articleSection":["Sport"],"inLanguage":"en-GB","potentialAction":[{"@type":"CommentAction","name":"Comment","target":["https:\/\/dmcsrb.com\/sport\/doncic-jos-jednom-briljirao-njemacka-na-misice-zakazala-polufinale-sa-finskom\/#respond"]}]},{"@type":"WebPage","@id":"https:\/\/dmcsrb.com\/sport\/doncic-jos-jednom-briljirao-njemacka-na-misice-zakazala-polufinale-sa-finskom\/","url":"https:\/\/dmcsrb.com\/sport\/doncic-jos-jednom-briljirao-njemacka-na-misice-zakazala-polufinale-sa-finskom\/","name":"Don\u010di\u0107 jo\u0161 jednom briljirao, Njema\u010dka na mi\u0161i\u0107e zakazala polufinale sa Finskom - dmcsrb.com","isPartOf":{"@id":"https:\/\/dmcsrb.com\/#website"},"primaryImageOfPage":{"@id":"https:\/\/dmcsrb.com\/sport\/doncic-jos-jednom-briljirao-njemacka-na-misice-zakazala-polufinale-sa-finskom\/#primaryimage"},"image":{"@id":"https:\/\/dmcsrb.com\/sport\/doncic-jos-jednom-briljirao-njemacka-na-misice-zakazala-polufinale-sa-finskom\/#primaryimage"},"thumbnailUrl":"https:\/\/dmcsrb.com\/wp-content\/uploads\/2026\/01\/Sreder-i-Doncic-FIBA.webp","datePublished":"2025-09-10T18:18:00+00:00","author":{"@id":"https:\/\/dmcsrb.com\/#\/schema\/person\/5c39170f12db1b8b457732d0b5c854e2"},"breadcrumb":{"@id":"https:\/\/dmcsrb.com\/sport\/doncic-jos-jednom-briljirao-njemacka-na-misice-zakazala-polufinale-sa-finskom\/#breadcrumb"},"inLanguage":"en-GB","potentialAction":[{"@type":"ReadAction","target":["https:\/\/dmcsrb.com\/sport\/doncic-jos-jednom-briljirao-njemacka-na-misice-zakazala-polufinale-sa-finskom\/"]}]},{"@type":"ImageObject","inLanguage":"en-GB","@id":"https:\/\/dmcsrb.com\/sport\/doncic-jos-jednom-briljirao-njemacka-na-misice-zakazala-polufinale-sa-finskom\/#primaryimage","url":"https:\/\/dmcsrb.com\/wp-content\/uploads\/2026\/01\/Sreder-i-Doncic-FIBA.webp","contentUrl":"https:\/\/dmcsrb.com\/wp-content\/uploads\/2026\/01\/Sreder-i-Doncic-FIBA.webp","width":1000,"height":666},{"@type":"BreadcrumbList","@id":"https:\/\/dmcsrb.com\/sport\/doncic-jos-jednom-briljirao-njemacka-na-misice-zakazala-polufinale-sa-finskom\/#breadcrumb","itemListElement":[{"@type":"ListItem","position":1,"name":"Home","item":"https:\/\/dmcsrb.com\/"},{"@type":"ListItem","position":2,"name":"Don\u010di\u0107 jo\u0161 jednom briljirao, Njema\u010dka na mi\u0161i\u0107e zakazala polufinale sa Finskom"}]},{"@type":"WebSite","@id":"https:\/\/dmcsrb.com\/#website","url":"https:\/\/dmcsrb.com\/","name":"dmcsrb.com","description":"","potentialAction":[{"@type":"SearchAction","target":{"@type":"EntryPoint","urlTemplate":"https:\/\/dmcsrb.com\/?s={search_term_string}"},"query-input":{"@type":"PropertyValueSpecification","valueRequired":true,"valueName":"search_term_string"}}],"inLanguage":"en-GB"},{"@type":"Person","@id":"https:\/\/dmcsrb.com\/#\/schema\/person\/5c39170f12db1b8b457732d0b5c854e2","name":"dmcsrbija.com@gmail.com","image":{"@type":"ImageObject","inLanguage":"en-GB","@id":"https:\/\/secure.gravatar.com\/avatar\/68592660ad6347fad0fb587f8d5d8f1a7b44961362f56e4f2cd524feb87e9069?s=96&d=mm&r=g","url":"https:\/\/secure.gravatar.com\/avatar\/68592660ad6347fad0fb587f8d5d8f1a7b44961362f56e4f2cd524feb87e9069?s=96&d=mm&r=g","contentUrl":"https:\/\/secure.gravatar.com\/avatar\/68592660ad6347fad0fb587f8d5d8f1a7b44961362f56e4f2cd524feb87e9069?s=96&d=mm&r=g","caption":"dmcsrbija.com@gmail.com"},"sameAs":["https:\/\/dmcsrb.com"],"url":"https:\/\/dmcsrb.com\/en\/author\/dmcsrbija-comgmail-com\/"}]}},"_links":{"self":[{"href":"https:\/\/dmcsrb.com\/en\/wp-json\/wp\/v2\/posts\/951430","targetHints":{"allow":["GET"]}}],"collection":[{"href":"https:\/\/dmcsrb.com\/en\/wp-json\/wp\/v2\/posts"}],"about":[{"href":"https:\/\/dmcsrb.com\/en\/wp-json\/wp\/v2\/types\/post"}],"author":[{"embeddable":true,"href":"https:\/\/dmcsrb.com\/en\/wp-json\/wp\/v2\/users\/1"}],"replies":[{"embeddable":true,"href":"https:\/\/dmcsrb.com\/en\/wp-json\/wp\/v2\/comments?post=951430"}],"version-history":[{"count":0,"href":"https:\/\/dmcsrb.com\/en\/wp-json\/wp\/v2\/posts\/951430\/revisions"}],"wp:featuredmedia":[{"embeddable":true,"href":"https:\/\/dmcsrb.com\/en\/wp-json\/wp\/v2\/media\/951431"}],"wp:attachment":[{"href":"https:\/\/dmcsrb.com\/en\/wp-json\/wp\/v2\/media?parent=951430"}],"wp:term":[{"taxonomy":"category","embeddable":true,"href":"https:\/\/dmcsrb.com\/en\/wp-json\/wp\/v2\/categories?post=951430"},{"taxonomy":"post_tag","embeddable":true,"href":"https:\/\/dmcsrb.com\/en\/wp-json\/wp\/v2\/tags?post=951430"},{"taxonomy":"naslovna","embeddable":true,"href":"https:\/\/dmcsrb.com\/en\/wp-json\/wp\/v2\/naslovna?post=951430"}],"curies":[{"name":"wp","href":"https:\/\/api.w.org\/{rel}","templated":true}]}}