{"id":951417,"date":"2025-09-10T20:30:00","date_gmt":"2025-09-10T18:30:00","guid":{"rendered":"https:\/\/dmcsrb.com\/uncategorized\/austrija-uvodi-zabranu-nosenja-hidzaba-u-skolama-za-djecu-mladju-od-14-god\/"},"modified":"2025-09-10T20:30:00","modified_gmt":"2025-09-10T18:30:00","slug":"austrija-uvodi-zabranu-nosenja-hidzaba-u-skolama-za-djecu-mladju-od-14-god","status":"publish","type":"post","link":"https:\/\/dmcsrb.com\/en\/svijet\/austrija-uvodi-zabranu-nosenja-hidzaba-u-skolama-za-djecu-mladju-od-14-god\/","title":{"rendered":"Austrija uvodi zabranu no\u0161enja hid\u017eaba u \u0161kolama za djecu mla\u0111u od 14 god"},"content":{"rendered":"<p>Austrijska minisarka za integracije, porodicu i pitanja Evropske unije Claudia Plakolm objavila je danas da je vlada pristala na zabranu no\u0161enja hid\u017eaba za djecu mla\u0111u od 14 godina u \u0161kolama. Zabrana stupa na snagu na jesen.<\/p>\n\n\n\n<p>Napomenula je da \u0107e se odnositi na javne i privatne \u0161kole, podvla\u010de\u0107i da \u0107e nepo\u0161tivanje zakona dovesti do sastanka s porodicom, a zatim \u0107e uslijediti kazne od 150 do 1.000 eura za roditelje.<\/p>\n\n\n\n<p>Na pitanje za\u0161to u\u010denici mogu nositi krst, ali ne i hid\u017eab, Plakolm je tvrdila da je hid\u017eab &#8220;simbol ugnjetavanja, za razliku od kipa ili krsta.&#8221;<\/p>\n\n\n\n<p>Rekla je da je du\u017enost dr\u017eave osigurati da djevoj\u010dice odrastaju slobodne i da same donose odluke, nagla\u0161avaju\u0107i da \u0161kole moraju biti sigurna mjesta za razvoj gdje ni\u0161ta ne bi trebalo to ometati, javlja Anadolija.<\/p>\n\n\n\n<p>Islamska vjerska zajednica u Austriji kritikovala je odluku, napominju\u0107i da su svi prethodni napori ulo\u017eeni u rad na ustavnom rje\u0161enju ignorirani.<\/p>\n\n\n\n<p>&#8211; Zabrana no\u0161enja hid\u017eaba je simboli\u010dna politika na \u0161tetu djece i demokratije,\u00a0navodi se u saop\u0161tenju.<\/p>\n\n\n\n<p>Upozorili su da \u0107e odluka naru\u0161iti povjerenje u vladavinu prava i ugroziti dru\u0161tvenu koheziju, istovremeno stigmatiziraju\u0107i i marginaliziraju\u0107i djecu umjesto da ih osna\u017ei.<\/p>\n\n\n\n<p>Ustavni sud Austrije poni\u0161tio je zabranu no\u0161enja hid\u017eaba 2020. godine, dijelom i zato \u0161to je bila usmjerena na muslimane.<\/p>","protected":false},"excerpt":{"rendered":"<p>To \u0107e se odnositi na javne i privatne \u0161kole, podvla\u010de\u0107i da \u0107e nepo\u0161tivanje zakona dovesti do sastanka s porodicom, a zatim \u0107e uslijediti kazne od 150 do 1.000 eura za roditelje.<\/p>","protected":false},"author":1,"featured_media":951418,"comment_status":"open","ping_status":"open","sticky":false,"template":"","format":"standard","meta":{"_acf_changed":false,"footnotes":""},"categories":[144],"tags":[2766,7676],"naslovna":[],"class_list":["post-951417","post","type-post","status-publish","format-standard","has-post-thumbnail","hentry","category-svijet","tag-austrija","tag-hidzab"],"acf":[],"yoast_head":"<!-- This site is optimized with the Yoast SEO plugin v27.0 - https:\/\/yoast.com\/product\/yoast-seo-wordpress\/ -->\n<title>Austrija uvodi zabranu no\u0161enja hid\u017eaba u \u0161kolama za djecu mla\u0111u od 14 god - dmcsrb.com<\/title>\n<meta name=\"robots\" content=\"index, follow, max-snippet:-1, max-image-preview:large, max-video-preview:-1\" \/>\n<link rel=\"canonical\" href=\"https:\/\/dmcsrb.com\/en\/svijet\/austrija-uvodi-zabranu-nosenja-hidzaba-u-skolama-za-djecu-mladju-od-14-god\/\" \/>\n<meta property=\"og:locale\" content=\"en_GB\" \/>\n<meta property=\"og:type\" content=\"article\" \/>\n<meta property=\"og:title\" content=\"Austrija uvodi zabranu no\u0161enja hid\u017eaba u \u0161kolama za djecu mla\u0111u od 14 god - dmcsrb.com\" \/>\n<meta property=\"og:description\" content=\"To \u0107e se odnositi na javne i privatne \u0161kole, podvla\u010de\u0107i da \u0107e nepo\u0161tivanje zakona dovesti do sastanka s porodicom, a zatim \u0107e uslijediti kazne od 150 do 1.000 eura za roditelje.\" \/>\n<meta property=\"og:url\" content=\"https:\/\/dmcsrb.com\/en\/svijet\/austrija-uvodi-zabranu-nosenja-hidzaba-u-skolama-za-djecu-mladju-od-14-god\/\" \/>\n<meta property=\"og:site_name\" content=\"dmcsrb.com\" \/>\n<meta property=\"article:published_time\" content=\"2025-09-10T18:30:00+00:00\" \/>\n<meta property=\"og:image\" content=\"https:\/\/dmcsrb.com\/wp-content\/uploads\/2026\/01\/hidzab.webp\" \/>\n\t<meta property=\"og:image:width\" content=\"1235\" \/>\n\t<meta property=\"og:image:height\" content=\"653\" \/>\n\t<meta property=\"og:image:type\" content=\"image\/webp\" \/>\n<meta name=\"author\" content=\"dmcsrbija.com@gmail.com\" \/>\n<meta name=\"twitter:card\" content=\"summary_large_image\" \/>\n<meta name=\"twitter:label1\" content=\"Written by\" \/>\n\t<meta name=\"twitter:data1\" content=\"dmcsrbija.com@gmail.com\" \/>\n\t<meta name=\"twitter:label2\" content=\"Estimated reading time\" \/>\n\t<meta name=\"twitter:data2\" content=\"1 minute\" \/>\n<script type=\"application\/ld+json\" class=\"yoast-schema-graph\">{\"@context\":\"https:\/\/schema.org\",\"@graph\":[{\"@type\":\"Article\",\"@id\":\"https:\/\/dmcsrb.com\/svijet\/austrija-uvodi-zabranu-nosenja-hidzaba-u-skolama-za-djecu-mladju-od-14-god\/#article\",\"isPartOf\":{\"@id\":\"https:\/\/dmcsrb.com\/svijet\/austrija-uvodi-zabranu-nosenja-hidzaba-u-skolama-za-djecu-mladju-od-14-god\/\"},\"author\":{\"name\":\"dmcsrbija.com@gmail.com\",\"@id\":\"https:\/\/dmcsrb.com\/#\/schema\/person\/5c39170f12db1b8b457732d0b5c854e2\"},\"headline\":\"Austrija uvodi zabranu no\u0161enja hid\u017eaba u \u0161kolama za djecu mla\u0111u od 14 god\",\"datePublished\":\"2025-09-10T18:30:00+00:00\",\"mainEntityOfPage\":{\"@id\":\"https:\/\/dmcsrb.com\/svijet\/austrija-uvodi-zabranu-nosenja-hidzaba-u-skolama-za-djecu-mladju-od-14-god\/\"},\"wordCount\":249,\"commentCount\":0,\"image\":{\"@id\":\"https:\/\/dmcsrb.com\/svijet\/austrija-uvodi-zabranu-nosenja-hidzaba-u-skolama-za-djecu-mladju-od-14-god\/#primaryimage\"},\"thumbnailUrl\":\"https:\/\/dmcsrb.com\/wp-content\/uploads\/2026\/01\/hidzab.webp\",\"keywords\":[\"Austrija\",\"hidzab\"],\"articleSection\":[\"Svijet\"],\"inLanguage\":\"en-GB\",\"potentialAction\":[{\"@type\":\"CommentAction\",\"name\":\"Comment\",\"target\":[\"https:\/\/dmcsrb.com\/svijet\/austrija-uvodi-zabranu-nosenja-hidzaba-u-skolama-za-djecu-mladju-od-14-god\/#respond\"]}]},{\"@type\":\"WebPage\",\"@id\":\"https:\/\/dmcsrb.com\/svijet\/austrija-uvodi-zabranu-nosenja-hidzaba-u-skolama-za-djecu-mladju-od-14-god\/\",\"url\":\"https:\/\/dmcsrb.com\/svijet\/austrija-uvodi-zabranu-nosenja-hidzaba-u-skolama-za-djecu-mladju-od-14-god\/\",\"name\":\"Austrija uvodi zabranu no\u0161enja hid\u017eaba u \u0161kolama za djecu mla\u0111u od 14 god - dmcsrb.com\",\"isPartOf\":{\"@id\":\"https:\/\/dmcsrb.com\/#website\"},\"primaryImageOfPage\":{\"@id\":\"https:\/\/dmcsrb.com\/svijet\/austrija-uvodi-zabranu-nosenja-hidzaba-u-skolama-za-djecu-mladju-od-14-god\/#primaryimage\"},\"image\":{\"@id\":\"https:\/\/dmcsrb.com\/svijet\/austrija-uvodi-zabranu-nosenja-hidzaba-u-skolama-za-djecu-mladju-od-14-god\/#primaryimage\"},\"thumbnailUrl\":\"https:\/\/dmcsrb.com\/wp-content\/uploads\/2026\/01\/hidzab.webp\",\"datePublished\":\"2025-09-10T18:30:00+00:00\",\"author\":{\"@id\":\"https:\/\/dmcsrb.com\/#\/schema\/person\/5c39170f12db1b8b457732d0b5c854e2\"},\"breadcrumb\":{\"@id\":\"https:\/\/dmcsrb.com\/svijet\/austrija-uvodi-zabranu-nosenja-hidzaba-u-skolama-za-djecu-mladju-od-14-god\/#breadcrumb\"},\"inLanguage\":\"en-GB\",\"potentialAction\":[{\"@type\":\"ReadAction\",\"target\":[\"https:\/\/dmcsrb.com\/svijet\/austrija-uvodi-zabranu-nosenja-hidzaba-u-skolama-za-djecu-mladju-od-14-god\/\"]}]},{\"@type\":\"ImageObject\",\"inLanguage\":\"en-GB\",\"@id\":\"https:\/\/dmcsrb.com\/svijet\/austrija-uvodi-zabranu-nosenja-hidzaba-u-skolama-za-djecu-mladju-od-14-god\/#primaryimage\",\"url\":\"https:\/\/dmcsrb.com\/wp-content\/uploads\/2026\/01\/hidzab.webp\",\"contentUrl\":\"https:\/\/dmcsrb.com\/wp-content\/uploads\/2026\/01\/hidzab.webp\",\"width\":1235,\"height\":653},{\"@type\":\"BreadcrumbList\",\"@id\":\"https:\/\/dmcsrb.com\/svijet\/austrija-uvodi-zabranu-nosenja-hidzaba-u-skolama-za-djecu-mladju-od-14-god\/#breadcrumb\",\"itemListElement\":[{\"@type\":\"ListItem\",\"position\":1,\"name\":\"Home\",\"item\":\"https:\/\/dmcsrb.com\/\"},{\"@type\":\"ListItem\",\"position\":2,\"name\":\"Austrija uvodi zabranu no\u0161enja hid\u017eaba u \u0161kolama za djecu mla\u0111u od 14 god\"}]},{\"@type\":\"WebSite\",\"@id\":\"https:\/\/dmcsrb.com\/#website\",\"url\":\"https:\/\/dmcsrb.com\/\",\"name\":\"dmcsrb.com\",\"description\":\"\",\"potentialAction\":[{\"@type\":\"SearchAction\",\"target\":{\"@type\":\"EntryPoint\",\"urlTemplate\":\"https:\/\/dmcsrb.com\/?s={search_term_string}\"},\"query-input\":{\"@type\":\"PropertyValueSpecification\",\"valueRequired\":true,\"valueName\":\"search_term_string\"}}],\"inLanguage\":\"en-GB\"},{\"@type\":\"Person\",\"@id\":\"https:\/\/dmcsrb.com\/#\/schema\/person\/5c39170f12db1b8b457732d0b5c854e2\",\"name\":\"dmcsrbija.com@gmail.com\",\"image\":{\"@type\":\"ImageObject\",\"inLanguage\":\"en-GB\",\"@id\":\"https:\/\/dmcsrb.com\/#\/schema\/person\/image\/\",\"url\":\"https:\/\/secure.gravatar.com\/avatar\/68592660ad6347fad0fb587f8d5d8f1a7b44961362f56e4f2cd524feb87e9069?s=96&d=mm&r=g\",\"contentUrl\":\"https:\/\/secure.gravatar.com\/avatar\/68592660ad6347fad0fb587f8d5d8f1a7b44961362f56e4f2cd524feb87e9069?s=96&d=mm&r=g\",\"caption\":\"dmcsrbija.com@gmail.com\"},\"sameAs\":[\"https:\/\/dmcsrb.com\"],\"url\":\"https:\/\/dmcsrb.com\/en\/author\/dmcsrbija-comgmail-com\/\"}]}<\/script>\n<!-- \/ Yoast SEO plugin. -->","yoast_head_json":{"title":"Austrija uvodi zabranu no\u0161enja hid\u017eaba u \u0161kolama za djecu mla\u0111u od 14 god - dmcsrb.com","robots":{"index":"index","follow":"follow","max-snippet":"max-snippet:-1","max-image-preview":"max-image-preview:large","max-video-preview":"max-video-preview:-1"},"canonical":"https:\/\/dmcsrb.com\/en\/svijet\/austrija-uvodi-zabranu-nosenja-hidzaba-u-skolama-za-djecu-mladju-od-14-god\/","og_locale":"en_GB","og_type":"article","og_title":"Austrija uvodi zabranu no\u0161enja hid\u017eaba u \u0161kolama za djecu mla\u0111u od 14 god - dmcsrb.com","og_description":"To \u0107e se odnositi na javne i privatne \u0161kole, podvla\u010de\u0107i da \u0107e nepo\u0161tivanje zakona dovesti do sastanka s porodicom, a zatim \u0107e uslijediti kazne od 150 do 1.000 eura za roditelje.","og_url":"https:\/\/dmcsrb.com\/en\/svijet\/austrija-uvodi-zabranu-nosenja-hidzaba-u-skolama-za-djecu-mladju-od-14-god\/","og_site_name":"dmcsrb.com","article_published_time":"2025-09-10T18:30:00+00:00","og_image":[{"width":1235,"height":653,"url":"https:\/\/dmcsrb.com\/wp-content\/uploads\/2026\/01\/hidzab.webp","type":"image\/webp"}],"author":"dmcsrbija.com@gmail.com","twitter_card":"summary_large_image","twitter_misc":{"Written by":"dmcsrbija.com@gmail.com","Estimated reading time":"1 minute"},"schema":{"@context":"https:\/\/schema.org","@graph":[{"@type":"Article","@id":"https:\/\/dmcsrb.com\/svijet\/austrija-uvodi-zabranu-nosenja-hidzaba-u-skolama-za-djecu-mladju-od-14-god\/#article","isPartOf":{"@id":"https:\/\/dmcsrb.com\/svijet\/austrija-uvodi-zabranu-nosenja-hidzaba-u-skolama-za-djecu-mladju-od-14-god\/"},"author":{"name":"dmcsrbija.com@gmail.com","@id":"https:\/\/dmcsrb.com\/#\/schema\/person\/5c39170f12db1b8b457732d0b5c854e2"},"headline":"Austrija uvodi zabranu no\u0161enja hid\u017eaba u \u0161kolama za djecu mla\u0111u od 14 god","datePublished":"2025-09-10T18:30:00+00:00","mainEntityOfPage":{"@id":"https:\/\/dmcsrb.com\/svijet\/austrija-uvodi-zabranu-nosenja-hidzaba-u-skolama-za-djecu-mladju-od-14-god\/"},"wordCount":249,"commentCount":0,"image":{"@id":"https:\/\/dmcsrb.com\/svijet\/austrija-uvodi-zabranu-nosenja-hidzaba-u-skolama-za-djecu-mladju-od-14-god\/#primaryimage"},"thumbnailUrl":"https:\/\/dmcsrb.com\/wp-content\/uploads\/2026\/01\/hidzab.webp","keywords":["Austrija","hidzab"],"articleSection":["Svijet"],"inLanguage":"en-GB","potentialAction":[{"@type":"CommentAction","name":"Comment","target":["https:\/\/dmcsrb.com\/svijet\/austrija-uvodi-zabranu-nosenja-hidzaba-u-skolama-za-djecu-mladju-od-14-god\/#respond"]}]},{"@type":"WebPage","@id":"https:\/\/dmcsrb.com\/svijet\/austrija-uvodi-zabranu-nosenja-hidzaba-u-skolama-za-djecu-mladju-od-14-god\/","url":"https:\/\/dmcsrb.com\/svijet\/austrija-uvodi-zabranu-nosenja-hidzaba-u-skolama-za-djecu-mladju-od-14-god\/","name":"Austrija uvodi zabranu no\u0161enja hid\u017eaba u \u0161kolama za djecu mla\u0111u od 14 god - dmcsrb.com","isPartOf":{"@id":"https:\/\/dmcsrb.com\/#website"},"primaryImageOfPage":{"@id":"https:\/\/dmcsrb.com\/svijet\/austrija-uvodi-zabranu-nosenja-hidzaba-u-skolama-za-djecu-mladju-od-14-god\/#primaryimage"},"image":{"@id":"https:\/\/dmcsrb.com\/svijet\/austrija-uvodi-zabranu-nosenja-hidzaba-u-skolama-za-djecu-mladju-od-14-god\/#primaryimage"},"thumbnailUrl":"https:\/\/dmcsrb.com\/wp-content\/uploads\/2026\/01\/hidzab.webp","datePublished":"2025-09-10T18:30:00+00:00","author":{"@id":"https:\/\/dmcsrb.com\/#\/schema\/person\/5c39170f12db1b8b457732d0b5c854e2"},"breadcrumb":{"@id":"https:\/\/dmcsrb.com\/svijet\/austrija-uvodi-zabranu-nosenja-hidzaba-u-skolama-za-djecu-mladju-od-14-god\/#breadcrumb"},"inLanguage":"en-GB","potentialAction":[{"@type":"ReadAction","target":["https:\/\/dmcsrb.com\/svijet\/austrija-uvodi-zabranu-nosenja-hidzaba-u-skolama-za-djecu-mladju-od-14-god\/"]}]},{"@type":"ImageObject","inLanguage":"en-GB","@id":"https:\/\/dmcsrb.com\/svijet\/austrija-uvodi-zabranu-nosenja-hidzaba-u-skolama-za-djecu-mladju-od-14-god\/#primaryimage","url":"https:\/\/dmcsrb.com\/wp-content\/uploads\/2026\/01\/hidzab.webp","contentUrl":"https:\/\/dmcsrb.com\/wp-content\/uploads\/2026\/01\/hidzab.webp","width":1235,"height":653},{"@type":"BreadcrumbList","@id":"https:\/\/dmcsrb.com\/svijet\/austrija-uvodi-zabranu-nosenja-hidzaba-u-skolama-za-djecu-mladju-od-14-god\/#breadcrumb","itemListElement":[{"@type":"ListItem","position":1,"name":"Home","item":"https:\/\/dmcsrb.com\/"},{"@type":"ListItem","position":2,"name":"Austrija uvodi zabranu no\u0161enja hid\u017eaba u \u0161kolama za djecu mla\u0111u od 14 god"}]},{"@type":"WebSite","@id":"https:\/\/dmcsrb.com\/#website","url":"https:\/\/dmcsrb.com\/","name":"dmcsrb.com","description":"","potentialAction":[{"@type":"SearchAction","target":{"@type":"EntryPoint","urlTemplate":"https:\/\/dmcsrb.com\/?s={search_term_string}"},"query-input":{"@type":"PropertyValueSpecification","valueRequired":true,"valueName":"search_term_string"}}],"inLanguage":"en-GB"},{"@type":"Person","@id":"https:\/\/dmcsrb.com\/#\/schema\/person\/5c39170f12db1b8b457732d0b5c854e2","name":"dmcsrbija.com@gmail.com","image":{"@type":"ImageObject","inLanguage":"en-GB","@id":"https:\/\/dmcsrb.com\/#\/schema\/person\/image\/","url":"https:\/\/secure.gravatar.com\/avatar\/68592660ad6347fad0fb587f8d5d8f1a7b44961362f56e4f2cd524feb87e9069?s=96&d=mm&r=g","contentUrl":"https:\/\/secure.gravatar.com\/avatar\/68592660ad6347fad0fb587f8d5d8f1a7b44961362f56e4f2cd524feb87e9069?s=96&d=mm&r=g","caption":"dmcsrbija.com@gmail.com"},"sameAs":["https:\/\/dmcsrb.com"],"url":"https:\/\/dmcsrb.com\/en\/author\/dmcsrbija-comgmail-com\/"}]}},"_links":{"self":[{"href":"https:\/\/dmcsrb.com\/en\/wp-json\/wp\/v2\/posts\/951417","targetHints":{"allow":["GET"]}}],"collection":[{"href":"https:\/\/dmcsrb.com\/en\/wp-json\/wp\/v2\/posts"}],"about":[{"href":"https:\/\/dmcsrb.com\/en\/wp-json\/wp\/v2\/types\/post"}],"author":[{"embeddable":true,"href":"https:\/\/dmcsrb.com\/en\/wp-json\/wp\/v2\/users\/1"}],"replies":[{"embeddable":true,"href":"https:\/\/dmcsrb.com\/en\/wp-json\/wp\/v2\/comments?post=951417"}],"version-history":[{"count":0,"href":"https:\/\/dmcsrb.com\/en\/wp-json\/wp\/v2\/posts\/951417\/revisions"}],"wp:featuredmedia":[{"embeddable":true,"href":"https:\/\/dmcsrb.com\/en\/wp-json\/wp\/v2\/media\/951418"}],"wp:attachment":[{"href":"https:\/\/dmcsrb.com\/en\/wp-json\/wp\/v2\/media?parent=951417"}],"wp:term":[{"taxonomy":"category","embeddable":true,"href":"https:\/\/dmcsrb.com\/en\/wp-json\/wp\/v2\/categories?post=951417"},{"taxonomy":"post_tag","embeddable":true,"href":"https:\/\/dmcsrb.com\/en\/wp-json\/wp\/v2\/tags?post=951417"},{"taxonomy":"naslovna","embeddable":true,"href":"https:\/\/dmcsrb.com\/en\/wp-json\/wp\/v2\/naslovna?post=951417"}],"curies":[{"name":"wp","href":"https:\/\/api.w.org\/{rel}","templated":true}]}}