{"id":951404,"date":"2025-09-10T18:40:00","date_gmt":"2025-09-10T16:40:00","guid":{"rendered":"https:\/\/dmcsrb.com\/uncategorized\/u-izraelskom-napadu-na-jemen-ubijeno-devet-osoba-povrijedjeno-118\/"},"modified":"2025-09-10T18:40:00","modified_gmt":"2025-09-10T16:40:00","slug":"u-izraelskom-napadu-na-jemen-ubijeno-devet-osoba-povrijedjeno-118","status":"publish","type":"post","link":"https:\/\/dmcsrb.com\/en\/svijet\/u-izraelskom-napadu-na-jemen-ubijeno-devet-osoba-povrijedjeno-118\/","title":{"rendered":"U izraelskom napadu na Jemen ubijeno devet osoba, povrije\u0111eno 118"},"content":{"rendered":"<p>Izrael tvrdi da je pogodio &#8220;odjel za vojnu propagandu Huta&#8221;, kao i &#8220;vojne kampove&#8221; i skladi\u0161ta s gorivom.<\/p>\n\n\n\n<p>Portparol vojske Huta rekao je da su napadi bili usmjereni na civilne objekte, uklju\u010duju\u0107i novinare dva lista.<\/p>\n\n\n\n<p>Ovo nije prvi put da je Izrael napao ciljeve Huta u Jemenu.<\/p>\n\n\n\n<p>U maju je Izrael napao lokacije uklju\u010duju\u0107i glavni grad Jemena i luku Hudaydah. Napadi su dospjeli na naslovnice, budu\u0107i da je \u0161ef Svjetske zdravstvene organizacije bio na me\u0111unarodnom aerodromu u Sani kada je izveden napad.<\/p>\n\n\n\n<p>U junu i julu, izraelska vojska je ponovo izvela vi\u0161e zra\u010dnih napada na Hudaydu, tvrde\u0107i da je to bio odgovor na ponovljene raketne i napade dronovima na Izrael.<\/p>\n\n\n\n<p>U augustu je Izrael izveo jo\u0161 zra\u010dnih napada u Jemenu, ubiv\u0161i samoprogla\u0161enog premijera Huta Ahmeda Ghaleba Nassera al-Rahawija.<\/p>\n\n\n\n<p>Tokom protekle godine, Izrael je tako\u0111er napadao ciljeve u drugim zemljama Bliskog istoka, uklju\u010duju\u0107i Liban, Siriju i Iran.<\/p>","protected":false},"excerpt":{"rendered":"<p>Ministarstvo zdravstva Jemena, kojim upravljaju Huti, saop\u0161tilo je da je najmanje devet osoba poginulo, a 118 je povrije\u0111eno u izraelskim napadima na glavni grad Sanu.<\/p>","protected":false},"author":1,"featured_media":951405,"comment_status":"open","ping_status":"open","sticky":false,"template":"","format":"standard","meta":{"_acf_changed":false,"footnotes":""},"categories":[144],"tags":[6476,751,7664,3141],"naslovna":[],"class_list":["post-951404","post","type-post","status-publish","format-standard","has-post-thumbnail","hentry","category-svijet","tag-huti","tag-izrael","tag-jemen","tag-napad"],"acf":[],"yoast_head":"<!-- This site is optimized with the Yoast SEO plugin v27.4 - https:\/\/yoast.com\/product\/yoast-seo-wordpress\/ -->\n<title>U izraelskom napadu na Jemen ubijeno devet osoba, povrije\u0111eno 118 - dmcsrb.com<\/title>\n<meta name=\"robots\" content=\"index, follow, max-snippet:-1, max-image-preview:large, max-video-preview:-1\" \/>\n<link rel=\"canonical\" href=\"https:\/\/dmcsrb.com\/en\/svijet\/u-izraelskom-napadu-na-jemen-ubijeno-devet-osoba-povrijedjeno-118\/\" \/>\n<meta property=\"og:locale\" content=\"en_GB\" \/>\n<meta property=\"og:type\" content=\"article\" \/>\n<meta property=\"og:title\" content=\"U izraelskom napadu na Jemen ubijeno devet osoba, povrije\u0111eno 118 - dmcsrb.com\" \/>\n<meta property=\"og:description\" content=\"Ministarstvo zdravstva Jemena, kojim upravljaju Huti, saop\u0161tilo je da je najmanje devet osoba poginulo, a 118 je povrije\u0111eno u izraelskim napadima na glavni grad Sanu.\" \/>\n<meta property=\"og:url\" content=\"https:\/\/dmcsrb.com\/en\/svijet\/u-izraelskom-napadu-na-jemen-ubijeno-devet-osoba-povrijedjeno-118\/\" \/>\n<meta property=\"og:site_name\" content=\"dmcsrb.com\" \/>\n<meta property=\"article:published_time\" content=\"2025-09-10T16:40:00+00:00\" \/>\n<meta property=\"og:image\" content=\"https:\/\/dmcsrb.com\/wp-content\/uploads\/2026\/01\/SAD-Izrael.webp\" \/>\n\t<meta property=\"og:image:width\" content=\"790\" \/>\n\t<meta property=\"og:image:height\" content=\"453\" \/>\n\t<meta property=\"og:image:type\" content=\"image\/webp\" \/>\n<meta name=\"author\" content=\"dmcsrbija.com@gmail.com\" \/>\n<meta name=\"twitter:card\" content=\"summary_large_image\" \/>\n<meta name=\"twitter:label1\" content=\"Written by\" \/>\n\t<meta name=\"twitter:data1\" content=\"dmcsrbija.com@gmail.com\" \/>\n\t<meta name=\"twitter:label2\" content=\"Estimated reading time\" \/>\n\t<meta name=\"twitter:data2\" content=\"1 minute\" \/>\n<script type=\"application\/ld+json\" class=\"yoast-schema-graph\">{\"@context\":\"https:\\\/\\\/schema.org\",\"@graph\":[{\"@type\":\"Article\",\"@id\":\"https:\\\/\\\/dmcsrb.com\\\/svijet\\\/u-izraelskom-napadu-na-jemen-ubijeno-devet-osoba-povrijedjeno-118\\\/#article\",\"isPartOf\":{\"@id\":\"https:\\\/\\\/dmcsrb.com\\\/svijet\\\/u-izraelskom-napadu-na-jemen-ubijeno-devet-osoba-povrijedjeno-118\\\/\"},\"author\":{\"name\":\"dmcsrbija.com@gmail.com\",\"@id\":\"https:\\\/\\\/dmcsrb.com\\\/#\\\/schema\\\/person\\\/5c39170f12db1b8b457732d0b5c854e2\"},\"headline\":\"U izraelskom napadu na Jemen ubijeno devet osoba, povrije\u0111eno 118\",\"datePublished\":\"2025-09-10T16:40:00+00:00\",\"mainEntityOfPage\":{\"@id\":\"https:\\\/\\\/dmcsrb.com\\\/svijet\\\/u-izraelskom-napadu-na-jemen-ubijeno-devet-osoba-povrijedjeno-118\\\/\"},\"wordCount\":172,\"commentCount\":0,\"image\":{\"@id\":\"https:\\\/\\\/dmcsrb.com\\\/svijet\\\/u-izraelskom-napadu-na-jemen-ubijeno-devet-osoba-povrijedjeno-118\\\/#primaryimage\"},\"thumbnailUrl\":\"https:\\\/\\\/dmcsrb.com\\\/wp-content\\\/uploads\\\/2026\\\/01\\\/SAD-Izrael.webp\",\"keywords\":[\"Huti\",\"Izrael\",\"Jemen\",\"napad\"],\"articleSection\":[\"Svijet\"],\"inLanguage\":\"en-GB\",\"potentialAction\":[{\"@type\":\"CommentAction\",\"name\":\"Comment\",\"target\":[\"https:\\\/\\\/dmcsrb.com\\\/svijet\\\/u-izraelskom-napadu-na-jemen-ubijeno-devet-osoba-povrijedjeno-118\\\/#respond\"]}]},{\"@type\":\"WebPage\",\"@id\":\"https:\\\/\\\/dmcsrb.com\\\/svijet\\\/u-izraelskom-napadu-na-jemen-ubijeno-devet-osoba-povrijedjeno-118\\\/\",\"url\":\"https:\\\/\\\/dmcsrb.com\\\/svijet\\\/u-izraelskom-napadu-na-jemen-ubijeno-devet-osoba-povrijedjeno-118\\\/\",\"name\":\"U izraelskom napadu na Jemen ubijeno devet osoba, povrije\u0111eno 118 - dmcsrb.com\",\"isPartOf\":{\"@id\":\"https:\\\/\\\/dmcsrb.com\\\/#website\"},\"primaryImageOfPage\":{\"@id\":\"https:\\\/\\\/dmcsrb.com\\\/svijet\\\/u-izraelskom-napadu-na-jemen-ubijeno-devet-osoba-povrijedjeno-118\\\/#primaryimage\"},\"image\":{\"@id\":\"https:\\\/\\\/dmcsrb.com\\\/svijet\\\/u-izraelskom-napadu-na-jemen-ubijeno-devet-osoba-povrijedjeno-118\\\/#primaryimage\"},\"thumbnailUrl\":\"https:\\\/\\\/dmcsrb.com\\\/wp-content\\\/uploads\\\/2026\\\/01\\\/SAD-Izrael.webp\",\"datePublished\":\"2025-09-10T16:40:00+00:00\",\"author\":{\"@id\":\"https:\\\/\\\/dmcsrb.com\\\/#\\\/schema\\\/person\\\/5c39170f12db1b8b457732d0b5c854e2\"},\"breadcrumb\":{\"@id\":\"https:\\\/\\\/dmcsrb.com\\\/svijet\\\/u-izraelskom-napadu-na-jemen-ubijeno-devet-osoba-povrijedjeno-118\\\/#breadcrumb\"},\"inLanguage\":\"en-GB\",\"potentialAction\":[{\"@type\":\"ReadAction\",\"target\":[\"https:\\\/\\\/dmcsrb.com\\\/svijet\\\/u-izraelskom-napadu-na-jemen-ubijeno-devet-osoba-povrijedjeno-118\\\/\"]}]},{\"@type\":\"ImageObject\",\"inLanguage\":\"en-GB\",\"@id\":\"https:\\\/\\\/dmcsrb.com\\\/svijet\\\/u-izraelskom-napadu-na-jemen-ubijeno-devet-osoba-povrijedjeno-118\\\/#primaryimage\",\"url\":\"https:\\\/\\\/dmcsrb.com\\\/wp-content\\\/uploads\\\/2026\\\/01\\\/SAD-Izrael.webp\",\"contentUrl\":\"https:\\\/\\\/dmcsrb.com\\\/wp-content\\\/uploads\\\/2026\\\/01\\\/SAD-Izrael.webp\",\"width\":790,\"height\":453},{\"@type\":\"BreadcrumbList\",\"@id\":\"https:\\\/\\\/dmcsrb.com\\\/svijet\\\/u-izraelskom-napadu-na-jemen-ubijeno-devet-osoba-povrijedjeno-118\\\/#breadcrumb\",\"itemListElement\":[{\"@type\":\"ListItem\",\"position\":1,\"name\":\"Home\",\"item\":\"https:\\\/\\\/dmcsrb.com\\\/\"},{\"@type\":\"ListItem\",\"position\":2,\"name\":\"U izraelskom napadu na Jemen ubijeno devet osoba, povrije\u0111eno 118\"}]},{\"@type\":\"WebSite\",\"@id\":\"https:\\\/\\\/dmcsrb.com\\\/#website\",\"url\":\"https:\\\/\\\/dmcsrb.com\\\/\",\"name\":\"dmcsrb.com\",\"description\":\"\",\"potentialAction\":[{\"@type\":\"SearchAction\",\"target\":{\"@type\":\"EntryPoint\",\"urlTemplate\":\"https:\\\/\\\/dmcsrb.com\\\/?s={search_term_string}\"},\"query-input\":{\"@type\":\"PropertyValueSpecification\",\"valueRequired\":true,\"valueName\":\"search_term_string\"}}],\"inLanguage\":\"en-GB\"},{\"@type\":\"Person\",\"@id\":\"https:\\\/\\\/dmcsrb.com\\\/#\\\/schema\\\/person\\\/5c39170f12db1b8b457732d0b5c854e2\",\"name\":\"dmcsrbija.com@gmail.com\",\"image\":{\"@type\":\"ImageObject\",\"inLanguage\":\"en-GB\",\"@id\":\"https:\\\/\\\/secure.gravatar.com\\\/avatar\\\/68592660ad6347fad0fb587f8d5d8f1a7b44961362f56e4f2cd524feb87e9069?s=96&d=mm&r=g\",\"url\":\"https:\\\/\\\/secure.gravatar.com\\\/avatar\\\/68592660ad6347fad0fb587f8d5d8f1a7b44961362f56e4f2cd524feb87e9069?s=96&d=mm&r=g\",\"contentUrl\":\"https:\\\/\\\/secure.gravatar.com\\\/avatar\\\/68592660ad6347fad0fb587f8d5d8f1a7b44961362f56e4f2cd524feb87e9069?s=96&d=mm&r=g\",\"caption\":\"dmcsrbija.com@gmail.com\"},\"sameAs\":[\"https:\\\/\\\/dmcsrb.com\"],\"url\":\"https:\\\/\\\/dmcsrb.com\\\/en\\\/author\\\/dmcsrbija-comgmail-com\\\/\"}]}<\/script>\n<!-- \/ Yoast SEO plugin. -->","yoast_head_json":{"title":"U izraelskom napadu na Jemen ubijeno devet osoba, povrije\u0111eno 118 - dmcsrb.com","robots":{"index":"index","follow":"follow","max-snippet":"max-snippet:-1","max-image-preview":"max-image-preview:large","max-video-preview":"max-video-preview:-1"},"canonical":"https:\/\/dmcsrb.com\/en\/svijet\/u-izraelskom-napadu-na-jemen-ubijeno-devet-osoba-povrijedjeno-118\/","og_locale":"en_GB","og_type":"article","og_title":"U izraelskom napadu na Jemen ubijeno devet osoba, povrije\u0111eno 118 - dmcsrb.com","og_description":"Ministarstvo zdravstva Jemena, kojim upravljaju Huti, saop\u0161tilo je da je najmanje devet osoba poginulo, a 118 je povrije\u0111eno u izraelskim napadima na glavni grad Sanu.","og_url":"https:\/\/dmcsrb.com\/en\/svijet\/u-izraelskom-napadu-na-jemen-ubijeno-devet-osoba-povrijedjeno-118\/","og_site_name":"dmcsrb.com","article_published_time":"2025-09-10T16:40:00+00:00","og_image":[{"width":790,"height":453,"url":"https:\/\/dmcsrb.com\/wp-content\/uploads\/2026\/01\/SAD-Izrael.webp","type":"image\/webp"}],"author":"dmcsrbija.com@gmail.com","twitter_card":"summary_large_image","twitter_misc":{"Written by":"dmcsrbija.com@gmail.com","Estimated reading time":"1 minute"},"schema":{"@context":"https:\/\/schema.org","@graph":[{"@type":"Article","@id":"https:\/\/dmcsrb.com\/svijet\/u-izraelskom-napadu-na-jemen-ubijeno-devet-osoba-povrijedjeno-118\/#article","isPartOf":{"@id":"https:\/\/dmcsrb.com\/svijet\/u-izraelskom-napadu-na-jemen-ubijeno-devet-osoba-povrijedjeno-118\/"},"author":{"name":"dmcsrbija.com@gmail.com","@id":"https:\/\/dmcsrb.com\/#\/schema\/person\/5c39170f12db1b8b457732d0b5c854e2"},"headline":"U izraelskom napadu na Jemen ubijeno devet osoba, povrije\u0111eno 118","datePublished":"2025-09-10T16:40:00+00:00","mainEntityOfPage":{"@id":"https:\/\/dmcsrb.com\/svijet\/u-izraelskom-napadu-na-jemen-ubijeno-devet-osoba-povrijedjeno-118\/"},"wordCount":172,"commentCount":0,"image":{"@id":"https:\/\/dmcsrb.com\/svijet\/u-izraelskom-napadu-na-jemen-ubijeno-devet-osoba-povrijedjeno-118\/#primaryimage"},"thumbnailUrl":"https:\/\/dmcsrb.com\/wp-content\/uploads\/2026\/01\/SAD-Izrael.webp","keywords":["Huti","Izrael","Jemen","napad"],"articleSection":["Svijet"],"inLanguage":"en-GB","potentialAction":[{"@type":"CommentAction","name":"Comment","target":["https:\/\/dmcsrb.com\/svijet\/u-izraelskom-napadu-na-jemen-ubijeno-devet-osoba-povrijedjeno-118\/#respond"]}]},{"@type":"WebPage","@id":"https:\/\/dmcsrb.com\/svijet\/u-izraelskom-napadu-na-jemen-ubijeno-devet-osoba-povrijedjeno-118\/","url":"https:\/\/dmcsrb.com\/svijet\/u-izraelskom-napadu-na-jemen-ubijeno-devet-osoba-povrijedjeno-118\/","name":"U izraelskom napadu na Jemen ubijeno devet osoba, povrije\u0111eno 118 - dmcsrb.com","isPartOf":{"@id":"https:\/\/dmcsrb.com\/#website"},"primaryImageOfPage":{"@id":"https:\/\/dmcsrb.com\/svijet\/u-izraelskom-napadu-na-jemen-ubijeno-devet-osoba-povrijedjeno-118\/#primaryimage"},"image":{"@id":"https:\/\/dmcsrb.com\/svijet\/u-izraelskom-napadu-na-jemen-ubijeno-devet-osoba-povrijedjeno-118\/#primaryimage"},"thumbnailUrl":"https:\/\/dmcsrb.com\/wp-content\/uploads\/2026\/01\/SAD-Izrael.webp","datePublished":"2025-09-10T16:40:00+00:00","author":{"@id":"https:\/\/dmcsrb.com\/#\/schema\/person\/5c39170f12db1b8b457732d0b5c854e2"},"breadcrumb":{"@id":"https:\/\/dmcsrb.com\/svijet\/u-izraelskom-napadu-na-jemen-ubijeno-devet-osoba-povrijedjeno-118\/#breadcrumb"},"inLanguage":"en-GB","potentialAction":[{"@type":"ReadAction","target":["https:\/\/dmcsrb.com\/svijet\/u-izraelskom-napadu-na-jemen-ubijeno-devet-osoba-povrijedjeno-118\/"]}]},{"@type":"ImageObject","inLanguage":"en-GB","@id":"https:\/\/dmcsrb.com\/svijet\/u-izraelskom-napadu-na-jemen-ubijeno-devet-osoba-povrijedjeno-118\/#primaryimage","url":"https:\/\/dmcsrb.com\/wp-content\/uploads\/2026\/01\/SAD-Izrael.webp","contentUrl":"https:\/\/dmcsrb.com\/wp-content\/uploads\/2026\/01\/SAD-Izrael.webp","width":790,"height":453},{"@type":"BreadcrumbList","@id":"https:\/\/dmcsrb.com\/svijet\/u-izraelskom-napadu-na-jemen-ubijeno-devet-osoba-povrijedjeno-118\/#breadcrumb","itemListElement":[{"@type":"ListItem","position":1,"name":"Home","item":"https:\/\/dmcsrb.com\/"},{"@type":"ListItem","position":2,"name":"U izraelskom napadu na Jemen ubijeno devet osoba, povrije\u0111eno 118"}]},{"@type":"WebSite","@id":"https:\/\/dmcsrb.com\/#website","url":"https:\/\/dmcsrb.com\/","name":"dmcsrb.com","description":"","potentialAction":[{"@type":"SearchAction","target":{"@type":"EntryPoint","urlTemplate":"https:\/\/dmcsrb.com\/?s={search_term_string}"},"query-input":{"@type":"PropertyValueSpecification","valueRequired":true,"valueName":"search_term_string"}}],"inLanguage":"en-GB"},{"@type":"Person","@id":"https:\/\/dmcsrb.com\/#\/schema\/person\/5c39170f12db1b8b457732d0b5c854e2","name":"dmcsrbija.com@gmail.com","image":{"@type":"ImageObject","inLanguage":"en-GB","@id":"https:\/\/secure.gravatar.com\/avatar\/68592660ad6347fad0fb587f8d5d8f1a7b44961362f56e4f2cd524feb87e9069?s=96&d=mm&r=g","url":"https:\/\/secure.gravatar.com\/avatar\/68592660ad6347fad0fb587f8d5d8f1a7b44961362f56e4f2cd524feb87e9069?s=96&d=mm&r=g","contentUrl":"https:\/\/secure.gravatar.com\/avatar\/68592660ad6347fad0fb587f8d5d8f1a7b44961362f56e4f2cd524feb87e9069?s=96&d=mm&r=g","caption":"dmcsrbija.com@gmail.com"},"sameAs":["https:\/\/dmcsrb.com"],"url":"https:\/\/dmcsrb.com\/en\/author\/dmcsrbija-comgmail-com\/"}]}},"_links":{"self":[{"href":"https:\/\/dmcsrb.com\/en\/wp-json\/wp\/v2\/posts\/951404","targetHints":{"allow":["GET"]}}],"collection":[{"href":"https:\/\/dmcsrb.com\/en\/wp-json\/wp\/v2\/posts"}],"about":[{"href":"https:\/\/dmcsrb.com\/en\/wp-json\/wp\/v2\/types\/post"}],"author":[{"embeddable":true,"href":"https:\/\/dmcsrb.com\/en\/wp-json\/wp\/v2\/users\/1"}],"replies":[{"embeddable":true,"href":"https:\/\/dmcsrb.com\/en\/wp-json\/wp\/v2\/comments?post=951404"}],"version-history":[{"count":0,"href":"https:\/\/dmcsrb.com\/en\/wp-json\/wp\/v2\/posts\/951404\/revisions"}],"wp:featuredmedia":[{"embeddable":true,"href":"https:\/\/dmcsrb.com\/en\/wp-json\/wp\/v2\/media\/951405"}],"wp:attachment":[{"href":"https:\/\/dmcsrb.com\/en\/wp-json\/wp\/v2\/media?parent=951404"}],"wp:term":[{"taxonomy":"category","embeddable":true,"href":"https:\/\/dmcsrb.com\/en\/wp-json\/wp\/v2\/categories?post=951404"},{"taxonomy":"post_tag","embeddable":true,"href":"https:\/\/dmcsrb.com\/en\/wp-json\/wp\/v2\/tags?post=951404"},{"taxonomy":"naslovna","embeddable":true,"href":"https:\/\/dmcsrb.com\/en\/wp-json\/wp\/v2\/naslovna?post=951404"}],"curies":[{"name":"wp","href":"https:\/\/api.w.org\/{rel}","templated":true}]}}