{"id":951364,"date":"2025-09-10T15:50:00","date_gmt":"2025-09-10T13:50:00","guid":{"rendered":"https:\/\/dmcsrb.com\/uncategorized\/ukrajinka-brutalno-ubijena-u-sad-tramp-trazi-smrtnu-kaznu\/"},"modified":"2025-09-10T15:50:00","modified_gmt":"2025-09-10T13:50:00","slug":"ukrajinka-brutalno-ubijena-u-sad-tramp-trazi-smrtnu-kaznu","status":"publish","type":"post","link":"https:\/\/dmcsrb.com\/en\/svijet\/ukrajinka-brutalno-ubijena-u-sad-tramp-trazi-smrtnu-kaznu\/","title":{"rendered":"Ukrajinka brutalno ubijena u SAD: Tramp tra\u017ei smrtnu kaznu"},"content":{"rendered":"<p><\/p>\n\n\n\n<p>Irynu Zarutskovu u vozu je na smrt izbo 34-godi\u0161nji besku\u0107nik s dugom istorijom kr\u0161enja zakona i psihi\u010dkih bolesti. Slu\u010daj je izazvao sna\u017ene reakcije i revolt na dru\u0161tvenim mre\u017eama koji traju do danas te je podstakao rasprave o pravnom sistemu i brizi za osobe s te\u0161kim psihi\u010dkim problemima u SAD-u.<\/p>\n\n\n\n<p>\u201e\u017dIVOTINjA koja je tako nasilno ubila prekrasnu mladu damu iz Ukrajine, koja je do\u0161la u Ameriku tra\u017ee\u0107i mir i sigurnost, treba dobiti \u2018brzo\u2019 (nema sumnje!) su\u0111enje i da bude osu\u0111ena isklju\u010divo na SMRTNU KAZNU. Ne mo\u017ee postojati druga opcija!!!\u201c, napisao je Tramp.<\/p>\n\n\n\n<p>Napad se dogodio u petak uve\u010de, 22. avgusta, a djevojka je preminula na mjestu doga\u0111aja od ubodnih rana. Sigurnosna kamera, koju je objavio Charlotte Area Transit System (CATS), prikazuje Zarutsku kako u 21:46 ulazi u voz u uniformi picerije, sjeda i gleda u mobilni telefon.<\/p>\n\n\n\n<p>Samo \u010detiri minuta kasnije, 34-godi\u0161nji Decarlos Braun mla\u0111i izvukao je preklopni no\u017e, ubo je tri puta, od \u010dega barem jednom u vrat, saop\u0161tila je policija.<\/p>\n\n\n\n<p>Snimak potom prikazuje Brauna kako hoda kroz vagon, skida duksericu i \u010deka kod vrata. Zarutska je, dr\u017ee\u0107i se za vrat dok se krv slijevala na pod voza, pala na sjedi\u0161te. Progla\u0161ena je mrtvom u vozu, naveli su istra\u017eitelji.<\/p>\n\n\n\n<p>Policija je rekla da je Braun iza\u0161ao na sljede\u0107oj stanici, gdje je preklopni no\u017e kasnije prona\u0111en blizu perona. Ljekari su mu u bolnici sanirali posjekotinu na ruci, a zatim je uhap\u0161en pod optu\u017ebom za ubistvo.<\/p>\n\n\n\n<p>Prema Spectrum Newsu, policiji je trebalo \u0161est minuta da do\u0111e na mjesto doga\u0111aja. Za\u0161titari javnog prevoza cijelo vrijeme bili su u vozu, ali u vagonu ispred onoga u kojem se nalazila Zarutska.<\/p>\n\n\n\n<p>Imao te\u0161ke psihi\u010dke probleme, ranije prijavio policiji da ima uznemiruju\u0107e misli<\/p>\n\n\n\n<p>Prema sudskim zapisima do kojih je do\u0161ao The Post, Braun je od 2011. vi\u0161e puta hap\u0161en zbog te\u0161ke kra\u0111e, plja\u010dke s opasnim oru\u017ejem i prijetnji. Prema WSOC-TV-u, besku\u0107nik je i odslu\u017eio pet godina zatvora zbog optu\u017ebe za plja\u010dku s upotrebom smrtonosnog oru\u017eja.<\/p>\n\n\n\n<p>Prema medijskim izvje\u0161tajima, navodni ubica trenutno ima i nerije\u0161ene optu\u017ebe zbog zloupotrebe sistema 911. Njegov advokat je u zahtjevu podnesenom sudu tvrdio da Braun nije psihi\u010dki stabilan, odnosno da nije sposoban za su\u0111enje.<\/p>\n\n\n\n<p>U januaru ove godine policajci su zaklju\u010dili da je imao \u201euznemiruju\u0107e misli\u201c. Tokom posjete policijskoj stanici, Braun je rekao policajcima da vjeruje kako mu je neko dao \u201evje\u0161ta\u010dki\u201c materijal koji je kontrolisao kada jede, hoda i govori, stoji u sudskom dokumentu do kojeg je do\u0161ao Charlotte Observer.<\/p>\n\n\n\n<p>\u201eBraun je \u017eelio da policajci istra\u017ee taj \u2018vje\u0161ta\u010dki\u2019 materijal koji se nalazio u njegovom tijelu\u201c, navodi dokument.<\/p>\n\n\n\n<h2 class=\"wp-block-heading\">\u201eProklizao je kroz pukotine slomljenog sistema\u201c<\/h2>\n\n\n\n<p>Njegovo pu\u0161tanje na slobodu nakon toga tako\u0111e je otvorilo pitanja o ameri\u010dkom pravosudnom sistemu, koji nije uspio sprije\u010diti da osoba opasna za sebe i druge ostane na ulici.<\/p>\n\n\n\n<p>U trenutku ubistva u toku je bila forenzi\u010dka procjena koju je naredio sud, \u0161to je u ameri\u010dkoj javnosti izazvalo zabrinutost zbog na\u010dina na koji se sistem nosi s osobama koje imaju mentalne pote\u0161ko\u0107e.<\/p>\n\n\n\n<p>WCNC navodi da je tokom nedavnog pojavljivanja na sudu njegova majka rekla da Braun boluje od \u0161izofrenije te da su poku\u0161avali da mu obezbijede pomo\u0107. Navodno je rekla da je on \u201eproklizao kroz pukotine slomljenog sistema\u201c.<\/p>\n\n\n\n<h2 class=\"wp-block-heading\">\u201eUbijena&nbsp;samo zato \u0161to se na\u0161la na pogre\u0161nom mjestu u pogre\u0161no vrijeme\u201c<\/h2>\n\n\n\n<p>Iryna Zarutska je studirala na Rowan-Cabarrus Community Collegeu od 2023. do 2025. godine. \u201eBili smo shrvani kada smo saznali za smrt na\u0161e biv\u0161e studentkinje, Iryne Zarutske, \u010diji je \u017eivot prekinut u ovom tragi\u010dnom doga\u0111aju\u201c, objavio je fakultet.<\/p>\n\n\n\n<p>Viza\u017eistkinja Ulyana Kozlovska napisala je na dru\u0161tvenim mre\u017eama da je radila s Irynom Zarutskom kao modelom. Tako\u0111e je istakla da je djevojka bila \u201eprekrasna osoba, talentovana umjetnica koja je bje\u017eala od rata u Ukrajini\u201c.<\/p>\n\n\n\n<p>Nakon njene smrti na stranici GoFundMe pokrenuto je prikupljanje novca za njenu tetku u iznosu od 20.000 dolara.<\/p>\n\n\n\n<p>\u201eIra je nedavno do\u0161la u Ameriku, bje\u017ee\u0107i od rata i sanjaju\u0107i o novom \u017eivotu. Na\u017ealost, njen \u017eivot je tragi\u010dno prekinut. Ovo je nenadoknadiv gubitak za cijelu porodicu. Pokrenuli smo ovu akciju kako bismo podr\u017eali Valeriju i njene bli\u017enje u ovim te\u0161kim danima i pomogli im da se nose s neo\u010dekivanim tro\u0161kovima\u201c, izjavila je organizatorka prikupljanja sredstava Jevhenija Ru\u0161.<\/p>\n\n\n\n<p>\u201eOna je napustila Ukrajinu kako bi pobolj\u0161ala svoj \u017eivot\u201c, rekao je Lonnie, prijatelj porodice Zarutske, novinarima. \u201ePreselila se u ovo podru\u010dje, \u017eivot joj se popravio, a na kraju je ubijena samo zato \u0161to se na\u0161la na pogre\u0161nom mjestu u pogre\u0161no vrijeme.\u201c<\/p>","protected":false},"excerpt":{"rendered":"<p>Ameri\u010dki predsjednik Donald Tramp tra\u017ei da se ubica 23-godi\u0161nje izbjeglice iz Ukrajine, koja je ubijena prije gotovo tri sedmice u gradu \u0160arlotu u Sjevernoj Karolini, osudi na smrtnu kaznu.<\/p>","protected":false},"author":1,"featured_media":909281,"comment_status":"open","ping_status":"open","sticky":false,"template":"","format":"standard","meta":{"_acf_changed":false,"footnotes":""},"categories":[144],"tags":[193,6969,7635,7636],"naslovna":[],"class_list":["post-951364","post","type-post","status-publish","format-standard","has-post-thumbnail","hentry","category-svijet","tag-donald-tramp","tag-osuda","tag-smrtna-kazna","tag-zivotinja"],"acf":[],"yoast_head":"<!-- This site is optimized with the Yoast SEO plugin v27.4 - https:\/\/yoast.com\/product\/yoast-seo-wordpress\/ -->\n<title>Ukrajinka brutalno ubijena u SAD: Tramp tra\u017ei smrtnu kaznu - dmcsrb.com<\/title>\n<meta name=\"robots\" content=\"index, follow, max-snippet:-1, max-image-preview:large, max-video-preview:-1\" \/>\n<link rel=\"canonical\" href=\"https:\/\/dmcsrb.com\/en\/svijet\/ukrajinka-brutalno-ubijena-u-sad-tramp-trazi-smrtnu-kaznu\/\" \/>\n<meta property=\"og:locale\" content=\"en_GB\" \/>\n<meta property=\"og:type\" content=\"article\" \/>\n<meta property=\"og:title\" content=\"Ukrajinka brutalno ubijena u SAD: Tramp tra\u017ei smrtnu kaznu - dmcsrb.com\" \/>\n<meta property=\"og:description\" content=\"Ameri\u010dki predsjednik Donald Tramp tra\u017ei da se ubica 23-godi\u0161nje izbjeglice iz Ukrajine, koja je ubijena prije gotovo tri sedmice u gradu \u0160arlotu u Sjevernoj Karolini, osudi na smrtnu kaznu.\" \/>\n<meta property=\"og:url\" content=\"https:\/\/dmcsrb.com\/en\/svijet\/ukrajinka-brutalno-ubijena-u-sad-tramp-trazi-smrtnu-kaznu\/\" \/>\n<meta property=\"og:site_name\" content=\"dmcsrb.com\" \/>\n<meta property=\"article:published_time\" content=\"2025-09-10T13:50:00+00:00\" \/>\n<meta property=\"og:image\" content=\"https:\/\/dmcsrb.com\/wp-content\/uploads\/2026\/01\/Donald-Tramp.webp\" \/>\n\t<meta property=\"og:image:width\" content=\"871\" \/>\n\t<meta property=\"og:image:height\" content=\"540\" \/>\n\t<meta property=\"og:image:type\" content=\"image\/webp\" \/>\n<meta name=\"author\" content=\"dmcsrbija.com@gmail.com\" \/>\n<meta name=\"twitter:card\" content=\"summary_large_image\" \/>\n<meta name=\"twitter:label1\" content=\"Written by\" \/>\n\t<meta name=\"twitter:data1\" content=\"dmcsrbija.com@gmail.com\" \/>\n\t<meta name=\"twitter:label2\" content=\"Estimated reading time\" \/>\n\t<meta name=\"twitter:data2\" content=\"4 minutes\" \/>\n<script type=\"application\/ld+json\" class=\"yoast-schema-graph\">{\"@context\":\"https:\\\/\\\/schema.org\",\"@graph\":[{\"@type\":\"Article\",\"@id\":\"https:\\\/\\\/dmcsrb.com\\\/svijet\\\/ukrajinka-brutalno-ubijena-u-sad-tramp-trazi-smrtnu-kaznu\\\/#article\",\"isPartOf\":{\"@id\":\"https:\\\/\\\/dmcsrb.com\\\/svijet\\\/ukrajinka-brutalno-ubijena-u-sad-tramp-trazi-smrtnu-kaznu\\\/\"},\"author\":{\"name\":\"dmcsrbija.com@gmail.com\",\"@id\":\"https:\\\/\\\/dmcsrb.com\\\/#\\\/schema\\\/person\\\/5c39170f12db1b8b457732d0b5c854e2\"},\"headline\":\"Ukrajinka brutalno ubijena u SAD: Tramp tra\u017ei smrtnu kaznu\",\"datePublished\":\"2025-09-10T13:50:00+00:00\",\"mainEntityOfPage\":{\"@id\":\"https:\\\/\\\/dmcsrb.com\\\/svijet\\\/ukrajinka-brutalno-ubijena-u-sad-tramp-trazi-smrtnu-kaznu\\\/\"},\"wordCount\":824,\"commentCount\":0,\"image\":{\"@id\":\"https:\\\/\\\/dmcsrb.com\\\/svijet\\\/ukrajinka-brutalno-ubijena-u-sad-tramp-trazi-smrtnu-kaznu\\\/#primaryimage\"},\"thumbnailUrl\":\"https:\\\/\\\/dmcsrb.com\\\/wp-content\\\/uploads\\\/2026\\\/01\\\/Donald-Tramp.webp\",\"keywords\":[\"Donald Tramp\",\"osuda\",\"smrtna kazna\",\"\u017divotinja\"],\"articleSection\":[\"Svijet\"],\"inLanguage\":\"en-GB\",\"potentialAction\":[{\"@type\":\"CommentAction\",\"name\":\"Comment\",\"target\":[\"https:\\\/\\\/dmcsrb.com\\\/svijet\\\/ukrajinka-brutalno-ubijena-u-sad-tramp-trazi-smrtnu-kaznu\\\/#respond\"]}]},{\"@type\":\"WebPage\",\"@id\":\"https:\\\/\\\/dmcsrb.com\\\/svijet\\\/ukrajinka-brutalno-ubijena-u-sad-tramp-trazi-smrtnu-kaznu\\\/\",\"url\":\"https:\\\/\\\/dmcsrb.com\\\/svijet\\\/ukrajinka-brutalno-ubijena-u-sad-tramp-trazi-smrtnu-kaznu\\\/\",\"name\":\"Ukrajinka brutalno ubijena u SAD: Tramp tra\u017ei smrtnu kaznu - dmcsrb.com\",\"isPartOf\":{\"@id\":\"https:\\\/\\\/dmcsrb.com\\\/#website\"},\"primaryImageOfPage\":{\"@id\":\"https:\\\/\\\/dmcsrb.com\\\/svijet\\\/ukrajinka-brutalno-ubijena-u-sad-tramp-trazi-smrtnu-kaznu\\\/#primaryimage\"},\"image\":{\"@id\":\"https:\\\/\\\/dmcsrb.com\\\/svijet\\\/ukrajinka-brutalno-ubijena-u-sad-tramp-trazi-smrtnu-kaznu\\\/#primaryimage\"},\"thumbnailUrl\":\"https:\\\/\\\/dmcsrb.com\\\/wp-content\\\/uploads\\\/2026\\\/01\\\/Donald-Tramp.webp\",\"datePublished\":\"2025-09-10T13:50:00+00:00\",\"author\":{\"@id\":\"https:\\\/\\\/dmcsrb.com\\\/#\\\/schema\\\/person\\\/5c39170f12db1b8b457732d0b5c854e2\"},\"breadcrumb\":{\"@id\":\"https:\\\/\\\/dmcsrb.com\\\/svijet\\\/ukrajinka-brutalno-ubijena-u-sad-tramp-trazi-smrtnu-kaznu\\\/#breadcrumb\"},\"inLanguage\":\"en-GB\",\"potentialAction\":[{\"@type\":\"ReadAction\",\"target\":[\"https:\\\/\\\/dmcsrb.com\\\/svijet\\\/ukrajinka-brutalno-ubijena-u-sad-tramp-trazi-smrtnu-kaznu\\\/\"]}]},{\"@type\":\"ImageObject\",\"inLanguage\":\"en-GB\",\"@id\":\"https:\\\/\\\/dmcsrb.com\\\/svijet\\\/ukrajinka-brutalno-ubijena-u-sad-tramp-trazi-smrtnu-kaznu\\\/#primaryimage\",\"url\":\"https:\\\/\\\/dmcsrb.com\\\/wp-content\\\/uploads\\\/2026\\\/01\\\/Donald-Tramp.webp\",\"contentUrl\":\"https:\\\/\\\/dmcsrb.com\\\/wp-content\\\/uploads\\\/2026\\\/01\\\/Donald-Tramp.webp\",\"width\":871,\"height\":540},{\"@type\":\"BreadcrumbList\",\"@id\":\"https:\\\/\\\/dmcsrb.com\\\/svijet\\\/ukrajinka-brutalno-ubijena-u-sad-tramp-trazi-smrtnu-kaznu\\\/#breadcrumb\",\"itemListElement\":[{\"@type\":\"ListItem\",\"position\":1,\"name\":\"Home\",\"item\":\"https:\\\/\\\/dmcsrb.com\\\/\"},{\"@type\":\"ListItem\",\"position\":2,\"name\":\"Ukrajinka brutalno ubijena u SAD: Tramp tra\u017ei smrtnu kaznu\"}]},{\"@type\":\"WebSite\",\"@id\":\"https:\\\/\\\/dmcsrb.com\\\/#website\",\"url\":\"https:\\\/\\\/dmcsrb.com\\\/\",\"name\":\"dmcsrb.com\",\"description\":\"\",\"potentialAction\":[{\"@type\":\"SearchAction\",\"target\":{\"@type\":\"EntryPoint\",\"urlTemplate\":\"https:\\\/\\\/dmcsrb.com\\\/?s={search_term_string}\"},\"query-input\":{\"@type\":\"PropertyValueSpecification\",\"valueRequired\":true,\"valueName\":\"search_term_string\"}}],\"inLanguage\":\"en-GB\"},{\"@type\":\"Person\",\"@id\":\"https:\\\/\\\/dmcsrb.com\\\/#\\\/schema\\\/person\\\/5c39170f12db1b8b457732d0b5c854e2\",\"name\":\"dmcsrbija.com@gmail.com\",\"image\":{\"@type\":\"ImageObject\",\"inLanguage\":\"en-GB\",\"@id\":\"https:\\\/\\\/secure.gravatar.com\\\/avatar\\\/68592660ad6347fad0fb587f8d5d8f1a7b44961362f56e4f2cd524feb87e9069?s=96&d=mm&r=g\",\"url\":\"https:\\\/\\\/secure.gravatar.com\\\/avatar\\\/68592660ad6347fad0fb587f8d5d8f1a7b44961362f56e4f2cd524feb87e9069?s=96&d=mm&r=g\",\"contentUrl\":\"https:\\\/\\\/secure.gravatar.com\\\/avatar\\\/68592660ad6347fad0fb587f8d5d8f1a7b44961362f56e4f2cd524feb87e9069?s=96&d=mm&r=g\",\"caption\":\"dmcsrbija.com@gmail.com\"},\"sameAs\":[\"https:\\\/\\\/dmcsrb.com\"],\"url\":\"https:\\\/\\\/dmcsrb.com\\\/en\\\/author\\\/dmcsrbija-comgmail-com\\\/\"}]}<\/script>\n<!-- \/ Yoast SEO plugin. -->","yoast_head_json":{"title":"Ukrajinka brutalno ubijena u SAD: Tramp tra\u017ei smrtnu kaznu - dmcsrb.com","robots":{"index":"index","follow":"follow","max-snippet":"max-snippet:-1","max-image-preview":"max-image-preview:large","max-video-preview":"max-video-preview:-1"},"canonical":"https:\/\/dmcsrb.com\/en\/svijet\/ukrajinka-brutalno-ubijena-u-sad-tramp-trazi-smrtnu-kaznu\/","og_locale":"en_GB","og_type":"article","og_title":"Ukrajinka brutalno ubijena u SAD: Tramp tra\u017ei smrtnu kaznu - dmcsrb.com","og_description":"Ameri\u010dki predsjednik Donald Tramp tra\u017ei da se ubica 23-godi\u0161nje izbjeglice iz Ukrajine, koja je ubijena prije gotovo tri sedmice u gradu \u0160arlotu u Sjevernoj Karolini, osudi na smrtnu kaznu.","og_url":"https:\/\/dmcsrb.com\/en\/svijet\/ukrajinka-brutalno-ubijena-u-sad-tramp-trazi-smrtnu-kaznu\/","og_site_name":"dmcsrb.com","article_published_time":"2025-09-10T13:50:00+00:00","og_image":[{"width":871,"height":540,"url":"https:\/\/dmcsrb.com\/wp-content\/uploads\/2026\/01\/Donald-Tramp.webp","type":"image\/webp"}],"author":"dmcsrbija.com@gmail.com","twitter_card":"summary_large_image","twitter_misc":{"Written by":"dmcsrbija.com@gmail.com","Estimated reading time":"4 minutes"},"schema":{"@context":"https:\/\/schema.org","@graph":[{"@type":"Article","@id":"https:\/\/dmcsrb.com\/svijet\/ukrajinka-brutalno-ubijena-u-sad-tramp-trazi-smrtnu-kaznu\/#article","isPartOf":{"@id":"https:\/\/dmcsrb.com\/svijet\/ukrajinka-brutalno-ubijena-u-sad-tramp-trazi-smrtnu-kaznu\/"},"author":{"name":"dmcsrbija.com@gmail.com","@id":"https:\/\/dmcsrb.com\/#\/schema\/person\/5c39170f12db1b8b457732d0b5c854e2"},"headline":"Ukrajinka brutalno ubijena u SAD: Tramp tra\u017ei smrtnu kaznu","datePublished":"2025-09-10T13:50:00+00:00","mainEntityOfPage":{"@id":"https:\/\/dmcsrb.com\/svijet\/ukrajinka-brutalno-ubijena-u-sad-tramp-trazi-smrtnu-kaznu\/"},"wordCount":824,"commentCount":0,"image":{"@id":"https:\/\/dmcsrb.com\/svijet\/ukrajinka-brutalno-ubijena-u-sad-tramp-trazi-smrtnu-kaznu\/#primaryimage"},"thumbnailUrl":"https:\/\/dmcsrb.com\/wp-content\/uploads\/2026\/01\/Donald-Tramp.webp","keywords":["Donald Tramp","osuda","smrtna kazna","\u017divotinja"],"articleSection":["Svijet"],"inLanguage":"en-GB","potentialAction":[{"@type":"CommentAction","name":"Comment","target":["https:\/\/dmcsrb.com\/svijet\/ukrajinka-brutalno-ubijena-u-sad-tramp-trazi-smrtnu-kaznu\/#respond"]}]},{"@type":"WebPage","@id":"https:\/\/dmcsrb.com\/svijet\/ukrajinka-brutalno-ubijena-u-sad-tramp-trazi-smrtnu-kaznu\/","url":"https:\/\/dmcsrb.com\/svijet\/ukrajinka-brutalno-ubijena-u-sad-tramp-trazi-smrtnu-kaznu\/","name":"Ukrajinka brutalno ubijena u SAD: Tramp tra\u017ei smrtnu kaznu - dmcsrb.com","isPartOf":{"@id":"https:\/\/dmcsrb.com\/#website"},"primaryImageOfPage":{"@id":"https:\/\/dmcsrb.com\/svijet\/ukrajinka-brutalno-ubijena-u-sad-tramp-trazi-smrtnu-kaznu\/#primaryimage"},"image":{"@id":"https:\/\/dmcsrb.com\/svijet\/ukrajinka-brutalno-ubijena-u-sad-tramp-trazi-smrtnu-kaznu\/#primaryimage"},"thumbnailUrl":"https:\/\/dmcsrb.com\/wp-content\/uploads\/2026\/01\/Donald-Tramp.webp","datePublished":"2025-09-10T13:50:00+00:00","author":{"@id":"https:\/\/dmcsrb.com\/#\/schema\/person\/5c39170f12db1b8b457732d0b5c854e2"},"breadcrumb":{"@id":"https:\/\/dmcsrb.com\/svijet\/ukrajinka-brutalno-ubijena-u-sad-tramp-trazi-smrtnu-kaznu\/#breadcrumb"},"inLanguage":"en-GB","potentialAction":[{"@type":"ReadAction","target":["https:\/\/dmcsrb.com\/svijet\/ukrajinka-brutalno-ubijena-u-sad-tramp-trazi-smrtnu-kaznu\/"]}]},{"@type":"ImageObject","inLanguage":"en-GB","@id":"https:\/\/dmcsrb.com\/svijet\/ukrajinka-brutalno-ubijena-u-sad-tramp-trazi-smrtnu-kaznu\/#primaryimage","url":"https:\/\/dmcsrb.com\/wp-content\/uploads\/2026\/01\/Donald-Tramp.webp","contentUrl":"https:\/\/dmcsrb.com\/wp-content\/uploads\/2026\/01\/Donald-Tramp.webp","width":871,"height":540},{"@type":"BreadcrumbList","@id":"https:\/\/dmcsrb.com\/svijet\/ukrajinka-brutalno-ubijena-u-sad-tramp-trazi-smrtnu-kaznu\/#breadcrumb","itemListElement":[{"@type":"ListItem","position":1,"name":"Home","item":"https:\/\/dmcsrb.com\/"},{"@type":"ListItem","position":2,"name":"Ukrajinka brutalno ubijena u SAD: Tramp tra\u017ei smrtnu kaznu"}]},{"@type":"WebSite","@id":"https:\/\/dmcsrb.com\/#website","url":"https:\/\/dmcsrb.com\/","name":"dmcsrb.com","description":"","potentialAction":[{"@type":"SearchAction","target":{"@type":"EntryPoint","urlTemplate":"https:\/\/dmcsrb.com\/?s={search_term_string}"},"query-input":{"@type":"PropertyValueSpecification","valueRequired":true,"valueName":"search_term_string"}}],"inLanguage":"en-GB"},{"@type":"Person","@id":"https:\/\/dmcsrb.com\/#\/schema\/person\/5c39170f12db1b8b457732d0b5c854e2","name":"dmcsrbija.com@gmail.com","image":{"@type":"ImageObject","inLanguage":"en-GB","@id":"https:\/\/secure.gravatar.com\/avatar\/68592660ad6347fad0fb587f8d5d8f1a7b44961362f56e4f2cd524feb87e9069?s=96&d=mm&r=g","url":"https:\/\/secure.gravatar.com\/avatar\/68592660ad6347fad0fb587f8d5d8f1a7b44961362f56e4f2cd524feb87e9069?s=96&d=mm&r=g","contentUrl":"https:\/\/secure.gravatar.com\/avatar\/68592660ad6347fad0fb587f8d5d8f1a7b44961362f56e4f2cd524feb87e9069?s=96&d=mm&r=g","caption":"dmcsrbija.com@gmail.com"},"sameAs":["https:\/\/dmcsrb.com"],"url":"https:\/\/dmcsrb.com\/en\/author\/dmcsrbija-comgmail-com\/"}]}},"_links":{"self":[{"href":"https:\/\/dmcsrb.com\/en\/wp-json\/wp\/v2\/posts\/951364","targetHints":{"allow":["GET"]}}],"collection":[{"href":"https:\/\/dmcsrb.com\/en\/wp-json\/wp\/v2\/posts"}],"about":[{"href":"https:\/\/dmcsrb.com\/en\/wp-json\/wp\/v2\/types\/post"}],"author":[{"embeddable":true,"href":"https:\/\/dmcsrb.com\/en\/wp-json\/wp\/v2\/users\/1"}],"replies":[{"embeddable":true,"href":"https:\/\/dmcsrb.com\/en\/wp-json\/wp\/v2\/comments?post=951364"}],"version-history":[{"count":0,"href":"https:\/\/dmcsrb.com\/en\/wp-json\/wp\/v2\/posts\/951364\/revisions"}],"wp:featuredmedia":[{"embeddable":true,"href":"https:\/\/dmcsrb.com\/en\/wp-json\/wp\/v2\/media\/909281"}],"wp:attachment":[{"href":"https:\/\/dmcsrb.com\/en\/wp-json\/wp\/v2\/media?parent=951364"}],"wp:term":[{"taxonomy":"category","embeddable":true,"href":"https:\/\/dmcsrb.com\/en\/wp-json\/wp\/v2\/categories?post=951364"},{"taxonomy":"post_tag","embeddable":true,"href":"https:\/\/dmcsrb.com\/en\/wp-json\/wp\/v2\/tags?post=951364"},{"taxonomy":"naslovna","embeddable":true,"href":"https:\/\/dmcsrb.com\/en\/wp-json\/wp\/v2\/naslovna?post=951364"}],"curies":[{"name":"wp","href":"https:\/\/api.w.org\/{rel}","templated":true}]}}