{"id":951346,"date":"2025-09-10T13:45:00","date_gmt":"2025-09-10T11:45:00","guid":{"rendered":"https:\/\/dmcsrb.com\/uncategorized\/ilija-vukotic-potpisao-dvogodisnji-ugovor-sa-ofi-jem\/"},"modified":"2025-09-10T13:45:00","modified_gmt":"2025-09-10T11:45:00","slug":"ilija-vukotic-potpisao-dvogodisnji-ugovor-sa-ofi-jem","status":"publish","type":"post","link":"https:\/\/dmcsrb.com\/en\/sport\/ilija-vukotic-potpisao-dvogodisnji-ugovor-sa-ofi-jem\/","title":{"rendered":"Ilija Vukoti\u0107 potpisao dvogodi\u0161nji ugovor sa OFI-jem"},"content":{"rendered":"<p>Vukoti\u0107 (26) u OFI sti\u017ee nakon osam godina provedenih u Portugaliji gdje je nastupao za Benfiku B i Boavistu.<\/p>\n\n\n\n<p>On je sa novim klubom potpisao dvogodi\u0161nji ugovor. <\/p>\n\n\n\n<figure class=\"wp-block-embed is-type-rich is-provider-twitter wp-block-embed-twitter\"><div class=\"wp-block-embed__wrapper\">\n<blockquote class=\"twitter-tweet\" data-width=\"500\" data-dnt=\"true\"><p lang=\"en\" dir=\"ltr\">Welcome Ilija! \ud83d\udcaa\ud83c\udffb\u26ab\ufe0f\u26aa\ufe0f<br><br>\ud83d\udc49 <a href=\"https:\/\/t.co\/b7L4RPRdnV\">https:\/\/t.co\/b7L4RPRdnV<\/a><a href=\"https:\/\/twitter.com\/hashtag\/oficrete?src=hash&amp;ref_src=twsrc%5Etfw\">#oficrete<\/a> <a href=\"https:\/\/twitter.com\/hashtag\/oficretefc?src=hash&amp;ref_src=twsrc%5Etfw\">#oficretefc<\/a> <a href=\"https:\/\/twitter.com\/hashtag\/ofifc?src=hash&amp;ref_src=twsrc%5Etfw\">#ofifc<\/a> <a href=\"https:\/\/twitter.com\/hashtag\/Vukotic?src=hash&amp;ref_src=twsrc%5Etfw\">#Vukotic<\/a> <a href=\"https:\/\/twitter.com\/hashtag\/transfer?src=hash&amp;ref_src=twsrc%5Etfw\">#transfer<\/a> <a href=\"https:\/\/twitter.com\/hashtag\/monoofi?src=hash&amp;ref_src=twsrc%5Etfw\">#monoofi<\/a> <a href=\"https:\/\/t.co\/yNi14fjjZm\">pic.twitter.com\/yNi14fjjZm<\/a><\/p>&mdash; OFI Crete F.C. (@OFI_Crete) <a href=\"https:\/\/twitter.com\/OFI_Crete\/status\/1965770280040894855?ref_src=twsrc%5Etfw\">September 10, 2025<\/a><\/blockquote><script async src=\"https:\/\/platform.twitter.com\/widgets.js\" charset=\"utf-8\"><\/script>\n<\/div><\/figure>\n\n\n\n<p>Vukoti\u0107 je prije vi\u0161egodi\u0161nje epizode na Pirinejima, u domovini branio boje Lov\u0107ena i Grblja. <\/p>\n\n\n\n<p>Pro\u0161ao je sve mla\u0111e selekcije Crne Gore, a za seniorsku reprezentaciju upisao je tri nastupa i psotigao jedan gol.<\/p>\n\n\n\n<p>Ilija \u0107e se tako pridru\u017eiti zemljaku Marku Rakonjcu koji je nedavno stigao u OFI. Podsjetimo, dres OFI-ja od 2022. do 2025. nosio je jo\u0161 jedan na\u0161 reprezentativac Marko Baki\u0107 koji je ovog ljeta pre\u0161ao u Persepolis iz Irana. <\/p>\n\n\n\n<p>Nova sezna u gr\u010dkom prvenstvu je tek krenula, a OFI je bio uspje\u0161an na otvaranju iste, po\u0161to je slavio na gostovanju Panseraikosu minimalnim rezultatom. <\/p>","protected":false},"excerpt":{"rendered":"<p>Crnogorski fudbaler Ilija Vukoti\u0107 novi je \u010dlan OFI-ja, potvrdio je klub sa Krita.<\/p>","protected":false},"author":1,"featured_media":951347,"comment_status":"open","ping_status":"open","sticky":false,"template":"","format":"standard","meta":{"_acf_changed":false,"footnotes":""},"categories":[148],"tags":[7504,7506],"naslovna":[],"class_list":["post-951346","post","type-post","status-publish","format-standard","has-post-thumbnail","hentry","category-sport","tag-ilija-vukotic","tag-ofi"],"acf":[],"yoast_head":"<!-- This site is optimized with the Yoast SEO plugin v27.4 - https:\/\/yoast.com\/product\/yoast-seo-wordpress\/ -->\n<title>Ilija Vukoti\u0107 potpisao dvogodi\u0161nji ugovor sa OFI-jem - dmcsrb.com<\/title>\n<meta name=\"robots\" content=\"index, follow, max-snippet:-1, max-image-preview:large, max-video-preview:-1\" \/>\n<link rel=\"canonical\" href=\"https:\/\/dmcsrb.com\/en\/sport\/ilija-vukotic-potpisao-dvogodisnji-ugovor-sa-ofi-jem\/\" \/>\n<meta property=\"og:locale\" content=\"en_GB\" \/>\n<meta property=\"og:type\" content=\"article\" \/>\n<meta property=\"og:title\" content=\"Ilija Vukoti\u0107 potpisao dvogodi\u0161nji ugovor sa OFI-jem - dmcsrb.com\" \/>\n<meta property=\"og:description\" content=\"Crnogorski fudbaler Ilija Vukoti\u0107 novi je \u010dlan OFI-ja, potvrdio je klub sa Krita.\" \/>\n<meta property=\"og:url\" content=\"https:\/\/dmcsrb.com\/en\/sport\/ilija-vukotic-potpisao-dvogodisnji-ugovor-sa-ofi-jem\/\" \/>\n<meta property=\"og:site_name\" content=\"dmcsrb.com\" \/>\n<meta property=\"article:published_time\" content=\"2025-09-10T11:45:00+00:00\" \/>\n<meta property=\"og:image\" content=\"https:\/\/dmcsrb.com\/wp-content\/uploads\/2026\/01\/Ilija-Vukotic-OFI.webp\" \/>\n\t<meta property=\"og:image:width\" content=\"1600\" \/>\n\t<meta property=\"og:image:height\" content=\"1123\" \/>\n\t<meta property=\"og:image:type\" content=\"image\/jpeg\" \/>\n<meta name=\"author\" content=\"dmcsrbija.com@gmail.com\" \/>\n<meta name=\"twitter:card\" content=\"summary_large_image\" \/>\n<meta name=\"twitter:label1\" content=\"Written by\" \/>\n\t<meta name=\"twitter:data1\" content=\"dmcsrbija.com@gmail.com\" \/>\n\t<meta name=\"twitter:label2\" content=\"Estimated reading time\" \/>\n\t<meta name=\"twitter:data2\" content=\"1 minute\" \/>\n<script type=\"application\/ld+json\" class=\"yoast-schema-graph\">{\"@context\":\"https:\\\/\\\/schema.org\",\"@graph\":[{\"@type\":\"Article\",\"@id\":\"https:\\\/\\\/dmcsrb.com\\\/sport\\\/ilija-vukotic-potpisao-dvogodisnji-ugovor-sa-ofi-jem\\\/#article\",\"isPartOf\":{\"@id\":\"https:\\\/\\\/dmcsrb.com\\\/sport\\\/ilija-vukotic-potpisao-dvogodisnji-ugovor-sa-ofi-jem\\\/\"},\"author\":{\"name\":\"dmcsrbija.com@gmail.com\",\"@id\":\"https:\\\/\\\/dmcsrb.com\\\/#\\\/schema\\\/person\\\/5c39170f12db1b8b457732d0b5c854e2\"},\"headline\":\"Ilija Vukoti\u0107 potpisao dvogodi\u0161nji ugovor sa OFI-jem\",\"datePublished\":\"2025-09-10T11:45:00+00:00\",\"mainEntityOfPage\":{\"@id\":\"https:\\\/\\\/dmcsrb.com\\\/sport\\\/ilija-vukotic-potpisao-dvogodisnji-ugovor-sa-ofi-jem\\\/\"},\"wordCount\":145,\"commentCount\":0,\"image\":{\"@id\":\"https:\\\/\\\/dmcsrb.com\\\/sport\\\/ilija-vukotic-potpisao-dvogodisnji-ugovor-sa-ofi-jem\\\/#primaryimage\"},\"thumbnailUrl\":\"https:\\\/\\\/dmcsrb.com\\\/wp-content\\\/uploads\\\/2026\\\/01\\\/Ilija-Vukotic-OFI.webp\",\"keywords\":[\"Ilija Vukoti\u0107\",\"OFI\"],\"articleSection\":[\"Sport\"],\"inLanguage\":\"en-GB\",\"potentialAction\":[{\"@type\":\"CommentAction\",\"name\":\"Comment\",\"target\":[\"https:\\\/\\\/dmcsrb.com\\\/sport\\\/ilija-vukotic-potpisao-dvogodisnji-ugovor-sa-ofi-jem\\\/#respond\"]}]},{\"@type\":\"WebPage\",\"@id\":\"https:\\\/\\\/dmcsrb.com\\\/sport\\\/ilija-vukotic-potpisao-dvogodisnji-ugovor-sa-ofi-jem\\\/\",\"url\":\"https:\\\/\\\/dmcsrb.com\\\/sport\\\/ilija-vukotic-potpisao-dvogodisnji-ugovor-sa-ofi-jem\\\/\",\"name\":\"Ilija Vukoti\u0107 potpisao dvogodi\u0161nji ugovor sa OFI-jem - dmcsrb.com\",\"isPartOf\":{\"@id\":\"https:\\\/\\\/dmcsrb.com\\\/#website\"},\"primaryImageOfPage\":{\"@id\":\"https:\\\/\\\/dmcsrb.com\\\/sport\\\/ilija-vukotic-potpisao-dvogodisnji-ugovor-sa-ofi-jem\\\/#primaryimage\"},\"image\":{\"@id\":\"https:\\\/\\\/dmcsrb.com\\\/sport\\\/ilija-vukotic-potpisao-dvogodisnji-ugovor-sa-ofi-jem\\\/#primaryimage\"},\"thumbnailUrl\":\"https:\\\/\\\/dmcsrb.com\\\/wp-content\\\/uploads\\\/2026\\\/01\\\/Ilija-Vukotic-OFI.webp\",\"datePublished\":\"2025-09-10T11:45:00+00:00\",\"author\":{\"@id\":\"https:\\\/\\\/dmcsrb.com\\\/#\\\/schema\\\/person\\\/5c39170f12db1b8b457732d0b5c854e2\"},\"breadcrumb\":{\"@id\":\"https:\\\/\\\/dmcsrb.com\\\/sport\\\/ilija-vukotic-potpisao-dvogodisnji-ugovor-sa-ofi-jem\\\/#breadcrumb\"},\"inLanguage\":\"en-GB\",\"potentialAction\":[{\"@type\":\"ReadAction\",\"target\":[\"https:\\\/\\\/dmcsrb.com\\\/sport\\\/ilija-vukotic-potpisao-dvogodisnji-ugovor-sa-ofi-jem\\\/\"]}]},{\"@type\":\"ImageObject\",\"inLanguage\":\"en-GB\",\"@id\":\"https:\\\/\\\/dmcsrb.com\\\/sport\\\/ilija-vukotic-potpisao-dvogodisnji-ugovor-sa-ofi-jem\\\/#primaryimage\",\"url\":\"https:\\\/\\\/dmcsrb.com\\\/wp-content\\\/uploads\\\/2026\\\/01\\\/Ilija-Vukotic-OFI.webp\",\"contentUrl\":\"https:\\\/\\\/dmcsrb.com\\\/wp-content\\\/uploads\\\/2026\\\/01\\\/Ilija-Vukotic-OFI.webp\",\"width\":1600,\"height\":1123},{\"@type\":\"BreadcrumbList\",\"@id\":\"https:\\\/\\\/dmcsrb.com\\\/sport\\\/ilija-vukotic-potpisao-dvogodisnji-ugovor-sa-ofi-jem\\\/#breadcrumb\",\"itemListElement\":[{\"@type\":\"ListItem\",\"position\":1,\"name\":\"Home\",\"item\":\"https:\\\/\\\/dmcsrb.com\\\/\"},{\"@type\":\"ListItem\",\"position\":2,\"name\":\"Ilija Vukoti\u0107 potpisao dvogodi\u0161nji ugovor sa OFI-jem\"}]},{\"@type\":\"WebSite\",\"@id\":\"https:\\\/\\\/dmcsrb.com\\\/#website\",\"url\":\"https:\\\/\\\/dmcsrb.com\\\/\",\"name\":\"dmcsrb.com\",\"description\":\"\",\"potentialAction\":[{\"@type\":\"SearchAction\",\"target\":{\"@type\":\"EntryPoint\",\"urlTemplate\":\"https:\\\/\\\/dmcsrb.com\\\/?s={search_term_string}\"},\"query-input\":{\"@type\":\"PropertyValueSpecification\",\"valueRequired\":true,\"valueName\":\"search_term_string\"}}],\"inLanguage\":\"en-GB\"},{\"@type\":\"Person\",\"@id\":\"https:\\\/\\\/dmcsrb.com\\\/#\\\/schema\\\/person\\\/5c39170f12db1b8b457732d0b5c854e2\",\"name\":\"dmcsrbija.com@gmail.com\",\"image\":{\"@type\":\"ImageObject\",\"inLanguage\":\"en-GB\",\"@id\":\"https:\\\/\\\/secure.gravatar.com\\\/avatar\\\/68592660ad6347fad0fb587f8d5d8f1a7b44961362f56e4f2cd524feb87e9069?s=96&d=mm&r=g\",\"url\":\"https:\\\/\\\/secure.gravatar.com\\\/avatar\\\/68592660ad6347fad0fb587f8d5d8f1a7b44961362f56e4f2cd524feb87e9069?s=96&d=mm&r=g\",\"contentUrl\":\"https:\\\/\\\/secure.gravatar.com\\\/avatar\\\/68592660ad6347fad0fb587f8d5d8f1a7b44961362f56e4f2cd524feb87e9069?s=96&d=mm&r=g\",\"caption\":\"dmcsrbija.com@gmail.com\"},\"sameAs\":[\"https:\\\/\\\/dmcsrb.com\"],\"url\":\"https:\\\/\\\/dmcsrb.com\\\/en\\\/author\\\/dmcsrbija-comgmail-com\\\/\"}]}<\/script>\n<!-- \/ Yoast SEO plugin. -->","yoast_head_json":{"title":"Ilija Vukoti\u0107 potpisao dvogodi\u0161nji ugovor sa OFI-jem - dmcsrb.com","robots":{"index":"index","follow":"follow","max-snippet":"max-snippet:-1","max-image-preview":"max-image-preview:large","max-video-preview":"max-video-preview:-1"},"canonical":"https:\/\/dmcsrb.com\/en\/sport\/ilija-vukotic-potpisao-dvogodisnji-ugovor-sa-ofi-jem\/","og_locale":"en_GB","og_type":"article","og_title":"Ilija Vukoti\u0107 potpisao dvogodi\u0161nji ugovor sa OFI-jem - dmcsrb.com","og_description":"Crnogorski fudbaler Ilija Vukoti\u0107 novi je \u010dlan OFI-ja, potvrdio je klub sa Krita.","og_url":"https:\/\/dmcsrb.com\/en\/sport\/ilija-vukotic-potpisao-dvogodisnji-ugovor-sa-ofi-jem\/","og_site_name":"dmcsrb.com","article_published_time":"2025-09-10T11:45:00+00:00","og_image":[{"width":1600,"height":1123,"url":"https:\/\/dmcsrb.com\/wp-content\/uploads\/2026\/01\/Ilija-Vukotic-OFI.webp","type":"image\/jpeg"}],"author":"dmcsrbija.com@gmail.com","twitter_card":"summary_large_image","twitter_misc":{"Written by":"dmcsrbija.com@gmail.com","Estimated reading time":"1 minute"},"schema":{"@context":"https:\/\/schema.org","@graph":[{"@type":"Article","@id":"https:\/\/dmcsrb.com\/sport\/ilija-vukotic-potpisao-dvogodisnji-ugovor-sa-ofi-jem\/#article","isPartOf":{"@id":"https:\/\/dmcsrb.com\/sport\/ilija-vukotic-potpisao-dvogodisnji-ugovor-sa-ofi-jem\/"},"author":{"name":"dmcsrbija.com@gmail.com","@id":"https:\/\/dmcsrb.com\/#\/schema\/person\/5c39170f12db1b8b457732d0b5c854e2"},"headline":"Ilija Vukoti\u0107 potpisao dvogodi\u0161nji ugovor sa OFI-jem","datePublished":"2025-09-10T11:45:00+00:00","mainEntityOfPage":{"@id":"https:\/\/dmcsrb.com\/sport\/ilija-vukotic-potpisao-dvogodisnji-ugovor-sa-ofi-jem\/"},"wordCount":145,"commentCount":0,"image":{"@id":"https:\/\/dmcsrb.com\/sport\/ilija-vukotic-potpisao-dvogodisnji-ugovor-sa-ofi-jem\/#primaryimage"},"thumbnailUrl":"https:\/\/dmcsrb.com\/wp-content\/uploads\/2026\/01\/Ilija-Vukotic-OFI.webp","keywords":["Ilija Vukoti\u0107","OFI"],"articleSection":["Sport"],"inLanguage":"en-GB","potentialAction":[{"@type":"CommentAction","name":"Comment","target":["https:\/\/dmcsrb.com\/sport\/ilija-vukotic-potpisao-dvogodisnji-ugovor-sa-ofi-jem\/#respond"]}]},{"@type":"WebPage","@id":"https:\/\/dmcsrb.com\/sport\/ilija-vukotic-potpisao-dvogodisnji-ugovor-sa-ofi-jem\/","url":"https:\/\/dmcsrb.com\/sport\/ilija-vukotic-potpisao-dvogodisnji-ugovor-sa-ofi-jem\/","name":"Ilija Vukoti\u0107 potpisao dvogodi\u0161nji ugovor sa OFI-jem - dmcsrb.com","isPartOf":{"@id":"https:\/\/dmcsrb.com\/#website"},"primaryImageOfPage":{"@id":"https:\/\/dmcsrb.com\/sport\/ilija-vukotic-potpisao-dvogodisnji-ugovor-sa-ofi-jem\/#primaryimage"},"image":{"@id":"https:\/\/dmcsrb.com\/sport\/ilija-vukotic-potpisao-dvogodisnji-ugovor-sa-ofi-jem\/#primaryimage"},"thumbnailUrl":"https:\/\/dmcsrb.com\/wp-content\/uploads\/2026\/01\/Ilija-Vukotic-OFI.webp","datePublished":"2025-09-10T11:45:00+00:00","author":{"@id":"https:\/\/dmcsrb.com\/#\/schema\/person\/5c39170f12db1b8b457732d0b5c854e2"},"breadcrumb":{"@id":"https:\/\/dmcsrb.com\/sport\/ilija-vukotic-potpisao-dvogodisnji-ugovor-sa-ofi-jem\/#breadcrumb"},"inLanguage":"en-GB","potentialAction":[{"@type":"ReadAction","target":["https:\/\/dmcsrb.com\/sport\/ilija-vukotic-potpisao-dvogodisnji-ugovor-sa-ofi-jem\/"]}]},{"@type":"ImageObject","inLanguage":"en-GB","@id":"https:\/\/dmcsrb.com\/sport\/ilija-vukotic-potpisao-dvogodisnji-ugovor-sa-ofi-jem\/#primaryimage","url":"https:\/\/dmcsrb.com\/wp-content\/uploads\/2026\/01\/Ilija-Vukotic-OFI.webp","contentUrl":"https:\/\/dmcsrb.com\/wp-content\/uploads\/2026\/01\/Ilija-Vukotic-OFI.webp","width":1600,"height":1123},{"@type":"BreadcrumbList","@id":"https:\/\/dmcsrb.com\/sport\/ilija-vukotic-potpisao-dvogodisnji-ugovor-sa-ofi-jem\/#breadcrumb","itemListElement":[{"@type":"ListItem","position":1,"name":"Home","item":"https:\/\/dmcsrb.com\/"},{"@type":"ListItem","position":2,"name":"Ilija Vukoti\u0107 potpisao dvogodi\u0161nji ugovor sa OFI-jem"}]},{"@type":"WebSite","@id":"https:\/\/dmcsrb.com\/#website","url":"https:\/\/dmcsrb.com\/","name":"dmcsrb.com","description":"","potentialAction":[{"@type":"SearchAction","target":{"@type":"EntryPoint","urlTemplate":"https:\/\/dmcsrb.com\/?s={search_term_string}"},"query-input":{"@type":"PropertyValueSpecification","valueRequired":true,"valueName":"search_term_string"}}],"inLanguage":"en-GB"},{"@type":"Person","@id":"https:\/\/dmcsrb.com\/#\/schema\/person\/5c39170f12db1b8b457732d0b5c854e2","name":"dmcsrbija.com@gmail.com","image":{"@type":"ImageObject","inLanguage":"en-GB","@id":"https:\/\/secure.gravatar.com\/avatar\/68592660ad6347fad0fb587f8d5d8f1a7b44961362f56e4f2cd524feb87e9069?s=96&d=mm&r=g","url":"https:\/\/secure.gravatar.com\/avatar\/68592660ad6347fad0fb587f8d5d8f1a7b44961362f56e4f2cd524feb87e9069?s=96&d=mm&r=g","contentUrl":"https:\/\/secure.gravatar.com\/avatar\/68592660ad6347fad0fb587f8d5d8f1a7b44961362f56e4f2cd524feb87e9069?s=96&d=mm&r=g","caption":"dmcsrbija.com@gmail.com"},"sameAs":["https:\/\/dmcsrb.com"],"url":"https:\/\/dmcsrb.com\/en\/author\/dmcsrbija-comgmail-com\/"}]}},"_links":{"self":[{"href":"https:\/\/dmcsrb.com\/en\/wp-json\/wp\/v2\/posts\/951346","targetHints":{"allow":["GET"]}}],"collection":[{"href":"https:\/\/dmcsrb.com\/en\/wp-json\/wp\/v2\/posts"}],"about":[{"href":"https:\/\/dmcsrb.com\/en\/wp-json\/wp\/v2\/types\/post"}],"author":[{"embeddable":true,"href":"https:\/\/dmcsrb.com\/en\/wp-json\/wp\/v2\/users\/1"}],"replies":[{"embeddable":true,"href":"https:\/\/dmcsrb.com\/en\/wp-json\/wp\/v2\/comments?post=951346"}],"version-history":[{"count":0,"href":"https:\/\/dmcsrb.com\/en\/wp-json\/wp\/v2\/posts\/951346\/revisions"}],"wp:featuredmedia":[{"embeddable":true,"href":"https:\/\/dmcsrb.com\/en\/wp-json\/wp\/v2\/media\/951347"}],"wp:attachment":[{"href":"https:\/\/dmcsrb.com\/en\/wp-json\/wp\/v2\/media?parent=951346"}],"wp:term":[{"taxonomy":"category","embeddable":true,"href":"https:\/\/dmcsrb.com\/en\/wp-json\/wp\/v2\/categories?post=951346"},{"taxonomy":"post_tag","embeddable":true,"href":"https:\/\/dmcsrb.com\/en\/wp-json\/wp\/v2\/tags?post=951346"},{"taxonomy":"naslovna","embeddable":true,"href":"https:\/\/dmcsrb.com\/en\/wp-json\/wp\/v2\/naslovna?post=951346"}],"curies":[{"name":"wp","href":"https:\/\/api.w.org\/{rel}","templated":true}]}}