{"id":951298,"date":"2025-09-10T11:53:00","date_gmt":"2025-09-10T09:53:00","guid":{"rendered":"https:\/\/dmcsrb.com\/uncategorized\/saradnja-sa-unicef-om-vazna-za-unapredjenje-zdravlja-majki-i-beba\/"},"modified":"2025-09-10T11:53:00","modified_gmt":"2025-09-10T09:53:00","slug":"saradnja-sa-unicef-om-vazna-za-unapredjenje-zdravlja-majki-i-beba","status":"publish","type":"post","link":"https:\/\/dmcsrb.com\/en\/drustvo\/saradnja-sa-unicef-om-vazna-za-unapredjenje-zdravlja-majki-i-beba\/","title":{"rendered":"Saradnja sa UNICEF-om va\u017ena za unapre\u0111enje zdravlja majki i beba"},"content":{"rendered":"<p><\/p>\n\n\n\n<p><\/p>\n\n\n\n<p>Tokom sastanka, ministar \u0160imun je istakao spremnost Ministarstva zdravlja da uvede savremene terapijske protokole za tretman preeklamsije, u skladu sa me\u0111unarodnim preporukama i protokolima, kako bi se unaprijedila zdravstvena za\u0161tita trudnica i porodilja.<\/p>\n\n\n\n<p>Govore\u0107i o planovima za naredni period, ministar je najavio da \u0107e u toku sljede\u0107e godine, uz podr\u0161ku UNICEF-a, zapo\u010deti renoviranje Op\u0161te bolnice u Nik\u0161i\u0107u, \u0161to \u0107e zna\u010dajno doprinijeti pobolj\u0161anju uslova za pacijente i zdravstvene radnike.<\/p>\n\n\n\n<p>Ministar je potvrdio i svoje u\u010de\u0161\u0107e na predstoje\u0107oj konferenciji o patrona\u017enim posjetama i podr\u0161ci porodicama, koja \u0107e se odr\u017eati krajem oktobra ili po\u010detkom novembra, isti\u010du\u0107i zna\u010daj ovog segmenta zdravstvene za\u0161tite za ja\u010danje podr\u0161ke roditeljstvu.<\/p>\n\n\n\n<p>Posebna pa\u017enja posve\u0107ena je i projektu unapre\u0111enja rane intervencije u djetinjstvu. Ministar \u0160imun je podr\u017eao inicijativu UNICEF-a i predlo\u017eio uklju\u010divanje nevladinih organizacija, nagla\u0161avaju\u0107i va\u017enost intersektorske saradnje u pru\u017eanju \u0161to kvalitetnije podr\u0161ke djeci i porodicama.<\/p>\n\n\n\n<p>\u201cZajedni\u010dkim djelovanjem sa UNICEF-om i drugim partnerima gradimo sna\u017eniji i efikasniji sistem zdravstvene za\u0161tite koji \u0107e odgovoriti na potrebe djece, roditelja i zajednice u cjelini\u201c, poru\u010dio je \u0160imun.<\/p>","protected":false},"excerpt":{"rendered":"<p>Ministar zdravlja Vojislav \u0160imun sastao se danas sa predstavnicima UNICEF-a i razgovarao o klju\u010dnim inicijativama usmjerenim na unapre\u0111enje zdravstvene za\u0161tite i podr\u0161ke porodicama u Crnoj Gori.<\/p>","protected":false},"author":1,"featured_media":951299,"comment_status":"open","ping_status":"open","sticky":false,"template":"","format":"standard","meta":{"_acf_changed":false,"footnotes":""},"categories":[2],"tags":[7607,7608],"naslovna":[],"class_list":["post-951298","post","type-post","status-publish","format-standard","has-post-thumbnail","hentry","category-drustvo","tag-mz","tag-saradnja-unicef"],"acf":[],"yoast_head":"<!-- This site is optimized with the Yoast SEO plugin v27.4 - https:\/\/yoast.com\/product\/yoast-seo-wordpress\/ -->\n<title>Saradnja sa UNICEF-om va\u017ena za unapre\u0111enje zdravlja majki i beba - dmcsrb.com<\/title>\n<meta name=\"robots\" content=\"index, follow, max-snippet:-1, max-image-preview:large, max-video-preview:-1\" \/>\n<link rel=\"canonical\" href=\"https:\/\/dmcsrb.com\/en\/drustvo\/saradnja-sa-unicef-om-vazna-za-unapredjenje-zdravlja-majki-i-beba\/\" \/>\n<meta property=\"og:locale\" content=\"en_GB\" \/>\n<meta property=\"og:type\" content=\"article\" \/>\n<meta property=\"og:title\" content=\"Saradnja sa UNICEF-om va\u017ena za unapre\u0111enje zdravlja majki i beba - dmcsrb.com\" \/>\n<meta property=\"og:description\" content=\"Ministar zdravlja Vojislav \u0160imun sastao se danas sa predstavnicima UNICEF-a i razgovarao o klju\u010dnim inicijativama usmjerenim na unapre\u0111enje zdravstvene za\u0161tite i podr\u0161ke porodicama u Crnoj Gori.\" \/>\n<meta property=\"og:url\" content=\"https:\/\/dmcsrb.com\/en\/drustvo\/saradnja-sa-unicef-om-vazna-za-unapredjenje-zdravlja-majki-i-beba\/\" \/>\n<meta property=\"og:site_name\" content=\"dmcsrb.com\" \/>\n<meta property=\"article:published_time\" content=\"2025-09-10T09:53:00+00:00\" \/>\n<meta property=\"og:image\" content=\"https:\/\/dmcsrb.com\/wp-content\/uploads\/2026\/01\/unicef1.webp\" \/>\n\t<meta property=\"og:image:width\" content=\"1000\" \/>\n\t<meta property=\"og:image:height\" content=\"555\" \/>\n\t<meta property=\"og:image:type\" content=\"image\/jpeg\" \/>\n<meta name=\"author\" content=\"dmcsrbija.com@gmail.com\" \/>\n<meta name=\"twitter:card\" content=\"summary_large_image\" \/>\n<meta name=\"twitter:label1\" content=\"Written by\" \/>\n\t<meta name=\"twitter:data1\" content=\"dmcsrbija.com@gmail.com\" \/>\n\t<meta name=\"twitter:label2\" content=\"Estimated reading time\" \/>\n\t<meta name=\"twitter:data2\" content=\"1 minute\" \/>\n<script type=\"application\/ld+json\" class=\"yoast-schema-graph\">{\"@context\":\"https:\\\/\\\/schema.org\",\"@graph\":[{\"@type\":\"Article\",\"@id\":\"https:\\\/\\\/dmcsrb.com\\\/drustvo\\\/saradnja-sa-unicef-om-vazna-za-unapredjenje-zdravlja-majki-i-beba\\\/#article\",\"isPartOf\":{\"@id\":\"https:\\\/\\\/dmcsrb.com\\\/drustvo\\\/saradnja-sa-unicef-om-vazna-za-unapredjenje-zdravlja-majki-i-beba\\\/\"},\"author\":{\"name\":\"dmcsrbija.com@gmail.com\",\"@id\":\"https:\\\/\\\/dmcsrb.com\\\/#\\\/schema\\\/person\\\/5c39170f12db1b8b457732d0b5c854e2\"},\"headline\":\"Saradnja sa UNICEF-om va\u017ena za unapre\u0111enje zdravlja majki i beba\",\"datePublished\":\"2025-09-10T09:53:00+00:00\",\"mainEntityOfPage\":{\"@id\":\"https:\\\/\\\/dmcsrb.com\\\/drustvo\\\/saradnja-sa-unicef-om-vazna-za-unapredjenje-zdravlja-majki-i-beba\\\/\"},\"wordCount\":215,\"commentCount\":0,\"image\":{\"@id\":\"https:\\\/\\\/dmcsrb.com\\\/drustvo\\\/saradnja-sa-unicef-om-vazna-za-unapredjenje-zdravlja-majki-i-beba\\\/#primaryimage\"},\"thumbnailUrl\":\"https:\\\/\\\/dmcsrb.com\\\/wp-content\\\/uploads\\\/2026\\\/01\\\/unicef1.webp\",\"keywords\":[\"mz\",\"Saradnja Unicef\"],\"articleSection\":[\"Dru\u0161tvo\"],\"inLanguage\":\"en-GB\",\"potentialAction\":[{\"@type\":\"CommentAction\",\"name\":\"Comment\",\"target\":[\"https:\\\/\\\/dmcsrb.com\\\/drustvo\\\/saradnja-sa-unicef-om-vazna-za-unapredjenje-zdravlja-majki-i-beba\\\/#respond\"]}]},{\"@type\":\"WebPage\",\"@id\":\"https:\\\/\\\/dmcsrb.com\\\/drustvo\\\/saradnja-sa-unicef-om-vazna-za-unapredjenje-zdravlja-majki-i-beba\\\/\",\"url\":\"https:\\\/\\\/dmcsrb.com\\\/drustvo\\\/saradnja-sa-unicef-om-vazna-za-unapredjenje-zdravlja-majki-i-beba\\\/\",\"name\":\"Saradnja sa UNICEF-om va\u017ena za unapre\u0111enje zdravlja majki i beba - dmcsrb.com\",\"isPartOf\":{\"@id\":\"https:\\\/\\\/dmcsrb.com\\\/#website\"},\"primaryImageOfPage\":{\"@id\":\"https:\\\/\\\/dmcsrb.com\\\/drustvo\\\/saradnja-sa-unicef-om-vazna-za-unapredjenje-zdravlja-majki-i-beba\\\/#primaryimage\"},\"image\":{\"@id\":\"https:\\\/\\\/dmcsrb.com\\\/drustvo\\\/saradnja-sa-unicef-om-vazna-za-unapredjenje-zdravlja-majki-i-beba\\\/#primaryimage\"},\"thumbnailUrl\":\"https:\\\/\\\/dmcsrb.com\\\/wp-content\\\/uploads\\\/2026\\\/01\\\/unicef1.webp\",\"datePublished\":\"2025-09-10T09:53:00+00:00\",\"author\":{\"@id\":\"https:\\\/\\\/dmcsrb.com\\\/#\\\/schema\\\/person\\\/5c39170f12db1b8b457732d0b5c854e2\"},\"breadcrumb\":{\"@id\":\"https:\\\/\\\/dmcsrb.com\\\/drustvo\\\/saradnja-sa-unicef-om-vazna-za-unapredjenje-zdravlja-majki-i-beba\\\/#breadcrumb\"},\"inLanguage\":\"en-GB\",\"potentialAction\":[{\"@type\":\"ReadAction\",\"target\":[\"https:\\\/\\\/dmcsrb.com\\\/drustvo\\\/saradnja-sa-unicef-om-vazna-za-unapredjenje-zdravlja-majki-i-beba\\\/\"]}]},{\"@type\":\"ImageObject\",\"inLanguage\":\"en-GB\",\"@id\":\"https:\\\/\\\/dmcsrb.com\\\/drustvo\\\/saradnja-sa-unicef-om-vazna-za-unapredjenje-zdravlja-majki-i-beba\\\/#primaryimage\",\"url\":\"https:\\\/\\\/dmcsrb.com\\\/wp-content\\\/uploads\\\/2026\\\/01\\\/unicef1.webp\",\"contentUrl\":\"https:\\\/\\\/dmcsrb.com\\\/wp-content\\\/uploads\\\/2026\\\/01\\\/unicef1.webp\",\"width\":1000,\"height\":555},{\"@type\":\"BreadcrumbList\",\"@id\":\"https:\\\/\\\/dmcsrb.com\\\/drustvo\\\/saradnja-sa-unicef-om-vazna-za-unapredjenje-zdravlja-majki-i-beba\\\/#breadcrumb\",\"itemListElement\":[{\"@type\":\"ListItem\",\"position\":1,\"name\":\"Home\",\"item\":\"https:\\\/\\\/dmcsrb.com\\\/\"},{\"@type\":\"ListItem\",\"position\":2,\"name\":\"Saradnja sa UNICEF-om va\u017ena za unapre\u0111enje zdravlja majki i beba\"}]},{\"@type\":\"WebSite\",\"@id\":\"https:\\\/\\\/dmcsrb.com\\\/#website\",\"url\":\"https:\\\/\\\/dmcsrb.com\\\/\",\"name\":\"dmcsrb.com\",\"description\":\"\",\"potentialAction\":[{\"@type\":\"SearchAction\",\"target\":{\"@type\":\"EntryPoint\",\"urlTemplate\":\"https:\\\/\\\/dmcsrb.com\\\/?s={search_term_string}\"},\"query-input\":{\"@type\":\"PropertyValueSpecification\",\"valueRequired\":true,\"valueName\":\"search_term_string\"}}],\"inLanguage\":\"en-GB\"},{\"@type\":\"Person\",\"@id\":\"https:\\\/\\\/dmcsrb.com\\\/#\\\/schema\\\/person\\\/5c39170f12db1b8b457732d0b5c854e2\",\"name\":\"dmcsrbija.com@gmail.com\",\"image\":{\"@type\":\"ImageObject\",\"inLanguage\":\"en-GB\",\"@id\":\"https:\\\/\\\/secure.gravatar.com\\\/avatar\\\/68592660ad6347fad0fb587f8d5d8f1a7b44961362f56e4f2cd524feb87e9069?s=96&d=mm&r=g\",\"url\":\"https:\\\/\\\/secure.gravatar.com\\\/avatar\\\/68592660ad6347fad0fb587f8d5d8f1a7b44961362f56e4f2cd524feb87e9069?s=96&d=mm&r=g\",\"contentUrl\":\"https:\\\/\\\/secure.gravatar.com\\\/avatar\\\/68592660ad6347fad0fb587f8d5d8f1a7b44961362f56e4f2cd524feb87e9069?s=96&d=mm&r=g\",\"caption\":\"dmcsrbija.com@gmail.com\"},\"sameAs\":[\"https:\\\/\\\/dmcsrb.com\"],\"url\":\"https:\\\/\\\/dmcsrb.com\\\/en\\\/author\\\/dmcsrbija-comgmail-com\\\/\"}]}<\/script>\n<!-- \/ Yoast SEO plugin. -->","yoast_head_json":{"title":"Saradnja sa UNICEF-om va\u017ena za unapre\u0111enje zdravlja majki i beba - dmcsrb.com","robots":{"index":"index","follow":"follow","max-snippet":"max-snippet:-1","max-image-preview":"max-image-preview:large","max-video-preview":"max-video-preview:-1"},"canonical":"https:\/\/dmcsrb.com\/en\/drustvo\/saradnja-sa-unicef-om-vazna-za-unapredjenje-zdravlja-majki-i-beba\/","og_locale":"en_GB","og_type":"article","og_title":"Saradnja sa UNICEF-om va\u017ena za unapre\u0111enje zdravlja majki i beba - dmcsrb.com","og_description":"Ministar zdravlja Vojislav \u0160imun sastao se danas sa predstavnicima UNICEF-a i razgovarao o klju\u010dnim inicijativama usmjerenim na unapre\u0111enje zdravstvene za\u0161tite i podr\u0161ke porodicama u Crnoj Gori.","og_url":"https:\/\/dmcsrb.com\/en\/drustvo\/saradnja-sa-unicef-om-vazna-za-unapredjenje-zdravlja-majki-i-beba\/","og_site_name":"dmcsrb.com","article_published_time":"2025-09-10T09:53:00+00:00","og_image":[{"width":1000,"height":555,"url":"https:\/\/dmcsrb.com\/wp-content\/uploads\/2026\/01\/unicef1.webp","type":"image\/jpeg"}],"author":"dmcsrbija.com@gmail.com","twitter_card":"summary_large_image","twitter_misc":{"Written by":"dmcsrbija.com@gmail.com","Estimated reading time":"1 minute"},"schema":{"@context":"https:\/\/schema.org","@graph":[{"@type":"Article","@id":"https:\/\/dmcsrb.com\/drustvo\/saradnja-sa-unicef-om-vazna-za-unapredjenje-zdravlja-majki-i-beba\/#article","isPartOf":{"@id":"https:\/\/dmcsrb.com\/drustvo\/saradnja-sa-unicef-om-vazna-za-unapredjenje-zdravlja-majki-i-beba\/"},"author":{"name":"dmcsrbija.com@gmail.com","@id":"https:\/\/dmcsrb.com\/#\/schema\/person\/5c39170f12db1b8b457732d0b5c854e2"},"headline":"Saradnja sa UNICEF-om va\u017ena za unapre\u0111enje zdravlja majki i beba","datePublished":"2025-09-10T09:53:00+00:00","mainEntityOfPage":{"@id":"https:\/\/dmcsrb.com\/drustvo\/saradnja-sa-unicef-om-vazna-za-unapredjenje-zdravlja-majki-i-beba\/"},"wordCount":215,"commentCount":0,"image":{"@id":"https:\/\/dmcsrb.com\/drustvo\/saradnja-sa-unicef-om-vazna-za-unapredjenje-zdravlja-majki-i-beba\/#primaryimage"},"thumbnailUrl":"https:\/\/dmcsrb.com\/wp-content\/uploads\/2026\/01\/unicef1.webp","keywords":["mz","Saradnja Unicef"],"articleSection":["Dru\u0161tvo"],"inLanguage":"en-GB","potentialAction":[{"@type":"CommentAction","name":"Comment","target":["https:\/\/dmcsrb.com\/drustvo\/saradnja-sa-unicef-om-vazna-za-unapredjenje-zdravlja-majki-i-beba\/#respond"]}]},{"@type":"WebPage","@id":"https:\/\/dmcsrb.com\/drustvo\/saradnja-sa-unicef-om-vazna-za-unapredjenje-zdravlja-majki-i-beba\/","url":"https:\/\/dmcsrb.com\/drustvo\/saradnja-sa-unicef-om-vazna-za-unapredjenje-zdravlja-majki-i-beba\/","name":"Saradnja sa UNICEF-om va\u017ena za unapre\u0111enje zdravlja majki i beba - dmcsrb.com","isPartOf":{"@id":"https:\/\/dmcsrb.com\/#website"},"primaryImageOfPage":{"@id":"https:\/\/dmcsrb.com\/drustvo\/saradnja-sa-unicef-om-vazna-za-unapredjenje-zdravlja-majki-i-beba\/#primaryimage"},"image":{"@id":"https:\/\/dmcsrb.com\/drustvo\/saradnja-sa-unicef-om-vazna-za-unapredjenje-zdravlja-majki-i-beba\/#primaryimage"},"thumbnailUrl":"https:\/\/dmcsrb.com\/wp-content\/uploads\/2026\/01\/unicef1.webp","datePublished":"2025-09-10T09:53:00+00:00","author":{"@id":"https:\/\/dmcsrb.com\/#\/schema\/person\/5c39170f12db1b8b457732d0b5c854e2"},"breadcrumb":{"@id":"https:\/\/dmcsrb.com\/drustvo\/saradnja-sa-unicef-om-vazna-za-unapredjenje-zdravlja-majki-i-beba\/#breadcrumb"},"inLanguage":"en-GB","potentialAction":[{"@type":"ReadAction","target":["https:\/\/dmcsrb.com\/drustvo\/saradnja-sa-unicef-om-vazna-za-unapredjenje-zdravlja-majki-i-beba\/"]}]},{"@type":"ImageObject","inLanguage":"en-GB","@id":"https:\/\/dmcsrb.com\/drustvo\/saradnja-sa-unicef-om-vazna-za-unapredjenje-zdravlja-majki-i-beba\/#primaryimage","url":"https:\/\/dmcsrb.com\/wp-content\/uploads\/2026\/01\/unicef1.webp","contentUrl":"https:\/\/dmcsrb.com\/wp-content\/uploads\/2026\/01\/unicef1.webp","width":1000,"height":555},{"@type":"BreadcrumbList","@id":"https:\/\/dmcsrb.com\/drustvo\/saradnja-sa-unicef-om-vazna-za-unapredjenje-zdravlja-majki-i-beba\/#breadcrumb","itemListElement":[{"@type":"ListItem","position":1,"name":"Home","item":"https:\/\/dmcsrb.com\/"},{"@type":"ListItem","position":2,"name":"Saradnja sa UNICEF-om va\u017ena za unapre\u0111enje zdravlja majki i beba"}]},{"@type":"WebSite","@id":"https:\/\/dmcsrb.com\/#website","url":"https:\/\/dmcsrb.com\/","name":"dmcsrb.com","description":"","potentialAction":[{"@type":"SearchAction","target":{"@type":"EntryPoint","urlTemplate":"https:\/\/dmcsrb.com\/?s={search_term_string}"},"query-input":{"@type":"PropertyValueSpecification","valueRequired":true,"valueName":"search_term_string"}}],"inLanguage":"en-GB"},{"@type":"Person","@id":"https:\/\/dmcsrb.com\/#\/schema\/person\/5c39170f12db1b8b457732d0b5c854e2","name":"dmcsrbija.com@gmail.com","image":{"@type":"ImageObject","inLanguage":"en-GB","@id":"https:\/\/secure.gravatar.com\/avatar\/68592660ad6347fad0fb587f8d5d8f1a7b44961362f56e4f2cd524feb87e9069?s=96&d=mm&r=g","url":"https:\/\/secure.gravatar.com\/avatar\/68592660ad6347fad0fb587f8d5d8f1a7b44961362f56e4f2cd524feb87e9069?s=96&d=mm&r=g","contentUrl":"https:\/\/secure.gravatar.com\/avatar\/68592660ad6347fad0fb587f8d5d8f1a7b44961362f56e4f2cd524feb87e9069?s=96&d=mm&r=g","caption":"dmcsrbija.com@gmail.com"},"sameAs":["https:\/\/dmcsrb.com"],"url":"https:\/\/dmcsrb.com\/en\/author\/dmcsrbija-comgmail-com\/"}]}},"_links":{"self":[{"href":"https:\/\/dmcsrb.com\/en\/wp-json\/wp\/v2\/posts\/951298","targetHints":{"allow":["GET"]}}],"collection":[{"href":"https:\/\/dmcsrb.com\/en\/wp-json\/wp\/v2\/posts"}],"about":[{"href":"https:\/\/dmcsrb.com\/en\/wp-json\/wp\/v2\/types\/post"}],"author":[{"embeddable":true,"href":"https:\/\/dmcsrb.com\/en\/wp-json\/wp\/v2\/users\/1"}],"replies":[{"embeddable":true,"href":"https:\/\/dmcsrb.com\/en\/wp-json\/wp\/v2\/comments?post=951298"}],"version-history":[{"count":0,"href":"https:\/\/dmcsrb.com\/en\/wp-json\/wp\/v2\/posts\/951298\/revisions"}],"wp:featuredmedia":[{"embeddable":true,"href":"https:\/\/dmcsrb.com\/en\/wp-json\/wp\/v2\/media\/951299"}],"wp:attachment":[{"href":"https:\/\/dmcsrb.com\/en\/wp-json\/wp\/v2\/media?parent=951298"}],"wp:term":[{"taxonomy":"category","embeddable":true,"href":"https:\/\/dmcsrb.com\/en\/wp-json\/wp\/v2\/categories?post=951298"},{"taxonomy":"post_tag","embeddable":true,"href":"https:\/\/dmcsrb.com\/en\/wp-json\/wp\/v2\/tags?post=951298"},{"taxonomy":"naslovna","embeddable":true,"href":"https:\/\/dmcsrb.com\/en\/wp-json\/wp\/v2\/naslovna?post=951298"}],"curies":[{"name":"wp","href":"https:\/\/api.w.org\/{rel}","templated":true}]}}