{"id":951295,"date":"2025-09-10T11:13:28","date_gmt":"2025-09-10T09:13:28","guid":{"rendered":"https:\/\/dmcsrb.com\/uncategorized\/na-prelazu-dracenovac-lisen-slobode-drzavljanin-republike-srbije\/"},"modified":"2025-09-10T11:13:28","modified_gmt":"2025-09-10T09:13:28","slug":"na-prelazu-dracenovac-lisen-slobode-drzavljanin-republike-srbije","status":"publish","type":"post","link":"https:\/\/dmcsrb.com\/en\/hronika\/na-prelazu-dracenovac-lisen-slobode-drzavljanin-republike-srbije\/","title":{"rendered":"Na prelazu Dra\u010denovac li\u0161en slobode dr\u017eavljanin Republike Srbije"},"content":{"rendered":"<p><\/p>\n\n\n\n<p><\/p>\n\n\n\n<p>Naime, slobode je li\u0161en O.M. (27) kojeg potra\u017euje NCB Interpol Be\u010d radi obezbje\u0111enja njegovog prisustva krivi\u010dnom postupku koji se vodi protiv njega pred Sudom u Be\u010du zbog sumnje da je izvr\u0161io krivi\u010dno djelo nano\u0161enje te\u0161ke tjelesne povrede.<\/p>\n\n\n\n<p>Za ovo krivi\u010dno djelo je prema tamo\u0161njim pozitivno pravnim propisima zaprije\u0107ena kazna zatvora u trajanju do 10 godina.<\/p>\n\n\n\n<p>O.M. \u0107e u zakonskom roku biti priveden sudiji za istragu Vi\u0161eg suda u Bijelom Polju.<\/p>\n\n\n\n<p><\/p>","protected":false},"excerpt":{"rendered":"<p>Na grani\u010dnom prelazu Dra\u010denovac, prilikom ulaska u Crnu Goru, li\u0161en je slobode dr\u017eavljanin Republike Srbije koji se potra\u017eivao na me\u0111unarodnom nivou.<\/p>","protected":false},"author":1,"featured_media":0,"comment_status":"open","ping_status":"open","sticky":false,"template":"","format":"standard","meta":{"_acf_changed":false,"footnotes":""},"categories":[17],"tags":[7605,963],"naslovna":[],"class_list":["post-951295","post","type-post","status-publish","format-standard","hentry","category-hronika","tag-dracenovac","tag-drzavljanin-srbije"],"acf":[],"yoast_head":"<!-- This site is optimized with the Yoast SEO plugin v27.0 - https:\/\/yoast.com\/product\/yoast-seo-wordpress\/ -->\n<title>Na prelazu Dra\u010denovac li\u0161en slobode dr\u017eavljanin Republike Srbije - dmcsrb.com<\/title>\n<meta name=\"robots\" content=\"index, follow, max-snippet:-1, max-image-preview:large, max-video-preview:-1\" \/>\n<link rel=\"canonical\" href=\"https:\/\/dmcsrb.com\/en\/hronika\/na-prelazu-dracenovac-lisen-slobode-drzavljanin-republike-srbije\/\" \/>\n<meta property=\"og:locale\" content=\"en_GB\" \/>\n<meta property=\"og:type\" content=\"article\" \/>\n<meta property=\"og:title\" content=\"Na prelazu Dra\u010denovac li\u0161en slobode dr\u017eavljanin Republike Srbije - dmcsrb.com\" \/>\n<meta property=\"og:description\" content=\"Na grani\u010dnom prelazu Dra\u010denovac, prilikom ulaska u Crnu Goru, li\u0161en je slobode dr\u017eavljanin Republike Srbije koji se potra\u017eivao na me\u0111unarodnom nivou.\" \/>\n<meta property=\"og:url\" content=\"https:\/\/dmcsrb.com\/en\/hronika\/na-prelazu-dracenovac-lisen-slobode-drzavljanin-republike-srbije\/\" \/>\n<meta property=\"og:site_name\" content=\"dmcsrb.com\" \/>\n<meta property=\"article:published_time\" content=\"2025-09-10T09:13:28+00:00\" \/>\n<meta name=\"author\" content=\"dmcsrbija.com@gmail.com\" \/>\n<meta name=\"twitter:card\" content=\"summary_large_image\" \/>\n<meta name=\"twitter:label1\" content=\"Written by\" \/>\n\t<meta name=\"twitter:data1\" content=\"dmcsrbija.com@gmail.com\" \/>\n<script type=\"application\/ld+json\" class=\"yoast-schema-graph\">{\"@context\":\"https:\/\/schema.org\",\"@graph\":[{\"@type\":\"Article\",\"@id\":\"https:\/\/dmcsrb.com\/hronika\/na-prelazu-dracenovac-lisen-slobode-drzavljanin-republike-srbije\/#article\",\"isPartOf\":{\"@id\":\"https:\/\/dmcsrb.com\/hronika\/na-prelazu-dracenovac-lisen-slobode-drzavljanin-republike-srbije\/\"},\"author\":{\"name\":\"dmcsrbija.com@gmail.com\",\"@id\":\"https:\/\/dmcsrb.com\/#\/schema\/person\/5c39170f12db1b8b457732d0b5c854e2\"},\"headline\":\"Na prelazu Dra\u010denovac li\u0161en slobode dr\u017eavljanin Republike Srbije\",\"datePublished\":\"2025-09-10T09:13:28+00:00\",\"mainEntityOfPage\":{\"@id\":\"https:\/\/dmcsrb.com\/hronika\/na-prelazu-dracenovac-lisen-slobode-drzavljanin-republike-srbije\/\"},\"wordCount\":94,\"commentCount\":0,\"keywords\":[\"Dra\u010denovac\",\"Dr\u017eavljanin Srbije\"],\"articleSection\":[\"Hronika\"],\"inLanguage\":\"en-GB\",\"potentialAction\":[{\"@type\":\"CommentAction\",\"name\":\"Comment\",\"target\":[\"https:\/\/dmcsrb.com\/hronika\/na-prelazu-dracenovac-lisen-slobode-drzavljanin-republike-srbije\/#respond\"]}]},{\"@type\":\"WebPage\",\"@id\":\"https:\/\/dmcsrb.com\/hronika\/na-prelazu-dracenovac-lisen-slobode-drzavljanin-republike-srbije\/\",\"url\":\"https:\/\/dmcsrb.com\/hronika\/na-prelazu-dracenovac-lisen-slobode-drzavljanin-republike-srbije\/\",\"name\":\"Na prelazu Dra\u010denovac li\u0161en slobode dr\u017eavljanin Republike Srbije - dmcsrb.com\",\"isPartOf\":{\"@id\":\"https:\/\/dmcsrb.com\/#website\"},\"datePublished\":\"2025-09-10T09:13:28+00:00\",\"author\":{\"@id\":\"https:\/\/dmcsrb.com\/#\/schema\/person\/5c39170f12db1b8b457732d0b5c854e2\"},\"breadcrumb\":{\"@id\":\"https:\/\/dmcsrb.com\/hronika\/na-prelazu-dracenovac-lisen-slobode-drzavljanin-republike-srbije\/#breadcrumb\"},\"inLanguage\":\"en-GB\",\"potentialAction\":[{\"@type\":\"ReadAction\",\"target\":[\"https:\/\/dmcsrb.com\/hronika\/na-prelazu-dracenovac-lisen-slobode-drzavljanin-republike-srbije\/\"]}]},{\"@type\":\"BreadcrumbList\",\"@id\":\"https:\/\/dmcsrb.com\/hronika\/na-prelazu-dracenovac-lisen-slobode-drzavljanin-republike-srbije\/#breadcrumb\",\"itemListElement\":[{\"@type\":\"ListItem\",\"position\":1,\"name\":\"Home\",\"item\":\"https:\/\/dmcsrb.com\/\"},{\"@type\":\"ListItem\",\"position\":2,\"name\":\"Na prelazu Dra\u010denovac li\u0161en slobode dr\u017eavljanin Republike Srbije\"}]},{\"@type\":\"WebSite\",\"@id\":\"https:\/\/dmcsrb.com\/#website\",\"url\":\"https:\/\/dmcsrb.com\/\",\"name\":\"dmcsrb.com\",\"description\":\"\",\"potentialAction\":[{\"@type\":\"SearchAction\",\"target\":{\"@type\":\"EntryPoint\",\"urlTemplate\":\"https:\/\/dmcsrb.com\/?s={search_term_string}\"},\"query-input\":{\"@type\":\"PropertyValueSpecification\",\"valueRequired\":true,\"valueName\":\"search_term_string\"}}],\"inLanguage\":\"en-GB\"},{\"@type\":\"Person\",\"@id\":\"https:\/\/dmcsrb.com\/#\/schema\/person\/5c39170f12db1b8b457732d0b5c854e2\",\"name\":\"dmcsrbija.com@gmail.com\",\"image\":{\"@type\":\"ImageObject\",\"inLanguage\":\"en-GB\",\"@id\":\"https:\/\/dmcsrb.com\/#\/schema\/person\/image\/\",\"url\":\"https:\/\/secure.gravatar.com\/avatar\/68592660ad6347fad0fb587f8d5d8f1a7b44961362f56e4f2cd524feb87e9069?s=96&d=mm&r=g\",\"contentUrl\":\"https:\/\/secure.gravatar.com\/avatar\/68592660ad6347fad0fb587f8d5d8f1a7b44961362f56e4f2cd524feb87e9069?s=96&d=mm&r=g\",\"caption\":\"dmcsrbija.com@gmail.com\"},\"sameAs\":[\"https:\/\/dmcsrb.com\"],\"url\":\"https:\/\/dmcsrb.com\/en\/author\/dmcsrbija-comgmail-com\/\"}]}<\/script>\n<!-- \/ Yoast SEO plugin. -->","yoast_head_json":{"title":"Na prelazu Dra\u010denovac li\u0161en slobode dr\u017eavljanin Republike Srbije - dmcsrb.com","robots":{"index":"index","follow":"follow","max-snippet":"max-snippet:-1","max-image-preview":"max-image-preview:large","max-video-preview":"max-video-preview:-1"},"canonical":"https:\/\/dmcsrb.com\/en\/hronika\/na-prelazu-dracenovac-lisen-slobode-drzavljanin-republike-srbije\/","og_locale":"en_GB","og_type":"article","og_title":"Na prelazu Dra\u010denovac li\u0161en slobode dr\u017eavljanin Republike Srbije - dmcsrb.com","og_description":"Na grani\u010dnom prelazu Dra\u010denovac, prilikom ulaska u Crnu Goru, li\u0161en je slobode dr\u017eavljanin Republike Srbije koji se potra\u017eivao na me\u0111unarodnom nivou.","og_url":"https:\/\/dmcsrb.com\/en\/hronika\/na-prelazu-dracenovac-lisen-slobode-drzavljanin-republike-srbije\/","og_site_name":"dmcsrb.com","article_published_time":"2025-09-10T09:13:28+00:00","author":"dmcsrbija.com@gmail.com","twitter_card":"summary_large_image","twitter_misc":{"Written by":"dmcsrbija.com@gmail.com"},"schema":{"@context":"https:\/\/schema.org","@graph":[{"@type":"Article","@id":"https:\/\/dmcsrb.com\/hronika\/na-prelazu-dracenovac-lisen-slobode-drzavljanin-republike-srbije\/#article","isPartOf":{"@id":"https:\/\/dmcsrb.com\/hronika\/na-prelazu-dracenovac-lisen-slobode-drzavljanin-republike-srbije\/"},"author":{"name":"dmcsrbija.com@gmail.com","@id":"https:\/\/dmcsrb.com\/#\/schema\/person\/5c39170f12db1b8b457732d0b5c854e2"},"headline":"Na prelazu Dra\u010denovac li\u0161en slobode dr\u017eavljanin Republike Srbije","datePublished":"2025-09-10T09:13:28+00:00","mainEntityOfPage":{"@id":"https:\/\/dmcsrb.com\/hronika\/na-prelazu-dracenovac-lisen-slobode-drzavljanin-republike-srbije\/"},"wordCount":94,"commentCount":0,"keywords":["Dra\u010denovac","Dr\u017eavljanin Srbije"],"articleSection":["Hronika"],"inLanguage":"en-GB","potentialAction":[{"@type":"CommentAction","name":"Comment","target":["https:\/\/dmcsrb.com\/hronika\/na-prelazu-dracenovac-lisen-slobode-drzavljanin-republike-srbije\/#respond"]}]},{"@type":"WebPage","@id":"https:\/\/dmcsrb.com\/hronika\/na-prelazu-dracenovac-lisen-slobode-drzavljanin-republike-srbije\/","url":"https:\/\/dmcsrb.com\/hronika\/na-prelazu-dracenovac-lisen-slobode-drzavljanin-republike-srbije\/","name":"Na prelazu Dra\u010denovac li\u0161en slobode dr\u017eavljanin Republike Srbije - dmcsrb.com","isPartOf":{"@id":"https:\/\/dmcsrb.com\/#website"},"datePublished":"2025-09-10T09:13:28+00:00","author":{"@id":"https:\/\/dmcsrb.com\/#\/schema\/person\/5c39170f12db1b8b457732d0b5c854e2"},"breadcrumb":{"@id":"https:\/\/dmcsrb.com\/hronika\/na-prelazu-dracenovac-lisen-slobode-drzavljanin-republike-srbije\/#breadcrumb"},"inLanguage":"en-GB","potentialAction":[{"@type":"ReadAction","target":["https:\/\/dmcsrb.com\/hronika\/na-prelazu-dracenovac-lisen-slobode-drzavljanin-republike-srbije\/"]}]},{"@type":"BreadcrumbList","@id":"https:\/\/dmcsrb.com\/hronika\/na-prelazu-dracenovac-lisen-slobode-drzavljanin-republike-srbije\/#breadcrumb","itemListElement":[{"@type":"ListItem","position":1,"name":"Home","item":"https:\/\/dmcsrb.com\/"},{"@type":"ListItem","position":2,"name":"Na prelazu Dra\u010denovac li\u0161en slobode dr\u017eavljanin Republike Srbije"}]},{"@type":"WebSite","@id":"https:\/\/dmcsrb.com\/#website","url":"https:\/\/dmcsrb.com\/","name":"dmcsrb.com","description":"","potentialAction":[{"@type":"SearchAction","target":{"@type":"EntryPoint","urlTemplate":"https:\/\/dmcsrb.com\/?s={search_term_string}"},"query-input":{"@type":"PropertyValueSpecification","valueRequired":true,"valueName":"search_term_string"}}],"inLanguage":"en-GB"},{"@type":"Person","@id":"https:\/\/dmcsrb.com\/#\/schema\/person\/5c39170f12db1b8b457732d0b5c854e2","name":"dmcsrbija.com@gmail.com","image":{"@type":"ImageObject","inLanguage":"en-GB","@id":"https:\/\/dmcsrb.com\/#\/schema\/person\/image\/","url":"https:\/\/secure.gravatar.com\/avatar\/68592660ad6347fad0fb587f8d5d8f1a7b44961362f56e4f2cd524feb87e9069?s=96&d=mm&r=g","contentUrl":"https:\/\/secure.gravatar.com\/avatar\/68592660ad6347fad0fb587f8d5d8f1a7b44961362f56e4f2cd524feb87e9069?s=96&d=mm&r=g","caption":"dmcsrbija.com@gmail.com"},"sameAs":["https:\/\/dmcsrb.com"],"url":"https:\/\/dmcsrb.com\/en\/author\/dmcsrbija-comgmail-com\/"}]}},"_links":{"self":[{"href":"https:\/\/dmcsrb.com\/en\/wp-json\/wp\/v2\/posts\/951295","targetHints":{"allow":["GET"]}}],"collection":[{"href":"https:\/\/dmcsrb.com\/en\/wp-json\/wp\/v2\/posts"}],"about":[{"href":"https:\/\/dmcsrb.com\/en\/wp-json\/wp\/v2\/types\/post"}],"author":[{"embeddable":true,"href":"https:\/\/dmcsrb.com\/en\/wp-json\/wp\/v2\/users\/1"}],"replies":[{"embeddable":true,"href":"https:\/\/dmcsrb.com\/en\/wp-json\/wp\/v2\/comments?post=951295"}],"version-history":[{"count":0,"href":"https:\/\/dmcsrb.com\/en\/wp-json\/wp\/v2\/posts\/951295\/revisions"}],"wp:attachment":[{"href":"https:\/\/dmcsrb.com\/en\/wp-json\/wp\/v2\/media?parent=951295"}],"wp:term":[{"taxonomy":"category","embeddable":true,"href":"https:\/\/dmcsrb.com\/en\/wp-json\/wp\/v2\/categories?post=951295"},{"taxonomy":"post_tag","embeddable":true,"href":"https:\/\/dmcsrb.com\/en\/wp-json\/wp\/v2\/tags?post=951295"},{"taxonomy":"naslovna","embeddable":true,"href":"https:\/\/dmcsrb.com\/en\/wp-json\/wp\/v2\/naslovna?post=951295"}],"curies":[{"name":"wp","href":"https:\/\/api.w.org\/{rel}","templated":true}]}}