{"id":951282,"date":"2025-09-10T11:30:00","date_gmt":"2025-09-10T09:30:00","guid":{"rendered":"https:\/\/dmcsrb.com\/uncategorized\/razmotrene-mogucnosti-za-unapredjenje-voznog-parka-zpcg-i-montecarga\/"},"modified":"2025-09-10T11:30:00","modified_gmt":"2025-09-10T09:30:00","slug":"razmotrene-mogucnosti-za-unapredjenje-voznog-parka-zpcg-i-montecarga","status":"publish","type":"post","link":"https:\/\/dmcsrb.com\/en\/ekonomija\/razmotrene-mogucnosti-za-unapredjenje-voznog-parka-zpcg-i-montecarga\/","title":{"rendered":"Razmotrene mogu\u0107nosti za unapre\u0111enje voznog parka \u017dPCG i Montecarga"},"content":{"rendered":"<p><\/p>\n\n\n\n<p>Kako je saop\u0161teno, sastanku su prisustvovali dr\u017eavni sekretar Ministarstva saobra\u0107aja Sava A\u0161anin, predstavnici AD Montecargo \u2013 predsjednik Odbora direktora, Miroslav Brajovi\u0107, izvr\u0161na direktorica Du\u0161anka Dragojevi\u0107, direktor Sektora za VV i TKP Milorag Luki\u0107, predstavnici \u017dPCG \u2013 predsjednik Odbora direktora Goran Simovi\u0107, izvr\u0161na direktorica Dragana Luk\u0161i\u0107, direktor Sektora za tehni\u010dke poslove Radovan Mrdak i pomo\u0107nik izvr\u0161nog direktora za vu\u010du vozova Drago Durovi\u0107.<\/p>\n\n\n\n<p>U saop\u0161tenju Montecarga se navodi da su na sastanku bili i predstavnici \u017deljeznica Republike Srpske v.d. izvr\u0161nog direktora, Mladen Bo\u017ei\u0107, pomo\u0107nik izvr\u0161nog direktora za prevoz robe Predrag Spasi\u0107 i direktor Sektora za vu\u010du vozova Predrag Pecikoza.<\/p>\n\n\n\n<p>Sastanku su prisustvovali i predstavnici rumunske kompanije SC Reloc S.A. Krajova (Rumunija) generalni direktor Dorin Andrei Soare, direktorica prodaje Pirvulescu Megdonia, savjetnik generalnog direktora Petrescu Liviu i Tibi Savu, saradnik \u2013 prevodilac.<\/p>\n\n\n\n<p>\u201cTema sastanka bila je razmatranje potencijala za obnovu voznog parka i prezentacija modernizacije elektri\u010dnih lokomotiva serije 461. Predstavnici kompanije SC Reloc S.A. Krajova predstavili su modernizovane lokomotive 461 sa pobolj\u0161anim performansama i vi\u0161im stepenom energetske efikasnosti, koje su ve\u0107 u upotrebi u Rumuniji i mogu se koristiti i za prevoz putnika i robe. Zna\u010dajno je naglasiti da su najve\u0107i benefiti modernizacije elektri\u010dnih lokomotiva ovih serija, pobolj\u0161anje njihovoh performansi, kada je maksimalna vu\u010dna sila u pitanju (do 400 kN), pove\u0107anje snage lokomotiva sa 5.100 kW na 6.000 kW, uz u\u0161tedu elektri\u010dne energije i do 30 odsto, i uz raspolo\u017eivost lokomotive u eksploataciji od 98 odsto\u201d, saop\u0161tili su iz Montecarga.<\/p>\n\n\n\n<p>Tokom sastanka, dodaje se, u\u010desnici su razmijenili iskustva, razmatrali tehni\u010dke i finansijske aspekte modernizacije lokomotiva i vagona, uklju\u010duju\u0107i mogu\u0107nosti odr\u017eavanja i obuke zaposlenih.<\/p>\n\n\n\n<p>Predstavnici \u017dRS, AD Montecargo i \u017dPCG istakli su potrebu za prezentovanim lokomotivama ve\u0107e snage, uz interesovanje za okvirne tro\u0161kove i opcije dugoro\u010dnog odr\u017eavanja.<\/p>\n\n\n\n<p>\u201cSastanak je zavr\u0161en uz dogovor da se razmotri realizacija predlo\u017eenih projekata, uklju\u010duju\u0107i obilazak postrojenja SC Reloc S.A. Krajova u narednom periodu, kada se bude organizovala probna vo\u017enja modernizovane lokomotive serije 461\u201d, dodaju u saop\u0161tenju.<\/p>\n\n\n\n<p>Naredne teme za razgovor sa predstavnicima fabrike SC Reloc S.A. Krajova odnose se, ukazuju, na razmatranje remonta i modernizacija putni\u010dkih i teretnih vagona, kao i novogradnje putni\u010dkih i teretnih vagona.<\/p>\n\n\n\n<p>\u201cZbog zna\u010daja navedenih tema, Ministarstvo saobra\u0107aja \u0107e, u saradnji sa putni\u010dkim (\u017dPCG AD) i teretnim (AD Montecargo) operaterima, razmotriti predlo\u017eene inicijative i potrebna sredstva, uz usvajanje strategije i pravaca daljeg djelovanja\u201d, zaklju\u010duju iz Montecarga.<\/p>","protected":false},"excerpt":{"rendered":"<p>U prostorijama \u017dPCG ju\u010de je odr\u017ean je sastanak na kojem su razmatrane mogu\u0107nosti obnove voznog parka.<\/p>","protected":false},"author":1,"featured_media":951283,"comment_status":"open","ping_status":"open","sticky":false,"template":"","format":"standard","meta":{"_acf_changed":false,"footnotes":""},"categories":[27],"tags":[7596,3820],"naslovna":[],"class_list":["post-951282","post","type-post","status-publish","format-standard","has-post-thumbnail","hentry","category-ekonomija","tag-montecargo","tag-zpcg"],"acf":[],"yoast_head":"<!-- This site is optimized with the Yoast SEO plugin v27.0 - https:\/\/yoast.com\/product\/yoast-seo-wordpress\/ -->\n<title>Razmotrene mogu\u0107nosti za unapre\u0111enje voznog parka \u017dPCG i Montecarga - dmcsrb.com<\/title>\n<meta name=\"robots\" content=\"index, follow, max-snippet:-1, max-image-preview:large, max-video-preview:-1\" \/>\n<link rel=\"canonical\" href=\"https:\/\/dmcsrb.com\/en\/ekonomija\/razmotrene-mogucnosti-za-unapredjenje-voznog-parka-zpcg-i-montecarga\/\" \/>\n<meta property=\"og:locale\" content=\"en_GB\" \/>\n<meta property=\"og:type\" content=\"article\" \/>\n<meta property=\"og:title\" content=\"Razmotrene mogu\u0107nosti za unapre\u0111enje voznog parka \u017dPCG i Montecarga - dmcsrb.com\" \/>\n<meta property=\"og:description\" content=\"U prostorijama \u017dPCG ju\u010de je odr\u017ean je sastanak na kojem su razmatrane mogu\u0107nosti obnove voznog parka.\" \/>\n<meta property=\"og:url\" content=\"https:\/\/dmcsrb.com\/en\/ekonomija\/razmotrene-mogucnosti-za-unapredjenje-voznog-parka-zpcg-i-montecarga\/\" \/>\n<meta property=\"og:site_name\" content=\"dmcsrb.com\" \/>\n<meta property=\"article:published_time\" content=\"2025-09-10T09:30:00+00:00\" \/>\n<meta property=\"og:image\" content=\"https:\/\/dmcsrb.com\/wp-content\/uploads\/2026\/01\/sastanak-zeljeznica-foto-montecargo.webp\" \/>\n\t<meta property=\"og:image:width\" content=\"986\" \/>\n\t<meta property=\"og:image:height\" content=\"549\" \/>\n\t<meta property=\"og:image:type\" content=\"image\/jpeg\" \/>\n<meta name=\"author\" content=\"dmcsrbija.com@gmail.com\" \/>\n<meta name=\"twitter:card\" content=\"summary_large_image\" \/>\n<meta name=\"twitter:label1\" content=\"Written by\" \/>\n\t<meta name=\"twitter:data1\" content=\"dmcsrbija.com@gmail.com\" \/>\n\t<meta name=\"twitter:label2\" content=\"Estimated reading time\" \/>\n\t<meta name=\"twitter:data2\" content=\"2 minutes\" \/>\n<script type=\"application\/ld+json\" class=\"yoast-schema-graph\">{\"@context\":\"https:\/\/schema.org\",\"@graph\":[{\"@type\":\"Article\",\"@id\":\"https:\/\/dmcsrb.com\/ekonomija\/razmotrene-mogucnosti-za-unapredjenje-voznog-parka-zpcg-i-montecarga\/#article\",\"isPartOf\":{\"@id\":\"https:\/\/dmcsrb.com\/ekonomija\/razmotrene-mogucnosti-za-unapredjenje-voznog-parka-zpcg-i-montecarga\/\"},\"author\":{\"name\":\"dmcsrbija.com@gmail.com\",\"@id\":\"https:\/\/dmcsrb.com\/#\/schema\/person\/5c39170f12db1b8b457732d0b5c854e2\"},\"headline\":\"Razmotrene mogu\u0107nosti za unapre\u0111enje voznog parka \u017dPCG i Montecarga\",\"datePublished\":\"2025-09-10T09:30:00+00:00\",\"mainEntityOfPage\":{\"@id\":\"https:\/\/dmcsrb.com\/ekonomija\/razmotrene-mogucnosti-za-unapredjenje-voznog-parka-zpcg-i-montecarga\/\"},\"wordCount\":440,\"commentCount\":0,\"image\":{\"@id\":\"https:\/\/dmcsrb.com\/ekonomija\/razmotrene-mogucnosti-za-unapredjenje-voznog-parka-zpcg-i-montecarga\/#primaryimage\"},\"thumbnailUrl\":\"https:\/\/dmcsrb.com\/wp-content\/uploads\/2026\/01\/sastanak-zeljeznica-foto-montecargo.webp\",\"keywords\":[\"Montecargo\",\"\u017dPCG\"],\"articleSection\":[\"Ekonomija\"],\"inLanguage\":\"en-GB\",\"potentialAction\":[{\"@type\":\"CommentAction\",\"name\":\"Comment\",\"target\":[\"https:\/\/dmcsrb.com\/ekonomija\/razmotrene-mogucnosti-za-unapredjenje-voznog-parka-zpcg-i-montecarga\/#respond\"]}]},{\"@type\":\"WebPage\",\"@id\":\"https:\/\/dmcsrb.com\/ekonomija\/razmotrene-mogucnosti-za-unapredjenje-voznog-parka-zpcg-i-montecarga\/\",\"url\":\"https:\/\/dmcsrb.com\/ekonomija\/razmotrene-mogucnosti-za-unapredjenje-voznog-parka-zpcg-i-montecarga\/\",\"name\":\"Razmotrene mogu\u0107nosti za unapre\u0111enje voznog parka \u017dPCG i Montecarga - dmcsrb.com\",\"isPartOf\":{\"@id\":\"https:\/\/dmcsrb.com\/#website\"},\"primaryImageOfPage\":{\"@id\":\"https:\/\/dmcsrb.com\/ekonomija\/razmotrene-mogucnosti-za-unapredjenje-voznog-parka-zpcg-i-montecarga\/#primaryimage\"},\"image\":{\"@id\":\"https:\/\/dmcsrb.com\/ekonomija\/razmotrene-mogucnosti-za-unapredjenje-voznog-parka-zpcg-i-montecarga\/#primaryimage\"},\"thumbnailUrl\":\"https:\/\/dmcsrb.com\/wp-content\/uploads\/2026\/01\/sastanak-zeljeznica-foto-montecargo.webp\",\"datePublished\":\"2025-09-10T09:30:00+00:00\",\"author\":{\"@id\":\"https:\/\/dmcsrb.com\/#\/schema\/person\/5c39170f12db1b8b457732d0b5c854e2\"},\"breadcrumb\":{\"@id\":\"https:\/\/dmcsrb.com\/ekonomija\/razmotrene-mogucnosti-za-unapredjenje-voznog-parka-zpcg-i-montecarga\/#breadcrumb\"},\"inLanguage\":\"en-GB\",\"potentialAction\":[{\"@type\":\"ReadAction\",\"target\":[\"https:\/\/dmcsrb.com\/ekonomija\/razmotrene-mogucnosti-za-unapredjenje-voznog-parka-zpcg-i-montecarga\/\"]}]},{\"@type\":\"ImageObject\",\"inLanguage\":\"en-GB\",\"@id\":\"https:\/\/dmcsrb.com\/ekonomija\/razmotrene-mogucnosti-za-unapredjenje-voznog-parka-zpcg-i-montecarga\/#primaryimage\",\"url\":\"https:\/\/dmcsrb.com\/wp-content\/uploads\/2026\/01\/sastanak-zeljeznica-foto-montecargo.webp\",\"contentUrl\":\"https:\/\/dmcsrb.com\/wp-content\/uploads\/2026\/01\/sastanak-zeljeznica-foto-montecargo.webp\",\"width\":986,\"height\":549},{\"@type\":\"BreadcrumbList\",\"@id\":\"https:\/\/dmcsrb.com\/ekonomija\/razmotrene-mogucnosti-za-unapredjenje-voznog-parka-zpcg-i-montecarga\/#breadcrumb\",\"itemListElement\":[{\"@type\":\"ListItem\",\"position\":1,\"name\":\"Home\",\"item\":\"https:\/\/dmcsrb.com\/\"},{\"@type\":\"ListItem\",\"position\":2,\"name\":\"Razmotrene mogu\u0107nosti za unapre\u0111enje voznog parka \u017dPCG i Montecarga\"}]},{\"@type\":\"WebSite\",\"@id\":\"https:\/\/dmcsrb.com\/#website\",\"url\":\"https:\/\/dmcsrb.com\/\",\"name\":\"dmcsrb.com\",\"description\":\"\",\"potentialAction\":[{\"@type\":\"SearchAction\",\"target\":{\"@type\":\"EntryPoint\",\"urlTemplate\":\"https:\/\/dmcsrb.com\/?s={search_term_string}\"},\"query-input\":{\"@type\":\"PropertyValueSpecification\",\"valueRequired\":true,\"valueName\":\"search_term_string\"}}],\"inLanguage\":\"en-GB\"},{\"@type\":\"Person\",\"@id\":\"https:\/\/dmcsrb.com\/#\/schema\/person\/5c39170f12db1b8b457732d0b5c854e2\",\"name\":\"dmcsrbija.com@gmail.com\",\"image\":{\"@type\":\"ImageObject\",\"inLanguage\":\"en-GB\",\"@id\":\"https:\/\/dmcsrb.com\/#\/schema\/person\/image\/\",\"url\":\"https:\/\/secure.gravatar.com\/avatar\/68592660ad6347fad0fb587f8d5d8f1a7b44961362f56e4f2cd524feb87e9069?s=96&d=mm&r=g\",\"contentUrl\":\"https:\/\/secure.gravatar.com\/avatar\/68592660ad6347fad0fb587f8d5d8f1a7b44961362f56e4f2cd524feb87e9069?s=96&d=mm&r=g\",\"caption\":\"dmcsrbija.com@gmail.com\"},\"sameAs\":[\"https:\/\/dmcsrb.com\"],\"url\":\"https:\/\/dmcsrb.com\/en\/author\/dmcsrbija-comgmail-com\/\"}]}<\/script>\n<!-- \/ Yoast SEO plugin. -->","yoast_head_json":{"title":"Razmotrene mogu\u0107nosti za unapre\u0111enje voznog parka \u017dPCG i Montecarga - dmcsrb.com","robots":{"index":"index","follow":"follow","max-snippet":"max-snippet:-1","max-image-preview":"max-image-preview:large","max-video-preview":"max-video-preview:-1"},"canonical":"https:\/\/dmcsrb.com\/en\/ekonomija\/razmotrene-mogucnosti-za-unapredjenje-voznog-parka-zpcg-i-montecarga\/","og_locale":"en_GB","og_type":"article","og_title":"Razmotrene mogu\u0107nosti za unapre\u0111enje voznog parka \u017dPCG i Montecarga - dmcsrb.com","og_description":"U prostorijama \u017dPCG ju\u010de je odr\u017ean je sastanak na kojem su razmatrane mogu\u0107nosti obnove voznog parka.","og_url":"https:\/\/dmcsrb.com\/en\/ekonomija\/razmotrene-mogucnosti-za-unapredjenje-voznog-parka-zpcg-i-montecarga\/","og_site_name":"dmcsrb.com","article_published_time":"2025-09-10T09:30:00+00:00","og_image":[{"width":986,"height":549,"url":"https:\/\/dmcsrb.com\/wp-content\/uploads\/2026\/01\/sastanak-zeljeznica-foto-montecargo.webp","type":"image\/jpeg"}],"author":"dmcsrbija.com@gmail.com","twitter_card":"summary_large_image","twitter_misc":{"Written by":"dmcsrbija.com@gmail.com","Estimated reading time":"2 minutes"},"schema":{"@context":"https:\/\/schema.org","@graph":[{"@type":"Article","@id":"https:\/\/dmcsrb.com\/ekonomija\/razmotrene-mogucnosti-za-unapredjenje-voznog-parka-zpcg-i-montecarga\/#article","isPartOf":{"@id":"https:\/\/dmcsrb.com\/ekonomija\/razmotrene-mogucnosti-za-unapredjenje-voznog-parka-zpcg-i-montecarga\/"},"author":{"name":"dmcsrbija.com@gmail.com","@id":"https:\/\/dmcsrb.com\/#\/schema\/person\/5c39170f12db1b8b457732d0b5c854e2"},"headline":"Razmotrene mogu\u0107nosti za unapre\u0111enje voznog parka \u017dPCG i Montecarga","datePublished":"2025-09-10T09:30:00+00:00","mainEntityOfPage":{"@id":"https:\/\/dmcsrb.com\/ekonomija\/razmotrene-mogucnosti-za-unapredjenje-voznog-parka-zpcg-i-montecarga\/"},"wordCount":440,"commentCount":0,"image":{"@id":"https:\/\/dmcsrb.com\/ekonomija\/razmotrene-mogucnosti-za-unapredjenje-voznog-parka-zpcg-i-montecarga\/#primaryimage"},"thumbnailUrl":"https:\/\/dmcsrb.com\/wp-content\/uploads\/2026\/01\/sastanak-zeljeznica-foto-montecargo.webp","keywords":["Montecargo","\u017dPCG"],"articleSection":["Ekonomija"],"inLanguage":"en-GB","potentialAction":[{"@type":"CommentAction","name":"Comment","target":["https:\/\/dmcsrb.com\/ekonomija\/razmotrene-mogucnosti-za-unapredjenje-voznog-parka-zpcg-i-montecarga\/#respond"]}]},{"@type":"WebPage","@id":"https:\/\/dmcsrb.com\/ekonomija\/razmotrene-mogucnosti-za-unapredjenje-voznog-parka-zpcg-i-montecarga\/","url":"https:\/\/dmcsrb.com\/ekonomija\/razmotrene-mogucnosti-za-unapredjenje-voznog-parka-zpcg-i-montecarga\/","name":"Razmotrene mogu\u0107nosti za unapre\u0111enje voznog parka \u017dPCG i Montecarga - dmcsrb.com","isPartOf":{"@id":"https:\/\/dmcsrb.com\/#website"},"primaryImageOfPage":{"@id":"https:\/\/dmcsrb.com\/ekonomija\/razmotrene-mogucnosti-za-unapredjenje-voznog-parka-zpcg-i-montecarga\/#primaryimage"},"image":{"@id":"https:\/\/dmcsrb.com\/ekonomija\/razmotrene-mogucnosti-za-unapredjenje-voznog-parka-zpcg-i-montecarga\/#primaryimage"},"thumbnailUrl":"https:\/\/dmcsrb.com\/wp-content\/uploads\/2026\/01\/sastanak-zeljeznica-foto-montecargo.webp","datePublished":"2025-09-10T09:30:00+00:00","author":{"@id":"https:\/\/dmcsrb.com\/#\/schema\/person\/5c39170f12db1b8b457732d0b5c854e2"},"breadcrumb":{"@id":"https:\/\/dmcsrb.com\/ekonomija\/razmotrene-mogucnosti-za-unapredjenje-voznog-parka-zpcg-i-montecarga\/#breadcrumb"},"inLanguage":"en-GB","potentialAction":[{"@type":"ReadAction","target":["https:\/\/dmcsrb.com\/ekonomija\/razmotrene-mogucnosti-za-unapredjenje-voznog-parka-zpcg-i-montecarga\/"]}]},{"@type":"ImageObject","inLanguage":"en-GB","@id":"https:\/\/dmcsrb.com\/ekonomija\/razmotrene-mogucnosti-za-unapredjenje-voznog-parka-zpcg-i-montecarga\/#primaryimage","url":"https:\/\/dmcsrb.com\/wp-content\/uploads\/2026\/01\/sastanak-zeljeznica-foto-montecargo.webp","contentUrl":"https:\/\/dmcsrb.com\/wp-content\/uploads\/2026\/01\/sastanak-zeljeznica-foto-montecargo.webp","width":986,"height":549},{"@type":"BreadcrumbList","@id":"https:\/\/dmcsrb.com\/ekonomija\/razmotrene-mogucnosti-za-unapredjenje-voznog-parka-zpcg-i-montecarga\/#breadcrumb","itemListElement":[{"@type":"ListItem","position":1,"name":"Home","item":"https:\/\/dmcsrb.com\/"},{"@type":"ListItem","position":2,"name":"Razmotrene mogu\u0107nosti za unapre\u0111enje voznog parka \u017dPCG i Montecarga"}]},{"@type":"WebSite","@id":"https:\/\/dmcsrb.com\/#website","url":"https:\/\/dmcsrb.com\/","name":"dmcsrb.com","description":"","potentialAction":[{"@type":"SearchAction","target":{"@type":"EntryPoint","urlTemplate":"https:\/\/dmcsrb.com\/?s={search_term_string}"},"query-input":{"@type":"PropertyValueSpecification","valueRequired":true,"valueName":"search_term_string"}}],"inLanguage":"en-GB"},{"@type":"Person","@id":"https:\/\/dmcsrb.com\/#\/schema\/person\/5c39170f12db1b8b457732d0b5c854e2","name":"dmcsrbija.com@gmail.com","image":{"@type":"ImageObject","inLanguage":"en-GB","@id":"https:\/\/dmcsrb.com\/#\/schema\/person\/image\/","url":"https:\/\/secure.gravatar.com\/avatar\/68592660ad6347fad0fb587f8d5d8f1a7b44961362f56e4f2cd524feb87e9069?s=96&d=mm&r=g","contentUrl":"https:\/\/secure.gravatar.com\/avatar\/68592660ad6347fad0fb587f8d5d8f1a7b44961362f56e4f2cd524feb87e9069?s=96&d=mm&r=g","caption":"dmcsrbija.com@gmail.com"},"sameAs":["https:\/\/dmcsrb.com"],"url":"https:\/\/dmcsrb.com\/en\/author\/dmcsrbija-comgmail-com\/"}]}},"_links":{"self":[{"href":"https:\/\/dmcsrb.com\/en\/wp-json\/wp\/v2\/posts\/951282","targetHints":{"allow":["GET"]}}],"collection":[{"href":"https:\/\/dmcsrb.com\/en\/wp-json\/wp\/v2\/posts"}],"about":[{"href":"https:\/\/dmcsrb.com\/en\/wp-json\/wp\/v2\/types\/post"}],"author":[{"embeddable":true,"href":"https:\/\/dmcsrb.com\/en\/wp-json\/wp\/v2\/users\/1"}],"replies":[{"embeddable":true,"href":"https:\/\/dmcsrb.com\/en\/wp-json\/wp\/v2\/comments?post=951282"}],"version-history":[{"count":0,"href":"https:\/\/dmcsrb.com\/en\/wp-json\/wp\/v2\/posts\/951282\/revisions"}],"wp:featuredmedia":[{"embeddable":true,"href":"https:\/\/dmcsrb.com\/en\/wp-json\/wp\/v2\/media\/951283"}],"wp:attachment":[{"href":"https:\/\/dmcsrb.com\/en\/wp-json\/wp\/v2\/media?parent=951282"}],"wp:term":[{"taxonomy":"category","embeddable":true,"href":"https:\/\/dmcsrb.com\/en\/wp-json\/wp\/v2\/categories?post=951282"},{"taxonomy":"post_tag","embeddable":true,"href":"https:\/\/dmcsrb.com\/en\/wp-json\/wp\/v2\/tags?post=951282"},{"taxonomy":"naslovna","embeddable":true,"href":"https:\/\/dmcsrb.com\/en\/wp-json\/wp\/v2\/naslovna?post=951282"}],"curies":[{"name":"wp","href":"https:\/\/api.w.org\/{rel}","templated":true}]}}