{"id":951258,"date":"2025-09-10T09:48:00","date_gmt":"2025-09-10T07:48:00","guid":{"rendered":"https:\/\/dmcsrb.com\/uncategorized\/haos-na-ulicama-francuske-policija-razbija-blokade-najmanje-83-osobe-uhapsene\/"},"modified":"2025-09-10T09:48:00","modified_gmt":"2025-09-10T07:48:00","slug":"haos-na-ulicama-francuske-policija-razbija-blokade-najmanje-83-osobe-uhapsene","status":"publish","type":"post","link":"https:\/\/dmcsrb.com\/en\/svijet\/haos-na-ulicama-francuske-policija-razbija-blokade-najmanje-83-osobe-uhapsene\/","title":{"rendered":"Haos na ulicama Francuske: Policija razbija blokade, najmanje 83 osobe uhap\u0161ene"},"content":{"rendered":"<p><\/p>\n\n\n\n<p>Policija je saop\u0161tila da je tako\u0111e &#8220;koristila resurse da rastjera neprijateljski nastrojene demonstrante koji su blokirali saobra\u0107aj na Univerzitetskom mostu i kejevima&#8221;, prenosi BFM TV.<\/p>\n\n\n\n<p>Proteste je organizovala grupa &#8221;Blokirajmo sve&#8221;, a prema informacijama francuske \u017eandarmerije, vi\u0161e od 1.000 demonstranata je na ulicama Francuske i 10 puteva je blokirano.<\/p>\n\n\n\n<p>Nekoliko velikih grupa demonstranata okupilo se u Lionu gde oko 100 ljudi blokira kru\u017eni tok Fejsin nakon blokade obli\u017enjeg puta, prenosi BFM.<\/p>\n\n\n\n<p>Portparol Nacionalne \u017eandarmerije Ervan Koifard rekao je da su tenzije ve\u0107e na zapadu zemlje, a da su &#8220;zna\u010dajne akcije&#8221; izvr\u0161ene u regionu Bretanja.<\/p>\n\n\n\n<p>&#8220;One se kre\u0107u od o\u0161te\u0107ivanja kamera za merenje brzine do operacija provere i blokiranja. Ako je u pitanju provjera, dajemo prioritet dijalogu, ako je u pitanju blokiranje, nastavi\u0107emo sa deblokiranjem&#8221;, rekao je on.<\/p>\n\n\n\n<p>Ranije danas, odlaze\u0107i ministar unutra\u0161njih poslova Bruno Retajo rekao je da su osuje\u0107eni poku\u0161aji blokada u Parizu i Bordou, dok su slu\u017ebe unutra\u0161nje bezbjednosti Francuske saop\u0161tile da o\u010dekuju da \u0107e oko 100.000 ljudi u\u010destvovati u demonstracijama i blokadama \u0161irom zemlje.<\/p>\n\n\n\n<p>Ispred gimnazije Elen &#8211; Bu\u0161e u Parizu do\u0161lo je do sukoba Specijalnih jedinica francuske policije (CRS) i demonstranata koji policiju ga\u0111aju sme\u0107em i kamenjem.<\/p>\n\n\n\n<p>Ispred \u0161kole su postavljene kante sa sme\u0107em i samo mali broj u\u010denika je uspio da u\u0111e u u\u010dionicu.<\/p>\n\n\n\n<p>Demonstranti su poku\u0161ali da blokiraju stanicu gradskog prevoznika Montrej, ali je policija upotrebila suzavac, prenosi Figaro.<\/p>\n\n\n\n<p>Oko stotinu u\u010denika okupilo se ispred srednje \u0161kole Klod Mone u Parizu u 13. arondismanu, gdje su ispred dva ulaza postavili kante za sme\u0107e, a na kapijama je oka\u010den transparent na kojem pi\u0161e &#8220;Stop represiji, \u017eiveo srednjo\u0161kolski pokret&#8221;.<\/p>\n\n\n\n<p>Protesti su prijavljeni ispred jo\u0161 nekih srednjih \u0161kola u Parizu, a kako se navodi ispred \u0161kole izme\u0111u 12. i 13. aronddismana policija je upotrebila suzavac.<\/p>","protected":false},"excerpt":{"rendered":"<p>Najmanje 83 osobe su uhap\u0161ene na protestima koji se odr\u017eavaju na oko 50 lokacija u Francuskoj, a prema pisanju francuskih medija 75 demonstranata je uhap\u0161eno u Parizu i obli\u017enjim mjestima.<\/p>","protected":false},"author":1,"featured_media":951259,"comment_status":"open","ping_status":"open","sticky":false,"template":"","format":"standard","meta":{"_acf_changed":false,"footnotes":""},"categories":[144],"tags":[2587,4269,766],"naslovna":[],"class_list":["post-951258","post","type-post","status-publish","format-standard","has-post-thumbnail","hentry","category-svijet","tag-francuska","tag-pariz","tag-protesti"],"acf":[],"yoast_head":"<!-- This site is optimized with the Yoast SEO plugin v27.4 - https:\/\/yoast.com\/product\/yoast-seo-wordpress\/ -->\n<title>Haos na ulicama Francuske: Policija razbija blokade, najmanje 83 osobe uhap\u0161ene - dmcsrb.com<\/title>\n<meta name=\"robots\" content=\"index, follow, max-snippet:-1, max-image-preview:large, max-video-preview:-1\" \/>\n<link rel=\"canonical\" href=\"https:\/\/dmcsrb.com\/en\/svijet\/haos-na-ulicama-francuske-policija-razbija-blokade-najmanje-83-osobe-uhapsene\/\" \/>\n<meta property=\"og:locale\" content=\"en_GB\" \/>\n<meta property=\"og:type\" content=\"article\" \/>\n<meta property=\"og:title\" content=\"Haos na ulicama Francuske: Policija razbija blokade, najmanje 83 osobe uhap\u0161ene - dmcsrb.com\" \/>\n<meta property=\"og:description\" content=\"Najmanje 83 osobe su uhap\u0161ene na protestima koji se odr\u017eavaju na oko 50 lokacija u Francuskoj, a prema pisanju francuskih medija 75 demonstranata je uhap\u0161eno u Parizu i obli\u017enjim mjestima.\" \/>\n<meta property=\"og:url\" content=\"https:\/\/dmcsrb.com\/en\/svijet\/haos-na-ulicama-francuske-policija-razbija-blokade-najmanje-83-osobe-uhapsene\/\" \/>\n<meta property=\"og:site_name\" content=\"dmcsrb.com\" \/>\n<meta property=\"article:published_time\" content=\"2025-09-10T07:48:00+00:00\" \/>\n<meta property=\"og:image\" content=\"https:\/\/dmcsrb.com\/wp-content\/uploads\/2026\/01\/protest-Pariz-Francuska-foto-AP.webp\" \/>\n\t<meta property=\"og:image:width\" content=\"965\" \/>\n\t<meta property=\"og:image:height\" content=\"642\" \/>\n\t<meta property=\"og:image:type\" content=\"image\/jpeg\" \/>\n<meta name=\"author\" content=\"dmcsrbija.com@gmail.com\" \/>\n<meta name=\"twitter:card\" content=\"summary_large_image\" \/>\n<meta name=\"twitter:label1\" content=\"Written by\" \/>\n\t<meta name=\"twitter:data1\" content=\"dmcsrbija.com@gmail.com\" \/>\n\t<meta name=\"twitter:label2\" content=\"Estimated reading time\" \/>\n\t<meta name=\"twitter:data2\" content=\"2 minutes\" \/>\n<script type=\"application\/ld+json\" class=\"yoast-schema-graph\">{\"@context\":\"https:\\\/\\\/schema.org\",\"@graph\":[{\"@type\":\"Article\",\"@id\":\"https:\\\/\\\/dmcsrb.com\\\/svijet\\\/haos-na-ulicama-francuske-policija-razbija-blokade-najmanje-83-osobe-uhapsene\\\/#article\",\"isPartOf\":{\"@id\":\"https:\\\/\\\/dmcsrb.com\\\/svijet\\\/haos-na-ulicama-francuske-policija-razbija-blokade-najmanje-83-osobe-uhapsene\\\/\"},\"author\":{\"name\":\"dmcsrbija.com@gmail.com\",\"@id\":\"https:\\\/\\\/dmcsrb.com\\\/#\\\/schema\\\/person\\\/5c39170f12db1b8b457732d0b5c854e2\"},\"headline\":\"Haos na ulicama Francuske: Policija razbija blokade, najmanje 83 osobe uhap\u0161ene\",\"datePublished\":\"2025-09-10T07:48:00+00:00\",\"mainEntityOfPage\":{\"@id\":\"https:\\\/\\\/dmcsrb.com\\\/svijet\\\/haos-na-ulicama-francuske-policija-razbija-blokade-najmanje-83-osobe-uhapsene\\\/\"},\"wordCount\":329,\"commentCount\":0,\"image\":{\"@id\":\"https:\\\/\\\/dmcsrb.com\\\/svijet\\\/haos-na-ulicama-francuske-policija-razbija-blokade-najmanje-83-osobe-uhapsene\\\/#primaryimage\"},\"thumbnailUrl\":\"https:\\\/\\\/dmcsrb.com\\\/wp-content\\\/uploads\\\/2026\\\/01\\\/protest-Pariz-Francuska-foto-AP.webp\",\"keywords\":[\"Francuska\",\"Pariz\",\"protesti\"],\"articleSection\":[\"Svijet\"],\"inLanguage\":\"en-GB\",\"potentialAction\":[{\"@type\":\"CommentAction\",\"name\":\"Comment\",\"target\":[\"https:\\\/\\\/dmcsrb.com\\\/svijet\\\/haos-na-ulicama-francuske-policija-razbija-blokade-najmanje-83-osobe-uhapsene\\\/#respond\"]}]},{\"@type\":\"WebPage\",\"@id\":\"https:\\\/\\\/dmcsrb.com\\\/svijet\\\/haos-na-ulicama-francuske-policija-razbija-blokade-najmanje-83-osobe-uhapsene\\\/\",\"url\":\"https:\\\/\\\/dmcsrb.com\\\/svijet\\\/haos-na-ulicama-francuske-policija-razbija-blokade-najmanje-83-osobe-uhapsene\\\/\",\"name\":\"Haos na ulicama Francuske: Policija razbija blokade, najmanje 83 osobe uhap\u0161ene - dmcsrb.com\",\"isPartOf\":{\"@id\":\"https:\\\/\\\/dmcsrb.com\\\/#website\"},\"primaryImageOfPage\":{\"@id\":\"https:\\\/\\\/dmcsrb.com\\\/svijet\\\/haos-na-ulicama-francuske-policija-razbija-blokade-najmanje-83-osobe-uhapsene\\\/#primaryimage\"},\"image\":{\"@id\":\"https:\\\/\\\/dmcsrb.com\\\/svijet\\\/haos-na-ulicama-francuske-policija-razbija-blokade-najmanje-83-osobe-uhapsene\\\/#primaryimage\"},\"thumbnailUrl\":\"https:\\\/\\\/dmcsrb.com\\\/wp-content\\\/uploads\\\/2026\\\/01\\\/protest-Pariz-Francuska-foto-AP.webp\",\"datePublished\":\"2025-09-10T07:48:00+00:00\",\"author\":{\"@id\":\"https:\\\/\\\/dmcsrb.com\\\/#\\\/schema\\\/person\\\/5c39170f12db1b8b457732d0b5c854e2\"},\"breadcrumb\":{\"@id\":\"https:\\\/\\\/dmcsrb.com\\\/svijet\\\/haos-na-ulicama-francuske-policija-razbija-blokade-najmanje-83-osobe-uhapsene\\\/#breadcrumb\"},\"inLanguage\":\"en-GB\",\"potentialAction\":[{\"@type\":\"ReadAction\",\"target\":[\"https:\\\/\\\/dmcsrb.com\\\/svijet\\\/haos-na-ulicama-francuske-policija-razbija-blokade-najmanje-83-osobe-uhapsene\\\/\"]}]},{\"@type\":\"ImageObject\",\"inLanguage\":\"en-GB\",\"@id\":\"https:\\\/\\\/dmcsrb.com\\\/svijet\\\/haos-na-ulicama-francuske-policija-razbija-blokade-najmanje-83-osobe-uhapsene\\\/#primaryimage\",\"url\":\"https:\\\/\\\/dmcsrb.com\\\/wp-content\\\/uploads\\\/2026\\\/01\\\/protest-Pariz-Francuska-foto-AP.webp\",\"contentUrl\":\"https:\\\/\\\/dmcsrb.com\\\/wp-content\\\/uploads\\\/2026\\\/01\\\/protest-Pariz-Francuska-foto-AP.webp\",\"width\":965,\"height\":642},{\"@type\":\"BreadcrumbList\",\"@id\":\"https:\\\/\\\/dmcsrb.com\\\/svijet\\\/haos-na-ulicama-francuske-policija-razbija-blokade-najmanje-83-osobe-uhapsene\\\/#breadcrumb\",\"itemListElement\":[{\"@type\":\"ListItem\",\"position\":1,\"name\":\"Home\",\"item\":\"https:\\\/\\\/dmcsrb.com\\\/\"},{\"@type\":\"ListItem\",\"position\":2,\"name\":\"Haos na ulicama Francuske: Policija razbija blokade, najmanje 83 osobe uhap\u0161ene\"}]},{\"@type\":\"WebSite\",\"@id\":\"https:\\\/\\\/dmcsrb.com\\\/#website\",\"url\":\"https:\\\/\\\/dmcsrb.com\\\/\",\"name\":\"dmcsrb.com\",\"description\":\"\",\"potentialAction\":[{\"@type\":\"SearchAction\",\"target\":{\"@type\":\"EntryPoint\",\"urlTemplate\":\"https:\\\/\\\/dmcsrb.com\\\/?s={search_term_string}\"},\"query-input\":{\"@type\":\"PropertyValueSpecification\",\"valueRequired\":true,\"valueName\":\"search_term_string\"}}],\"inLanguage\":\"en-GB\"},{\"@type\":\"Person\",\"@id\":\"https:\\\/\\\/dmcsrb.com\\\/#\\\/schema\\\/person\\\/5c39170f12db1b8b457732d0b5c854e2\",\"name\":\"dmcsrbija.com@gmail.com\",\"image\":{\"@type\":\"ImageObject\",\"inLanguage\":\"en-GB\",\"@id\":\"https:\\\/\\\/secure.gravatar.com\\\/avatar\\\/68592660ad6347fad0fb587f8d5d8f1a7b44961362f56e4f2cd524feb87e9069?s=96&d=mm&r=g\",\"url\":\"https:\\\/\\\/secure.gravatar.com\\\/avatar\\\/68592660ad6347fad0fb587f8d5d8f1a7b44961362f56e4f2cd524feb87e9069?s=96&d=mm&r=g\",\"contentUrl\":\"https:\\\/\\\/secure.gravatar.com\\\/avatar\\\/68592660ad6347fad0fb587f8d5d8f1a7b44961362f56e4f2cd524feb87e9069?s=96&d=mm&r=g\",\"caption\":\"dmcsrbija.com@gmail.com\"},\"sameAs\":[\"https:\\\/\\\/dmcsrb.com\"],\"url\":\"https:\\\/\\\/dmcsrb.com\\\/en\\\/author\\\/dmcsrbija-comgmail-com\\\/\"}]}<\/script>\n<!-- \/ Yoast SEO plugin. -->","yoast_head_json":{"title":"Haos na ulicama Francuske: Policija razbija blokade, najmanje 83 osobe uhap\u0161ene - dmcsrb.com","robots":{"index":"index","follow":"follow","max-snippet":"max-snippet:-1","max-image-preview":"max-image-preview:large","max-video-preview":"max-video-preview:-1"},"canonical":"https:\/\/dmcsrb.com\/en\/svijet\/haos-na-ulicama-francuske-policija-razbija-blokade-najmanje-83-osobe-uhapsene\/","og_locale":"en_GB","og_type":"article","og_title":"Haos na ulicama Francuske: Policija razbija blokade, najmanje 83 osobe uhap\u0161ene - dmcsrb.com","og_description":"Najmanje 83 osobe su uhap\u0161ene na protestima koji se odr\u017eavaju na oko 50 lokacija u Francuskoj, a prema pisanju francuskih medija 75 demonstranata je uhap\u0161eno u Parizu i obli\u017enjim mjestima.","og_url":"https:\/\/dmcsrb.com\/en\/svijet\/haos-na-ulicama-francuske-policija-razbija-blokade-najmanje-83-osobe-uhapsene\/","og_site_name":"dmcsrb.com","article_published_time":"2025-09-10T07:48:00+00:00","og_image":[{"width":965,"height":642,"url":"https:\/\/dmcsrb.com\/wp-content\/uploads\/2026\/01\/protest-Pariz-Francuska-foto-AP.webp","type":"image\/jpeg"}],"author":"dmcsrbija.com@gmail.com","twitter_card":"summary_large_image","twitter_misc":{"Written by":"dmcsrbija.com@gmail.com","Estimated reading time":"2 minutes"},"schema":{"@context":"https:\/\/schema.org","@graph":[{"@type":"Article","@id":"https:\/\/dmcsrb.com\/svijet\/haos-na-ulicama-francuske-policija-razbija-blokade-najmanje-83-osobe-uhapsene\/#article","isPartOf":{"@id":"https:\/\/dmcsrb.com\/svijet\/haos-na-ulicama-francuske-policija-razbija-blokade-najmanje-83-osobe-uhapsene\/"},"author":{"name":"dmcsrbija.com@gmail.com","@id":"https:\/\/dmcsrb.com\/#\/schema\/person\/5c39170f12db1b8b457732d0b5c854e2"},"headline":"Haos na ulicama Francuske: Policija razbija blokade, najmanje 83 osobe uhap\u0161ene","datePublished":"2025-09-10T07:48:00+00:00","mainEntityOfPage":{"@id":"https:\/\/dmcsrb.com\/svijet\/haos-na-ulicama-francuske-policija-razbija-blokade-najmanje-83-osobe-uhapsene\/"},"wordCount":329,"commentCount":0,"image":{"@id":"https:\/\/dmcsrb.com\/svijet\/haos-na-ulicama-francuske-policija-razbija-blokade-najmanje-83-osobe-uhapsene\/#primaryimage"},"thumbnailUrl":"https:\/\/dmcsrb.com\/wp-content\/uploads\/2026\/01\/protest-Pariz-Francuska-foto-AP.webp","keywords":["Francuska","Pariz","protesti"],"articleSection":["Svijet"],"inLanguage":"en-GB","potentialAction":[{"@type":"CommentAction","name":"Comment","target":["https:\/\/dmcsrb.com\/svijet\/haos-na-ulicama-francuske-policija-razbija-blokade-najmanje-83-osobe-uhapsene\/#respond"]}]},{"@type":"WebPage","@id":"https:\/\/dmcsrb.com\/svijet\/haos-na-ulicama-francuske-policija-razbija-blokade-najmanje-83-osobe-uhapsene\/","url":"https:\/\/dmcsrb.com\/svijet\/haos-na-ulicama-francuske-policija-razbija-blokade-najmanje-83-osobe-uhapsene\/","name":"Haos na ulicama Francuske: Policija razbija blokade, najmanje 83 osobe uhap\u0161ene - dmcsrb.com","isPartOf":{"@id":"https:\/\/dmcsrb.com\/#website"},"primaryImageOfPage":{"@id":"https:\/\/dmcsrb.com\/svijet\/haos-na-ulicama-francuske-policija-razbija-blokade-najmanje-83-osobe-uhapsene\/#primaryimage"},"image":{"@id":"https:\/\/dmcsrb.com\/svijet\/haos-na-ulicama-francuske-policija-razbija-blokade-najmanje-83-osobe-uhapsene\/#primaryimage"},"thumbnailUrl":"https:\/\/dmcsrb.com\/wp-content\/uploads\/2026\/01\/protest-Pariz-Francuska-foto-AP.webp","datePublished":"2025-09-10T07:48:00+00:00","author":{"@id":"https:\/\/dmcsrb.com\/#\/schema\/person\/5c39170f12db1b8b457732d0b5c854e2"},"breadcrumb":{"@id":"https:\/\/dmcsrb.com\/svijet\/haos-na-ulicama-francuske-policija-razbija-blokade-najmanje-83-osobe-uhapsene\/#breadcrumb"},"inLanguage":"en-GB","potentialAction":[{"@type":"ReadAction","target":["https:\/\/dmcsrb.com\/svijet\/haos-na-ulicama-francuske-policija-razbija-blokade-najmanje-83-osobe-uhapsene\/"]}]},{"@type":"ImageObject","inLanguage":"en-GB","@id":"https:\/\/dmcsrb.com\/svijet\/haos-na-ulicama-francuske-policija-razbija-blokade-najmanje-83-osobe-uhapsene\/#primaryimage","url":"https:\/\/dmcsrb.com\/wp-content\/uploads\/2026\/01\/protest-Pariz-Francuska-foto-AP.webp","contentUrl":"https:\/\/dmcsrb.com\/wp-content\/uploads\/2026\/01\/protest-Pariz-Francuska-foto-AP.webp","width":965,"height":642},{"@type":"BreadcrumbList","@id":"https:\/\/dmcsrb.com\/svijet\/haos-na-ulicama-francuske-policija-razbija-blokade-najmanje-83-osobe-uhapsene\/#breadcrumb","itemListElement":[{"@type":"ListItem","position":1,"name":"Home","item":"https:\/\/dmcsrb.com\/"},{"@type":"ListItem","position":2,"name":"Haos na ulicama Francuske: Policija razbija blokade, najmanje 83 osobe uhap\u0161ene"}]},{"@type":"WebSite","@id":"https:\/\/dmcsrb.com\/#website","url":"https:\/\/dmcsrb.com\/","name":"dmcsrb.com","description":"","potentialAction":[{"@type":"SearchAction","target":{"@type":"EntryPoint","urlTemplate":"https:\/\/dmcsrb.com\/?s={search_term_string}"},"query-input":{"@type":"PropertyValueSpecification","valueRequired":true,"valueName":"search_term_string"}}],"inLanguage":"en-GB"},{"@type":"Person","@id":"https:\/\/dmcsrb.com\/#\/schema\/person\/5c39170f12db1b8b457732d0b5c854e2","name":"dmcsrbija.com@gmail.com","image":{"@type":"ImageObject","inLanguage":"en-GB","@id":"https:\/\/secure.gravatar.com\/avatar\/68592660ad6347fad0fb587f8d5d8f1a7b44961362f56e4f2cd524feb87e9069?s=96&d=mm&r=g","url":"https:\/\/secure.gravatar.com\/avatar\/68592660ad6347fad0fb587f8d5d8f1a7b44961362f56e4f2cd524feb87e9069?s=96&d=mm&r=g","contentUrl":"https:\/\/secure.gravatar.com\/avatar\/68592660ad6347fad0fb587f8d5d8f1a7b44961362f56e4f2cd524feb87e9069?s=96&d=mm&r=g","caption":"dmcsrbija.com@gmail.com"},"sameAs":["https:\/\/dmcsrb.com"],"url":"https:\/\/dmcsrb.com\/en\/author\/dmcsrbija-comgmail-com\/"}]}},"_links":{"self":[{"href":"https:\/\/dmcsrb.com\/en\/wp-json\/wp\/v2\/posts\/951258","targetHints":{"allow":["GET"]}}],"collection":[{"href":"https:\/\/dmcsrb.com\/en\/wp-json\/wp\/v2\/posts"}],"about":[{"href":"https:\/\/dmcsrb.com\/en\/wp-json\/wp\/v2\/types\/post"}],"author":[{"embeddable":true,"href":"https:\/\/dmcsrb.com\/en\/wp-json\/wp\/v2\/users\/1"}],"replies":[{"embeddable":true,"href":"https:\/\/dmcsrb.com\/en\/wp-json\/wp\/v2\/comments?post=951258"}],"version-history":[{"count":0,"href":"https:\/\/dmcsrb.com\/en\/wp-json\/wp\/v2\/posts\/951258\/revisions"}],"wp:featuredmedia":[{"embeddable":true,"href":"https:\/\/dmcsrb.com\/en\/wp-json\/wp\/v2\/media\/951259"}],"wp:attachment":[{"href":"https:\/\/dmcsrb.com\/en\/wp-json\/wp\/v2\/media?parent=951258"}],"wp:term":[{"taxonomy":"category","embeddable":true,"href":"https:\/\/dmcsrb.com\/en\/wp-json\/wp\/v2\/categories?post=951258"},{"taxonomy":"post_tag","embeddable":true,"href":"https:\/\/dmcsrb.com\/en\/wp-json\/wp\/v2\/tags?post=951258"},{"taxonomy":"naslovna","embeddable":true,"href":"https:\/\/dmcsrb.com\/en\/wp-json\/wp\/v2\/naslovna?post=951258"}],"curies":[{"name":"wp","href":"https:\/\/api.w.org\/{rel}","templated":true}]}}