{"id":951220,"date":"2025-09-09T21:08:00","date_gmt":"2025-09-09T19:08:00","guid":{"rendered":"https:\/\/dmcsrb.com\/uncategorized\/perisic-neka-momci-ovako-nastave-vrijeme-je-pred-njima-djukanovic-mi-smo-cjelina-koja-ne-zavisi-od-pojedinaca\/"},"modified":"2025-09-09T21:08:00","modified_gmt":"2025-09-09T19:08:00","slug":"perisic-neka-momci-ovako-nastave-vrijeme-je-pred-njima-djukanovic-mi-smo-cjelina-koja-ne-zavisi-od-pojedinaca","status":"publish","type":"post","link":"https:\/\/dmcsrb.com\/en\/sport\/perisic-neka-momci-ovako-nastave-vrijeme-je-pred-njima-djukanovic-mi-smo-cjelina-koja-ne-zavisi-od-pojedinaca\/","title":{"rendered":"Peri\u0161i\u0107: Neka momci ovako nastave, vrijeme je pred njima; \u0110ukanovi\u0107: Mi smo cjelina koja ne zavisi od pojedinaca"},"content":{"rendered":"<p>&#8220;\u010cestitka momcima, od prvog minuta su pokazali \u017eelju, izgarali na ternu i samo neka tako nastave. Sve je ovo proizvod za A reprezentaciju, imamo zaista nekoliko obziljnih igra\u010da, vrijeme je pred njima. U veoma smo te\u0161koj grupi, naredno kolo sa Poljskom, \u017eao mi je \u0161to nismo uzeli bod protiv Italije na startu, ali idemo dalje&#8221;, kazao je Peri\u0161i\u0107 i dodao:<\/p>\n\n\n\n<p>\u201c\u017dao mi je \u0161to nije bilo vi\u0161e navija\u010da. Ljudima koji su do\u0161li da nas podr\u017ee od srca hvala. Nadam se da \u0107e ih biti vi\u0161e u slede\u0107im me\u010devima\u201c.<\/p>\n\n\n\n<p>Nakon borbenog i izjedna\u010denog prvog poluvremena, odlu\u010duju\u0107i trenuci stigli su u sudijskoj nadoknadi. Najprije je Viktor \u0110ukanovi\u0107 pogodio mre\u017eu gostiju u petom minutu produ\u017eetka i donio veliko slavlje na tribinama.<\/p>\n\n\n\n<p>Samo pet minuta kasnije, ta\u010dku na trijumf stavio je Danilo Vukani\u0107, preciznim udarcem za kona\u010dnih 2:0.<\/p>\n\n\n\n<p>\u201cPao nam je veliki kamen za srca u tom 95. minutu. Odigrali smo dobru utakmicu, pokazali kako se bori za Crnu Goru. Imali smo malo sre\u0107e na kraju, ali smo je zaslu\u017eili jer smo igrali kao tim. Mi smo cjelina koja ne zavisi od pojedinaca, iako imamo kvaliltetnih pojedinaca. Pokazali smo ve\u010deras to zajedni\u0161tvo, vidjeli ste da slavimo golove kao jedan. Ponosan sam na ekipu i sre\u0107an zbog ove pobjede\u201c, rekao je \u0110ukanovi\u0107.<\/p>\n\n\n\n<p>Ovim trijumfom \u201esokoli\u201c su upisali prva tri boda u grupi, nakon poraza od Italije na startu.<\/p>\n\n\n\n<figure class=\"wp-block-embed is-type-wp-embed is-provider-gradski-portal wp-block-embed-gradski-portal\"><div class=\"wp-block-embed__wrapper\">\nhttps:\/\/gradski.me\/djukanovic-i-vukanic-srusili-svedsku-u-sudijskoj-nadoknadi\/\n<\/div><\/figure>","protected":false},"excerpt":{"rendered":"<p>Mladi reprezentativci Crne Gore ostvarili su veliku pobjedu u Podgorici, savladav\u0161i \u0160vedsku 2:0 u 2. kolu kvalifikacija za Evropsko prvenstvo. Izabranici selektora Gorana Peri\u0161i\u0107a do trijumfa su stigli u nadoknadi drugog poluvremena.<\/p>","protected":false},"author":1,"featured_media":950208,"comment_status":"open","ping_status":"open","sticky":false,"template":"","format":"standard","meta":{"_acf_changed":false,"footnotes":""},"categories":[148],"tags":[6937,7561,6807,7481],"naslovna":[],"class_list":["post-951220","post","type-post","status-publish","format-standard","has-post-thumbnail","hentry","category-sport","tag-goran-perisic","tag-kvalifikacije-za-evropsko-prvenstvo-u21","tag-mlada-fudbalska-reprezentacija-crne-gore","tag-mlada-fudbalska-reprezentacija-svedske"],"acf":[],"yoast_head":"<!-- This site is optimized with the Yoast SEO plugin v27.4 - https:\/\/yoast.com\/product\/yoast-seo-wordpress\/ -->\n<title>Peri\u0161i\u0107: Neka momci ovako nastave, vrijeme je pred njima; \u0110ukanovi\u0107: Mi smo cjelina koja ne zavisi od pojedinaca - dmcsrb.com<\/title>\n<meta name=\"robots\" content=\"index, follow, max-snippet:-1, max-image-preview:large, max-video-preview:-1\" \/>\n<link rel=\"canonical\" href=\"https:\/\/dmcsrb.com\/en\/sport\/perisic-neka-momci-ovako-nastave-vrijeme-je-pred-njima-djukanovic-mi-smo-cjelina-koja-ne-zavisi-od-pojedinaca\/\" \/>\n<meta property=\"og:locale\" content=\"en_GB\" \/>\n<meta property=\"og:type\" content=\"article\" \/>\n<meta property=\"og:title\" content=\"Peri\u0161i\u0107: Neka momci ovako nastave, vrijeme je pred njima; \u0110ukanovi\u0107: Mi smo cjelina koja ne zavisi od pojedinaca - dmcsrb.com\" \/>\n<meta property=\"og:description\" content=\"Mladi reprezentativci Crne Gore ostvarili su veliku pobjedu u Podgorici, savladav\u0161i \u0160vedsku 2:0 u 2. kolu kvalifikacija za Evropsko prvenstvo. Izabranici selektora Gorana Peri\u0161i\u0107a do trijumfa su stigli u nadoknadi drugog poluvremena.\" \/>\n<meta property=\"og:url\" content=\"https:\/\/dmcsrb.com\/en\/sport\/perisic-neka-momci-ovako-nastave-vrijeme-je-pred-njima-djukanovic-mi-smo-cjelina-koja-ne-zavisi-od-pojedinaca\/\" \/>\n<meta property=\"og:site_name\" content=\"dmcsrb.com\" \/>\n<meta property=\"article:published_time\" content=\"2025-09-09T19:08:00+00:00\" \/>\n<meta property=\"og:image\" content=\"https:\/\/dmcsrb.com\/wp-content\/uploads\/2026\/01\/Goran-Perisic-FSCG.webp\" \/>\n\t<meta property=\"og:image:width\" content=\"1050\" \/>\n\t<meta property=\"og:image:height\" content=\"624\" \/>\n\t<meta property=\"og:image:type\" content=\"image\/jpeg\" \/>\n<meta name=\"author\" content=\"dmcsrbija.com@gmail.com\" \/>\n<meta name=\"twitter:card\" content=\"summary_large_image\" \/>\n<meta name=\"twitter:label1\" content=\"Written by\" \/>\n\t<meta name=\"twitter:data1\" content=\"dmcsrbija.com@gmail.com\" \/>\n\t<meta name=\"twitter:label2\" content=\"Estimated reading time\" \/>\n\t<meta name=\"twitter:data2\" content=\"1 minute\" \/>\n<script type=\"application\/ld+json\" class=\"yoast-schema-graph\">{\"@context\":\"https:\\\/\\\/schema.org\",\"@graph\":[{\"@type\":\"Article\",\"@id\":\"https:\\\/\\\/dmcsrb.com\\\/sport\\\/perisic-neka-momci-ovako-nastave-vrijeme-je-pred-njima-djukanovic-mi-smo-cjelina-koja-ne-zavisi-od-pojedinaca\\\/#article\",\"isPartOf\":{\"@id\":\"https:\\\/\\\/dmcsrb.com\\\/sport\\\/perisic-neka-momci-ovako-nastave-vrijeme-je-pred-njima-djukanovic-mi-smo-cjelina-koja-ne-zavisi-od-pojedinaca\\\/\"},\"author\":{\"name\":\"dmcsrbija.com@gmail.com\",\"@id\":\"https:\\\/\\\/dmcsrb.com\\\/#\\\/schema\\\/person\\\/5c39170f12db1b8b457732d0b5c854e2\"},\"headline\":\"Peri\u0161i\u0107: Neka momci ovako nastave, vrijeme je pred njima; \u0110ukanovi\u0107: Mi smo cjelina koja ne zavisi od pojedinaca\",\"datePublished\":\"2025-09-09T19:08:00+00:00\",\"mainEntityOfPage\":{\"@id\":\"https:\\\/\\\/dmcsrb.com\\\/sport\\\/perisic-neka-momci-ovako-nastave-vrijeme-je-pred-njima-djukanovic-mi-smo-cjelina-koja-ne-zavisi-od-pojedinaca\\\/\"},\"wordCount\":266,\"commentCount\":0,\"image\":{\"@id\":\"https:\\\/\\\/dmcsrb.com\\\/sport\\\/perisic-neka-momci-ovako-nastave-vrijeme-je-pred-njima-djukanovic-mi-smo-cjelina-koja-ne-zavisi-od-pojedinaca\\\/#primaryimage\"},\"thumbnailUrl\":\"https:\\\/\\\/dmcsrb.com\\\/wp-content\\\/uploads\\\/2026\\\/01\\\/Goran-Perisic-FSCG.webp\",\"keywords\":[\"Goran Peri\u0161i\u0107\",\"kvalifikacije za Evropsko prvenstvo U21\",\"Mlada fudbalska reprezentacija Crne Gore\",\"Mlada fudbalska reprezentacija \u0160vedske\"],\"articleSection\":[\"Sport\"],\"inLanguage\":\"en-GB\",\"potentialAction\":[{\"@type\":\"CommentAction\",\"name\":\"Comment\",\"target\":[\"https:\\\/\\\/dmcsrb.com\\\/sport\\\/perisic-neka-momci-ovako-nastave-vrijeme-je-pred-njima-djukanovic-mi-smo-cjelina-koja-ne-zavisi-od-pojedinaca\\\/#respond\"]}]},{\"@type\":\"WebPage\",\"@id\":\"https:\\\/\\\/dmcsrb.com\\\/sport\\\/perisic-neka-momci-ovako-nastave-vrijeme-je-pred-njima-djukanovic-mi-smo-cjelina-koja-ne-zavisi-od-pojedinaca\\\/\",\"url\":\"https:\\\/\\\/dmcsrb.com\\\/sport\\\/perisic-neka-momci-ovako-nastave-vrijeme-je-pred-njima-djukanovic-mi-smo-cjelina-koja-ne-zavisi-od-pojedinaca\\\/\",\"name\":\"Peri\u0161i\u0107: Neka momci ovako nastave, vrijeme je pred njima; \u0110ukanovi\u0107: Mi smo cjelina koja ne zavisi od pojedinaca - dmcsrb.com\",\"isPartOf\":{\"@id\":\"https:\\\/\\\/dmcsrb.com\\\/#website\"},\"primaryImageOfPage\":{\"@id\":\"https:\\\/\\\/dmcsrb.com\\\/sport\\\/perisic-neka-momci-ovako-nastave-vrijeme-je-pred-njima-djukanovic-mi-smo-cjelina-koja-ne-zavisi-od-pojedinaca\\\/#primaryimage\"},\"image\":{\"@id\":\"https:\\\/\\\/dmcsrb.com\\\/sport\\\/perisic-neka-momci-ovako-nastave-vrijeme-je-pred-njima-djukanovic-mi-smo-cjelina-koja-ne-zavisi-od-pojedinaca\\\/#primaryimage\"},\"thumbnailUrl\":\"https:\\\/\\\/dmcsrb.com\\\/wp-content\\\/uploads\\\/2026\\\/01\\\/Goran-Perisic-FSCG.webp\",\"datePublished\":\"2025-09-09T19:08:00+00:00\",\"author\":{\"@id\":\"https:\\\/\\\/dmcsrb.com\\\/#\\\/schema\\\/person\\\/5c39170f12db1b8b457732d0b5c854e2\"},\"breadcrumb\":{\"@id\":\"https:\\\/\\\/dmcsrb.com\\\/sport\\\/perisic-neka-momci-ovako-nastave-vrijeme-je-pred-njima-djukanovic-mi-smo-cjelina-koja-ne-zavisi-od-pojedinaca\\\/#breadcrumb\"},\"inLanguage\":\"en-GB\",\"potentialAction\":[{\"@type\":\"ReadAction\",\"target\":[\"https:\\\/\\\/dmcsrb.com\\\/sport\\\/perisic-neka-momci-ovako-nastave-vrijeme-je-pred-njima-djukanovic-mi-smo-cjelina-koja-ne-zavisi-od-pojedinaca\\\/\"]}]},{\"@type\":\"ImageObject\",\"inLanguage\":\"en-GB\",\"@id\":\"https:\\\/\\\/dmcsrb.com\\\/sport\\\/perisic-neka-momci-ovako-nastave-vrijeme-je-pred-njima-djukanovic-mi-smo-cjelina-koja-ne-zavisi-od-pojedinaca\\\/#primaryimage\",\"url\":\"https:\\\/\\\/dmcsrb.com\\\/wp-content\\\/uploads\\\/2026\\\/01\\\/Goran-Perisic-FSCG.webp\",\"contentUrl\":\"https:\\\/\\\/dmcsrb.com\\\/wp-content\\\/uploads\\\/2026\\\/01\\\/Goran-Perisic-FSCG.webp\",\"width\":1050,\"height\":624},{\"@type\":\"BreadcrumbList\",\"@id\":\"https:\\\/\\\/dmcsrb.com\\\/sport\\\/perisic-neka-momci-ovako-nastave-vrijeme-je-pred-njima-djukanovic-mi-smo-cjelina-koja-ne-zavisi-od-pojedinaca\\\/#breadcrumb\",\"itemListElement\":[{\"@type\":\"ListItem\",\"position\":1,\"name\":\"Home\",\"item\":\"https:\\\/\\\/dmcsrb.com\\\/\"},{\"@type\":\"ListItem\",\"position\":2,\"name\":\"Peri\u0161i\u0107: Neka momci ovako nastave, vrijeme je pred njima; \u0110ukanovi\u0107: Mi smo cjelina koja ne zavisi od pojedinaca\"}]},{\"@type\":\"WebSite\",\"@id\":\"https:\\\/\\\/dmcsrb.com\\\/#website\",\"url\":\"https:\\\/\\\/dmcsrb.com\\\/\",\"name\":\"dmcsrb.com\",\"description\":\"\",\"potentialAction\":[{\"@type\":\"SearchAction\",\"target\":{\"@type\":\"EntryPoint\",\"urlTemplate\":\"https:\\\/\\\/dmcsrb.com\\\/?s={search_term_string}\"},\"query-input\":{\"@type\":\"PropertyValueSpecification\",\"valueRequired\":true,\"valueName\":\"search_term_string\"}}],\"inLanguage\":\"en-GB\"},{\"@type\":\"Person\",\"@id\":\"https:\\\/\\\/dmcsrb.com\\\/#\\\/schema\\\/person\\\/5c39170f12db1b8b457732d0b5c854e2\",\"name\":\"dmcsrbija.com@gmail.com\",\"image\":{\"@type\":\"ImageObject\",\"inLanguage\":\"en-GB\",\"@id\":\"https:\\\/\\\/secure.gravatar.com\\\/avatar\\\/68592660ad6347fad0fb587f8d5d8f1a7b44961362f56e4f2cd524feb87e9069?s=96&d=mm&r=g\",\"url\":\"https:\\\/\\\/secure.gravatar.com\\\/avatar\\\/68592660ad6347fad0fb587f8d5d8f1a7b44961362f56e4f2cd524feb87e9069?s=96&d=mm&r=g\",\"contentUrl\":\"https:\\\/\\\/secure.gravatar.com\\\/avatar\\\/68592660ad6347fad0fb587f8d5d8f1a7b44961362f56e4f2cd524feb87e9069?s=96&d=mm&r=g\",\"caption\":\"dmcsrbija.com@gmail.com\"},\"sameAs\":[\"https:\\\/\\\/dmcsrb.com\"],\"url\":\"https:\\\/\\\/dmcsrb.com\\\/en\\\/author\\\/dmcsrbija-comgmail-com\\\/\"}]}<\/script>\n<!-- \/ Yoast SEO plugin. -->","yoast_head_json":{"title":"Peri\u0161i\u0107: Neka momci ovako nastave, vrijeme je pred njima; \u0110ukanovi\u0107: Mi smo cjelina koja ne zavisi od pojedinaca - dmcsrb.com","robots":{"index":"index","follow":"follow","max-snippet":"max-snippet:-1","max-image-preview":"max-image-preview:large","max-video-preview":"max-video-preview:-1"},"canonical":"https:\/\/dmcsrb.com\/en\/sport\/perisic-neka-momci-ovako-nastave-vrijeme-je-pred-njima-djukanovic-mi-smo-cjelina-koja-ne-zavisi-od-pojedinaca\/","og_locale":"en_GB","og_type":"article","og_title":"Peri\u0161i\u0107: Neka momci ovako nastave, vrijeme je pred njima; \u0110ukanovi\u0107: Mi smo cjelina koja ne zavisi od pojedinaca - dmcsrb.com","og_description":"Mladi reprezentativci Crne Gore ostvarili su veliku pobjedu u Podgorici, savladav\u0161i \u0160vedsku 2:0 u 2. kolu kvalifikacija za Evropsko prvenstvo. Izabranici selektora Gorana Peri\u0161i\u0107a do trijumfa su stigli u nadoknadi drugog poluvremena.","og_url":"https:\/\/dmcsrb.com\/en\/sport\/perisic-neka-momci-ovako-nastave-vrijeme-je-pred-njima-djukanovic-mi-smo-cjelina-koja-ne-zavisi-od-pojedinaca\/","og_site_name":"dmcsrb.com","article_published_time":"2025-09-09T19:08:00+00:00","og_image":[{"width":1050,"height":624,"url":"https:\/\/dmcsrb.com\/wp-content\/uploads\/2026\/01\/Goran-Perisic-FSCG.webp","type":"image\/jpeg"}],"author":"dmcsrbija.com@gmail.com","twitter_card":"summary_large_image","twitter_misc":{"Written by":"dmcsrbija.com@gmail.com","Estimated reading time":"1 minute"},"schema":{"@context":"https:\/\/schema.org","@graph":[{"@type":"Article","@id":"https:\/\/dmcsrb.com\/sport\/perisic-neka-momci-ovako-nastave-vrijeme-je-pred-njima-djukanovic-mi-smo-cjelina-koja-ne-zavisi-od-pojedinaca\/#article","isPartOf":{"@id":"https:\/\/dmcsrb.com\/sport\/perisic-neka-momci-ovako-nastave-vrijeme-je-pred-njima-djukanovic-mi-smo-cjelina-koja-ne-zavisi-od-pojedinaca\/"},"author":{"name":"dmcsrbija.com@gmail.com","@id":"https:\/\/dmcsrb.com\/#\/schema\/person\/5c39170f12db1b8b457732d0b5c854e2"},"headline":"Peri\u0161i\u0107: Neka momci ovako nastave, vrijeme je pred njima; \u0110ukanovi\u0107: Mi smo cjelina koja ne zavisi od pojedinaca","datePublished":"2025-09-09T19:08:00+00:00","mainEntityOfPage":{"@id":"https:\/\/dmcsrb.com\/sport\/perisic-neka-momci-ovako-nastave-vrijeme-je-pred-njima-djukanovic-mi-smo-cjelina-koja-ne-zavisi-od-pojedinaca\/"},"wordCount":266,"commentCount":0,"image":{"@id":"https:\/\/dmcsrb.com\/sport\/perisic-neka-momci-ovako-nastave-vrijeme-je-pred-njima-djukanovic-mi-smo-cjelina-koja-ne-zavisi-od-pojedinaca\/#primaryimage"},"thumbnailUrl":"https:\/\/dmcsrb.com\/wp-content\/uploads\/2026\/01\/Goran-Perisic-FSCG.webp","keywords":["Goran Peri\u0161i\u0107","kvalifikacije za Evropsko prvenstvo U21","Mlada fudbalska reprezentacija Crne Gore","Mlada fudbalska reprezentacija \u0160vedske"],"articleSection":["Sport"],"inLanguage":"en-GB","potentialAction":[{"@type":"CommentAction","name":"Comment","target":["https:\/\/dmcsrb.com\/sport\/perisic-neka-momci-ovako-nastave-vrijeme-je-pred-njima-djukanovic-mi-smo-cjelina-koja-ne-zavisi-od-pojedinaca\/#respond"]}]},{"@type":"WebPage","@id":"https:\/\/dmcsrb.com\/sport\/perisic-neka-momci-ovako-nastave-vrijeme-je-pred-njima-djukanovic-mi-smo-cjelina-koja-ne-zavisi-od-pojedinaca\/","url":"https:\/\/dmcsrb.com\/sport\/perisic-neka-momci-ovako-nastave-vrijeme-je-pred-njima-djukanovic-mi-smo-cjelina-koja-ne-zavisi-od-pojedinaca\/","name":"Peri\u0161i\u0107: Neka momci ovako nastave, vrijeme je pred njima; \u0110ukanovi\u0107: Mi smo cjelina koja ne zavisi od pojedinaca - dmcsrb.com","isPartOf":{"@id":"https:\/\/dmcsrb.com\/#website"},"primaryImageOfPage":{"@id":"https:\/\/dmcsrb.com\/sport\/perisic-neka-momci-ovako-nastave-vrijeme-je-pred-njima-djukanovic-mi-smo-cjelina-koja-ne-zavisi-od-pojedinaca\/#primaryimage"},"image":{"@id":"https:\/\/dmcsrb.com\/sport\/perisic-neka-momci-ovako-nastave-vrijeme-je-pred-njima-djukanovic-mi-smo-cjelina-koja-ne-zavisi-od-pojedinaca\/#primaryimage"},"thumbnailUrl":"https:\/\/dmcsrb.com\/wp-content\/uploads\/2026\/01\/Goran-Perisic-FSCG.webp","datePublished":"2025-09-09T19:08:00+00:00","author":{"@id":"https:\/\/dmcsrb.com\/#\/schema\/person\/5c39170f12db1b8b457732d0b5c854e2"},"breadcrumb":{"@id":"https:\/\/dmcsrb.com\/sport\/perisic-neka-momci-ovako-nastave-vrijeme-je-pred-njima-djukanovic-mi-smo-cjelina-koja-ne-zavisi-od-pojedinaca\/#breadcrumb"},"inLanguage":"en-GB","potentialAction":[{"@type":"ReadAction","target":["https:\/\/dmcsrb.com\/sport\/perisic-neka-momci-ovako-nastave-vrijeme-je-pred-njima-djukanovic-mi-smo-cjelina-koja-ne-zavisi-od-pojedinaca\/"]}]},{"@type":"ImageObject","inLanguage":"en-GB","@id":"https:\/\/dmcsrb.com\/sport\/perisic-neka-momci-ovako-nastave-vrijeme-je-pred-njima-djukanovic-mi-smo-cjelina-koja-ne-zavisi-od-pojedinaca\/#primaryimage","url":"https:\/\/dmcsrb.com\/wp-content\/uploads\/2026\/01\/Goran-Perisic-FSCG.webp","contentUrl":"https:\/\/dmcsrb.com\/wp-content\/uploads\/2026\/01\/Goran-Perisic-FSCG.webp","width":1050,"height":624},{"@type":"BreadcrumbList","@id":"https:\/\/dmcsrb.com\/sport\/perisic-neka-momci-ovako-nastave-vrijeme-je-pred-njima-djukanovic-mi-smo-cjelina-koja-ne-zavisi-od-pojedinaca\/#breadcrumb","itemListElement":[{"@type":"ListItem","position":1,"name":"Home","item":"https:\/\/dmcsrb.com\/"},{"@type":"ListItem","position":2,"name":"Peri\u0161i\u0107: Neka momci ovako nastave, vrijeme je pred njima; \u0110ukanovi\u0107: Mi smo cjelina koja ne zavisi od pojedinaca"}]},{"@type":"WebSite","@id":"https:\/\/dmcsrb.com\/#website","url":"https:\/\/dmcsrb.com\/","name":"dmcsrb.com","description":"","potentialAction":[{"@type":"SearchAction","target":{"@type":"EntryPoint","urlTemplate":"https:\/\/dmcsrb.com\/?s={search_term_string}"},"query-input":{"@type":"PropertyValueSpecification","valueRequired":true,"valueName":"search_term_string"}}],"inLanguage":"en-GB"},{"@type":"Person","@id":"https:\/\/dmcsrb.com\/#\/schema\/person\/5c39170f12db1b8b457732d0b5c854e2","name":"dmcsrbija.com@gmail.com","image":{"@type":"ImageObject","inLanguage":"en-GB","@id":"https:\/\/secure.gravatar.com\/avatar\/68592660ad6347fad0fb587f8d5d8f1a7b44961362f56e4f2cd524feb87e9069?s=96&d=mm&r=g","url":"https:\/\/secure.gravatar.com\/avatar\/68592660ad6347fad0fb587f8d5d8f1a7b44961362f56e4f2cd524feb87e9069?s=96&d=mm&r=g","contentUrl":"https:\/\/secure.gravatar.com\/avatar\/68592660ad6347fad0fb587f8d5d8f1a7b44961362f56e4f2cd524feb87e9069?s=96&d=mm&r=g","caption":"dmcsrbija.com@gmail.com"},"sameAs":["https:\/\/dmcsrb.com"],"url":"https:\/\/dmcsrb.com\/en\/author\/dmcsrbija-comgmail-com\/"}]}},"_links":{"self":[{"href":"https:\/\/dmcsrb.com\/en\/wp-json\/wp\/v2\/posts\/951220","targetHints":{"allow":["GET"]}}],"collection":[{"href":"https:\/\/dmcsrb.com\/en\/wp-json\/wp\/v2\/posts"}],"about":[{"href":"https:\/\/dmcsrb.com\/en\/wp-json\/wp\/v2\/types\/post"}],"author":[{"embeddable":true,"href":"https:\/\/dmcsrb.com\/en\/wp-json\/wp\/v2\/users\/1"}],"replies":[{"embeddable":true,"href":"https:\/\/dmcsrb.com\/en\/wp-json\/wp\/v2\/comments?post=951220"}],"version-history":[{"count":0,"href":"https:\/\/dmcsrb.com\/en\/wp-json\/wp\/v2\/posts\/951220\/revisions"}],"wp:featuredmedia":[{"embeddable":true,"href":"https:\/\/dmcsrb.com\/en\/wp-json\/wp\/v2\/media\/950208"}],"wp:attachment":[{"href":"https:\/\/dmcsrb.com\/en\/wp-json\/wp\/v2\/media?parent=951220"}],"wp:term":[{"taxonomy":"category","embeddable":true,"href":"https:\/\/dmcsrb.com\/en\/wp-json\/wp\/v2\/categories?post=951220"},{"taxonomy":"post_tag","embeddable":true,"href":"https:\/\/dmcsrb.com\/en\/wp-json\/wp\/v2\/tags?post=951220"},{"taxonomy":"naslovna","embeddable":true,"href":"https:\/\/dmcsrb.com\/en\/wp-json\/wp\/v2\/naslovna?post=951220"}],"curies":[{"name":"wp","href":"https:\/\/api.w.org\/{rel}","templated":true}]}}