{"id":951214,"date":"2025-09-09T20:42:30","date_gmt":"2025-09-09T18:42:30","guid":{"rendered":"https:\/\/dmcsrb.com\/uncategorized\/andric-skandiranje-u-zagrebu-ubij-srbina-jeste-nas-dotaklo-i-to-je-uvreda-za-citavu-crnu-goru\/"},"modified":"2025-09-09T20:42:30","modified_gmt":"2025-09-09T18:42:30","slug":"andric-skandiranje-u-zagrebu-ubij-srbina-jeste-nas-dotaklo-i-to-je-uvreda-za-citavu-crnu-goru","status":"publish","type":"post","link":"https:\/\/dmcsrb.com\/en\/politika\/andric-skandiranje-u-zagrebu-ubij-srbina-jeste-nas-dotaklo-i-to-je-uvreda-za-citavu-crnu-goru\/","title":{"rendered":"Andri\u0107: Skandiranje u Zagrebu &#8220;Ubij Srbina&#8221; jeste nas dotaklo i to je uvreda za \u010ditavu Crnu Goru"},"content":{"rendered":"<p><\/p>\n\n\n\n<p>Isti\u010de da ovo, na\u017ealost, nije prvi put da sportska nadmetanja postaju pozornica neprimjerenih skandiranja i opasnih poruka.<\/p>\n\n\n\n<p>&#8220;Razlika je u tome \u0161to su se ranijih godina ovakvi ispadi jasno i nedvosmisleno osu\u0111ivali sa svih relevantnih adresa. Sada, iz medija saznajemo da pomenuto skandiranje navodno \u201enije dotaklo na\u0161e navija\u010de\u201c, \u0161to nas dovodi do pitanja \u2013 ko to, zapravo, navija za Crnu Goru i \u0161ta \u0107emo sa svima nama koje nas je dotaklo? \u017delimo jasno da naglasimo: govor mr\u017enje je neprihvatljiv u svakom obliku. Nasilje je nasilje, bez obzira od koga dolazi i kome je upu\u0107eno. Takve poruke ne smiju ostati pre\u0107utane&#8221;, navela je Andri\u0107.<\/p>\n\n\n\n<p>Zbog toga pozivaju Fudbalski savez Crne Gore, UEFA i FIFA da se jasno odrede prema ovom incidentu, da osude i sankcioni\u0161u ovakvo pona\u0161anje i time poka\u017eu da sport ne smije biti prostor za \u0161irenje mr\u017enje i netrpeljivosti.<\/p>\n\n\n\n<p>&#8220;O\u010dekujemo i da doma\u0107e institucije u\u010dine svoj dio posla \u2013 jer za\u0161tita dostojanstva svih gra\u0111ana i gra\u0111anki Crne Gore ne smije biti selektivna. Na\u0161a je obaveza da reagujemo \u2013 uvijek i bez izuzetka. Jer kada se vrije\u0111a tre\u0107ina gra\u0111ana i gra\u0111anki Crne Gore, vrije\u0111a se sama dr\u017eava i njeni temelji&#8221;, kazala je Andri\u0107.<\/p>","protected":false},"excerpt":{"rendered":"<p>Ve\u0107 sam ranije ukazala da izgleda kako samo mr\u017enja ne poznaje ni odmor ni predah. Na\u017ealost, i ovoga puta to se potvrdilo \u2013 i to na mjestu gdje bismo najmanje \u017eeljeli da vidimo takve poruke. Tokom fudbalske utakmice Crne Gore i Hrvatske sa tribina se zaorio uzvik: \u201eUbij Srbina!\u201c, kazala je poslanica Pokreta Evropa sad, Jelenka Andri\u0107.<\/p>","protected":false},"author":1,"featured_media":951215,"comment_status":"open","ping_status":"open","sticky":false,"template":"","format":"standard","meta":{"_acf_changed":false,"footnotes":""},"categories":[12],"tags":[1989,7557,984],"naslovna":[],"class_list":["post-951214","post","type-post","status-publish","format-standard","has-post-thumbnail","hentry","category-politika","tag-fscg","tag-jelenka-andric","tag-pes"],"acf":[],"yoast_head":"<!-- This site is optimized with the Yoast SEO plugin v27.4 - https:\/\/yoast.com\/product\/yoast-seo-wordpress\/ -->\n<title>Andri\u0107: Skandiranje u Zagrebu &quot;Ubij Srbina&quot; jeste nas dotaklo i to je uvreda za \u010ditavu Crnu Goru - dmcsrb.com<\/title>\n<meta name=\"robots\" content=\"index, follow, max-snippet:-1, max-image-preview:large, max-video-preview:-1\" \/>\n<link rel=\"canonical\" href=\"https:\/\/dmcsrb.com\/en\/politika\/andric-skandiranje-u-zagrebu-ubij-srbina-jeste-nas-dotaklo-i-to-je-uvreda-za-citavu-crnu-goru\/\" \/>\n<meta property=\"og:locale\" content=\"en_GB\" \/>\n<meta property=\"og:type\" content=\"article\" \/>\n<meta property=\"og:title\" content=\"Andri\u0107: Skandiranje u Zagrebu &quot;Ubij Srbina&quot; jeste nas dotaklo i to je uvreda za \u010ditavu Crnu Goru - dmcsrb.com\" \/>\n<meta property=\"og:description\" content=\"Ve\u0107 sam ranije ukazala da izgleda kako samo mr\u017enja ne poznaje ni odmor ni predah. Na\u017ealost, i ovoga puta to se potvrdilo \u2013 i to na mjestu gdje bismo najmanje \u017eeljeli da vidimo takve poruke. Tokom fudbalske utakmice Crne Gore i Hrvatske sa tribina se zaorio uzvik: \u201eUbij Srbina!\u201c, kazala je poslanica Pokreta Evropa sad, Jelenka Andri\u0107.\" \/>\n<meta property=\"og:url\" content=\"https:\/\/dmcsrb.com\/en\/politika\/andric-skandiranje-u-zagrebu-ubij-srbina-jeste-nas-dotaklo-i-to-je-uvreda-za-citavu-crnu-goru\/\" \/>\n<meta property=\"og:site_name\" content=\"dmcsrb.com\" \/>\n<meta property=\"article:published_time\" content=\"2025-09-09T18:42:30+00:00\" \/>\n<meta property=\"og:image\" content=\"https:\/\/dmcsrb.com\/wp-content\/uploads\/2026\/01\/Jelenka-Andric.webp\" \/>\n\t<meta property=\"og:image:width\" content=\"2560\" \/>\n\t<meta property=\"og:image:height\" content=\"1707\" \/>\n\t<meta property=\"og:image:type\" content=\"image\/jpeg\" \/>\n<meta name=\"author\" content=\"dmcsrbija.com@gmail.com\" \/>\n<meta name=\"twitter:card\" content=\"summary_large_image\" \/>\n<meta name=\"twitter:label1\" content=\"Written by\" \/>\n\t<meta name=\"twitter:data1\" content=\"dmcsrbija.com@gmail.com\" \/>\n\t<meta name=\"twitter:label2\" content=\"Estimated reading time\" \/>\n\t<meta name=\"twitter:data2\" content=\"1 minute\" \/>\n<script type=\"application\/ld+json\" class=\"yoast-schema-graph\">{\"@context\":\"https:\\\/\\\/schema.org\",\"@graph\":[{\"@type\":\"Article\",\"@id\":\"https:\\\/\\\/dmcsrb.com\\\/politika\\\/andric-skandiranje-u-zagrebu-ubij-srbina-jeste-nas-dotaklo-i-to-je-uvreda-za-citavu-crnu-goru\\\/#article\",\"isPartOf\":{\"@id\":\"https:\\\/\\\/dmcsrb.com\\\/politika\\\/andric-skandiranje-u-zagrebu-ubij-srbina-jeste-nas-dotaklo-i-to-je-uvreda-za-citavu-crnu-goru\\\/\"},\"author\":{\"name\":\"dmcsrbija.com@gmail.com\",\"@id\":\"https:\\\/\\\/dmcsrb.com\\\/#\\\/schema\\\/person\\\/5c39170f12db1b8b457732d0b5c854e2\"},\"headline\":\"Andri\u0107: Skandiranje u Zagrebu &#8220;Ubij Srbina&#8221; jeste nas dotaklo i to je uvreda za \u010ditavu Crnu Goru\",\"datePublished\":\"2025-09-09T18:42:30+00:00\",\"mainEntityOfPage\":{\"@id\":\"https:\\\/\\\/dmcsrb.com\\\/politika\\\/andric-skandiranje-u-zagrebu-ubij-srbina-jeste-nas-dotaklo-i-to-je-uvreda-za-citavu-crnu-goru\\\/\"},\"wordCount\":232,\"commentCount\":0,\"image\":{\"@id\":\"https:\\\/\\\/dmcsrb.com\\\/politika\\\/andric-skandiranje-u-zagrebu-ubij-srbina-jeste-nas-dotaklo-i-to-je-uvreda-za-citavu-crnu-goru\\\/#primaryimage\"},\"thumbnailUrl\":\"https:\\\/\\\/dmcsrb.com\\\/wp-content\\\/uploads\\\/2026\\\/01\\\/Jelenka-Andric.webp\",\"keywords\":[\"FSCG\",\"jelenka andri\u0107\",\"PES\"],\"articleSection\":[\"Politika\"],\"inLanguage\":\"en-GB\",\"potentialAction\":[{\"@type\":\"CommentAction\",\"name\":\"Comment\",\"target\":[\"https:\\\/\\\/dmcsrb.com\\\/politika\\\/andric-skandiranje-u-zagrebu-ubij-srbina-jeste-nas-dotaklo-i-to-je-uvreda-za-citavu-crnu-goru\\\/#respond\"]}]},{\"@type\":\"WebPage\",\"@id\":\"https:\\\/\\\/dmcsrb.com\\\/politika\\\/andric-skandiranje-u-zagrebu-ubij-srbina-jeste-nas-dotaklo-i-to-je-uvreda-za-citavu-crnu-goru\\\/\",\"url\":\"https:\\\/\\\/dmcsrb.com\\\/politika\\\/andric-skandiranje-u-zagrebu-ubij-srbina-jeste-nas-dotaklo-i-to-je-uvreda-za-citavu-crnu-goru\\\/\",\"name\":\"Andri\u0107: Skandiranje u Zagrebu \\\"Ubij Srbina\\\" jeste nas dotaklo i to je uvreda za \u010ditavu Crnu Goru - dmcsrb.com\",\"isPartOf\":{\"@id\":\"https:\\\/\\\/dmcsrb.com\\\/#website\"},\"primaryImageOfPage\":{\"@id\":\"https:\\\/\\\/dmcsrb.com\\\/politika\\\/andric-skandiranje-u-zagrebu-ubij-srbina-jeste-nas-dotaklo-i-to-je-uvreda-za-citavu-crnu-goru\\\/#primaryimage\"},\"image\":{\"@id\":\"https:\\\/\\\/dmcsrb.com\\\/politika\\\/andric-skandiranje-u-zagrebu-ubij-srbina-jeste-nas-dotaklo-i-to-je-uvreda-za-citavu-crnu-goru\\\/#primaryimage\"},\"thumbnailUrl\":\"https:\\\/\\\/dmcsrb.com\\\/wp-content\\\/uploads\\\/2026\\\/01\\\/Jelenka-Andric.webp\",\"datePublished\":\"2025-09-09T18:42:30+00:00\",\"author\":{\"@id\":\"https:\\\/\\\/dmcsrb.com\\\/#\\\/schema\\\/person\\\/5c39170f12db1b8b457732d0b5c854e2\"},\"breadcrumb\":{\"@id\":\"https:\\\/\\\/dmcsrb.com\\\/politika\\\/andric-skandiranje-u-zagrebu-ubij-srbina-jeste-nas-dotaklo-i-to-je-uvreda-za-citavu-crnu-goru\\\/#breadcrumb\"},\"inLanguage\":\"en-GB\",\"potentialAction\":[{\"@type\":\"ReadAction\",\"target\":[\"https:\\\/\\\/dmcsrb.com\\\/politika\\\/andric-skandiranje-u-zagrebu-ubij-srbina-jeste-nas-dotaklo-i-to-je-uvreda-za-citavu-crnu-goru\\\/\"]}]},{\"@type\":\"ImageObject\",\"inLanguage\":\"en-GB\",\"@id\":\"https:\\\/\\\/dmcsrb.com\\\/politika\\\/andric-skandiranje-u-zagrebu-ubij-srbina-jeste-nas-dotaklo-i-to-je-uvreda-za-citavu-crnu-goru\\\/#primaryimage\",\"url\":\"https:\\\/\\\/dmcsrb.com\\\/wp-content\\\/uploads\\\/2026\\\/01\\\/Jelenka-Andric.webp\",\"contentUrl\":\"https:\\\/\\\/dmcsrb.com\\\/wp-content\\\/uploads\\\/2026\\\/01\\\/Jelenka-Andric.webp\",\"width\":2560,\"height\":1707},{\"@type\":\"BreadcrumbList\",\"@id\":\"https:\\\/\\\/dmcsrb.com\\\/politika\\\/andric-skandiranje-u-zagrebu-ubij-srbina-jeste-nas-dotaklo-i-to-je-uvreda-za-citavu-crnu-goru\\\/#breadcrumb\",\"itemListElement\":[{\"@type\":\"ListItem\",\"position\":1,\"name\":\"Home\",\"item\":\"https:\\\/\\\/dmcsrb.com\\\/\"},{\"@type\":\"ListItem\",\"position\":2,\"name\":\"Andri\u0107: Skandiranje u Zagrebu &#8220;Ubij Srbina&#8221; jeste nas dotaklo i to je uvreda za \u010ditavu Crnu Goru\"}]},{\"@type\":\"WebSite\",\"@id\":\"https:\\\/\\\/dmcsrb.com\\\/#website\",\"url\":\"https:\\\/\\\/dmcsrb.com\\\/\",\"name\":\"dmcsrb.com\",\"description\":\"\",\"potentialAction\":[{\"@type\":\"SearchAction\",\"target\":{\"@type\":\"EntryPoint\",\"urlTemplate\":\"https:\\\/\\\/dmcsrb.com\\\/?s={search_term_string}\"},\"query-input\":{\"@type\":\"PropertyValueSpecification\",\"valueRequired\":true,\"valueName\":\"search_term_string\"}}],\"inLanguage\":\"en-GB\"},{\"@type\":\"Person\",\"@id\":\"https:\\\/\\\/dmcsrb.com\\\/#\\\/schema\\\/person\\\/5c39170f12db1b8b457732d0b5c854e2\",\"name\":\"dmcsrbija.com@gmail.com\",\"image\":{\"@type\":\"ImageObject\",\"inLanguage\":\"en-GB\",\"@id\":\"https:\\\/\\\/secure.gravatar.com\\\/avatar\\\/68592660ad6347fad0fb587f8d5d8f1a7b44961362f56e4f2cd524feb87e9069?s=96&d=mm&r=g\",\"url\":\"https:\\\/\\\/secure.gravatar.com\\\/avatar\\\/68592660ad6347fad0fb587f8d5d8f1a7b44961362f56e4f2cd524feb87e9069?s=96&d=mm&r=g\",\"contentUrl\":\"https:\\\/\\\/secure.gravatar.com\\\/avatar\\\/68592660ad6347fad0fb587f8d5d8f1a7b44961362f56e4f2cd524feb87e9069?s=96&d=mm&r=g\",\"caption\":\"dmcsrbija.com@gmail.com\"},\"sameAs\":[\"https:\\\/\\\/dmcsrb.com\"],\"url\":\"https:\\\/\\\/dmcsrb.com\\\/en\\\/author\\\/dmcsrbija-comgmail-com\\\/\"}]}<\/script>\n<!-- \/ Yoast SEO plugin. -->","yoast_head_json":{"title":"Andri\u0107: Skandiranje u Zagrebu \"Ubij Srbina\" jeste nas dotaklo i to je uvreda za \u010ditavu Crnu Goru - dmcsrb.com","robots":{"index":"index","follow":"follow","max-snippet":"max-snippet:-1","max-image-preview":"max-image-preview:large","max-video-preview":"max-video-preview:-1"},"canonical":"https:\/\/dmcsrb.com\/en\/politika\/andric-skandiranje-u-zagrebu-ubij-srbina-jeste-nas-dotaklo-i-to-je-uvreda-za-citavu-crnu-goru\/","og_locale":"en_GB","og_type":"article","og_title":"Andri\u0107: Skandiranje u Zagrebu \"Ubij Srbina\" jeste nas dotaklo i to je uvreda za \u010ditavu Crnu Goru - dmcsrb.com","og_description":"Ve\u0107 sam ranije ukazala da izgleda kako samo mr\u017enja ne poznaje ni odmor ni predah. Na\u017ealost, i ovoga puta to se potvrdilo \u2013 i to na mjestu gdje bismo najmanje \u017eeljeli da vidimo takve poruke. Tokom fudbalske utakmice Crne Gore i Hrvatske sa tribina se zaorio uzvik: \u201eUbij Srbina!\u201c, kazala je poslanica Pokreta Evropa sad, Jelenka Andri\u0107.","og_url":"https:\/\/dmcsrb.com\/en\/politika\/andric-skandiranje-u-zagrebu-ubij-srbina-jeste-nas-dotaklo-i-to-je-uvreda-za-citavu-crnu-goru\/","og_site_name":"dmcsrb.com","article_published_time":"2025-09-09T18:42:30+00:00","og_image":[{"width":2560,"height":1707,"url":"https:\/\/dmcsrb.com\/wp-content\/uploads\/2026\/01\/Jelenka-Andric.webp","type":"image\/jpeg"}],"author":"dmcsrbija.com@gmail.com","twitter_card":"summary_large_image","twitter_misc":{"Written by":"dmcsrbija.com@gmail.com","Estimated reading time":"1 minute"},"schema":{"@context":"https:\/\/schema.org","@graph":[{"@type":"Article","@id":"https:\/\/dmcsrb.com\/politika\/andric-skandiranje-u-zagrebu-ubij-srbina-jeste-nas-dotaklo-i-to-je-uvreda-za-citavu-crnu-goru\/#article","isPartOf":{"@id":"https:\/\/dmcsrb.com\/politika\/andric-skandiranje-u-zagrebu-ubij-srbina-jeste-nas-dotaklo-i-to-je-uvreda-za-citavu-crnu-goru\/"},"author":{"name":"dmcsrbija.com@gmail.com","@id":"https:\/\/dmcsrb.com\/#\/schema\/person\/5c39170f12db1b8b457732d0b5c854e2"},"headline":"Andri\u0107: Skandiranje u Zagrebu &#8220;Ubij Srbina&#8221; jeste nas dotaklo i to je uvreda za \u010ditavu Crnu Goru","datePublished":"2025-09-09T18:42:30+00:00","mainEntityOfPage":{"@id":"https:\/\/dmcsrb.com\/politika\/andric-skandiranje-u-zagrebu-ubij-srbina-jeste-nas-dotaklo-i-to-je-uvreda-za-citavu-crnu-goru\/"},"wordCount":232,"commentCount":0,"image":{"@id":"https:\/\/dmcsrb.com\/politika\/andric-skandiranje-u-zagrebu-ubij-srbina-jeste-nas-dotaklo-i-to-je-uvreda-za-citavu-crnu-goru\/#primaryimage"},"thumbnailUrl":"https:\/\/dmcsrb.com\/wp-content\/uploads\/2026\/01\/Jelenka-Andric.webp","keywords":["FSCG","jelenka andri\u0107","PES"],"articleSection":["Politika"],"inLanguage":"en-GB","potentialAction":[{"@type":"CommentAction","name":"Comment","target":["https:\/\/dmcsrb.com\/politika\/andric-skandiranje-u-zagrebu-ubij-srbina-jeste-nas-dotaklo-i-to-je-uvreda-za-citavu-crnu-goru\/#respond"]}]},{"@type":"WebPage","@id":"https:\/\/dmcsrb.com\/politika\/andric-skandiranje-u-zagrebu-ubij-srbina-jeste-nas-dotaklo-i-to-je-uvreda-za-citavu-crnu-goru\/","url":"https:\/\/dmcsrb.com\/politika\/andric-skandiranje-u-zagrebu-ubij-srbina-jeste-nas-dotaklo-i-to-je-uvreda-za-citavu-crnu-goru\/","name":"Andri\u0107: Skandiranje u Zagrebu \"Ubij Srbina\" jeste nas dotaklo i to je uvreda za \u010ditavu Crnu Goru - dmcsrb.com","isPartOf":{"@id":"https:\/\/dmcsrb.com\/#website"},"primaryImageOfPage":{"@id":"https:\/\/dmcsrb.com\/politika\/andric-skandiranje-u-zagrebu-ubij-srbina-jeste-nas-dotaklo-i-to-je-uvreda-za-citavu-crnu-goru\/#primaryimage"},"image":{"@id":"https:\/\/dmcsrb.com\/politika\/andric-skandiranje-u-zagrebu-ubij-srbina-jeste-nas-dotaklo-i-to-je-uvreda-za-citavu-crnu-goru\/#primaryimage"},"thumbnailUrl":"https:\/\/dmcsrb.com\/wp-content\/uploads\/2026\/01\/Jelenka-Andric.webp","datePublished":"2025-09-09T18:42:30+00:00","author":{"@id":"https:\/\/dmcsrb.com\/#\/schema\/person\/5c39170f12db1b8b457732d0b5c854e2"},"breadcrumb":{"@id":"https:\/\/dmcsrb.com\/politika\/andric-skandiranje-u-zagrebu-ubij-srbina-jeste-nas-dotaklo-i-to-je-uvreda-za-citavu-crnu-goru\/#breadcrumb"},"inLanguage":"en-GB","potentialAction":[{"@type":"ReadAction","target":["https:\/\/dmcsrb.com\/politika\/andric-skandiranje-u-zagrebu-ubij-srbina-jeste-nas-dotaklo-i-to-je-uvreda-za-citavu-crnu-goru\/"]}]},{"@type":"ImageObject","inLanguage":"en-GB","@id":"https:\/\/dmcsrb.com\/politika\/andric-skandiranje-u-zagrebu-ubij-srbina-jeste-nas-dotaklo-i-to-je-uvreda-za-citavu-crnu-goru\/#primaryimage","url":"https:\/\/dmcsrb.com\/wp-content\/uploads\/2026\/01\/Jelenka-Andric.webp","contentUrl":"https:\/\/dmcsrb.com\/wp-content\/uploads\/2026\/01\/Jelenka-Andric.webp","width":2560,"height":1707},{"@type":"BreadcrumbList","@id":"https:\/\/dmcsrb.com\/politika\/andric-skandiranje-u-zagrebu-ubij-srbina-jeste-nas-dotaklo-i-to-je-uvreda-za-citavu-crnu-goru\/#breadcrumb","itemListElement":[{"@type":"ListItem","position":1,"name":"Home","item":"https:\/\/dmcsrb.com\/"},{"@type":"ListItem","position":2,"name":"Andri\u0107: Skandiranje u Zagrebu &#8220;Ubij Srbina&#8221; jeste nas dotaklo i to je uvreda za \u010ditavu Crnu Goru"}]},{"@type":"WebSite","@id":"https:\/\/dmcsrb.com\/#website","url":"https:\/\/dmcsrb.com\/","name":"dmcsrb.com","description":"","potentialAction":[{"@type":"SearchAction","target":{"@type":"EntryPoint","urlTemplate":"https:\/\/dmcsrb.com\/?s={search_term_string}"},"query-input":{"@type":"PropertyValueSpecification","valueRequired":true,"valueName":"search_term_string"}}],"inLanguage":"en-GB"},{"@type":"Person","@id":"https:\/\/dmcsrb.com\/#\/schema\/person\/5c39170f12db1b8b457732d0b5c854e2","name":"dmcsrbija.com@gmail.com","image":{"@type":"ImageObject","inLanguage":"en-GB","@id":"https:\/\/secure.gravatar.com\/avatar\/68592660ad6347fad0fb587f8d5d8f1a7b44961362f56e4f2cd524feb87e9069?s=96&d=mm&r=g","url":"https:\/\/secure.gravatar.com\/avatar\/68592660ad6347fad0fb587f8d5d8f1a7b44961362f56e4f2cd524feb87e9069?s=96&d=mm&r=g","contentUrl":"https:\/\/secure.gravatar.com\/avatar\/68592660ad6347fad0fb587f8d5d8f1a7b44961362f56e4f2cd524feb87e9069?s=96&d=mm&r=g","caption":"dmcsrbija.com@gmail.com"},"sameAs":["https:\/\/dmcsrb.com"],"url":"https:\/\/dmcsrb.com\/en\/author\/dmcsrbija-comgmail-com\/"}]}},"_links":{"self":[{"href":"https:\/\/dmcsrb.com\/en\/wp-json\/wp\/v2\/posts\/951214","targetHints":{"allow":["GET"]}}],"collection":[{"href":"https:\/\/dmcsrb.com\/en\/wp-json\/wp\/v2\/posts"}],"about":[{"href":"https:\/\/dmcsrb.com\/en\/wp-json\/wp\/v2\/types\/post"}],"author":[{"embeddable":true,"href":"https:\/\/dmcsrb.com\/en\/wp-json\/wp\/v2\/users\/1"}],"replies":[{"embeddable":true,"href":"https:\/\/dmcsrb.com\/en\/wp-json\/wp\/v2\/comments?post=951214"}],"version-history":[{"count":0,"href":"https:\/\/dmcsrb.com\/en\/wp-json\/wp\/v2\/posts\/951214\/revisions"}],"wp:featuredmedia":[{"embeddable":true,"href":"https:\/\/dmcsrb.com\/en\/wp-json\/wp\/v2\/media\/951215"}],"wp:attachment":[{"href":"https:\/\/dmcsrb.com\/en\/wp-json\/wp\/v2\/media?parent=951214"}],"wp:term":[{"taxonomy":"category","embeddable":true,"href":"https:\/\/dmcsrb.com\/en\/wp-json\/wp\/v2\/categories?post=951214"},{"taxonomy":"post_tag","embeddable":true,"href":"https:\/\/dmcsrb.com\/en\/wp-json\/wp\/v2\/tags?post=951214"},{"taxonomy":"naslovna","embeddable":true,"href":"https:\/\/dmcsrb.com\/en\/wp-json\/wp\/v2\/naslovna?post=951214"}],"curies":[{"name":"wp","href":"https:\/\/api.w.org\/{rel}","templated":true}]}}