{"id":951199,"date":"2025-09-09T20:02:00","date_gmt":"2025-09-09T18:02:00","guid":{"rendered":"https:\/\/dmcsrb.com\/uncategorized\/djukanovic-i-vukanic-srusili-svedsku-u-sudijskoj-nadoknadi\/"},"modified":"2025-09-09T20:02:00","modified_gmt":"2025-09-09T18:02:00","slug":"djukanovic-i-vukanic-srusili-svedsku-u-sudijskoj-nadoknadi","status":"publish","type":"post","link":"https:\/\/dmcsrb.com\/en\/sport\/djukanovic-i-vukanic-srusili-svedsku-u-sudijskoj-nadoknadi\/","title":{"rendered":"\u0110ukanovi\u0107 i Vukani\u0107 sru\u0161ili \u0160vedsku u sudijskoj nadoknadi"},"content":{"rendered":"<p>Tako je Crna Gora upisala prva tri boda, nakon \u0161to je prije \u010detiri dana pora\u017eena nakon preokreta od Italije (2:1). <\/p>\n\n\n\n<p>Izabranici Gorana Peri\u0161i\u0107a bili su bolji rival, a do cijelog plijena stigli su u foto-fini\u0161u golovima Viktora \u0110ukanovi\u0107a u 95. i Danila Vukani\u0107a u 100. minutu. <\/p>\n\n\n\n<p>Pored ova dva pogotka, na\u0161 nacionalni tim dva puta je pogodio okvir gola, ali na kraju se sve vratilo kada je najsla\u0111e &#8211; u sudijskoj nadoknadi. <\/p>\n\n\n\n<p>Ve\u0107 u petom minutu ogromna \u0161ansa za doma\u0107u selekciju. Nikola Vukovi\u0107 je centrirao, a Vladimir Peri\u0161i\u0107 glavom uzdrmao okvir gola.<\/p>\n\n\n\n<p>Odgovorili su gosti u 19. minutu, kada je Mateo Perez Vinlof \u0161utirao sa distance, ali je golman Benjamin Krije\u0161tarac dobro intervenisao. <\/p>\n\n\n\n<p>Sredinom prvog dijela Andrej Kosti\u0107 je ima zicer, ali je sa pet metara \u0161utirao preko gola. <\/p>\n\n\n\n<p>Samo minut kasnije velika prilika na drugoj strani &#8211; poslije velike gu\u017eve u na\u0161em \u0161esnaestercu, lopta se uz dosta sre\u0107e odbila do Markusa Karlsona, koji je \u0161utirao sa \u0161est-sedam metara, ali je Marko Perovi\u0107 sjajno reagovao na gol-liniji i glavom izbacio loptu preko pre\u010dke. <\/p>\n\n\n\n<p>U tre\u0107em minutu nastavka na\u0161i su tra\u017eili penal, jer je Hampus Skoglund igrao rukom, \u0161to se moglo vidjeti na ponovoljenom snimku, ali glavni arbitar De Gabrijele samo je odmahnuo rukom.<\/p>\n\n\n\n<p>Nije bilo u uzbu\u0111enja u drugog dijelu, sve do 67. minuta, kada je Dragan Miranovi\u0107 sa ivice kaznenog prostora pogodio stativu. <\/p>\n\n\n\n<p>Na isteku 90. minuta Bal\u0161a Mrvaljevi\u0107 je \u0161utirao iskosa sa desne strane, ali dobro je bio postavljen golman gostiju. <\/p>\n\n\n\n<p>U drugom minutu sudijske nadoknade Viktor \u0110ukanovi\u0107 je u svom stilu u\u0161ao u sredinu, ali \u0161utirao je sa oko 18 metara malo preko pre\u010dke.<\/p>\n\n\n\n<p>Me\u0111utim, ono \u0161to nije uspio tada, jeste tri minuta kasnije. Sjajna timska akcija koju je krunisao \u0110ukanovi\u0107 na dodavanje Meda Jukovi\u0107a, a gol ide na du\u0161u golmana Elisa Bishesarija kom je lopta pro\u0161la ispod ruke&#8230;<\/p>\n\n\n\n<p>U samom fini\u0161u Skandinavci su ostali sa igra\u010dem manje, nakon \u0161to je \u017deremi Agbonifo dobio crveni karton zbog udaranja Peri\u0161i\u0107a. <\/p>\n\n\n\n<p>Ta\u010dku na me\u010d stavio je Danilo Vukani\u0107 &#8220;bombom&#8221; sa 20 metara. Ponovo je asistent bio Jukovi\u0107 koji je u\u0161ao u drugom dijelu.<\/p>\n\n\n\n<p>U ranijem terminu Poljska je ubjedljivo slavila na gostovanju Jermeniji (4:0), dok je Italija te\u017ee od o\u010dekivanog do\u0161la do minimalne pobjede protiv Sjeverne Makedonije u Bitolju. Nakon dva kola, Italija i Poljska imaju maksimalnih \u0161est bodova, Crna Gora i \u0160vedska po tri, dok su Sjeverna Makedonija i Jermenija bez bodova.<\/p>\n\n\n\n<p>Crna Gora \u0107e u novembru odigrati dva me\u010da. Prvo \u0107e 10. gostovati Poljskoj, a potom \u0107e \u010detiri dana kasnije do\u010dekati Sjevernu Makedoniju.<\/p>","protected":false},"excerpt":{"rendered":"<p>Kona\u010dno malo radosti za crnogorski reprezentativni fudbal &#8211; na\u0161a mlada selekcija (U21) savladala je ve\u010deras \u0160vedsku  (2:0) pred sablasno praznim tribinama stadiona &#8220;pod Goricom&#8221;, u utakmici drugog kola grupe E kvalifikacija za Evropsko prvenstvo.<\/p>","protected":false},"author":1,"featured_media":951200,"comment_status":"open","ping_status":"open","sticky":false,"template":"","format":"standard","meta":{"_acf_changed":false,"footnotes":""},"categories":[148],"tags":[262,7480,6807,7481],"naslovna":[],"class_list":["post-951199","post","type-post","status-publish","format-standard","has-post-thumbnail","hentry","category-sport","tag-danilo-vukanic","tag-kvalifikacije-za-euro-u21","tag-mlada-fudbalska-reprezentacija-crne-gore","tag-mlada-fudbalska-reprezentacija-svedske"],"acf":[],"yoast_head":"<!-- This site is optimized with the Yoast SEO plugin v27.4 - https:\/\/yoast.com\/product\/yoast-seo-wordpress\/ -->\n<title>\u0110ukanovi\u0107 i Vukani\u0107 sru\u0161ili \u0160vedsku u sudijskoj nadoknadi - dmcsrb.com<\/title>\n<meta name=\"robots\" content=\"index, follow, max-snippet:-1, max-image-preview:large, max-video-preview:-1\" \/>\n<link rel=\"canonical\" href=\"https:\/\/dmcsrb.com\/en\/sport\/djukanovic-i-vukanic-srusili-svedsku-u-sudijskoj-nadoknadi\/\" \/>\n<meta property=\"og:locale\" content=\"en_GB\" \/>\n<meta property=\"og:type\" content=\"article\" \/>\n<meta property=\"og:title\" content=\"\u0110ukanovi\u0107 i Vukani\u0107 sru\u0161ili \u0160vedsku u sudijskoj nadoknadi - dmcsrb.com\" \/>\n<meta property=\"og:description\" content=\"Kona\u010dno malo radosti za crnogorski reprezentativni fudbal - na\u0161a mlada selekcija (U21) savladala je ve\u010deras \u0160vedsku (2:0) pred sablasno praznim tribinama stadiona &quot;pod Goricom&quot;, u utakmici drugog kola grupe E kvalifikacija za Evropsko prvenstvo.\" \/>\n<meta property=\"og:url\" content=\"https:\/\/dmcsrb.com\/en\/sport\/djukanovic-i-vukanic-srusili-svedsku-u-sudijskoj-nadoknadi\/\" \/>\n<meta property=\"og:site_name\" content=\"dmcsrb.com\" \/>\n<meta property=\"article:published_time\" content=\"2025-09-09T18:02:00+00:00\" \/>\n<meta property=\"og:image\" content=\"https:\/\/dmcsrb.com\/wp-content\/uploads\/2026\/01\/Mladi-sokoli-U21-FSCG.webp\" \/>\n\t<meta property=\"og:image:width\" content=\"1152\" \/>\n\t<meta property=\"og:image:height\" content=\"800\" \/>\n\t<meta property=\"og:image:type\" content=\"image\/jpeg\" \/>\n<meta name=\"author\" content=\"dmcsrbija.com@gmail.com\" \/>\n<meta name=\"twitter:card\" content=\"summary_large_image\" \/>\n<meta name=\"twitter:label1\" content=\"Written by\" \/>\n\t<meta name=\"twitter:data1\" content=\"dmcsrbija.com@gmail.com\" \/>\n\t<meta name=\"twitter:label2\" content=\"Estimated reading time\" \/>\n\t<meta name=\"twitter:data2\" content=\"2 minutes\" \/>\n<script type=\"application\/ld+json\" class=\"yoast-schema-graph\">{\"@context\":\"https:\\\/\\\/schema.org\",\"@graph\":[{\"@type\":\"Article\",\"@id\":\"https:\\\/\\\/dmcsrb.com\\\/sport\\\/djukanovic-i-vukanic-srusili-svedsku-u-sudijskoj-nadoknadi\\\/#article\",\"isPartOf\":{\"@id\":\"https:\\\/\\\/dmcsrb.com\\\/sport\\\/djukanovic-i-vukanic-srusili-svedsku-u-sudijskoj-nadoknadi\\\/\"},\"author\":{\"name\":\"dmcsrbija.com@gmail.com\",\"@id\":\"https:\\\/\\\/dmcsrb.com\\\/#\\\/schema\\\/person\\\/5c39170f12db1b8b457732d0b5c854e2\"},\"headline\":\"\u0110ukanovi\u0107 i Vukani\u0107 sru\u0161ili \u0160vedsku u sudijskoj nadoknadi\",\"datePublished\":\"2025-09-09T18:02:00+00:00\",\"mainEntityOfPage\":{\"@id\":\"https:\\\/\\\/dmcsrb.com\\\/sport\\\/djukanovic-i-vukanic-srusili-svedsku-u-sudijskoj-nadoknadi\\\/\"},\"wordCount\":451,\"commentCount\":0,\"image\":{\"@id\":\"https:\\\/\\\/dmcsrb.com\\\/sport\\\/djukanovic-i-vukanic-srusili-svedsku-u-sudijskoj-nadoknadi\\\/#primaryimage\"},\"thumbnailUrl\":\"https:\\\/\\\/dmcsrb.com\\\/wp-content\\\/uploads\\\/2026\\\/01\\\/Mladi-sokoli-U21-FSCG.webp\",\"keywords\":[\"Danilo Vukani\u0107\",\"kvalifikacije za EURO U21\",\"Mlada fudbalska reprezentacija Crne Gore\",\"Mlada fudbalska reprezentacija \u0160vedske\"],\"articleSection\":[\"Sport\"],\"inLanguage\":\"en-GB\",\"potentialAction\":[{\"@type\":\"CommentAction\",\"name\":\"Comment\",\"target\":[\"https:\\\/\\\/dmcsrb.com\\\/sport\\\/djukanovic-i-vukanic-srusili-svedsku-u-sudijskoj-nadoknadi\\\/#respond\"]}]},{\"@type\":\"WebPage\",\"@id\":\"https:\\\/\\\/dmcsrb.com\\\/sport\\\/djukanovic-i-vukanic-srusili-svedsku-u-sudijskoj-nadoknadi\\\/\",\"url\":\"https:\\\/\\\/dmcsrb.com\\\/sport\\\/djukanovic-i-vukanic-srusili-svedsku-u-sudijskoj-nadoknadi\\\/\",\"name\":\"\u0110ukanovi\u0107 i Vukani\u0107 sru\u0161ili \u0160vedsku u sudijskoj nadoknadi - dmcsrb.com\",\"isPartOf\":{\"@id\":\"https:\\\/\\\/dmcsrb.com\\\/#website\"},\"primaryImageOfPage\":{\"@id\":\"https:\\\/\\\/dmcsrb.com\\\/sport\\\/djukanovic-i-vukanic-srusili-svedsku-u-sudijskoj-nadoknadi\\\/#primaryimage\"},\"image\":{\"@id\":\"https:\\\/\\\/dmcsrb.com\\\/sport\\\/djukanovic-i-vukanic-srusili-svedsku-u-sudijskoj-nadoknadi\\\/#primaryimage\"},\"thumbnailUrl\":\"https:\\\/\\\/dmcsrb.com\\\/wp-content\\\/uploads\\\/2026\\\/01\\\/Mladi-sokoli-U21-FSCG.webp\",\"datePublished\":\"2025-09-09T18:02:00+00:00\",\"author\":{\"@id\":\"https:\\\/\\\/dmcsrb.com\\\/#\\\/schema\\\/person\\\/5c39170f12db1b8b457732d0b5c854e2\"},\"breadcrumb\":{\"@id\":\"https:\\\/\\\/dmcsrb.com\\\/sport\\\/djukanovic-i-vukanic-srusili-svedsku-u-sudijskoj-nadoknadi\\\/#breadcrumb\"},\"inLanguage\":\"en-GB\",\"potentialAction\":[{\"@type\":\"ReadAction\",\"target\":[\"https:\\\/\\\/dmcsrb.com\\\/sport\\\/djukanovic-i-vukanic-srusili-svedsku-u-sudijskoj-nadoknadi\\\/\"]}]},{\"@type\":\"ImageObject\",\"inLanguage\":\"en-GB\",\"@id\":\"https:\\\/\\\/dmcsrb.com\\\/sport\\\/djukanovic-i-vukanic-srusili-svedsku-u-sudijskoj-nadoknadi\\\/#primaryimage\",\"url\":\"https:\\\/\\\/dmcsrb.com\\\/wp-content\\\/uploads\\\/2026\\\/01\\\/Mladi-sokoli-U21-FSCG.webp\",\"contentUrl\":\"https:\\\/\\\/dmcsrb.com\\\/wp-content\\\/uploads\\\/2026\\\/01\\\/Mladi-sokoli-U21-FSCG.webp\",\"width\":1152,\"height\":800},{\"@type\":\"BreadcrumbList\",\"@id\":\"https:\\\/\\\/dmcsrb.com\\\/sport\\\/djukanovic-i-vukanic-srusili-svedsku-u-sudijskoj-nadoknadi\\\/#breadcrumb\",\"itemListElement\":[{\"@type\":\"ListItem\",\"position\":1,\"name\":\"Home\",\"item\":\"https:\\\/\\\/dmcsrb.com\\\/\"},{\"@type\":\"ListItem\",\"position\":2,\"name\":\"\u0110ukanovi\u0107 i Vukani\u0107 sru\u0161ili \u0160vedsku u sudijskoj nadoknadi\"}]},{\"@type\":\"WebSite\",\"@id\":\"https:\\\/\\\/dmcsrb.com\\\/#website\",\"url\":\"https:\\\/\\\/dmcsrb.com\\\/\",\"name\":\"dmcsrb.com\",\"description\":\"\",\"potentialAction\":[{\"@type\":\"SearchAction\",\"target\":{\"@type\":\"EntryPoint\",\"urlTemplate\":\"https:\\\/\\\/dmcsrb.com\\\/?s={search_term_string}\"},\"query-input\":{\"@type\":\"PropertyValueSpecification\",\"valueRequired\":true,\"valueName\":\"search_term_string\"}}],\"inLanguage\":\"en-GB\"},{\"@type\":\"Person\",\"@id\":\"https:\\\/\\\/dmcsrb.com\\\/#\\\/schema\\\/person\\\/5c39170f12db1b8b457732d0b5c854e2\",\"name\":\"dmcsrbija.com@gmail.com\",\"image\":{\"@type\":\"ImageObject\",\"inLanguage\":\"en-GB\",\"@id\":\"https:\\\/\\\/secure.gravatar.com\\\/avatar\\\/68592660ad6347fad0fb587f8d5d8f1a7b44961362f56e4f2cd524feb87e9069?s=96&d=mm&r=g\",\"url\":\"https:\\\/\\\/secure.gravatar.com\\\/avatar\\\/68592660ad6347fad0fb587f8d5d8f1a7b44961362f56e4f2cd524feb87e9069?s=96&d=mm&r=g\",\"contentUrl\":\"https:\\\/\\\/secure.gravatar.com\\\/avatar\\\/68592660ad6347fad0fb587f8d5d8f1a7b44961362f56e4f2cd524feb87e9069?s=96&d=mm&r=g\",\"caption\":\"dmcsrbija.com@gmail.com\"},\"sameAs\":[\"https:\\\/\\\/dmcsrb.com\"],\"url\":\"https:\\\/\\\/dmcsrb.com\\\/en\\\/author\\\/dmcsrbija-comgmail-com\\\/\"}]}<\/script>\n<!-- \/ Yoast SEO plugin. -->","yoast_head_json":{"title":"\u0110ukanovi\u0107 i Vukani\u0107 sru\u0161ili \u0160vedsku u sudijskoj nadoknadi - dmcsrb.com","robots":{"index":"index","follow":"follow","max-snippet":"max-snippet:-1","max-image-preview":"max-image-preview:large","max-video-preview":"max-video-preview:-1"},"canonical":"https:\/\/dmcsrb.com\/en\/sport\/djukanovic-i-vukanic-srusili-svedsku-u-sudijskoj-nadoknadi\/","og_locale":"en_GB","og_type":"article","og_title":"\u0110ukanovi\u0107 i Vukani\u0107 sru\u0161ili \u0160vedsku u sudijskoj nadoknadi - dmcsrb.com","og_description":"Kona\u010dno malo radosti za crnogorski reprezentativni fudbal - na\u0161a mlada selekcija (U21) savladala je ve\u010deras \u0160vedsku (2:0) pred sablasno praznim tribinama stadiona \"pod Goricom\", u utakmici drugog kola grupe E kvalifikacija za Evropsko prvenstvo.","og_url":"https:\/\/dmcsrb.com\/en\/sport\/djukanovic-i-vukanic-srusili-svedsku-u-sudijskoj-nadoknadi\/","og_site_name":"dmcsrb.com","article_published_time":"2025-09-09T18:02:00+00:00","og_image":[{"width":1152,"height":800,"url":"https:\/\/dmcsrb.com\/wp-content\/uploads\/2026\/01\/Mladi-sokoli-U21-FSCG.webp","type":"image\/jpeg"}],"author":"dmcsrbija.com@gmail.com","twitter_card":"summary_large_image","twitter_misc":{"Written by":"dmcsrbija.com@gmail.com","Estimated reading time":"2 minutes"},"schema":{"@context":"https:\/\/schema.org","@graph":[{"@type":"Article","@id":"https:\/\/dmcsrb.com\/sport\/djukanovic-i-vukanic-srusili-svedsku-u-sudijskoj-nadoknadi\/#article","isPartOf":{"@id":"https:\/\/dmcsrb.com\/sport\/djukanovic-i-vukanic-srusili-svedsku-u-sudijskoj-nadoknadi\/"},"author":{"name":"dmcsrbija.com@gmail.com","@id":"https:\/\/dmcsrb.com\/#\/schema\/person\/5c39170f12db1b8b457732d0b5c854e2"},"headline":"\u0110ukanovi\u0107 i Vukani\u0107 sru\u0161ili \u0160vedsku u sudijskoj nadoknadi","datePublished":"2025-09-09T18:02:00+00:00","mainEntityOfPage":{"@id":"https:\/\/dmcsrb.com\/sport\/djukanovic-i-vukanic-srusili-svedsku-u-sudijskoj-nadoknadi\/"},"wordCount":451,"commentCount":0,"image":{"@id":"https:\/\/dmcsrb.com\/sport\/djukanovic-i-vukanic-srusili-svedsku-u-sudijskoj-nadoknadi\/#primaryimage"},"thumbnailUrl":"https:\/\/dmcsrb.com\/wp-content\/uploads\/2026\/01\/Mladi-sokoli-U21-FSCG.webp","keywords":["Danilo Vukani\u0107","kvalifikacije za EURO U21","Mlada fudbalska reprezentacija Crne Gore","Mlada fudbalska reprezentacija \u0160vedske"],"articleSection":["Sport"],"inLanguage":"en-GB","potentialAction":[{"@type":"CommentAction","name":"Comment","target":["https:\/\/dmcsrb.com\/sport\/djukanovic-i-vukanic-srusili-svedsku-u-sudijskoj-nadoknadi\/#respond"]}]},{"@type":"WebPage","@id":"https:\/\/dmcsrb.com\/sport\/djukanovic-i-vukanic-srusili-svedsku-u-sudijskoj-nadoknadi\/","url":"https:\/\/dmcsrb.com\/sport\/djukanovic-i-vukanic-srusili-svedsku-u-sudijskoj-nadoknadi\/","name":"\u0110ukanovi\u0107 i Vukani\u0107 sru\u0161ili \u0160vedsku u sudijskoj nadoknadi - dmcsrb.com","isPartOf":{"@id":"https:\/\/dmcsrb.com\/#website"},"primaryImageOfPage":{"@id":"https:\/\/dmcsrb.com\/sport\/djukanovic-i-vukanic-srusili-svedsku-u-sudijskoj-nadoknadi\/#primaryimage"},"image":{"@id":"https:\/\/dmcsrb.com\/sport\/djukanovic-i-vukanic-srusili-svedsku-u-sudijskoj-nadoknadi\/#primaryimage"},"thumbnailUrl":"https:\/\/dmcsrb.com\/wp-content\/uploads\/2026\/01\/Mladi-sokoli-U21-FSCG.webp","datePublished":"2025-09-09T18:02:00+00:00","author":{"@id":"https:\/\/dmcsrb.com\/#\/schema\/person\/5c39170f12db1b8b457732d0b5c854e2"},"breadcrumb":{"@id":"https:\/\/dmcsrb.com\/sport\/djukanovic-i-vukanic-srusili-svedsku-u-sudijskoj-nadoknadi\/#breadcrumb"},"inLanguage":"en-GB","potentialAction":[{"@type":"ReadAction","target":["https:\/\/dmcsrb.com\/sport\/djukanovic-i-vukanic-srusili-svedsku-u-sudijskoj-nadoknadi\/"]}]},{"@type":"ImageObject","inLanguage":"en-GB","@id":"https:\/\/dmcsrb.com\/sport\/djukanovic-i-vukanic-srusili-svedsku-u-sudijskoj-nadoknadi\/#primaryimage","url":"https:\/\/dmcsrb.com\/wp-content\/uploads\/2026\/01\/Mladi-sokoli-U21-FSCG.webp","contentUrl":"https:\/\/dmcsrb.com\/wp-content\/uploads\/2026\/01\/Mladi-sokoli-U21-FSCG.webp","width":1152,"height":800},{"@type":"BreadcrumbList","@id":"https:\/\/dmcsrb.com\/sport\/djukanovic-i-vukanic-srusili-svedsku-u-sudijskoj-nadoknadi\/#breadcrumb","itemListElement":[{"@type":"ListItem","position":1,"name":"Home","item":"https:\/\/dmcsrb.com\/"},{"@type":"ListItem","position":2,"name":"\u0110ukanovi\u0107 i Vukani\u0107 sru\u0161ili \u0160vedsku u sudijskoj nadoknadi"}]},{"@type":"WebSite","@id":"https:\/\/dmcsrb.com\/#website","url":"https:\/\/dmcsrb.com\/","name":"dmcsrb.com","description":"","potentialAction":[{"@type":"SearchAction","target":{"@type":"EntryPoint","urlTemplate":"https:\/\/dmcsrb.com\/?s={search_term_string}"},"query-input":{"@type":"PropertyValueSpecification","valueRequired":true,"valueName":"search_term_string"}}],"inLanguage":"en-GB"},{"@type":"Person","@id":"https:\/\/dmcsrb.com\/#\/schema\/person\/5c39170f12db1b8b457732d0b5c854e2","name":"dmcsrbija.com@gmail.com","image":{"@type":"ImageObject","inLanguage":"en-GB","@id":"https:\/\/secure.gravatar.com\/avatar\/68592660ad6347fad0fb587f8d5d8f1a7b44961362f56e4f2cd524feb87e9069?s=96&d=mm&r=g","url":"https:\/\/secure.gravatar.com\/avatar\/68592660ad6347fad0fb587f8d5d8f1a7b44961362f56e4f2cd524feb87e9069?s=96&d=mm&r=g","contentUrl":"https:\/\/secure.gravatar.com\/avatar\/68592660ad6347fad0fb587f8d5d8f1a7b44961362f56e4f2cd524feb87e9069?s=96&d=mm&r=g","caption":"dmcsrbija.com@gmail.com"},"sameAs":["https:\/\/dmcsrb.com"],"url":"https:\/\/dmcsrb.com\/en\/author\/dmcsrbija-comgmail-com\/"}]}},"_links":{"self":[{"href":"https:\/\/dmcsrb.com\/en\/wp-json\/wp\/v2\/posts\/951199","targetHints":{"allow":["GET"]}}],"collection":[{"href":"https:\/\/dmcsrb.com\/en\/wp-json\/wp\/v2\/posts"}],"about":[{"href":"https:\/\/dmcsrb.com\/en\/wp-json\/wp\/v2\/types\/post"}],"author":[{"embeddable":true,"href":"https:\/\/dmcsrb.com\/en\/wp-json\/wp\/v2\/users\/1"}],"replies":[{"embeddable":true,"href":"https:\/\/dmcsrb.com\/en\/wp-json\/wp\/v2\/comments?post=951199"}],"version-history":[{"count":0,"href":"https:\/\/dmcsrb.com\/en\/wp-json\/wp\/v2\/posts\/951199\/revisions"}],"wp:featuredmedia":[{"embeddable":true,"href":"https:\/\/dmcsrb.com\/en\/wp-json\/wp\/v2\/media\/951200"}],"wp:attachment":[{"href":"https:\/\/dmcsrb.com\/en\/wp-json\/wp\/v2\/media?parent=951199"}],"wp:term":[{"taxonomy":"category","embeddable":true,"href":"https:\/\/dmcsrb.com\/en\/wp-json\/wp\/v2\/categories?post=951199"},{"taxonomy":"post_tag","embeddable":true,"href":"https:\/\/dmcsrb.com\/en\/wp-json\/wp\/v2\/tags?post=951199"},{"taxonomy":"naslovna","embeddable":true,"href":"https:\/\/dmcsrb.com\/en\/wp-json\/wp\/v2\/naslovna?post=951199"}],"curies":[{"name":"wp","href":"https:\/\/api.w.org\/{rel}","templated":true}]}}