{"id":951182,"date":"2025-09-09T18:55:00","date_gmt":"2025-09-09T16:55:00","guid":{"rendered":"https:\/\/dmcsrb.com\/uncategorized\/foto-video-na-trgu-nezavisnosti-svecani-program-povodom-doceka-djaka-prvaka-mujovic-budite-dobri-ljudi-i-vrijedno-ucite\/"},"modified":"2025-09-09T18:55:00","modified_gmt":"2025-09-09T16:55:00","slug":"foto-video-na-trgu-nezavisnosti-svecani-program-povodom-doceka-djaka-prvaka-mujovic-budite-dobri-ljudi-i-vrijedno-ucite","status":"publish","type":"post","link":"https:\/\/dmcsrb.com\/en\/podgorica\/foto-video-na-trgu-nezavisnosti-svecani-program-povodom-doceka-djaka-prvaka-mujovic-budite-dobri-ljudi-i-vrijedno-ucite\/","title":{"rendered":"(FOTO\/VIDEO) Na Trgu nezavisnosti sve\u010dani program povodom do\u010deka \u0111aka prvaka; Mujovi\u0107: Budite dobri ljudi i vrijedno u\u010dite"},"content":{"rendered":"<p>Uz pjesmu, igru i aplauze, Podgorica je svojim najmla\u0111im sugra\u0111anima priredila nezaboravnu priredbu na Trgu nezavisnosti. Uzbu\u0111eni i razdragani mali\u0161ani i njihovi roditelji u\u017eivali su u bogatom programu. Prvi \u010dovjek grada, Sa\u0161a Mujovi\u0107 kazao je da je polazak u \u0161kolu doga\u0111aj koji pobu\u0111uje posebne emocije. Mujovi\u0107 je poru\u010dio roditeljima da budu blagi u kritikama, te da u vremenu u\u017eurbanosti uvijek na\u0111u vremena za svoje mali\u0161ane. Gradona\u010delnik je imao vaznu poruku i za prvake.<\/p>\n\n\n\n<p><strong>\u201cDragi prva\u010di\u0107i, budete zdravi, veseli, razdragani, da volite \u0161kolu, da idete sa rado\u0161\u0107u u nju, da posti\u017eete lijepe rezultate, da budete dobri ljudi i da volite na\u0161u Podgoricu<\/strong>&#8220;, kazao je Mujovi\u0107.<\/p>\n\n\n\n<p>Direktorica Dje\u010djeg saveza, Du\u0161ka \u0160ljivan\u010danin kazala je Gradskoj da je zadovoljna odzivom djece na Trgu nezavisnosti i da puno izvo\u0111a\u010da u\u010destvuje u programu.<\/p>\n\n\n\n<p>&#8220;Nastupa mnogo djece, a \u0161to nam je posebno va\u017eno. Djeca nisu na\u0161i korisnici, ve\u0107 partneri i kreatori na\u0161ih programa. Sve proti\u010de dobro, veselo i afirmativno, kao \u0161to smo i planirali&#8221;, kazala je \u0160ljivan\u010danin.<\/p>\n\n\n\n<p>Iz Sekretarijata za socijalno staranje Glavnog grada poru\u010duju da \u0107e se uvijek truditi da promovi\u0161u porodicu i pomognu djeci.<br><br>\u201cNa ovaj na\u010din uljep\u0161amo \u017eivot u Glavnom gradu za djecu, za osnovce. Drago mi je \u0161to imamo lijepu energiju i \u0161to je ovoliko djece ovdje&#8221;, kazao je Stefan Ve\u0161ovi\u0107 iz Sekretarijata za socijalno staranje.<\/p>\n\n\n\n<figure class=\"wp-block-video\"><video controls src=\"https:\/\/gradski.me\/wp-content\/uploads\/2025\/09\/1000054552.mp4\"><\/video><\/figure>\n\n\n\n<figure class=\"wp-block-video\"><video controls src=\"https:\/\/gradski.me\/wp-content\/uploads\/2025\/09\/1000054555.mp4\"><\/video><\/figure>\n\n\n\n<figure class=\"wp-block-video\"><video controls src=\"https:\/\/gradski.me\/wp-content\/uploads\/2025\/09\/1000054551.mp4\"><\/video><\/figure>\n\n\n\n<figure class=\"wp-block-image size-large\"><img decoding=\"async\" src=\"https:\/\/gradski.me\/wp-content\/uploads\/2025\/09\/1000054556-1024x577.jpg\" alt=\"\" class=\"wp-image-830691\"\/><\/figure>\n\n\n\n<p>Program je posebno osmi\u0161ljen za djecu, a naro\u010dito za na\u0161e najmla\u0111e \u0161kolarce \u2013 \u0111ake prvake, koji \u0107e na ovaj na\u010din simboli\u010dno zapo\u010deti svoje \u0161kolsko putovanje. U okviru sve\u010danosti nastupi\u0107e : Dje\u010dji hor \u201eZvjezdice\u201c, Plesna grupa Dream, Baletska trupa \u0160kole za osnovno i srednje muzi\u010dko obrazovanje \u201eVasa Pavi\u0107\u201c, &nbsp;Dje\u010diji solisti i brojni drugi izvo\u0111a\u010di.<\/p>\n\n\n\n<figure class=\"wp-block-image size-large\"><img decoding=\"async\" src=\"https:\/\/gradski.me\/wp-content\/uploads\/2025\/09\/1000054557-1024x768.jpg\" alt=\"\" class=\"wp-image-830692\"\/><\/figure>\n\n\n\n<p>Sve\u010dani program povodom po\u010detka nove \u0161kolske godine organizuje JU \u201eDje\u010dji savez\u201c Podgorica, u saradnji sa Sekretarijatom za kulturu i sport, Sekretarijatom za socijalno staranje Glavnog grada, Gradskim pozori\u0161tem Podgorica i brojnim sponzorima.<\/p>","protected":false},"excerpt":{"rendered":"<p>Na Trgu nezavisnosti ve\u010deras je odr\u017eana sve\u010dana dobrodo\u0161lica za \u0111ake prvake. Manifestaciju su organizovali Dje\u010diji savez u saradnji sa Glavnim gradom i Gradskim pozori\u0161tem.Sve\u010danosti je prisustvovao i  gradona\u010delnik, Sa\u0161a Mujovi\u0107.<\/p>","protected":false},"author":1,"featured_media":951183,"comment_status":"open","ping_status":"open","sticky":false,"template":"","format":"standard","meta":{"_acf_changed":false,"footnotes":""},"categories":[56],"tags":[7540,2329],"naslovna":[],"class_list":["post-951182","post","type-post","status-publish","format-standard","has-post-thumbnail","hentry","category-podgorica","tag-docek-djaka-prvaka","tag-trg-nezavisnosti"],"acf":[],"yoast_head":"<!-- This site is optimized with the Yoast SEO plugin v27.0 - https:\/\/yoast.com\/product\/yoast-seo-wordpress\/ -->\n<title>(FOTO\/VIDEO) Na Trgu nezavisnosti sve\u010dani program povodom do\u010deka \u0111aka prvaka; Mujovi\u0107: Budite dobri ljudi i vrijedno u\u010dite - dmcsrb.com<\/title>\n<meta name=\"robots\" content=\"index, follow, max-snippet:-1, max-image-preview:large, max-video-preview:-1\" \/>\n<link rel=\"canonical\" href=\"https:\/\/dmcsrb.com\/en\/podgorica\/foto-video-na-trgu-nezavisnosti-svecani-program-povodom-doceka-djaka-prvaka-mujovic-budite-dobri-ljudi-i-vrijedno-ucite\/\" \/>\n<meta property=\"og:locale\" content=\"en_GB\" \/>\n<meta property=\"og:type\" content=\"article\" \/>\n<meta property=\"og:title\" content=\"(FOTO\/VIDEO) Na Trgu nezavisnosti sve\u010dani program povodom do\u010deka \u0111aka prvaka; Mujovi\u0107: Budite dobri ljudi i vrijedno u\u010dite - dmcsrb.com\" \/>\n<meta property=\"og:description\" content=\"Na Trgu nezavisnosti ve\u010deras je odr\u017eana sve\u010dana dobrodo\u0161lica za \u0111ake prvake. Manifestaciju su organizovali Dje\u010diji savez u saradnji sa Glavnim gradom i Gradskim pozori\u0161tem.Sve\u010danosti je prisustvovao i gradona\u010delnik, Sa\u0161a Mujovi\u0107.\" \/>\n<meta property=\"og:url\" content=\"https:\/\/dmcsrb.com\/en\/podgorica\/foto-video-na-trgu-nezavisnosti-svecani-program-povodom-doceka-djaka-prvaka-mujovic-budite-dobri-ljudi-i-vrijedno-ucite\/\" \/>\n<meta property=\"og:site_name\" content=\"dmcsrb.com\" \/>\n<meta property=\"article:published_time\" content=\"2025-09-09T16:55:00+00:00\" \/>\n<meta property=\"og:image\" content=\"https:\/\/dmcsrb.com\/wp-content\/uploads\/2026\/01\/Screenshot_20250909_193600_Viber.webp\" \/>\n\t<meta property=\"og:image:width\" content=\"1077\" \/>\n\t<meta property=\"og:image:height\" content=\"604\" \/>\n\t<meta property=\"og:image:type\" content=\"image\/jpeg\" \/>\n<meta name=\"author\" content=\"dmcsrbija.com@gmail.com\" \/>\n<meta name=\"twitter:card\" content=\"summary_large_image\" \/>\n<meta name=\"twitter:label1\" content=\"Written by\" \/>\n\t<meta name=\"twitter:data1\" content=\"dmcsrbija.com@gmail.com\" \/>\n\t<meta name=\"twitter:label2\" content=\"Estimated reading time\" \/>\n\t<meta name=\"twitter:data2\" content=\"2 minutes\" \/>\n<script type=\"application\/ld+json\" class=\"yoast-schema-graph\">{\"@context\":\"https:\/\/schema.org\",\"@graph\":[{\"@type\":\"Article\",\"@id\":\"https:\/\/dmcsrb.com\/podgorica\/foto-video-na-trgu-nezavisnosti-svecani-program-povodom-doceka-djaka-prvaka-mujovic-budite-dobri-ljudi-i-vrijedno-ucite\/#article\",\"isPartOf\":{\"@id\":\"https:\/\/dmcsrb.com\/podgorica\/foto-video-na-trgu-nezavisnosti-svecani-program-povodom-doceka-djaka-prvaka-mujovic-budite-dobri-ljudi-i-vrijedno-ucite\/\"},\"author\":{\"name\":\"dmcsrbija.com@gmail.com\",\"@id\":\"https:\/\/dmcsrb.com\/#\/schema\/person\/5c39170f12db1b8b457732d0b5c854e2\"},\"headline\":\"(FOTO\/VIDEO) Na Trgu nezavisnosti sve\u010dani program povodom do\u010deka \u0111aka prvaka; Mujovi\u0107: Budite dobri ljudi i vrijedno u\u010dite\",\"datePublished\":\"2025-09-09T16:55:00+00:00\",\"mainEntityOfPage\":{\"@id\":\"https:\/\/dmcsrb.com\/podgorica\/foto-video-na-trgu-nezavisnosti-svecani-program-povodom-doceka-djaka-prvaka-mujovic-budite-dobri-ljudi-i-vrijedno-ucite\/\"},\"wordCount\":370,\"commentCount\":0,\"image\":{\"@id\":\"https:\/\/dmcsrb.com\/podgorica\/foto-video-na-trgu-nezavisnosti-svecani-program-povodom-doceka-djaka-prvaka-mujovic-budite-dobri-ljudi-i-vrijedno-ucite\/#primaryimage\"},\"thumbnailUrl\":\"https:\/\/dmcsrb.com\/wp-content\/uploads\/2026\/01\/Screenshot_20250909_193600_Viber.webp\",\"keywords\":[\"Do\u010dek \u0111aka prvaka\",\"Trg nezavisnosti\"],\"articleSection\":[\"Podgorica\"],\"inLanguage\":\"en-GB\",\"potentialAction\":[{\"@type\":\"CommentAction\",\"name\":\"Comment\",\"target\":[\"https:\/\/dmcsrb.com\/podgorica\/foto-video-na-trgu-nezavisnosti-svecani-program-povodom-doceka-djaka-prvaka-mujovic-budite-dobri-ljudi-i-vrijedno-ucite\/#respond\"]}]},{\"@type\":\"WebPage\",\"@id\":\"https:\/\/dmcsrb.com\/podgorica\/foto-video-na-trgu-nezavisnosti-svecani-program-povodom-doceka-djaka-prvaka-mujovic-budite-dobri-ljudi-i-vrijedno-ucite\/\",\"url\":\"https:\/\/dmcsrb.com\/podgorica\/foto-video-na-trgu-nezavisnosti-svecani-program-povodom-doceka-djaka-prvaka-mujovic-budite-dobri-ljudi-i-vrijedno-ucite\/\",\"name\":\"(FOTO\/VIDEO) Na Trgu nezavisnosti sve\u010dani program povodom do\u010deka \u0111aka prvaka; Mujovi\u0107: Budite dobri ljudi i vrijedno u\u010dite - dmcsrb.com\",\"isPartOf\":{\"@id\":\"https:\/\/dmcsrb.com\/#website\"},\"primaryImageOfPage\":{\"@id\":\"https:\/\/dmcsrb.com\/podgorica\/foto-video-na-trgu-nezavisnosti-svecani-program-povodom-doceka-djaka-prvaka-mujovic-budite-dobri-ljudi-i-vrijedno-ucite\/#primaryimage\"},\"image\":{\"@id\":\"https:\/\/dmcsrb.com\/podgorica\/foto-video-na-trgu-nezavisnosti-svecani-program-povodom-doceka-djaka-prvaka-mujovic-budite-dobri-ljudi-i-vrijedno-ucite\/#primaryimage\"},\"thumbnailUrl\":\"https:\/\/dmcsrb.com\/wp-content\/uploads\/2026\/01\/Screenshot_20250909_193600_Viber.webp\",\"datePublished\":\"2025-09-09T16:55:00+00:00\",\"author\":{\"@id\":\"https:\/\/dmcsrb.com\/#\/schema\/person\/5c39170f12db1b8b457732d0b5c854e2\"},\"breadcrumb\":{\"@id\":\"https:\/\/dmcsrb.com\/podgorica\/foto-video-na-trgu-nezavisnosti-svecani-program-povodom-doceka-djaka-prvaka-mujovic-budite-dobri-ljudi-i-vrijedno-ucite\/#breadcrumb\"},\"inLanguage\":\"en-GB\",\"potentialAction\":[{\"@type\":\"ReadAction\",\"target\":[\"https:\/\/dmcsrb.com\/podgorica\/foto-video-na-trgu-nezavisnosti-svecani-program-povodom-doceka-djaka-prvaka-mujovic-budite-dobri-ljudi-i-vrijedno-ucite\/\"]}]},{\"@type\":\"ImageObject\",\"inLanguage\":\"en-GB\",\"@id\":\"https:\/\/dmcsrb.com\/podgorica\/foto-video-na-trgu-nezavisnosti-svecani-program-povodom-doceka-djaka-prvaka-mujovic-budite-dobri-ljudi-i-vrijedno-ucite\/#primaryimage\",\"url\":\"https:\/\/dmcsrb.com\/wp-content\/uploads\/2026\/01\/Screenshot_20250909_193600_Viber.webp\",\"contentUrl\":\"https:\/\/dmcsrb.com\/wp-content\/uploads\/2026\/01\/Screenshot_20250909_193600_Viber.webp\",\"width\":1077,\"height\":604},{\"@type\":\"BreadcrumbList\",\"@id\":\"https:\/\/dmcsrb.com\/podgorica\/foto-video-na-trgu-nezavisnosti-svecani-program-povodom-doceka-djaka-prvaka-mujovic-budite-dobri-ljudi-i-vrijedno-ucite\/#breadcrumb\",\"itemListElement\":[{\"@type\":\"ListItem\",\"position\":1,\"name\":\"Home\",\"item\":\"https:\/\/dmcsrb.com\/\"},{\"@type\":\"ListItem\",\"position\":2,\"name\":\"(FOTO\/VIDEO) Na Trgu nezavisnosti sve\u010dani program povodom do\u010deka \u0111aka prvaka; Mujovi\u0107: Budite dobri ljudi i vrijedno u\u010dite\"}]},{\"@type\":\"WebSite\",\"@id\":\"https:\/\/dmcsrb.com\/#website\",\"url\":\"https:\/\/dmcsrb.com\/\",\"name\":\"dmcsrb.com\",\"description\":\"\",\"potentialAction\":[{\"@type\":\"SearchAction\",\"target\":{\"@type\":\"EntryPoint\",\"urlTemplate\":\"https:\/\/dmcsrb.com\/?s={search_term_string}\"},\"query-input\":{\"@type\":\"PropertyValueSpecification\",\"valueRequired\":true,\"valueName\":\"search_term_string\"}}],\"inLanguage\":\"en-GB\"},{\"@type\":\"Person\",\"@id\":\"https:\/\/dmcsrb.com\/#\/schema\/person\/5c39170f12db1b8b457732d0b5c854e2\",\"name\":\"dmcsrbija.com@gmail.com\",\"image\":{\"@type\":\"ImageObject\",\"inLanguage\":\"en-GB\",\"@id\":\"https:\/\/dmcsrb.com\/#\/schema\/person\/image\/\",\"url\":\"https:\/\/secure.gravatar.com\/avatar\/68592660ad6347fad0fb587f8d5d8f1a7b44961362f56e4f2cd524feb87e9069?s=96&d=mm&r=g\",\"contentUrl\":\"https:\/\/secure.gravatar.com\/avatar\/68592660ad6347fad0fb587f8d5d8f1a7b44961362f56e4f2cd524feb87e9069?s=96&d=mm&r=g\",\"caption\":\"dmcsrbija.com@gmail.com\"},\"sameAs\":[\"https:\/\/dmcsrb.com\"],\"url\":\"https:\/\/dmcsrb.com\/en\/author\/dmcsrbija-comgmail-com\/\"}]}<\/script>\n<!-- \/ Yoast SEO plugin. -->","yoast_head_json":{"title":"(FOTO\/VIDEO) Na Trgu nezavisnosti sve\u010dani program povodom do\u010deka \u0111aka prvaka; Mujovi\u0107: Budite dobri ljudi i vrijedno u\u010dite - dmcsrb.com","robots":{"index":"index","follow":"follow","max-snippet":"max-snippet:-1","max-image-preview":"max-image-preview:large","max-video-preview":"max-video-preview:-1"},"canonical":"https:\/\/dmcsrb.com\/en\/podgorica\/foto-video-na-trgu-nezavisnosti-svecani-program-povodom-doceka-djaka-prvaka-mujovic-budite-dobri-ljudi-i-vrijedno-ucite\/","og_locale":"en_GB","og_type":"article","og_title":"(FOTO\/VIDEO) Na Trgu nezavisnosti sve\u010dani program povodom do\u010deka \u0111aka prvaka; Mujovi\u0107: Budite dobri ljudi i vrijedno u\u010dite - dmcsrb.com","og_description":"Na Trgu nezavisnosti ve\u010deras je odr\u017eana sve\u010dana dobrodo\u0161lica za \u0111ake prvake. Manifestaciju su organizovali Dje\u010diji savez u saradnji sa Glavnim gradom i Gradskim pozori\u0161tem.Sve\u010danosti je prisustvovao i gradona\u010delnik, Sa\u0161a Mujovi\u0107.","og_url":"https:\/\/dmcsrb.com\/en\/podgorica\/foto-video-na-trgu-nezavisnosti-svecani-program-povodom-doceka-djaka-prvaka-mujovic-budite-dobri-ljudi-i-vrijedno-ucite\/","og_site_name":"dmcsrb.com","article_published_time":"2025-09-09T16:55:00+00:00","og_image":[{"width":1077,"height":604,"url":"https:\/\/dmcsrb.com\/wp-content\/uploads\/2026\/01\/Screenshot_20250909_193600_Viber.webp","type":"image\/jpeg"}],"author":"dmcsrbija.com@gmail.com","twitter_card":"summary_large_image","twitter_misc":{"Written by":"dmcsrbija.com@gmail.com","Estimated reading time":"2 minutes"},"schema":{"@context":"https:\/\/schema.org","@graph":[{"@type":"Article","@id":"https:\/\/dmcsrb.com\/podgorica\/foto-video-na-trgu-nezavisnosti-svecani-program-povodom-doceka-djaka-prvaka-mujovic-budite-dobri-ljudi-i-vrijedno-ucite\/#article","isPartOf":{"@id":"https:\/\/dmcsrb.com\/podgorica\/foto-video-na-trgu-nezavisnosti-svecani-program-povodom-doceka-djaka-prvaka-mujovic-budite-dobri-ljudi-i-vrijedno-ucite\/"},"author":{"name":"dmcsrbija.com@gmail.com","@id":"https:\/\/dmcsrb.com\/#\/schema\/person\/5c39170f12db1b8b457732d0b5c854e2"},"headline":"(FOTO\/VIDEO) Na Trgu nezavisnosti sve\u010dani program povodom do\u010deka \u0111aka prvaka; Mujovi\u0107: Budite dobri ljudi i vrijedno u\u010dite","datePublished":"2025-09-09T16:55:00+00:00","mainEntityOfPage":{"@id":"https:\/\/dmcsrb.com\/podgorica\/foto-video-na-trgu-nezavisnosti-svecani-program-povodom-doceka-djaka-prvaka-mujovic-budite-dobri-ljudi-i-vrijedno-ucite\/"},"wordCount":370,"commentCount":0,"image":{"@id":"https:\/\/dmcsrb.com\/podgorica\/foto-video-na-trgu-nezavisnosti-svecani-program-povodom-doceka-djaka-prvaka-mujovic-budite-dobri-ljudi-i-vrijedno-ucite\/#primaryimage"},"thumbnailUrl":"https:\/\/dmcsrb.com\/wp-content\/uploads\/2026\/01\/Screenshot_20250909_193600_Viber.webp","keywords":["Do\u010dek \u0111aka prvaka","Trg nezavisnosti"],"articleSection":["Podgorica"],"inLanguage":"en-GB","potentialAction":[{"@type":"CommentAction","name":"Comment","target":["https:\/\/dmcsrb.com\/podgorica\/foto-video-na-trgu-nezavisnosti-svecani-program-povodom-doceka-djaka-prvaka-mujovic-budite-dobri-ljudi-i-vrijedno-ucite\/#respond"]}]},{"@type":"WebPage","@id":"https:\/\/dmcsrb.com\/podgorica\/foto-video-na-trgu-nezavisnosti-svecani-program-povodom-doceka-djaka-prvaka-mujovic-budite-dobri-ljudi-i-vrijedno-ucite\/","url":"https:\/\/dmcsrb.com\/podgorica\/foto-video-na-trgu-nezavisnosti-svecani-program-povodom-doceka-djaka-prvaka-mujovic-budite-dobri-ljudi-i-vrijedno-ucite\/","name":"(FOTO\/VIDEO) Na Trgu nezavisnosti sve\u010dani program povodom do\u010deka \u0111aka prvaka; Mujovi\u0107: Budite dobri ljudi i vrijedno u\u010dite - dmcsrb.com","isPartOf":{"@id":"https:\/\/dmcsrb.com\/#website"},"primaryImageOfPage":{"@id":"https:\/\/dmcsrb.com\/podgorica\/foto-video-na-trgu-nezavisnosti-svecani-program-povodom-doceka-djaka-prvaka-mujovic-budite-dobri-ljudi-i-vrijedno-ucite\/#primaryimage"},"image":{"@id":"https:\/\/dmcsrb.com\/podgorica\/foto-video-na-trgu-nezavisnosti-svecani-program-povodom-doceka-djaka-prvaka-mujovic-budite-dobri-ljudi-i-vrijedno-ucite\/#primaryimage"},"thumbnailUrl":"https:\/\/dmcsrb.com\/wp-content\/uploads\/2026\/01\/Screenshot_20250909_193600_Viber.webp","datePublished":"2025-09-09T16:55:00+00:00","author":{"@id":"https:\/\/dmcsrb.com\/#\/schema\/person\/5c39170f12db1b8b457732d0b5c854e2"},"breadcrumb":{"@id":"https:\/\/dmcsrb.com\/podgorica\/foto-video-na-trgu-nezavisnosti-svecani-program-povodom-doceka-djaka-prvaka-mujovic-budite-dobri-ljudi-i-vrijedno-ucite\/#breadcrumb"},"inLanguage":"en-GB","potentialAction":[{"@type":"ReadAction","target":["https:\/\/dmcsrb.com\/podgorica\/foto-video-na-trgu-nezavisnosti-svecani-program-povodom-doceka-djaka-prvaka-mujovic-budite-dobri-ljudi-i-vrijedno-ucite\/"]}]},{"@type":"ImageObject","inLanguage":"en-GB","@id":"https:\/\/dmcsrb.com\/podgorica\/foto-video-na-trgu-nezavisnosti-svecani-program-povodom-doceka-djaka-prvaka-mujovic-budite-dobri-ljudi-i-vrijedno-ucite\/#primaryimage","url":"https:\/\/dmcsrb.com\/wp-content\/uploads\/2026\/01\/Screenshot_20250909_193600_Viber.webp","contentUrl":"https:\/\/dmcsrb.com\/wp-content\/uploads\/2026\/01\/Screenshot_20250909_193600_Viber.webp","width":1077,"height":604},{"@type":"BreadcrumbList","@id":"https:\/\/dmcsrb.com\/podgorica\/foto-video-na-trgu-nezavisnosti-svecani-program-povodom-doceka-djaka-prvaka-mujovic-budite-dobri-ljudi-i-vrijedno-ucite\/#breadcrumb","itemListElement":[{"@type":"ListItem","position":1,"name":"Home","item":"https:\/\/dmcsrb.com\/"},{"@type":"ListItem","position":2,"name":"(FOTO\/VIDEO) Na Trgu nezavisnosti sve\u010dani program povodom do\u010deka \u0111aka prvaka; Mujovi\u0107: Budite dobri ljudi i vrijedno u\u010dite"}]},{"@type":"WebSite","@id":"https:\/\/dmcsrb.com\/#website","url":"https:\/\/dmcsrb.com\/","name":"dmcsrb.com","description":"","potentialAction":[{"@type":"SearchAction","target":{"@type":"EntryPoint","urlTemplate":"https:\/\/dmcsrb.com\/?s={search_term_string}"},"query-input":{"@type":"PropertyValueSpecification","valueRequired":true,"valueName":"search_term_string"}}],"inLanguage":"en-GB"},{"@type":"Person","@id":"https:\/\/dmcsrb.com\/#\/schema\/person\/5c39170f12db1b8b457732d0b5c854e2","name":"dmcsrbija.com@gmail.com","image":{"@type":"ImageObject","inLanguage":"en-GB","@id":"https:\/\/dmcsrb.com\/#\/schema\/person\/image\/","url":"https:\/\/secure.gravatar.com\/avatar\/68592660ad6347fad0fb587f8d5d8f1a7b44961362f56e4f2cd524feb87e9069?s=96&d=mm&r=g","contentUrl":"https:\/\/secure.gravatar.com\/avatar\/68592660ad6347fad0fb587f8d5d8f1a7b44961362f56e4f2cd524feb87e9069?s=96&d=mm&r=g","caption":"dmcsrbija.com@gmail.com"},"sameAs":["https:\/\/dmcsrb.com"],"url":"https:\/\/dmcsrb.com\/en\/author\/dmcsrbija-comgmail-com\/"}]}},"_links":{"self":[{"href":"https:\/\/dmcsrb.com\/en\/wp-json\/wp\/v2\/posts\/951182","targetHints":{"allow":["GET"]}}],"collection":[{"href":"https:\/\/dmcsrb.com\/en\/wp-json\/wp\/v2\/posts"}],"about":[{"href":"https:\/\/dmcsrb.com\/en\/wp-json\/wp\/v2\/types\/post"}],"author":[{"embeddable":true,"href":"https:\/\/dmcsrb.com\/en\/wp-json\/wp\/v2\/users\/1"}],"replies":[{"embeddable":true,"href":"https:\/\/dmcsrb.com\/en\/wp-json\/wp\/v2\/comments?post=951182"}],"version-history":[{"count":0,"href":"https:\/\/dmcsrb.com\/en\/wp-json\/wp\/v2\/posts\/951182\/revisions"}],"wp:featuredmedia":[{"embeddable":true,"href":"https:\/\/dmcsrb.com\/en\/wp-json\/wp\/v2\/media\/951183"}],"wp:attachment":[{"href":"https:\/\/dmcsrb.com\/en\/wp-json\/wp\/v2\/media?parent=951182"}],"wp:term":[{"taxonomy":"category","embeddable":true,"href":"https:\/\/dmcsrb.com\/en\/wp-json\/wp\/v2\/categories?post=951182"},{"taxonomy":"post_tag","embeddable":true,"href":"https:\/\/dmcsrb.com\/en\/wp-json\/wp\/v2\/tags?post=951182"},{"taxonomy":"naslovna","embeddable":true,"href":"https:\/\/dmcsrb.com\/en\/wp-json\/wp\/v2\/naslovna?post=951182"}],"curies":[{"name":"wp","href":"https:\/\/api.w.org\/{rel}","templated":true}]}}