{"id":951170,"date":"2025-09-09T16:17:21","date_gmt":"2025-09-09T14:17:21","guid":{"rendered":"https:\/\/dmcsrb.com\/uncategorized\/potpisan-sporazum-sa-bugarskom-o-naucno-tehnoloskoj-saradnji\/"},"modified":"2025-09-09T16:17:21","modified_gmt":"2025-09-09T14:17:21","slug":"potpisan-sporazum-sa-bugarskom-o-naucno-tehnoloskoj-saradnji","status":"publish","type":"post","link":"https:\/\/dmcsrb.com\/en\/drustvo\/potpisan-sporazum-sa-bugarskom-o-naucno-tehnoloskoj-saradnji\/","title":{"rendered":"Potpisan Sporazum sa Bugarskom o nau\u010dno-tehnolo\u0161koj saradnji"},"content":{"rendered":"<p>Kako navode iz tog resora, sporazum su potpisali Predsjednik Vlade Crne Gore Milojko Spaji\u0107 i Predsjednik Vlade Republike Bugarske Rosen \u017deljazkov, \u010dime je stvoren osnov za dodatno ja\u010danje veza izme\u0111u nau\u010dnoistra\u017eiva\u010dkih zajednica dviju zemalja.<\/p>\n\n\n\n<p>\u201eSaradnja na koju se ovaj Sporazum odnosi obuhvata sljede\u0107e: razmjenu delegacija, nau\u010dnika i eksperata; odr\u017eavanje zajedni\u010dkih nau\u010dnih konferencija i stru\u010dnih skupova; osposobljavanje i usavr\u0161avanje istra\u017eiva\u010da, tehni\u010dara i menad\u017eera u nauci i tehnologiji; razmjenu nau\u010dnih i tehnolo\u0161kih informacija; sprovo\u0111enje zajedni\u010dkih istra\u017eiva\u010dkih projekata i druge oblike me\u0111usobno dogovorene nau\u010dne i tehnolo\u0161ke saradnje\u201c, navodi se u saop\u0161tenju.<\/p>\n\n\n\n<p>Pored toga, isti\u010du, promovisa\u0107e se saradnja izme\u0111u istra\u017eiva\u010da i istra\u017eiva\u010dkih ustanova u Crnoj Gori i Republici Bugarskoj, kroz zajedni\u010dke istra\u017eiva\u010dke projekte u dogovorenim prioritetnim oblastima saradnje, uz mogu\u0107nosti za crnogorske istra\u017eiva\u010de da unaprijede svoj istra\u017eiva\u010dki rad u centrima i institutima Republike Bugarske, kao jedne od \u010dlanica Evropske unije, da koriste savremene tehnologije i laboratorije, da zajedno sa bugarskim istra\u017eiva\u010dkim timovima u\u010destvuju u EU okvirnim programima za istra\u017eivanje i inovacije poput programa \u201eHorizont Evropa\u201c, da realizuju razmjenu znanja i iskustava kroz zajedni\u010dke istra\u017eiva\u010dke projekte kao i da se realizuje usavr\u0161avanje magistranada i doktoranada.<\/p>\n\n\n\n<p>\u201eU narednom periodu, a na osnovu potpisanog Sporazuma, pristupi\u0107e se realizaciji njegovih odredaba, kroz zajedni\u010dku pripremu Programa saradnje odnosno Konkursa za zajedni\u010dke istra\u017eiva\u010dke projekte\u201c, zaklju\u010duju u saop\u0161tenju.<\/p>","protected":false},"excerpt":{"rendered":"<p>Ju\u010de je u Podgorici potpisan Sporazum o nau\u010dnoj i tehnolo\u0161koj saradnji izme\u0111u Vlade Crne Gore i Vlade Republike Bugarske, koji predstavlja najva\u017eniji pravni akt kojim su na sveobuhvatan na\u010din definisani modaliteti nau\u010dno-tehnolo\u0161ke saradnje izme\u0111u dvije dr\u017eave, saop\u0161teno je iz Ministarstva prosvjete, nauke i inovacija.<\/p>","protected":false},"author":1,"featured_media":951171,"comment_status":"open","ping_status":"open","sticky":false,"template":"","format":"standard","meta":{"_acf_changed":false,"footnotes":""},"categories":[2],"tags":[1963,95,3043],"naslovna":[],"class_list":["post-951170","post","type-post","status-publish","format-standard","has-post-thumbnail","hentry","category-drustvo","tag-bugarska","tag-crna-gora","tag-sporazum"],"acf":[],"yoast_head":"<!-- This site is optimized with the Yoast SEO plugin v27.4 - https:\/\/yoast.com\/product\/yoast-seo-wordpress\/ -->\n<title>Potpisan Sporazum sa Bugarskom o nau\u010dno-tehnolo\u0161koj saradnji - dmcsrb.com<\/title>\n<meta name=\"robots\" content=\"index, follow, max-snippet:-1, max-image-preview:large, max-video-preview:-1\" \/>\n<link rel=\"canonical\" href=\"https:\/\/dmcsrb.com\/en\/drustvo\/potpisan-sporazum-sa-bugarskom-o-naucno-tehnoloskoj-saradnji\/\" \/>\n<meta property=\"og:locale\" content=\"en_GB\" \/>\n<meta property=\"og:type\" content=\"article\" \/>\n<meta property=\"og:title\" content=\"Potpisan Sporazum sa Bugarskom o nau\u010dno-tehnolo\u0161koj saradnji - dmcsrb.com\" \/>\n<meta property=\"og:description\" content=\"Ju\u010de je u Podgorici potpisan Sporazum o nau\u010dnoj i tehnolo\u0161koj saradnji izme\u0111u Vlade Crne Gore i Vlade Republike Bugarske, koji predstavlja najva\u017eniji pravni akt kojim su na sveobuhvatan na\u010din definisani modaliteti nau\u010dno-tehnolo\u0161ke saradnje izme\u0111u dvije dr\u017eave, saop\u0161teno je iz Ministarstva prosvjete, nauke i inovacija.\" \/>\n<meta property=\"og:url\" content=\"https:\/\/dmcsrb.com\/en\/drustvo\/potpisan-sporazum-sa-bugarskom-o-naucno-tehnoloskoj-saradnji\/\" \/>\n<meta property=\"og:site_name\" content=\"dmcsrb.com\" \/>\n<meta property=\"article:published_time\" content=\"2025-09-09T14:17:21+00:00\" \/>\n<meta property=\"og:image\" content=\"https:\/\/dmcsrb.com\/wp-content\/uploads\/2026\/01\/Spajic-Zeljazkov.webp\" \/>\n\t<meta property=\"og:image:width\" content=\"1000\" \/>\n\t<meta property=\"og:image:height\" content=\"555\" \/>\n\t<meta property=\"og:image:type\" content=\"image\/jpeg\" \/>\n<meta name=\"author\" content=\"dmcsrbija.com@gmail.com\" \/>\n<meta name=\"twitter:card\" content=\"summary_large_image\" \/>\n<meta name=\"twitter:label1\" content=\"Written by\" \/>\n\t<meta name=\"twitter:data1\" content=\"dmcsrbija.com@gmail.com\" \/>\n\t<meta name=\"twitter:label2\" content=\"Estimated reading time\" \/>\n\t<meta name=\"twitter:data2\" content=\"1 minute\" \/>\n<script type=\"application\/ld+json\" class=\"yoast-schema-graph\">{\"@context\":\"https:\\\/\\\/schema.org\",\"@graph\":[{\"@type\":\"Article\",\"@id\":\"https:\\\/\\\/dmcsrb.com\\\/drustvo\\\/potpisan-sporazum-sa-bugarskom-o-naucno-tehnoloskoj-saradnji\\\/#article\",\"isPartOf\":{\"@id\":\"https:\\\/\\\/dmcsrb.com\\\/drustvo\\\/potpisan-sporazum-sa-bugarskom-o-naucno-tehnoloskoj-saradnji\\\/\"},\"author\":{\"name\":\"dmcsrbija.com@gmail.com\",\"@id\":\"https:\\\/\\\/dmcsrb.com\\\/#\\\/schema\\\/person\\\/5c39170f12db1b8b457732d0b5c854e2\"},\"headline\":\"Potpisan Sporazum sa Bugarskom o nau\u010dno-tehnolo\u0161koj saradnji\",\"datePublished\":\"2025-09-09T14:17:21+00:00\",\"mainEntityOfPage\":{\"@id\":\"https:\\\/\\\/dmcsrb.com\\\/drustvo\\\/potpisan-sporazum-sa-bugarskom-o-naucno-tehnoloskoj-saradnji\\\/\"},\"wordCount\":272,\"commentCount\":0,\"image\":{\"@id\":\"https:\\\/\\\/dmcsrb.com\\\/drustvo\\\/potpisan-sporazum-sa-bugarskom-o-naucno-tehnoloskoj-saradnji\\\/#primaryimage\"},\"thumbnailUrl\":\"https:\\\/\\\/dmcsrb.com\\\/wp-content\\\/uploads\\\/2026\\\/01\\\/Spajic-Zeljazkov.webp\",\"keywords\":[\"Bugarska\",\"Crna Gora\",\"sporazum\"],\"articleSection\":[\"Dru\u0161tvo\"],\"inLanguage\":\"en-GB\",\"potentialAction\":[{\"@type\":\"CommentAction\",\"name\":\"Comment\",\"target\":[\"https:\\\/\\\/dmcsrb.com\\\/drustvo\\\/potpisan-sporazum-sa-bugarskom-o-naucno-tehnoloskoj-saradnji\\\/#respond\"]}]},{\"@type\":\"WebPage\",\"@id\":\"https:\\\/\\\/dmcsrb.com\\\/drustvo\\\/potpisan-sporazum-sa-bugarskom-o-naucno-tehnoloskoj-saradnji\\\/\",\"url\":\"https:\\\/\\\/dmcsrb.com\\\/drustvo\\\/potpisan-sporazum-sa-bugarskom-o-naucno-tehnoloskoj-saradnji\\\/\",\"name\":\"Potpisan Sporazum sa Bugarskom o nau\u010dno-tehnolo\u0161koj saradnji - dmcsrb.com\",\"isPartOf\":{\"@id\":\"https:\\\/\\\/dmcsrb.com\\\/#website\"},\"primaryImageOfPage\":{\"@id\":\"https:\\\/\\\/dmcsrb.com\\\/drustvo\\\/potpisan-sporazum-sa-bugarskom-o-naucno-tehnoloskoj-saradnji\\\/#primaryimage\"},\"image\":{\"@id\":\"https:\\\/\\\/dmcsrb.com\\\/drustvo\\\/potpisan-sporazum-sa-bugarskom-o-naucno-tehnoloskoj-saradnji\\\/#primaryimage\"},\"thumbnailUrl\":\"https:\\\/\\\/dmcsrb.com\\\/wp-content\\\/uploads\\\/2026\\\/01\\\/Spajic-Zeljazkov.webp\",\"datePublished\":\"2025-09-09T14:17:21+00:00\",\"author\":{\"@id\":\"https:\\\/\\\/dmcsrb.com\\\/#\\\/schema\\\/person\\\/5c39170f12db1b8b457732d0b5c854e2\"},\"breadcrumb\":{\"@id\":\"https:\\\/\\\/dmcsrb.com\\\/drustvo\\\/potpisan-sporazum-sa-bugarskom-o-naucno-tehnoloskoj-saradnji\\\/#breadcrumb\"},\"inLanguage\":\"en-GB\",\"potentialAction\":[{\"@type\":\"ReadAction\",\"target\":[\"https:\\\/\\\/dmcsrb.com\\\/drustvo\\\/potpisan-sporazum-sa-bugarskom-o-naucno-tehnoloskoj-saradnji\\\/\"]}]},{\"@type\":\"ImageObject\",\"inLanguage\":\"en-GB\",\"@id\":\"https:\\\/\\\/dmcsrb.com\\\/drustvo\\\/potpisan-sporazum-sa-bugarskom-o-naucno-tehnoloskoj-saradnji\\\/#primaryimage\",\"url\":\"https:\\\/\\\/dmcsrb.com\\\/wp-content\\\/uploads\\\/2026\\\/01\\\/Spajic-Zeljazkov.webp\",\"contentUrl\":\"https:\\\/\\\/dmcsrb.com\\\/wp-content\\\/uploads\\\/2026\\\/01\\\/Spajic-Zeljazkov.webp\",\"width\":1000,\"height\":555},{\"@type\":\"BreadcrumbList\",\"@id\":\"https:\\\/\\\/dmcsrb.com\\\/drustvo\\\/potpisan-sporazum-sa-bugarskom-o-naucno-tehnoloskoj-saradnji\\\/#breadcrumb\",\"itemListElement\":[{\"@type\":\"ListItem\",\"position\":1,\"name\":\"Home\",\"item\":\"https:\\\/\\\/dmcsrb.com\\\/\"},{\"@type\":\"ListItem\",\"position\":2,\"name\":\"Potpisan Sporazum sa Bugarskom o nau\u010dno-tehnolo\u0161koj saradnji\"}]},{\"@type\":\"WebSite\",\"@id\":\"https:\\\/\\\/dmcsrb.com\\\/#website\",\"url\":\"https:\\\/\\\/dmcsrb.com\\\/\",\"name\":\"dmcsrb.com\",\"description\":\"\",\"potentialAction\":[{\"@type\":\"SearchAction\",\"target\":{\"@type\":\"EntryPoint\",\"urlTemplate\":\"https:\\\/\\\/dmcsrb.com\\\/?s={search_term_string}\"},\"query-input\":{\"@type\":\"PropertyValueSpecification\",\"valueRequired\":true,\"valueName\":\"search_term_string\"}}],\"inLanguage\":\"en-GB\"},{\"@type\":\"Person\",\"@id\":\"https:\\\/\\\/dmcsrb.com\\\/#\\\/schema\\\/person\\\/5c39170f12db1b8b457732d0b5c854e2\",\"name\":\"dmcsrbija.com@gmail.com\",\"image\":{\"@type\":\"ImageObject\",\"inLanguage\":\"en-GB\",\"@id\":\"https:\\\/\\\/secure.gravatar.com\\\/avatar\\\/68592660ad6347fad0fb587f8d5d8f1a7b44961362f56e4f2cd524feb87e9069?s=96&d=mm&r=g\",\"url\":\"https:\\\/\\\/secure.gravatar.com\\\/avatar\\\/68592660ad6347fad0fb587f8d5d8f1a7b44961362f56e4f2cd524feb87e9069?s=96&d=mm&r=g\",\"contentUrl\":\"https:\\\/\\\/secure.gravatar.com\\\/avatar\\\/68592660ad6347fad0fb587f8d5d8f1a7b44961362f56e4f2cd524feb87e9069?s=96&d=mm&r=g\",\"caption\":\"dmcsrbija.com@gmail.com\"},\"sameAs\":[\"https:\\\/\\\/dmcsrb.com\"],\"url\":\"https:\\\/\\\/dmcsrb.com\\\/en\\\/author\\\/dmcsrbija-comgmail-com\\\/\"}]}<\/script>\n<!-- \/ Yoast SEO plugin. -->","yoast_head_json":{"title":"Potpisan Sporazum sa Bugarskom o nau\u010dno-tehnolo\u0161koj saradnji - dmcsrb.com","robots":{"index":"index","follow":"follow","max-snippet":"max-snippet:-1","max-image-preview":"max-image-preview:large","max-video-preview":"max-video-preview:-1"},"canonical":"https:\/\/dmcsrb.com\/en\/drustvo\/potpisan-sporazum-sa-bugarskom-o-naucno-tehnoloskoj-saradnji\/","og_locale":"en_GB","og_type":"article","og_title":"Potpisan Sporazum sa Bugarskom o nau\u010dno-tehnolo\u0161koj saradnji - dmcsrb.com","og_description":"Ju\u010de je u Podgorici potpisan Sporazum o nau\u010dnoj i tehnolo\u0161koj saradnji izme\u0111u Vlade Crne Gore i Vlade Republike Bugarske, koji predstavlja najva\u017eniji pravni akt kojim su na sveobuhvatan na\u010din definisani modaliteti nau\u010dno-tehnolo\u0161ke saradnje izme\u0111u dvije dr\u017eave, saop\u0161teno je iz Ministarstva prosvjete, nauke i inovacija.","og_url":"https:\/\/dmcsrb.com\/en\/drustvo\/potpisan-sporazum-sa-bugarskom-o-naucno-tehnoloskoj-saradnji\/","og_site_name":"dmcsrb.com","article_published_time":"2025-09-09T14:17:21+00:00","og_image":[{"width":1000,"height":555,"url":"https:\/\/dmcsrb.com\/wp-content\/uploads\/2026\/01\/Spajic-Zeljazkov.webp","type":"image\/jpeg"}],"author":"dmcsrbija.com@gmail.com","twitter_card":"summary_large_image","twitter_misc":{"Written by":"dmcsrbija.com@gmail.com","Estimated reading time":"1 minute"},"schema":{"@context":"https:\/\/schema.org","@graph":[{"@type":"Article","@id":"https:\/\/dmcsrb.com\/drustvo\/potpisan-sporazum-sa-bugarskom-o-naucno-tehnoloskoj-saradnji\/#article","isPartOf":{"@id":"https:\/\/dmcsrb.com\/drustvo\/potpisan-sporazum-sa-bugarskom-o-naucno-tehnoloskoj-saradnji\/"},"author":{"name":"dmcsrbija.com@gmail.com","@id":"https:\/\/dmcsrb.com\/#\/schema\/person\/5c39170f12db1b8b457732d0b5c854e2"},"headline":"Potpisan Sporazum sa Bugarskom o nau\u010dno-tehnolo\u0161koj saradnji","datePublished":"2025-09-09T14:17:21+00:00","mainEntityOfPage":{"@id":"https:\/\/dmcsrb.com\/drustvo\/potpisan-sporazum-sa-bugarskom-o-naucno-tehnoloskoj-saradnji\/"},"wordCount":272,"commentCount":0,"image":{"@id":"https:\/\/dmcsrb.com\/drustvo\/potpisan-sporazum-sa-bugarskom-o-naucno-tehnoloskoj-saradnji\/#primaryimage"},"thumbnailUrl":"https:\/\/dmcsrb.com\/wp-content\/uploads\/2026\/01\/Spajic-Zeljazkov.webp","keywords":["Bugarska","Crna Gora","sporazum"],"articleSection":["Dru\u0161tvo"],"inLanguage":"en-GB","potentialAction":[{"@type":"CommentAction","name":"Comment","target":["https:\/\/dmcsrb.com\/drustvo\/potpisan-sporazum-sa-bugarskom-o-naucno-tehnoloskoj-saradnji\/#respond"]}]},{"@type":"WebPage","@id":"https:\/\/dmcsrb.com\/drustvo\/potpisan-sporazum-sa-bugarskom-o-naucno-tehnoloskoj-saradnji\/","url":"https:\/\/dmcsrb.com\/drustvo\/potpisan-sporazum-sa-bugarskom-o-naucno-tehnoloskoj-saradnji\/","name":"Potpisan Sporazum sa Bugarskom o nau\u010dno-tehnolo\u0161koj saradnji - dmcsrb.com","isPartOf":{"@id":"https:\/\/dmcsrb.com\/#website"},"primaryImageOfPage":{"@id":"https:\/\/dmcsrb.com\/drustvo\/potpisan-sporazum-sa-bugarskom-o-naucno-tehnoloskoj-saradnji\/#primaryimage"},"image":{"@id":"https:\/\/dmcsrb.com\/drustvo\/potpisan-sporazum-sa-bugarskom-o-naucno-tehnoloskoj-saradnji\/#primaryimage"},"thumbnailUrl":"https:\/\/dmcsrb.com\/wp-content\/uploads\/2026\/01\/Spajic-Zeljazkov.webp","datePublished":"2025-09-09T14:17:21+00:00","author":{"@id":"https:\/\/dmcsrb.com\/#\/schema\/person\/5c39170f12db1b8b457732d0b5c854e2"},"breadcrumb":{"@id":"https:\/\/dmcsrb.com\/drustvo\/potpisan-sporazum-sa-bugarskom-o-naucno-tehnoloskoj-saradnji\/#breadcrumb"},"inLanguage":"en-GB","potentialAction":[{"@type":"ReadAction","target":["https:\/\/dmcsrb.com\/drustvo\/potpisan-sporazum-sa-bugarskom-o-naucno-tehnoloskoj-saradnji\/"]}]},{"@type":"ImageObject","inLanguage":"en-GB","@id":"https:\/\/dmcsrb.com\/drustvo\/potpisan-sporazum-sa-bugarskom-o-naucno-tehnoloskoj-saradnji\/#primaryimage","url":"https:\/\/dmcsrb.com\/wp-content\/uploads\/2026\/01\/Spajic-Zeljazkov.webp","contentUrl":"https:\/\/dmcsrb.com\/wp-content\/uploads\/2026\/01\/Spajic-Zeljazkov.webp","width":1000,"height":555},{"@type":"BreadcrumbList","@id":"https:\/\/dmcsrb.com\/drustvo\/potpisan-sporazum-sa-bugarskom-o-naucno-tehnoloskoj-saradnji\/#breadcrumb","itemListElement":[{"@type":"ListItem","position":1,"name":"Home","item":"https:\/\/dmcsrb.com\/"},{"@type":"ListItem","position":2,"name":"Potpisan Sporazum sa Bugarskom o nau\u010dno-tehnolo\u0161koj saradnji"}]},{"@type":"WebSite","@id":"https:\/\/dmcsrb.com\/#website","url":"https:\/\/dmcsrb.com\/","name":"dmcsrb.com","description":"","potentialAction":[{"@type":"SearchAction","target":{"@type":"EntryPoint","urlTemplate":"https:\/\/dmcsrb.com\/?s={search_term_string}"},"query-input":{"@type":"PropertyValueSpecification","valueRequired":true,"valueName":"search_term_string"}}],"inLanguage":"en-GB"},{"@type":"Person","@id":"https:\/\/dmcsrb.com\/#\/schema\/person\/5c39170f12db1b8b457732d0b5c854e2","name":"dmcsrbija.com@gmail.com","image":{"@type":"ImageObject","inLanguage":"en-GB","@id":"https:\/\/secure.gravatar.com\/avatar\/68592660ad6347fad0fb587f8d5d8f1a7b44961362f56e4f2cd524feb87e9069?s=96&d=mm&r=g","url":"https:\/\/secure.gravatar.com\/avatar\/68592660ad6347fad0fb587f8d5d8f1a7b44961362f56e4f2cd524feb87e9069?s=96&d=mm&r=g","contentUrl":"https:\/\/secure.gravatar.com\/avatar\/68592660ad6347fad0fb587f8d5d8f1a7b44961362f56e4f2cd524feb87e9069?s=96&d=mm&r=g","caption":"dmcsrbija.com@gmail.com"},"sameAs":["https:\/\/dmcsrb.com"],"url":"https:\/\/dmcsrb.com\/en\/author\/dmcsrbija-comgmail-com\/"}]}},"_links":{"self":[{"href":"https:\/\/dmcsrb.com\/en\/wp-json\/wp\/v2\/posts\/951170","targetHints":{"allow":["GET"]}}],"collection":[{"href":"https:\/\/dmcsrb.com\/en\/wp-json\/wp\/v2\/posts"}],"about":[{"href":"https:\/\/dmcsrb.com\/en\/wp-json\/wp\/v2\/types\/post"}],"author":[{"embeddable":true,"href":"https:\/\/dmcsrb.com\/en\/wp-json\/wp\/v2\/users\/1"}],"replies":[{"embeddable":true,"href":"https:\/\/dmcsrb.com\/en\/wp-json\/wp\/v2\/comments?post=951170"}],"version-history":[{"count":0,"href":"https:\/\/dmcsrb.com\/en\/wp-json\/wp\/v2\/posts\/951170\/revisions"}],"wp:featuredmedia":[{"embeddable":true,"href":"https:\/\/dmcsrb.com\/en\/wp-json\/wp\/v2\/media\/951171"}],"wp:attachment":[{"href":"https:\/\/dmcsrb.com\/en\/wp-json\/wp\/v2\/media?parent=951170"}],"wp:term":[{"taxonomy":"category","embeddable":true,"href":"https:\/\/dmcsrb.com\/en\/wp-json\/wp\/v2\/categories?post=951170"},{"taxonomy":"post_tag","embeddable":true,"href":"https:\/\/dmcsrb.com\/en\/wp-json\/wp\/v2\/tags?post=951170"},{"taxonomy":"naslovna","embeddable":true,"href":"https:\/\/dmcsrb.com\/en\/wp-json\/wp\/v2\/naslovna?post=951170"}],"curies":[{"name":"wp","href":"https:\/\/api.w.org\/{rel}","templated":true}]}}