{"id":951130,"date":"2025-09-09T14:16:00","date_gmt":"2025-09-09T12:16:00","guid":{"rendered":"https:\/\/dmcsrb.com\/uncategorized\/vukotic-iz-portugala-seli-u-grcku\/"},"modified":"2025-09-09T14:16:00","modified_gmt":"2025-09-09T12:16:00","slug":"vukotic-iz-portugala-seli-u-grcku","status":"publish","type":"post","link":"https:\/\/dmcsrb.com\/en\/sport\/vukotic-iz-portugala-seli-u-grcku\/","title":{"rendered":"Vukoti\u0107 iz Portugala seli u Gr\u010dku"},"content":{"rendered":"<p>Nekada\u0161nji polaznik mla\u0111ih kategorija Lov\u0107ena, Grblja i Benfike od ove sezone nosi\u0107e dres gr\u010dkog OFI-ja. Cetinjanin \u0107e ve\u010deras sletjeti na Krit gdje ga sjutra o\u010dekuju medicinski pregledi i ukoliko sve pro\u0111e kako treba potpisa\u0107e ugovor.<\/p>\n\n\n\n<p>Vukoti\u0107 \u0107e tako naslijediti&nbsp;<strong>Marka Baki\u0107a&nbsp;<\/strong>koji je u klubu sa Krita proveo dvije i po godine. Trenutni igra\u010d iranskog Persepolisa sa OFI-jem je igrao finale Kupa Gr\u010dke gdje je pora\u017een od Olimpijakosa (2:0).<\/p>\n\n\n\n<p>Na 95 nastupa za Boavistu Ilija je \u010detiri puta poga\u0111ao protivni\u010dke mre\u017ee i podijelio jednu asistenciju. Za reprezentaciju Crne Gore odigrao je tri utakmice i pogodio jednom i to u remiju protiv Holandije (2:2) pod Goricom u okviru kvalifikacija za Svjetsko prvenstvo 2022. godine.<\/p>","protected":false},"excerpt":{"rendered":"<p>Poslije \u010detiri godine provedene u portugalskoj Boavisti\u00a0Ilija Vukoti\u0107\u00a0promijeni\u0107e sredinu.<\/p>","protected":false},"author":1,"featured_media":951131,"comment_status":"open","ping_status":"open","sticky":false,"template":"","format":"standard","meta":{"_acf_changed":false,"footnotes":""},"categories":[148],"tags":[7504,3595,7505,7506],"naslovna":[],"class_list":["post-951130","post","type-post","status-publish","format-standard","has-post-thumbnail","hentry","category-sport","tag-ilija-vukotic","tag-kipar","tag-marko-bakic","tag-ofi"],"acf":[],"yoast_head":"<!-- This site is optimized with the Yoast SEO plugin v27.4 - https:\/\/yoast.com\/product\/yoast-seo-wordpress\/ -->\n<title>Vukoti\u0107 iz Portugala seli u Gr\u010dku - dmcsrb.com<\/title>\n<meta name=\"robots\" content=\"index, follow, max-snippet:-1, max-image-preview:large, max-video-preview:-1\" \/>\n<link rel=\"canonical\" href=\"https:\/\/dmcsrb.com\/en\/sport\/vukotic-iz-portugala-seli-u-grcku\/\" \/>\n<meta property=\"og:locale\" content=\"en_GB\" \/>\n<meta property=\"og:type\" content=\"article\" \/>\n<meta property=\"og:title\" content=\"Vukoti\u0107 iz Portugala seli u Gr\u010dku - dmcsrb.com\" \/>\n<meta property=\"og:description\" content=\"Poslije \u010detiri godine provedene u portugalskoj Boavisti\u00a0Ilija Vukoti\u0107\u00a0promijeni\u0107e sredinu.\" \/>\n<meta property=\"og:url\" content=\"https:\/\/dmcsrb.com\/en\/sport\/vukotic-iz-portugala-seli-u-grcku\/\" \/>\n<meta property=\"og:site_name\" content=\"dmcsrb.com\" \/>\n<meta property=\"article:published_time\" content=\"2025-09-09T12:16:00+00:00\" \/>\n<meta property=\"og:image\" content=\"https:\/\/dmcsrb.com\/wp-content\/uploads\/2026\/01\/Ilija-Vukotic-Boavista-Futebol-Clube-Facebook.webp\" \/>\n\t<meta property=\"og:image:width\" content=\"895\" \/>\n\t<meta property=\"og:image:height\" content=\"724\" \/>\n\t<meta property=\"og:image:type\" content=\"image\/jpeg\" \/>\n<meta name=\"author\" content=\"dmcsrbija.com@gmail.com\" \/>\n<meta name=\"twitter:card\" content=\"summary_large_image\" \/>\n<meta name=\"twitter:label1\" content=\"Written by\" \/>\n\t<meta name=\"twitter:data1\" content=\"dmcsrbija.com@gmail.com\" \/>\n\t<meta name=\"twitter:label2\" content=\"Estimated reading time\" \/>\n\t<meta name=\"twitter:data2\" content=\"1 minute\" \/>\n<script type=\"application\/ld+json\" class=\"yoast-schema-graph\">{\"@context\":\"https:\\\/\\\/schema.org\",\"@graph\":[{\"@type\":\"Article\",\"@id\":\"https:\\\/\\\/dmcsrb.com\\\/sport\\\/vukotic-iz-portugala-seli-u-grcku\\\/#article\",\"isPartOf\":{\"@id\":\"https:\\\/\\\/dmcsrb.com\\\/sport\\\/vukotic-iz-portugala-seli-u-grcku\\\/\"},\"author\":{\"name\":\"dmcsrbija.com@gmail.com\",\"@id\":\"https:\\\/\\\/dmcsrb.com\\\/#\\\/schema\\\/person\\\/5c39170f12db1b8b457732d0b5c854e2\"},\"headline\":\"Vukoti\u0107 iz Portugala seli u Gr\u010dku\",\"datePublished\":\"2025-09-09T12:16:00+00:00\",\"mainEntityOfPage\":{\"@id\":\"https:\\\/\\\/dmcsrb.com\\\/sport\\\/vukotic-iz-portugala-seli-u-grcku\\\/\"},\"wordCount\":133,\"commentCount\":0,\"image\":{\"@id\":\"https:\\\/\\\/dmcsrb.com\\\/sport\\\/vukotic-iz-portugala-seli-u-grcku\\\/#primaryimage\"},\"thumbnailUrl\":\"https:\\\/\\\/dmcsrb.com\\\/wp-content\\\/uploads\\\/2026\\\/01\\\/Ilija-Vukotic-Boavista-Futebol-Clube-Facebook.webp\",\"keywords\":[\"Ilija Vukoti\u0107\",\"Kipar\",\"Marko Baki\u0107\",\"OFI\"],\"articleSection\":[\"Sport\"],\"inLanguage\":\"en-GB\",\"potentialAction\":[{\"@type\":\"CommentAction\",\"name\":\"Comment\",\"target\":[\"https:\\\/\\\/dmcsrb.com\\\/sport\\\/vukotic-iz-portugala-seli-u-grcku\\\/#respond\"]}]},{\"@type\":\"WebPage\",\"@id\":\"https:\\\/\\\/dmcsrb.com\\\/sport\\\/vukotic-iz-portugala-seli-u-grcku\\\/\",\"url\":\"https:\\\/\\\/dmcsrb.com\\\/sport\\\/vukotic-iz-portugala-seli-u-grcku\\\/\",\"name\":\"Vukoti\u0107 iz Portugala seli u Gr\u010dku - dmcsrb.com\",\"isPartOf\":{\"@id\":\"https:\\\/\\\/dmcsrb.com\\\/#website\"},\"primaryImageOfPage\":{\"@id\":\"https:\\\/\\\/dmcsrb.com\\\/sport\\\/vukotic-iz-portugala-seli-u-grcku\\\/#primaryimage\"},\"image\":{\"@id\":\"https:\\\/\\\/dmcsrb.com\\\/sport\\\/vukotic-iz-portugala-seli-u-grcku\\\/#primaryimage\"},\"thumbnailUrl\":\"https:\\\/\\\/dmcsrb.com\\\/wp-content\\\/uploads\\\/2026\\\/01\\\/Ilija-Vukotic-Boavista-Futebol-Clube-Facebook.webp\",\"datePublished\":\"2025-09-09T12:16:00+00:00\",\"author\":{\"@id\":\"https:\\\/\\\/dmcsrb.com\\\/#\\\/schema\\\/person\\\/5c39170f12db1b8b457732d0b5c854e2\"},\"breadcrumb\":{\"@id\":\"https:\\\/\\\/dmcsrb.com\\\/sport\\\/vukotic-iz-portugala-seli-u-grcku\\\/#breadcrumb\"},\"inLanguage\":\"en-GB\",\"potentialAction\":[{\"@type\":\"ReadAction\",\"target\":[\"https:\\\/\\\/dmcsrb.com\\\/sport\\\/vukotic-iz-portugala-seli-u-grcku\\\/\"]}]},{\"@type\":\"ImageObject\",\"inLanguage\":\"en-GB\",\"@id\":\"https:\\\/\\\/dmcsrb.com\\\/sport\\\/vukotic-iz-portugala-seli-u-grcku\\\/#primaryimage\",\"url\":\"https:\\\/\\\/dmcsrb.com\\\/wp-content\\\/uploads\\\/2026\\\/01\\\/Ilija-Vukotic-Boavista-Futebol-Clube-Facebook.webp\",\"contentUrl\":\"https:\\\/\\\/dmcsrb.com\\\/wp-content\\\/uploads\\\/2026\\\/01\\\/Ilija-Vukotic-Boavista-Futebol-Clube-Facebook.webp\",\"width\":895,\"height\":724},{\"@type\":\"BreadcrumbList\",\"@id\":\"https:\\\/\\\/dmcsrb.com\\\/sport\\\/vukotic-iz-portugala-seli-u-grcku\\\/#breadcrumb\",\"itemListElement\":[{\"@type\":\"ListItem\",\"position\":1,\"name\":\"Home\",\"item\":\"https:\\\/\\\/dmcsrb.com\\\/\"},{\"@type\":\"ListItem\",\"position\":2,\"name\":\"Vukoti\u0107 iz Portugala seli u Gr\u010dku\"}]},{\"@type\":\"WebSite\",\"@id\":\"https:\\\/\\\/dmcsrb.com\\\/#website\",\"url\":\"https:\\\/\\\/dmcsrb.com\\\/\",\"name\":\"dmcsrb.com\",\"description\":\"\",\"potentialAction\":[{\"@type\":\"SearchAction\",\"target\":{\"@type\":\"EntryPoint\",\"urlTemplate\":\"https:\\\/\\\/dmcsrb.com\\\/?s={search_term_string}\"},\"query-input\":{\"@type\":\"PropertyValueSpecification\",\"valueRequired\":true,\"valueName\":\"search_term_string\"}}],\"inLanguage\":\"en-GB\"},{\"@type\":\"Person\",\"@id\":\"https:\\\/\\\/dmcsrb.com\\\/#\\\/schema\\\/person\\\/5c39170f12db1b8b457732d0b5c854e2\",\"name\":\"dmcsrbija.com@gmail.com\",\"image\":{\"@type\":\"ImageObject\",\"inLanguage\":\"en-GB\",\"@id\":\"https:\\\/\\\/secure.gravatar.com\\\/avatar\\\/68592660ad6347fad0fb587f8d5d8f1a7b44961362f56e4f2cd524feb87e9069?s=96&d=mm&r=g\",\"url\":\"https:\\\/\\\/secure.gravatar.com\\\/avatar\\\/68592660ad6347fad0fb587f8d5d8f1a7b44961362f56e4f2cd524feb87e9069?s=96&d=mm&r=g\",\"contentUrl\":\"https:\\\/\\\/secure.gravatar.com\\\/avatar\\\/68592660ad6347fad0fb587f8d5d8f1a7b44961362f56e4f2cd524feb87e9069?s=96&d=mm&r=g\",\"caption\":\"dmcsrbija.com@gmail.com\"},\"sameAs\":[\"https:\\\/\\\/dmcsrb.com\"],\"url\":\"https:\\\/\\\/dmcsrb.com\\\/en\\\/author\\\/dmcsrbija-comgmail-com\\\/\"}]}<\/script>\n<!-- \/ Yoast SEO plugin. -->","yoast_head_json":{"title":"Vukoti\u0107 iz Portugala seli u Gr\u010dku - dmcsrb.com","robots":{"index":"index","follow":"follow","max-snippet":"max-snippet:-1","max-image-preview":"max-image-preview:large","max-video-preview":"max-video-preview:-1"},"canonical":"https:\/\/dmcsrb.com\/en\/sport\/vukotic-iz-portugala-seli-u-grcku\/","og_locale":"en_GB","og_type":"article","og_title":"Vukoti\u0107 iz Portugala seli u Gr\u010dku - dmcsrb.com","og_description":"Poslije \u010detiri godine provedene u portugalskoj Boavisti\u00a0Ilija Vukoti\u0107\u00a0promijeni\u0107e sredinu.","og_url":"https:\/\/dmcsrb.com\/en\/sport\/vukotic-iz-portugala-seli-u-grcku\/","og_site_name":"dmcsrb.com","article_published_time":"2025-09-09T12:16:00+00:00","og_image":[{"width":895,"height":724,"url":"https:\/\/dmcsrb.com\/wp-content\/uploads\/2026\/01\/Ilija-Vukotic-Boavista-Futebol-Clube-Facebook.webp","type":"image\/jpeg"}],"author":"dmcsrbija.com@gmail.com","twitter_card":"summary_large_image","twitter_misc":{"Written by":"dmcsrbija.com@gmail.com","Estimated reading time":"1 minute"},"schema":{"@context":"https:\/\/schema.org","@graph":[{"@type":"Article","@id":"https:\/\/dmcsrb.com\/sport\/vukotic-iz-portugala-seli-u-grcku\/#article","isPartOf":{"@id":"https:\/\/dmcsrb.com\/sport\/vukotic-iz-portugala-seli-u-grcku\/"},"author":{"name":"dmcsrbija.com@gmail.com","@id":"https:\/\/dmcsrb.com\/#\/schema\/person\/5c39170f12db1b8b457732d0b5c854e2"},"headline":"Vukoti\u0107 iz Portugala seli u Gr\u010dku","datePublished":"2025-09-09T12:16:00+00:00","mainEntityOfPage":{"@id":"https:\/\/dmcsrb.com\/sport\/vukotic-iz-portugala-seli-u-grcku\/"},"wordCount":133,"commentCount":0,"image":{"@id":"https:\/\/dmcsrb.com\/sport\/vukotic-iz-portugala-seli-u-grcku\/#primaryimage"},"thumbnailUrl":"https:\/\/dmcsrb.com\/wp-content\/uploads\/2026\/01\/Ilija-Vukotic-Boavista-Futebol-Clube-Facebook.webp","keywords":["Ilija Vukoti\u0107","Kipar","Marko Baki\u0107","OFI"],"articleSection":["Sport"],"inLanguage":"en-GB","potentialAction":[{"@type":"CommentAction","name":"Comment","target":["https:\/\/dmcsrb.com\/sport\/vukotic-iz-portugala-seli-u-grcku\/#respond"]}]},{"@type":"WebPage","@id":"https:\/\/dmcsrb.com\/sport\/vukotic-iz-portugala-seli-u-grcku\/","url":"https:\/\/dmcsrb.com\/sport\/vukotic-iz-portugala-seli-u-grcku\/","name":"Vukoti\u0107 iz Portugala seli u Gr\u010dku - dmcsrb.com","isPartOf":{"@id":"https:\/\/dmcsrb.com\/#website"},"primaryImageOfPage":{"@id":"https:\/\/dmcsrb.com\/sport\/vukotic-iz-portugala-seli-u-grcku\/#primaryimage"},"image":{"@id":"https:\/\/dmcsrb.com\/sport\/vukotic-iz-portugala-seli-u-grcku\/#primaryimage"},"thumbnailUrl":"https:\/\/dmcsrb.com\/wp-content\/uploads\/2026\/01\/Ilija-Vukotic-Boavista-Futebol-Clube-Facebook.webp","datePublished":"2025-09-09T12:16:00+00:00","author":{"@id":"https:\/\/dmcsrb.com\/#\/schema\/person\/5c39170f12db1b8b457732d0b5c854e2"},"breadcrumb":{"@id":"https:\/\/dmcsrb.com\/sport\/vukotic-iz-portugala-seli-u-grcku\/#breadcrumb"},"inLanguage":"en-GB","potentialAction":[{"@type":"ReadAction","target":["https:\/\/dmcsrb.com\/sport\/vukotic-iz-portugala-seli-u-grcku\/"]}]},{"@type":"ImageObject","inLanguage":"en-GB","@id":"https:\/\/dmcsrb.com\/sport\/vukotic-iz-portugala-seli-u-grcku\/#primaryimage","url":"https:\/\/dmcsrb.com\/wp-content\/uploads\/2026\/01\/Ilija-Vukotic-Boavista-Futebol-Clube-Facebook.webp","contentUrl":"https:\/\/dmcsrb.com\/wp-content\/uploads\/2026\/01\/Ilija-Vukotic-Boavista-Futebol-Clube-Facebook.webp","width":895,"height":724},{"@type":"BreadcrumbList","@id":"https:\/\/dmcsrb.com\/sport\/vukotic-iz-portugala-seli-u-grcku\/#breadcrumb","itemListElement":[{"@type":"ListItem","position":1,"name":"Home","item":"https:\/\/dmcsrb.com\/"},{"@type":"ListItem","position":2,"name":"Vukoti\u0107 iz Portugala seli u Gr\u010dku"}]},{"@type":"WebSite","@id":"https:\/\/dmcsrb.com\/#website","url":"https:\/\/dmcsrb.com\/","name":"dmcsrb.com","description":"","potentialAction":[{"@type":"SearchAction","target":{"@type":"EntryPoint","urlTemplate":"https:\/\/dmcsrb.com\/?s={search_term_string}"},"query-input":{"@type":"PropertyValueSpecification","valueRequired":true,"valueName":"search_term_string"}}],"inLanguage":"en-GB"},{"@type":"Person","@id":"https:\/\/dmcsrb.com\/#\/schema\/person\/5c39170f12db1b8b457732d0b5c854e2","name":"dmcsrbija.com@gmail.com","image":{"@type":"ImageObject","inLanguage":"en-GB","@id":"https:\/\/secure.gravatar.com\/avatar\/68592660ad6347fad0fb587f8d5d8f1a7b44961362f56e4f2cd524feb87e9069?s=96&d=mm&r=g","url":"https:\/\/secure.gravatar.com\/avatar\/68592660ad6347fad0fb587f8d5d8f1a7b44961362f56e4f2cd524feb87e9069?s=96&d=mm&r=g","contentUrl":"https:\/\/secure.gravatar.com\/avatar\/68592660ad6347fad0fb587f8d5d8f1a7b44961362f56e4f2cd524feb87e9069?s=96&d=mm&r=g","caption":"dmcsrbija.com@gmail.com"},"sameAs":["https:\/\/dmcsrb.com"],"url":"https:\/\/dmcsrb.com\/en\/author\/dmcsrbija-comgmail-com\/"}]}},"_links":{"self":[{"href":"https:\/\/dmcsrb.com\/en\/wp-json\/wp\/v2\/posts\/951130","targetHints":{"allow":["GET"]}}],"collection":[{"href":"https:\/\/dmcsrb.com\/en\/wp-json\/wp\/v2\/posts"}],"about":[{"href":"https:\/\/dmcsrb.com\/en\/wp-json\/wp\/v2\/types\/post"}],"author":[{"embeddable":true,"href":"https:\/\/dmcsrb.com\/en\/wp-json\/wp\/v2\/users\/1"}],"replies":[{"embeddable":true,"href":"https:\/\/dmcsrb.com\/en\/wp-json\/wp\/v2\/comments?post=951130"}],"version-history":[{"count":0,"href":"https:\/\/dmcsrb.com\/en\/wp-json\/wp\/v2\/posts\/951130\/revisions"}],"wp:featuredmedia":[{"embeddable":true,"href":"https:\/\/dmcsrb.com\/en\/wp-json\/wp\/v2\/media\/951131"}],"wp:attachment":[{"href":"https:\/\/dmcsrb.com\/en\/wp-json\/wp\/v2\/media?parent=951130"}],"wp:term":[{"taxonomy":"category","embeddable":true,"href":"https:\/\/dmcsrb.com\/en\/wp-json\/wp\/v2\/categories?post=951130"},{"taxonomy":"post_tag","embeddable":true,"href":"https:\/\/dmcsrb.com\/en\/wp-json\/wp\/v2\/tags?post=951130"},{"taxonomy":"naslovna","embeddable":true,"href":"https:\/\/dmcsrb.com\/en\/wp-json\/wp\/v2\/naslovna?post=951130"}],"curies":[{"name":"wp","href":"https:\/\/api.w.org\/{rel}","templated":true}]}}