{"id":951127,"date":"2025-09-09T16:23:00","date_gmt":"2025-09-09T14:23:00","guid":{"rendered":"https:\/\/dmcsrb.com\/uncategorized\/poljska-zatvara-granicu-s-bjelorusijom\/"},"modified":"2025-09-09T16:23:00","modified_gmt":"2025-09-09T14:23:00","slug":"poljska-zatvara-granicu-s-bjelorusijom","status":"publish","type":"post","link":"https:\/\/dmcsrb.com\/en\/svijet\/poljska-zatvara-granicu-s-bjelorusijom\/","title":{"rendered":"Poljska zatvara granicu s Bjelorusijom"},"content":{"rendered":"<p><\/p>\n\n\n\n<p>Vojne vje\u017ebe &#8220;Zapad-2025&#8221; koje \u0107e se odr\u017eati u zapadnoj Rusiji i Bjelorusiji izazvale su zabrinutost u susjednim dr\u017eavama, \u010dlanicama NATO-a &#8211; Poljskoj, Litvaniji i Latviji.<\/p>\n\n\n\n<p>&#8220;U petak u Bjelorusiji, jako blizu poljske granice, po\u010dinju rusko-bjeloruski manevri, jako agresivni iz perspektive vojne doktrine&#8221;, rekao je Tusk na sastanku vlade. &#8220;Prema tome, radi nacionalne bezbjednosti zatvori\u0107emo granicu s Bjelorusijom, uklju\u010duju\u0107i \u017eeljezni\u010dko-putne\u00a0prelaze, u vezi s manevrima Zapad u \u010detvrtak u pono\u0107.&#8221;<\/p>\n\n\n\n<p>Vje\u017ebe Zapad uklju\u010diva\u0107e vje\u017ebe mogu\u0107eg kori\u0161\u0107enja\u00a0nuklearnog oru\u017eja i ruskog hipersoni\u010dnog projektila srednjeg dometa Ore\u0161nik, rekao je bjeloruski ministar odbrane.\u00a0<\/p>\n\n\n\n<p>NATO \u0107e u isto vrijeme odr\u017eati vje\u017ebe sa svoje strane granice. Litvanija je tako\u0111e najavila da \u0107e poja\u010dati mjere za\u0161tite svoje granice s Bjelorusijom i Rusijom zbog vojnih vje\u017ebi Zapad, objavila je u utorak litvanska pograni\u010dna stra\u017ea.<\/p>\n\n\n\n<p><\/p>","protected":false},"excerpt":{"rendered":"<p>Poljska \u0107e u \u010detvrtak u pono\u0107 po mjesnom vremenu zatvoriti granicu s Bjelorusijom zbog vojnih vje\u017ebi Zapad koje se odr\u017eavaju u Bjelorusiji, rekao je poljski premijer Donald Tusk, a ja\u010danje mjera bezbjednosti na granici s Bjelorusijom i Rusijom najavila je i Litvanija, javlja Hina.<\/p>","protected":false},"author":1,"featured_media":951128,"comment_status":"open","ping_status":"open","sticky":false,"template":"","format":"standard","meta":{"_acf_changed":false,"footnotes":""},"categories":[144],"tags":[2134,2334,7503],"naslovna":[],"class_list":["post-951127","post","type-post","status-publish","format-standard","has-post-thumbnail","hentry","category-svijet","tag-bjelorusija","tag-poljska","tag-zatvaranje-granice"],"acf":[],"yoast_head":"<!-- This site is optimized with the Yoast SEO plugin v27.4 - https:\/\/yoast.com\/product\/yoast-seo-wordpress\/ -->\n<title>Poljska zatvara granicu s Bjelorusijom - dmcsrb.com<\/title>\n<meta name=\"robots\" content=\"index, follow, max-snippet:-1, max-image-preview:large, max-video-preview:-1\" \/>\n<link rel=\"canonical\" href=\"https:\/\/dmcsrb.com\/en\/svijet\/poljska-zatvara-granicu-s-bjelorusijom\/\" \/>\n<meta property=\"og:locale\" content=\"en_GB\" \/>\n<meta property=\"og:type\" content=\"article\" \/>\n<meta property=\"og:title\" content=\"Poljska zatvara granicu s Bjelorusijom - dmcsrb.com\" \/>\n<meta property=\"og:description\" content=\"Poljska \u0107e u \u010detvrtak u pono\u0107 po mjesnom vremenu zatvoriti granicu s Bjelorusijom zbog vojnih vje\u017ebi Zapad koje se odr\u017eavaju u Bjelorusiji, rekao je poljski premijer Donald Tusk, a ja\u010danje mjera bezbjednosti na granici s Bjelorusijom i Rusijom najavila je i Litvanija, javlja Hina.\" \/>\n<meta property=\"og:url\" content=\"https:\/\/dmcsrb.com\/en\/svijet\/poljska-zatvara-granicu-s-bjelorusijom\/\" \/>\n<meta property=\"og:site_name\" content=\"dmcsrb.com\" \/>\n<meta property=\"article:published_time\" content=\"2025-09-09T14:23:00+00:00\" \/>\n<meta property=\"og:image\" content=\"https:\/\/dmcsrb.com\/wp-content\/uploads\/2026\/01\/poljska-belorusija-vojnici-granica-vojska-.webp\" \/>\n\t<meta property=\"og:image:width\" content=\"1050\" \/>\n\t<meta property=\"og:image:height\" content=\"700\" \/>\n\t<meta property=\"og:image:type\" content=\"image\/jpeg\" \/>\n<meta name=\"author\" content=\"dmcsrbija.com@gmail.com\" \/>\n<meta name=\"twitter:card\" content=\"summary_large_image\" \/>\n<meta name=\"twitter:label1\" content=\"Written by\" \/>\n\t<meta name=\"twitter:data1\" content=\"dmcsrbija.com@gmail.com\" \/>\n\t<meta name=\"twitter:label2\" content=\"Estimated reading time\" \/>\n\t<meta name=\"twitter:data2\" content=\"1 minute\" \/>\n<script type=\"application\/ld+json\" class=\"yoast-schema-graph\">{\"@context\":\"https:\\\/\\\/schema.org\",\"@graph\":[{\"@type\":\"Article\",\"@id\":\"https:\\\/\\\/dmcsrb.com\\\/svijet\\\/poljska-zatvara-granicu-s-bjelorusijom\\\/#article\",\"isPartOf\":{\"@id\":\"https:\\\/\\\/dmcsrb.com\\\/svijet\\\/poljska-zatvara-granicu-s-bjelorusijom\\\/\"},\"author\":{\"name\":\"dmcsrbija.com@gmail.com\",\"@id\":\"https:\\\/\\\/dmcsrb.com\\\/#\\\/schema\\\/person\\\/5c39170f12db1b8b457732d0b5c854e2\"},\"headline\":\"Poljska zatvara granicu s Bjelorusijom\",\"datePublished\":\"2025-09-09T14:23:00+00:00\",\"mainEntityOfPage\":{\"@id\":\"https:\\\/\\\/dmcsrb.com\\\/svijet\\\/poljska-zatvara-granicu-s-bjelorusijom\\\/\"},\"wordCount\":156,\"commentCount\":0,\"image\":{\"@id\":\"https:\\\/\\\/dmcsrb.com\\\/svijet\\\/poljska-zatvara-granicu-s-bjelorusijom\\\/#primaryimage\"},\"thumbnailUrl\":\"https:\\\/\\\/dmcsrb.com\\\/wp-content\\\/uploads\\\/2026\\\/01\\\/poljska-belorusija-vojnici-granica-vojska-.webp\",\"keywords\":[\"Bjelorusija\",\"Poljska\",\"Zatvaranje granice\"],\"articleSection\":[\"Svijet\"],\"inLanguage\":\"en-GB\",\"potentialAction\":[{\"@type\":\"CommentAction\",\"name\":\"Comment\",\"target\":[\"https:\\\/\\\/dmcsrb.com\\\/svijet\\\/poljska-zatvara-granicu-s-bjelorusijom\\\/#respond\"]}]},{\"@type\":\"WebPage\",\"@id\":\"https:\\\/\\\/dmcsrb.com\\\/svijet\\\/poljska-zatvara-granicu-s-bjelorusijom\\\/\",\"url\":\"https:\\\/\\\/dmcsrb.com\\\/svijet\\\/poljska-zatvara-granicu-s-bjelorusijom\\\/\",\"name\":\"Poljska zatvara granicu s Bjelorusijom - dmcsrb.com\",\"isPartOf\":{\"@id\":\"https:\\\/\\\/dmcsrb.com\\\/#website\"},\"primaryImageOfPage\":{\"@id\":\"https:\\\/\\\/dmcsrb.com\\\/svijet\\\/poljska-zatvara-granicu-s-bjelorusijom\\\/#primaryimage\"},\"image\":{\"@id\":\"https:\\\/\\\/dmcsrb.com\\\/svijet\\\/poljska-zatvara-granicu-s-bjelorusijom\\\/#primaryimage\"},\"thumbnailUrl\":\"https:\\\/\\\/dmcsrb.com\\\/wp-content\\\/uploads\\\/2026\\\/01\\\/poljska-belorusija-vojnici-granica-vojska-.webp\",\"datePublished\":\"2025-09-09T14:23:00+00:00\",\"author\":{\"@id\":\"https:\\\/\\\/dmcsrb.com\\\/#\\\/schema\\\/person\\\/5c39170f12db1b8b457732d0b5c854e2\"},\"breadcrumb\":{\"@id\":\"https:\\\/\\\/dmcsrb.com\\\/svijet\\\/poljska-zatvara-granicu-s-bjelorusijom\\\/#breadcrumb\"},\"inLanguage\":\"en-GB\",\"potentialAction\":[{\"@type\":\"ReadAction\",\"target\":[\"https:\\\/\\\/dmcsrb.com\\\/svijet\\\/poljska-zatvara-granicu-s-bjelorusijom\\\/\"]}]},{\"@type\":\"ImageObject\",\"inLanguage\":\"en-GB\",\"@id\":\"https:\\\/\\\/dmcsrb.com\\\/svijet\\\/poljska-zatvara-granicu-s-bjelorusijom\\\/#primaryimage\",\"url\":\"https:\\\/\\\/dmcsrb.com\\\/wp-content\\\/uploads\\\/2026\\\/01\\\/poljska-belorusija-vojnici-granica-vojska-.webp\",\"contentUrl\":\"https:\\\/\\\/dmcsrb.com\\\/wp-content\\\/uploads\\\/2026\\\/01\\\/poljska-belorusija-vojnici-granica-vojska-.webp\",\"width\":1050,\"height\":700},{\"@type\":\"BreadcrumbList\",\"@id\":\"https:\\\/\\\/dmcsrb.com\\\/svijet\\\/poljska-zatvara-granicu-s-bjelorusijom\\\/#breadcrumb\",\"itemListElement\":[{\"@type\":\"ListItem\",\"position\":1,\"name\":\"Home\",\"item\":\"https:\\\/\\\/dmcsrb.com\\\/\"},{\"@type\":\"ListItem\",\"position\":2,\"name\":\"Poljska zatvara granicu s Bjelorusijom\"}]},{\"@type\":\"WebSite\",\"@id\":\"https:\\\/\\\/dmcsrb.com\\\/#website\",\"url\":\"https:\\\/\\\/dmcsrb.com\\\/\",\"name\":\"dmcsrb.com\",\"description\":\"\",\"potentialAction\":[{\"@type\":\"SearchAction\",\"target\":{\"@type\":\"EntryPoint\",\"urlTemplate\":\"https:\\\/\\\/dmcsrb.com\\\/?s={search_term_string}\"},\"query-input\":{\"@type\":\"PropertyValueSpecification\",\"valueRequired\":true,\"valueName\":\"search_term_string\"}}],\"inLanguage\":\"en-GB\"},{\"@type\":\"Person\",\"@id\":\"https:\\\/\\\/dmcsrb.com\\\/#\\\/schema\\\/person\\\/5c39170f12db1b8b457732d0b5c854e2\",\"name\":\"dmcsrbija.com@gmail.com\",\"image\":{\"@type\":\"ImageObject\",\"inLanguage\":\"en-GB\",\"@id\":\"https:\\\/\\\/secure.gravatar.com\\\/avatar\\\/68592660ad6347fad0fb587f8d5d8f1a7b44961362f56e4f2cd524feb87e9069?s=96&d=mm&r=g\",\"url\":\"https:\\\/\\\/secure.gravatar.com\\\/avatar\\\/68592660ad6347fad0fb587f8d5d8f1a7b44961362f56e4f2cd524feb87e9069?s=96&d=mm&r=g\",\"contentUrl\":\"https:\\\/\\\/secure.gravatar.com\\\/avatar\\\/68592660ad6347fad0fb587f8d5d8f1a7b44961362f56e4f2cd524feb87e9069?s=96&d=mm&r=g\",\"caption\":\"dmcsrbija.com@gmail.com\"},\"sameAs\":[\"https:\\\/\\\/dmcsrb.com\"],\"url\":\"https:\\\/\\\/dmcsrb.com\\\/en\\\/author\\\/dmcsrbija-comgmail-com\\\/\"}]}<\/script>\n<!-- \/ Yoast SEO plugin. -->","yoast_head_json":{"title":"Poljska zatvara granicu s Bjelorusijom - dmcsrb.com","robots":{"index":"index","follow":"follow","max-snippet":"max-snippet:-1","max-image-preview":"max-image-preview:large","max-video-preview":"max-video-preview:-1"},"canonical":"https:\/\/dmcsrb.com\/en\/svijet\/poljska-zatvara-granicu-s-bjelorusijom\/","og_locale":"en_GB","og_type":"article","og_title":"Poljska zatvara granicu s Bjelorusijom - dmcsrb.com","og_description":"Poljska \u0107e u \u010detvrtak u pono\u0107 po mjesnom vremenu zatvoriti granicu s Bjelorusijom zbog vojnih vje\u017ebi Zapad koje se odr\u017eavaju u Bjelorusiji, rekao je poljski premijer Donald Tusk, a ja\u010danje mjera bezbjednosti na granici s Bjelorusijom i Rusijom najavila je i Litvanija, javlja Hina.","og_url":"https:\/\/dmcsrb.com\/en\/svijet\/poljska-zatvara-granicu-s-bjelorusijom\/","og_site_name":"dmcsrb.com","article_published_time":"2025-09-09T14:23:00+00:00","og_image":[{"width":1050,"height":700,"url":"https:\/\/dmcsrb.com\/wp-content\/uploads\/2026\/01\/poljska-belorusija-vojnici-granica-vojska-.webp","type":"image\/jpeg"}],"author":"dmcsrbija.com@gmail.com","twitter_card":"summary_large_image","twitter_misc":{"Written by":"dmcsrbija.com@gmail.com","Estimated reading time":"1 minute"},"schema":{"@context":"https:\/\/schema.org","@graph":[{"@type":"Article","@id":"https:\/\/dmcsrb.com\/svijet\/poljska-zatvara-granicu-s-bjelorusijom\/#article","isPartOf":{"@id":"https:\/\/dmcsrb.com\/svijet\/poljska-zatvara-granicu-s-bjelorusijom\/"},"author":{"name":"dmcsrbija.com@gmail.com","@id":"https:\/\/dmcsrb.com\/#\/schema\/person\/5c39170f12db1b8b457732d0b5c854e2"},"headline":"Poljska zatvara granicu s Bjelorusijom","datePublished":"2025-09-09T14:23:00+00:00","mainEntityOfPage":{"@id":"https:\/\/dmcsrb.com\/svijet\/poljska-zatvara-granicu-s-bjelorusijom\/"},"wordCount":156,"commentCount":0,"image":{"@id":"https:\/\/dmcsrb.com\/svijet\/poljska-zatvara-granicu-s-bjelorusijom\/#primaryimage"},"thumbnailUrl":"https:\/\/dmcsrb.com\/wp-content\/uploads\/2026\/01\/poljska-belorusija-vojnici-granica-vojska-.webp","keywords":["Bjelorusija","Poljska","Zatvaranje granice"],"articleSection":["Svijet"],"inLanguage":"en-GB","potentialAction":[{"@type":"CommentAction","name":"Comment","target":["https:\/\/dmcsrb.com\/svijet\/poljska-zatvara-granicu-s-bjelorusijom\/#respond"]}]},{"@type":"WebPage","@id":"https:\/\/dmcsrb.com\/svijet\/poljska-zatvara-granicu-s-bjelorusijom\/","url":"https:\/\/dmcsrb.com\/svijet\/poljska-zatvara-granicu-s-bjelorusijom\/","name":"Poljska zatvara granicu s Bjelorusijom - dmcsrb.com","isPartOf":{"@id":"https:\/\/dmcsrb.com\/#website"},"primaryImageOfPage":{"@id":"https:\/\/dmcsrb.com\/svijet\/poljska-zatvara-granicu-s-bjelorusijom\/#primaryimage"},"image":{"@id":"https:\/\/dmcsrb.com\/svijet\/poljska-zatvara-granicu-s-bjelorusijom\/#primaryimage"},"thumbnailUrl":"https:\/\/dmcsrb.com\/wp-content\/uploads\/2026\/01\/poljska-belorusija-vojnici-granica-vojska-.webp","datePublished":"2025-09-09T14:23:00+00:00","author":{"@id":"https:\/\/dmcsrb.com\/#\/schema\/person\/5c39170f12db1b8b457732d0b5c854e2"},"breadcrumb":{"@id":"https:\/\/dmcsrb.com\/svijet\/poljska-zatvara-granicu-s-bjelorusijom\/#breadcrumb"},"inLanguage":"en-GB","potentialAction":[{"@type":"ReadAction","target":["https:\/\/dmcsrb.com\/svijet\/poljska-zatvara-granicu-s-bjelorusijom\/"]}]},{"@type":"ImageObject","inLanguage":"en-GB","@id":"https:\/\/dmcsrb.com\/svijet\/poljska-zatvara-granicu-s-bjelorusijom\/#primaryimage","url":"https:\/\/dmcsrb.com\/wp-content\/uploads\/2026\/01\/poljska-belorusija-vojnici-granica-vojska-.webp","contentUrl":"https:\/\/dmcsrb.com\/wp-content\/uploads\/2026\/01\/poljska-belorusija-vojnici-granica-vojska-.webp","width":1050,"height":700},{"@type":"BreadcrumbList","@id":"https:\/\/dmcsrb.com\/svijet\/poljska-zatvara-granicu-s-bjelorusijom\/#breadcrumb","itemListElement":[{"@type":"ListItem","position":1,"name":"Home","item":"https:\/\/dmcsrb.com\/"},{"@type":"ListItem","position":2,"name":"Poljska zatvara granicu s Bjelorusijom"}]},{"@type":"WebSite","@id":"https:\/\/dmcsrb.com\/#website","url":"https:\/\/dmcsrb.com\/","name":"dmcsrb.com","description":"","potentialAction":[{"@type":"SearchAction","target":{"@type":"EntryPoint","urlTemplate":"https:\/\/dmcsrb.com\/?s={search_term_string}"},"query-input":{"@type":"PropertyValueSpecification","valueRequired":true,"valueName":"search_term_string"}}],"inLanguage":"en-GB"},{"@type":"Person","@id":"https:\/\/dmcsrb.com\/#\/schema\/person\/5c39170f12db1b8b457732d0b5c854e2","name":"dmcsrbija.com@gmail.com","image":{"@type":"ImageObject","inLanguage":"en-GB","@id":"https:\/\/secure.gravatar.com\/avatar\/68592660ad6347fad0fb587f8d5d8f1a7b44961362f56e4f2cd524feb87e9069?s=96&d=mm&r=g","url":"https:\/\/secure.gravatar.com\/avatar\/68592660ad6347fad0fb587f8d5d8f1a7b44961362f56e4f2cd524feb87e9069?s=96&d=mm&r=g","contentUrl":"https:\/\/secure.gravatar.com\/avatar\/68592660ad6347fad0fb587f8d5d8f1a7b44961362f56e4f2cd524feb87e9069?s=96&d=mm&r=g","caption":"dmcsrbija.com@gmail.com"},"sameAs":["https:\/\/dmcsrb.com"],"url":"https:\/\/dmcsrb.com\/en\/author\/dmcsrbija-comgmail-com\/"}]}},"_links":{"self":[{"href":"https:\/\/dmcsrb.com\/en\/wp-json\/wp\/v2\/posts\/951127","targetHints":{"allow":["GET"]}}],"collection":[{"href":"https:\/\/dmcsrb.com\/en\/wp-json\/wp\/v2\/posts"}],"about":[{"href":"https:\/\/dmcsrb.com\/en\/wp-json\/wp\/v2\/types\/post"}],"author":[{"embeddable":true,"href":"https:\/\/dmcsrb.com\/en\/wp-json\/wp\/v2\/users\/1"}],"replies":[{"embeddable":true,"href":"https:\/\/dmcsrb.com\/en\/wp-json\/wp\/v2\/comments?post=951127"}],"version-history":[{"count":0,"href":"https:\/\/dmcsrb.com\/en\/wp-json\/wp\/v2\/posts\/951127\/revisions"}],"wp:featuredmedia":[{"embeddable":true,"href":"https:\/\/dmcsrb.com\/en\/wp-json\/wp\/v2\/media\/951128"}],"wp:attachment":[{"href":"https:\/\/dmcsrb.com\/en\/wp-json\/wp\/v2\/media?parent=951127"}],"wp:term":[{"taxonomy":"category","embeddable":true,"href":"https:\/\/dmcsrb.com\/en\/wp-json\/wp\/v2\/categories?post=951127"},{"taxonomy":"post_tag","embeddable":true,"href":"https:\/\/dmcsrb.com\/en\/wp-json\/wp\/v2\/tags?post=951127"},{"taxonomy":"naslovna","embeddable":true,"href":"https:\/\/dmcsrb.com\/en\/wp-json\/wp\/v2\/naslovna?post=951127"}],"curies":[{"name":"wp","href":"https:\/\/api.w.org\/{rel}","templated":true}]}}