{"id":951122,"date":"2025-09-09T14:00:00","date_gmt":"2025-09-09T12:00:00","guid":{"rendered":"https:\/\/dmcsrb.com\/uncategorized\/izraelci-tramp-nam-je-dao-zeleno-svjetlo-za-napade-na-katar\/"},"modified":"2025-09-09T14:00:00","modified_gmt":"2025-09-09T12:00:00","slug":"izraelci-tramp-nam-je-dao-zeleno-svjetlo-za-napade-na-katar","status":"publish","type":"post","link":"https:\/\/dmcsrb.com\/en\/svijet\/izraelci-tramp-nam-je-dao-zeleno-svjetlo-za-napade-na-katar\/","title":{"rendered":"Izraelci: Tramp nam je dao zeleno svjetlo za napade na Katar"},"content":{"rendered":"<p><\/p>\n\n\n\n<p>U izvje\u0161taju se navodi da je dugogodi\u0161nji vo\u0111a Hamasa Kaled Ma\u0161al, kojeg je Izrael poku\u0161ao ubiti u Jordanu 1997. godine, bio na sastanku koji je Izrael ciljao u Dohi.<\/p>\n\n\n\n<p>Izraelska vojska je ranije potvrdila kako je izvela napade u Dohi i da su meta bili rukovode\u0107i ljudi Hamasa.<\/p>\n\n\n\n<p>Svjedoci Rojtersa su kazali da se u Dohi \u010dulo nekoliko eksplozija, a novinar Aksiosa Barak Ravid, pozivaju\u0107i se na izraelske zvani\u010dnike, rekao je da je eksplozija u Dohi poku\u0161aj atentata na zvani\u010dnike Hamasa.<\/p>\n\n\n\n<p>&#8220;IDF i \u0160in Bet, putem Vazdu\u0161nih snaga, nedavno su izveli ciljani napad na visoko vo\u0111stvo teroristi\u010dke organizacije Hamas. \u010clanovi vo\u0111stva koji su bili meta godinama su vodili aktivnosti organizacije i otvoreno su odgovorni za izvr\u0161enje masakra 7. oktobra i za upravljanje ratom protiv Dr\u017eave Izrael&#8221;, saop\u0161tila je izraelska vojska.<\/p>\n\n\n\n<p>Al D\u017eazira izvje\u0161tava da su izraelski napad na Dohu usmjeren je na pregovore Hamasa dok su raspravljali o Trampovom predlogu, a glavna meta napada bio je Halil al- Haja, politi\u010dki vo\u0111a Hamasa.<\/p>\n\n\n\n<p><\/p>","protected":false},"excerpt":{"rendered":"<p>Ameri\u010dki predsjednik Donald Tramp dao je zeleno svjetlo za izraelski napad u Kataru, izjavio je visoki izraelski zvani\u010dnik za Kanal 12.<\/p>","protected":false},"author":1,"featured_media":909281,"comment_status":"open","ping_status":"open","sticky":false,"template":"","format":"standard","meta":{"_acf_changed":false,"footnotes":""},"categories":[144],"tags":[193,1261,7499,7500],"naslovna":[],"class_list":["post-951122","post","type-post","status-publish","format-standard","has-post-thumbnail","hentry","category-svijet","tag-donald-tramp","tag-izraelci","tag-napadi-na-katar","tag-zeleno-svjetlo"],"acf":[],"yoast_head":"<!-- This site is optimized with the Yoast SEO plugin v27.4 - https:\/\/yoast.com\/product\/yoast-seo-wordpress\/ -->\n<title>Izraelci: Tramp nam je dao zeleno svjetlo za napade na Katar - dmcsrb.com<\/title>\n<meta name=\"robots\" content=\"index, follow, max-snippet:-1, max-image-preview:large, max-video-preview:-1\" \/>\n<link rel=\"canonical\" href=\"https:\/\/dmcsrb.com\/en\/svijet\/izraelci-tramp-nam-je-dao-zeleno-svjetlo-za-napade-na-katar\/\" \/>\n<meta property=\"og:locale\" content=\"en_GB\" \/>\n<meta property=\"og:type\" content=\"article\" \/>\n<meta property=\"og:title\" content=\"Izraelci: Tramp nam je dao zeleno svjetlo za napade na Katar - dmcsrb.com\" \/>\n<meta property=\"og:description\" content=\"Ameri\u010dki predsjednik Donald Tramp dao je zeleno svjetlo za izraelski napad u Kataru, izjavio je visoki izraelski zvani\u010dnik za Kanal 12.\" \/>\n<meta property=\"og:url\" content=\"https:\/\/dmcsrb.com\/en\/svijet\/izraelci-tramp-nam-je-dao-zeleno-svjetlo-za-napade-na-katar\/\" \/>\n<meta property=\"og:site_name\" content=\"dmcsrb.com\" \/>\n<meta property=\"article:published_time\" content=\"2025-09-09T12:00:00+00:00\" \/>\n<meta property=\"og:image\" content=\"https:\/\/dmcsrb.com\/wp-content\/uploads\/2026\/01\/Donald-Tramp.webp\" \/>\n\t<meta property=\"og:image:width\" content=\"871\" \/>\n\t<meta property=\"og:image:height\" content=\"540\" \/>\n\t<meta property=\"og:image:type\" content=\"image\/webp\" \/>\n<meta name=\"author\" content=\"dmcsrbija.com@gmail.com\" \/>\n<meta name=\"twitter:card\" content=\"summary_large_image\" \/>\n<meta name=\"twitter:label1\" content=\"Written by\" \/>\n\t<meta name=\"twitter:data1\" content=\"dmcsrbija.com@gmail.com\" \/>\n\t<meta name=\"twitter:label2\" content=\"Estimated reading time\" \/>\n\t<meta name=\"twitter:data2\" content=\"1 minute\" \/>\n<script type=\"application\/ld+json\" class=\"yoast-schema-graph\">{\"@context\":\"https:\\\/\\\/schema.org\",\"@graph\":[{\"@type\":\"Article\",\"@id\":\"https:\\\/\\\/dmcsrb.com\\\/svijet\\\/izraelci-tramp-nam-je-dao-zeleno-svjetlo-za-napade-na-katar\\\/#article\",\"isPartOf\":{\"@id\":\"https:\\\/\\\/dmcsrb.com\\\/svijet\\\/izraelci-tramp-nam-je-dao-zeleno-svjetlo-za-napade-na-katar\\\/\"},\"author\":{\"name\":\"dmcsrbija.com@gmail.com\",\"@id\":\"https:\\\/\\\/dmcsrb.com\\\/#\\\/schema\\\/person\\\/5c39170f12db1b8b457732d0b5c854e2\"},\"headline\":\"Izraelci: Tramp nam je dao zeleno svjetlo za napade na Katar\",\"datePublished\":\"2025-09-09T12:00:00+00:00\",\"mainEntityOfPage\":{\"@id\":\"https:\\\/\\\/dmcsrb.com\\\/svijet\\\/izraelci-tramp-nam-je-dao-zeleno-svjetlo-za-napade-na-katar\\\/\"},\"wordCount\":192,\"commentCount\":0,\"image\":{\"@id\":\"https:\\\/\\\/dmcsrb.com\\\/svijet\\\/izraelci-tramp-nam-je-dao-zeleno-svjetlo-za-napade-na-katar\\\/#primaryimage\"},\"thumbnailUrl\":\"https:\\\/\\\/dmcsrb.com\\\/wp-content\\\/uploads\\\/2026\\\/01\\\/Donald-Tramp.webp\",\"keywords\":[\"Donald Tramp\",\"izraelci\",\"Napadi na Katar\",\"zeleno svjetlo\"],\"articleSection\":[\"Svijet\"],\"inLanguage\":\"en-GB\",\"potentialAction\":[{\"@type\":\"CommentAction\",\"name\":\"Comment\",\"target\":[\"https:\\\/\\\/dmcsrb.com\\\/svijet\\\/izraelci-tramp-nam-je-dao-zeleno-svjetlo-za-napade-na-katar\\\/#respond\"]}]},{\"@type\":\"WebPage\",\"@id\":\"https:\\\/\\\/dmcsrb.com\\\/svijet\\\/izraelci-tramp-nam-je-dao-zeleno-svjetlo-za-napade-na-katar\\\/\",\"url\":\"https:\\\/\\\/dmcsrb.com\\\/svijet\\\/izraelci-tramp-nam-je-dao-zeleno-svjetlo-za-napade-na-katar\\\/\",\"name\":\"Izraelci: Tramp nam je dao zeleno svjetlo za napade na Katar - dmcsrb.com\",\"isPartOf\":{\"@id\":\"https:\\\/\\\/dmcsrb.com\\\/#website\"},\"primaryImageOfPage\":{\"@id\":\"https:\\\/\\\/dmcsrb.com\\\/svijet\\\/izraelci-tramp-nam-je-dao-zeleno-svjetlo-za-napade-na-katar\\\/#primaryimage\"},\"image\":{\"@id\":\"https:\\\/\\\/dmcsrb.com\\\/svijet\\\/izraelci-tramp-nam-je-dao-zeleno-svjetlo-za-napade-na-katar\\\/#primaryimage\"},\"thumbnailUrl\":\"https:\\\/\\\/dmcsrb.com\\\/wp-content\\\/uploads\\\/2026\\\/01\\\/Donald-Tramp.webp\",\"datePublished\":\"2025-09-09T12:00:00+00:00\",\"author\":{\"@id\":\"https:\\\/\\\/dmcsrb.com\\\/#\\\/schema\\\/person\\\/5c39170f12db1b8b457732d0b5c854e2\"},\"breadcrumb\":{\"@id\":\"https:\\\/\\\/dmcsrb.com\\\/svijet\\\/izraelci-tramp-nam-je-dao-zeleno-svjetlo-za-napade-na-katar\\\/#breadcrumb\"},\"inLanguage\":\"en-GB\",\"potentialAction\":[{\"@type\":\"ReadAction\",\"target\":[\"https:\\\/\\\/dmcsrb.com\\\/svijet\\\/izraelci-tramp-nam-je-dao-zeleno-svjetlo-za-napade-na-katar\\\/\"]}]},{\"@type\":\"ImageObject\",\"inLanguage\":\"en-GB\",\"@id\":\"https:\\\/\\\/dmcsrb.com\\\/svijet\\\/izraelci-tramp-nam-je-dao-zeleno-svjetlo-za-napade-na-katar\\\/#primaryimage\",\"url\":\"https:\\\/\\\/dmcsrb.com\\\/wp-content\\\/uploads\\\/2026\\\/01\\\/Donald-Tramp.webp\",\"contentUrl\":\"https:\\\/\\\/dmcsrb.com\\\/wp-content\\\/uploads\\\/2026\\\/01\\\/Donald-Tramp.webp\",\"width\":871,\"height\":540},{\"@type\":\"BreadcrumbList\",\"@id\":\"https:\\\/\\\/dmcsrb.com\\\/svijet\\\/izraelci-tramp-nam-je-dao-zeleno-svjetlo-za-napade-na-katar\\\/#breadcrumb\",\"itemListElement\":[{\"@type\":\"ListItem\",\"position\":1,\"name\":\"Home\",\"item\":\"https:\\\/\\\/dmcsrb.com\\\/\"},{\"@type\":\"ListItem\",\"position\":2,\"name\":\"Izraelci: Tramp nam je dao zeleno svjetlo za napade na Katar\"}]},{\"@type\":\"WebSite\",\"@id\":\"https:\\\/\\\/dmcsrb.com\\\/#website\",\"url\":\"https:\\\/\\\/dmcsrb.com\\\/\",\"name\":\"dmcsrb.com\",\"description\":\"\",\"potentialAction\":[{\"@type\":\"SearchAction\",\"target\":{\"@type\":\"EntryPoint\",\"urlTemplate\":\"https:\\\/\\\/dmcsrb.com\\\/?s={search_term_string}\"},\"query-input\":{\"@type\":\"PropertyValueSpecification\",\"valueRequired\":true,\"valueName\":\"search_term_string\"}}],\"inLanguage\":\"en-GB\"},{\"@type\":\"Person\",\"@id\":\"https:\\\/\\\/dmcsrb.com\\\/#\\\/schema\\\/person\\\/5c39170f12db1b8b457732d0b5c854e2\",\"name\":\"dmcsrbija.com@gmail.com\",\"image\":{\"@type\":\"ImageObject\",\"inLanguage\":\"en-GB\",\"@id\":\"https:\\\/\\\/secure.gravatar.com\\\/avatar\\\/68592660ad6347fad0fb587f8d5d8f1a7b44961362f56e4f2cd524feb87e9069?s=96&d=mm&r=g\",\"url\":\"https:\\\/\\\/secure.gravatar.com\\\/avatar\\\/68592660ad6347fad0fb587f8d5d8f1a7b44961362f56e4f2cd524feb87e9069?s=96&d=mm&r=g\",\"contentUrl\":\"https:\\\/\\\/secure.gravatar.com\\\/avatar\\\/68592660ad6347fad0fb587f8d5d8f1a7b44961362f56e4f2cd524feb87e9069?s=96&d=mm&r=g\",\"caption\":\"dmcsrbija.com@gmail.com\"},\"sameAs\":[\"https:\\\/\\\/dmcsrb.com\"],\"url\":\"https:\\\/\\\/dmcsrb.com\\\/en\\\/author\\\/dmcsrbija-comgmail-com\\\/\"}]}<\/script>\n<!-- \/ Yoast SEO plugin. -->","yoast_head_json":{"title":"Izraelci: Tramp nam je dao zeleno svjetlo za napade na Katar - dmcsrb.com","robots":{"index":"index","follow":"follow","max-snippet":"max-snippet:-1","max-image-preview":"max-image-preview:large","max-video-preview":"max-video-preview:-1"},"canonical":"https:\/\/dmcsrb.com\/en\/svijet\/izraelci-tramp-nam-je-dao-zeleno-svjetlo-za-napade-na-katar\/","og_locale":"en_GB","og_type":"article","og_title":"Izraelci: Tramp nam je dao zeleno svjetlo za napade na Katar - dmcsrb.com","og_description":"Ameri\u010dki predsjednik Donald Tramp dao je zeleno svjetlo za izraelski napad u Kataru, izjavio je visoki izraelski zvani\u010dnik za Kanal 12.","og_url":"https:\/\/dmcsrb.com\/en\/svijet\/izraelci-tramp-nam-je-dao-zeleno-svjetlo-za-napade-na-katar\/","og_site_name":"dmcsrb.com","article_published_time":"2025-09-09T12:00:00+00:00","og_image":[{"width":871,"height":540,"url":"https:\/\/dmcsrb.com\/wp-content\/uploads\/2026\/01\/Donald-Tramp.webp","type":"image\/webp"}],"author":"dmcsrbija.com@gmail.com","twitter_card":"summary_large_image","twitter_misc":{"Written by":"dmcsrbija.com@gmail.com","Estimated reading time":"1 minute"},"schema":{"@context":"https:\/\/schema.org","@graph":[{"@type":"Article","@id":"https:\/\/dmcsrb.com\/svijet\/izraelci-tramp-nam-je-dao-zeleno-svjetlo-za-napade-na-katar\/#article","isPartOf":{"@id":"https:\/\/dmcsrb.com\/svijet\/izraelci-tramp-nam-je-dao-zeleno-svjetlo-za-napade-na-katar\/"},"author":{"name":"dmcsrbija.com@gmail.com","@id":"https:\/\/dmcsrb.com\/#\/schema\/person\/5c39170f12db1b8b457732d0b5c854e2"},"headline":"Izraelci: Tramp nam je dao zeleno svjetlo za napade na Katar","datePublished":"2025-09-09T12:00:00+00:00","mainEntityOfPage":{"@id":"https:\/\/dmcsrb.com\/svijet\/izraelci-tramp-nam-je-dao-zeleno-svjetlo-za-napade-na-katar\/"},"wordCount":192,"commentCount":0,"image":{"@id":"https:\/\/dmcsrb.com\/svijet\/izraelci-tramp-nam-je-dao-zeleno-svjetlo-za-napade-na-katar\/#primaryimage"},"thumbnailUrl":"https:\/\/dmcsrb.com\/wp-content\/uploads\/2026\/01\/Donald-Tramp.webp","keywords":["Donald Tramp","izraelci","Napadi na Katar","zeleno svjetlo"],"articleSection":["Svijet"],"inLanguage":"en-GB","potentialAction":[{"@type":"CommentAction","name":"Comment","target":["https:\/\/dmcsrb.com\/svijet\/izraelci-tramp-nam-je-dao-zeleno-svjetlo-za-napade-na-katar\/#respond"]}]},{"@type":"WebPage","@id":"https:\/\/dmcsrb.com\/svijet\/izraelci-tramp-nam-je-dao-zeleno-svjetlo-za-napade-na-katar\/","url":"https:\/\/dmcsrb.com\/svijet\/izraelci-tramp-nam-je-dao-zeleno-svjetlo-za-napade-na-katar\/","name":"Izraelci: Tramp nam je dao zeleno svjetlo za napade na Katar - dmcsrb.com","isPartOf":{"@id":"https:\/\/dmcsrb.com\/#website"},"primaryImageOfPage":{"@id":"https:\/\/dmcsrb.com\/svijet\/izraelci-tramp-nam-je-dao-zeleno-svjetlo-za-napade-na-katar\/#primaryimage"},"image":{"@id":"https:\/\/dmcsrb.com\/svijet\/izraelci-tramp-nam-je-dao-zeleno-svjetlo-za-napade-na-katar\/#primaryimage"},"thumbnailUrl":"https:\/\/dmcsrb.com\/wp-content\/uploads\/2026\/01\/Donald-Tramp.webp","datePublished":"2025-09-09T12:00:00+00:00","author":{"@id":"https:\/\/dmcsrb.com\/#\/schema\/person\/5c39170f12db1b8b457732d0b5c854e2"},"breadcrumb":{"@id":"https:\/\/dmcsrb.com\/svijet\/izraelci-tramp-nam-je-dao-zeleno-svjetlo-za-napade-na-katar\/#breadcrumb"},"inLanguage":"en-GB","potentialAction":[{"@type":"ReadAction","target":["https:\/\/dmcsrb.com\/svijet\/izraelci-tramp-nam-je-dao-zeleno-svjetlo-za-napade-na-katar\/"]}]},{"@type":"ImageObject","inLanguage":"en-GB","@id":"https:\/\/dmcsrb.com\/svijet\/izraelci-tramp-nam-je-dao-zeleno-svjetlo-za-napade-na-katar\/#primaryimage","url":"https:\/\/dmcsrb.com\/wp-content\/uploads\/2026\/01\/Donald-Tramp.webp","contentUrl":"https:\/\/dmcsrb.com\/wp-content\/uploads\/2026\/01\/Donald-Tramp.webp","width":871,"height":540},{"@type":"BreadcrumbList","@id":"https:\/\/dmcsrb.com\/svijet\/izraelci-tramp-nam-je-dao-zeleno-svjetlo-za-napade-na-katar\/#breadcrumb","itemListElement":[{"@type":"ListItem","position":1,"name":"Home","item":"https:\/\/dmcsrb.com\/"},{"@type":"ListItem","position":2,"name":"Izraelci: Tramp nam je dao zeleno svjetlo za napade na Katar"}]},{"@type":"WebSite","@id":"https:\/\/dmcsrb.com\/#website","url":"https:\/\/dmcsrb.com\/","name":"dmcsrb.com","description":"","potentialAction":[{"@type":"SearchAction","target":{"@type":"EntryPoint","urlTemplate":"https:\/\/dmcsrb.com\/?s={search_term_string}"},"query-input":{"@type":"PropertyValueSpecification","valueRequired":true,"valueName":"search_term_string"}}],"inLanguage":"en-GB"},{"@type":"Person","@id":"https:\/\/dmcsrb.com\/#\/schema\/person\/5c39170f12db1b8b457732d0b5c854e2","name":"dmcsrbija.com@gmail.com","image":{"@type":"ImageObject","inLanguage":"en-GB","@id":"https:\/\/secure.gravatar.com\/avatar\/68592660ad6347fad0fb587f8d5d8f1a7b44961362f56e4f2cd524feb87e9069?s=96&d=mm&r=g","url":"https:\/\/secure.gravatar.com\/avatar\/68592660ad6347fad0fb587f8d5d8f1a7b44961362f56e4f2cd524feb87e9069?s=96&d=mm&r=g","contentUrl":"https:\/\/secure.gravatar.com\/avatar\/68592660ad6347fad0fb587f8d5d8f1a7b44961362f56e4f2cd524feb87e9069?s=96&d=mm&r=g","caption":"dmcsrbija.com@gmail.com"},"sameAs":["https:\/\/dmcsrb.com"],"url":"https:\/\/dmcsrb.com\/en\/author\/dmcsrbija-comgmail-com\/"}]}},"_links":{"self":[{"href":"https:\/\/dmcsrb.com\/en\/wp-json\/wp\/v2\/posts\/951122","targetHints":{"allow":["GET"]}}],"collection":[{"href":"https:\/\/dmcsrb.com\/en\/wp-json\/wp\/v2\/posts"}],"about":[{"href":"https:\/\/dmcsrb.com\/en\/wp-json\/wp\/v2\/types\/post"}],"author":[{"embeddable":true,"href":"https:\/\/dmcsrb.com\/en\/wp-json\/wp\/v2\/users\/1"}],"replies":[{"embeddable":true,"href":"https:\/\/dmcsrb.com\/en\/wp-json\/wp\/v2\/comments?post=951122"}],"version-history":[{"count":0,"href":"https:\/\/dmcsrb.com\/en\/wp-json\/wp\/v2\/posts\/951122\/revisions"}],"wp:featuredmedia":[{"embeddable":true,"href":"https:\/\/dmcsrb.com\/en\/wp-json\/wp\/v2\/media\/909281"}],"wp:attachment":[{"href":"https:\/\/dmcsrb.com\/en\/wp-json\/wp\/v2\/media?parent=951122"}],"wp:term":[{"taxonomy":"category","embeddable":true,"href":"https:\/\/dmcsrb.com\/en\/wp-json\/wp\/v2\/categories?post=951122"},{"taxonomy":"post_tag","embeddable":true,"href":"https:\/\/dmcsrb.com\/en\/wp-json\/wp\/v2\/tags?post=951122"},{"taxonomy":"naslovna","embeddable":true,"href":"https:\/\/dmcsrb.com\/en\/wp-json\/wp\/v2\/naslovna?post=951122"}],"curies":[{"name":"wp","href":"https:\/\/api.w.org\/{rel}","templated":true}]}}