{"id":951112,"date":"2025-09-09T13:14:12","date_gmt":"2025-09-09T11:14:12","guid":{"rendered":"https:\/\/dmcsrb.com\/uncategorized\/sahmanovic-potpisivanje-memoranduma-produbljuje-saradnju-crne-gore-i-italije-u-oblasti-energetike\/"},"modified":"2025-09-09T13:14:12","modified_gmt":"2025-09-09T11:14:12","slug":"sahmanovic-potpisivanje-memoranduma-produbljuje-saradnju-crne-gore-i-italije-u-oblasti-energetike","status":"publish","type":"post","link":"https:\/\/dmcsrb.com\/en\/ekonomija\/sahmanovic-potpisivanje-memoranduma-produbljuje-saradnju-crne-gore-i-italije-u-oblasti-energetike\/","title":{"rendered":"\u0160ahmanovi\u0107: Potpisivanje memoranduma produbljuje saradnju Crne Gore i Italije u oblasti energetike"},"content":{"rendered":"<p><\/p>\n\n\n\n<p><\/p>\n\n\n\n<p>Konferencija okuplja ministre, najvi\u0161e zvani\u010dnike Evropske komisije i SAD-a i predstavnike najve\u0107ih globalnih energetskih kompanija, potvr\u0111uju\u0107i svoj strate\u0161ki zna\u010daj za kreiranje me\u0111unarodne energetske politike. U\u010de\u0161\u0107e Crne Gore pokazuje na\u0161u posve\u0107enost aktivnom doprinosu globalnom dijalogu o sigurnosti snabdijevanja i odr\u017eivom razvoju.<\/p>\n\n\n\n<p>Na marginama konferencije, ministar \u0160ahmanovi\u0107 sastao se sa ministrom energetike Italije Gilbertom Pichetto Fratinom. Dvojica ministara saglasila su se da su energetska povezanost i novi infrastrukturni projekti temelj stabilnog snabdijevanja, razvoja obnovljivih izvora i ja\u010danja ekonomskih veza izme\u0111u Crne Gore i Italije. Posebno je istaknuta strate\u0161ka va\u017enost drugog podmorskog kabla, koji \u0107e dodatno u\u010dvrstiti Crnu Goru kao regionalno energetsko \u010dvori\u0161te. Prenosna mre\u017ea Crne Gore mogla bi biti spremna za prihvat kabla do kraja 2025. godine, \u010dime se otvara prostor za ubrzanu realizaciju novih projekata iz obnovljivih izvora.<\/p>\n\n\n\n<p>Prvi podmorski kabal sa Italijom donio je Crnoj Gori ne samo poziciju regionalnog lidera, ve\u0107 i zna\u010dajne prihode, samo tokom 2024. godine CGES je prihodovao 42 miliona eura od zakupa grani\u010dnih kapaciteta. Zato je nastavak saradnje i pravovremeno pokretanje procesa za izgradnju drugog kabla od klju\u010dnog zna\u010daja, kako za Crnu Goru i Italiju, tako i za cijeli region.<\/p>\n\n\n\n<p>Na sastanku je usagla\u0161en tekst Memoranduma o razumijevanju izme\u0111u Crne Gore i Italije u oblasti energetike. Memorandum ima za cilj institucionalnu podr\u0161ku projektu povezivanja tr\u017ei\u0161ta elektri\u010dne energije, podsticanje integracije crnogorskog tr\u017ei\u0161ta u evropski sistem, te razmjenu znanja i efikasnu saradnju izme\u0111u italijanskih i crnogorskih subjekata uklju\u010denih u projekte energetske integracije. Njegovo potpisivanje se uskoro o\u010dekuje i predstavlja novu prekretnicu za zajedni\u010dke projekte, naro\u010dito u oblasti obnovljivih izvora i prenosne infrastrukture, ja\u010daju\u0107i strate\u0161ko partnerstvo dvije dr\u017eave.<\/p>\n\n\n\n<p>Dvojica ministara saglasila su se i da postoji prostor za produbljivanje saradnje u oblasti energetike, gdje Italija izra\u017eava potrebu za dodatnim kapacitetima.&nbsp;<\/p>\n\n\n\n<p>Crna Gora i Italija nastavljaju da grade partnerstvo koje donosi sigurnost, nove investicije i razvojne \u0161anse, ne samo za dvije dr\u017eave, ve\u0107 i za cijeli region.<\/p>\n\n\n\n<p>\u201eU\u010de\u0161\u0107e Crne Gore na Gastech 2025 potvr\u0111uje na\u0161u odlu\u010dnost da budemo aktivan dio globalnog energetskog dijaloga. Sa kolegom iz Italije saglasili smo se o va\u017enosti nastavka strate\u0161kih projekata koji povezuju na\u0161e dvije zemlje i ja\u010daju zajedni\u010dku energetsku budu\u0107nost. Usagla\u0161eni tekst Memoranduma o razumijevanju i planirano potpisivanje predstavljaju novu prekretnicu za Crnu Goru, kao energetsko \u010dvori\u0161te regiona, ali i kao pouzdanog partnera Evrope\u201c poru\u010dio je \u0160ahmanovi\u0107.<br><\/p>","protected":false},"excerpt":{"rendered":"<p>Crnogorska delegacija, predvo\u0111ena ministrom energetike i rudarstva Admirom \u0160ahmanovi\u0107em, u\u010destvuje na konferenciji Gastech 2025 u Milanu, najve\u0107em svjetskom doga\u0111aju posve\u0107enom razvoju gasa i energetskoj tranziciji.<\/p>","protected":false},"author":1,"featured_media":951113,"comment_status":"open","ping_status":"open","sticky":false,"template":"","format":"standard","meta":{"_acf_changed":false,"footnotes":""},"categories":[27],"tags":[7490,7491],"naslovna":[],"class_list":["post-951112","post","type-post","status-publish","format-standard","has-post-thumbnail","hentry","category-ekonomija","tag-memorandum-o-razumijevanju","tag-sahmanovic"],"acf":[],"yoast_head":"<!-- This site is optimized with the Yoast SEO plugin v27.4 - https:\/\/yoast.com\/product\/yoast-seo-wordpress\/ -->\n<title>\u0160ahmanovi\u0107: Potpisivanje memoranduma produbljuje saradnju Crne Gore i Italije u oblasti energetike - dmcsrb.com<\/title>\n<meta name=\"robots\" content=\"index, follow, max-snippet:-1, max-image-preview:large, max-video-preview:-1\" \/>\n<link rel=\"canonical\" href=\"https:\/\/dmcsrb.com\/en\/ekonomija\/sahmanovic-potpisivanje-memoranduma-produbljuje-saradnju-crne-gore-i-italije-u-oblasti-energetike\/\" \/>\n<meta property=\"og:locale\" content=\"en_GB\" \/>\n<meta property=\"og:type\" content=\"article\" \/>\n<meta property=\"og:title\" content=\"\u0160ahmanovi\u0107: Potpisivanje memoranduma produbljuje saradnju Crne Gore i Italije u oblasti energetike - dmcsrb.com\" \/>\n<meta property=\"og:description\" content=\"Crnogorska delegacija, predvo\u0111ena ministrom energetike i rudarstva Admirom \u0160ahmanovi\u0107em, u\u010destvuje na konferenciji Gastech 2025 u Milanu, najve\u0107em svjetskom doga\u0111aju posve\u0107enom razvoju gasa i energetskoj tranziciji.\" \/>\n<meta property=\"og:url\" content=\"https:\/\/dmcsrb.com\/en\/ekonomija\/sahmanovic-potpisivanje-memoranduma-produbljuje-saradnju-crne-gore-i-italije-u-oblasti-energetike\/\" \/>\n<meta property=\"og:site_name\" content=\"dmcsrb.com\" \/>\n<meta property=\"article:published_time\" content=\"2025-09-09T11:14:12+00:00\" \/>\n<meta property=\"og:image\" content=\"https:\/\/dmcsrb.com\/wp-content\/uploads\/2026\/01\/sahmanovic.webp\" \/>\n\t<meta property=\"og:image:width\" content=\"477\" \/>\n\t<meta property=\"og:image:height\" content=\"433\" \/>\n\t<meta property=\"og:image:type\" content=\"image\/png\" \/>\n<meta name=\"author\" content=\"dmcsrbija.com@gmail.com\" \/>\n<meta name=\"twitter:card\" content=\"summary_large_image\" \/>\n<meta name=\"twitter:label1\" content=\"Written by\" \/>\n\t<meta name=\"twitter:data1\" content=\"dmcsrbija.com@gmail.com\" \/>\n\t<meta name=\"twitter:label2\" content=\"Estimated reading time\" \/>\n\t<meta name=\"twitter:data2\" content=\"2 minutes\" \/>\n<script type=\"application\/ld+json\" class=\"yoast-schema-graph\">{\"@context\":\"https:\\\/\\\/schema.org\",\"@graph\":[{\"@type\":\"Article\",\"@id\":\"https:\\\/\\\/dmcsrb.com\\\/ekonomija\\\/sahmanovic-potpisivanje-memoranduma-produbljuje-saradnju-crne-gore-i-italije-u-oblasti-energetike\\\/#article\",\"isPartOf\":{\"@id\":\"https:\\\/\\\/dmcsrb.com\\\/ekonomija\\\/sahmanovic-potpisivanje-memoranduma-produbljuje-saradnju-crne-gore-i-italije-u-oblasti-energetike\\\/\"},\"author\":{\"name\":\"dmcsrbija.com@gmail.com\",\"@id\":\"https:\\\/\\\/dmcsrb.com\\\/#\\\/schema\\\/person\\\/5c39170f12db1b8b457732d0b5c854e2\"},\"headline\":\"\u0160ahmanovi\u0107: Potpisivanje memoranduma produbljuje saradnju Crne Gore i Italije u oblasti energetike\",\"datePublished\":\"2025-09-09T11:14:12+00:00\",\"mainEntityOfPage\":{\"@id\":\"https:\\\/\\\/dmcsrb.com\\\/ekonomija\\\/sahmanovic-potpisivanje-memoranduma-produbljuje-saradnju-crne-gore-i-italije-u-oblasti-energetike\\\/\"},\"wordCount\":439,\"commentCount\":0,\"image\":{\"@id\":\"https:\\\/\\\/dmcsrb.com\\\/ekonomija\\\/sahmanovic-potpisivanje-memoranduma-produbljuje-saradnju-crne-gore-i-italije-u-oblasti-energetike\\\/#primaryimage\"},\"thumbnailUrl\":\"https:\\\/\\\/dmcsrb.com\\\/wp-content\\\/uploads\\\/2026\\\/01\\\/sahmanovic.webp\",\"keywords\":[\"Memorandum o razumijevanju\",\"\u0160ahmanovi\u0107\"],\"articleSection\":[\"Ekonomija\"],\"inLanguage\":\"en-GB\",\"potentialAction\":[{\"@type\":\"CommentAction\",\"name\":\"Comment\",\"target\":[\"https:\\\/\\\/dmcsrb.com\\\/ekonomija\\\/sahmanovic-potpisivanje-memoranduma-produbljuje-saradnju-crne-gore-i-italije-u-oblasti-energetike\\\/#respond\"]}]},{\"@type\":\"WebPage\",\"@id\":\"https:\\\/\\\/dmcsrb.com\\\/ekonomija\\\/sahmanovic-potpisivanje-memoranduma-produbljuje-saradnju-crne-gore-i-italije-u-oblasti-energetike\\\/\",\"url\":\"https:\\\/\\\/dmcsrb.com\\\/ekonomija\\\/sahmanovic-potpisivanje-memoranduma-produbljuje-saradnju-crne-gore-i-italije-u-oblasti-energetike\\\/\",\"name\":\"\u0160ahmanovi\u0107: Potpisivanje memoranduma produbljuje saradnju Crne Gore i Italije u oblasti energetike - dmcsrb.com\",\"isPartOf\":{\"@id\":\"https:\\\/\\\/dmcsrb.com\\\/#website\"},\"primaryImageOfPage\":{\"@id\":\"https:\\\/\\\/dmcsrb.com\\\/ekonomija\\\/sahmanovic-potpisivanje-memoranduma-produbljuje-saradnju-crne-gore-i-italije-u-oblasti-energetike\\\/#primaryimage\"},\"image\":{\"@id\":\"https:\\\/\\\/dmcsrb.com\\\/ekonomija\\\/sahmanovic-potpisivanje-memoranduma-produbljuje-saradnju-crne-gore-i-italije-u-oblasti-energetike\\\/#primaryimage\"},\"thumbnailUrl\":\"https:\\\/\\\/dmcsrb.com\\\/wp-content\\\/uploads\\\/2026\\\/01\\\/sahmanovic.webp\",\"datePublished\":\"2025-09-09T11:14:12+00:00\",\"author\":{\"@id\":\"https:\\\/\\\/dmcsrb.com\\\/#\\\/schema\\\/person\\\/5c39170f12db1b8b457732d0b5c854e2\"},\"breadcrumb\":{\"@id\":\"https:\\\/\\\/dmcsrb.com\\\/ekonomija\\\/sahmanovic-potpisivanje-memoranduma-produbljuje-saradnju-crne-gore-i-italije-u-oblasti-energetike\\\/#breadcrumb\"},\"inLanguage\":\"en-GB\",\"potentialAction\":[{\"@type\":\"ReadAction\",\"target\":[\"https:\\\/\\\/dmcsrb.com\\\/ekonomija\\\/sahmanovic-potpisivanje-memoranduma-produbljuje-saradnju-crne-gore-i-italije-u-oblasti-energetike\\\/\"]}]},{\"@type\":\"ImageObject\",\"inLanguage\":\"en-GB\",\"@id\":\"https:\\\/\\\/dmcsrb.com\\\/ekonomija\\\/sahmanovic-potpisivanje-memoranduma-produbljuje-saradnju-crne-gore-i-italije-u-oblasti-energetike\\\/#primaryimage\",\"url\":\"https:\\\/\\\/dmcsrb.com\\\/wp-content\\\/uploads\\\/2026\\\/01\\\/sahmanovic.webp\",\"contentUrl\":\"https:\\\/\\\/dmcsrb.com\\\/wp-content\\\/uploads\\\/2026\\\/01\\\/sahmanovic.webp\",\"width\":477,\"height\":433},{\"@type\":\"BreadcrumbList\",\"@id\":\"https:\\\/\\\/dmcsrb.com\\\/ekonomija\\\/sahmanovic-potpisivanje-memoranduma-produbljuje-saradnju-crne-gore-i-italije-u-oblasti-energetike\\\/#breadcrumb\",\"itemListElement\":[{\"@type\":\"ListItem\",\"position\":1,\"name\":\"Home\",\"item\":\"https:\\\/\\\/dmcsrb.com\\\/\"},{\"@type\":\"ListItem\",\"position\":2,\"name\":\"\u0160ahmanovi\u0107: Potpisivanje memoranduma produbljuje saradnju Crne Gore i Italije u oblasti energetike\"}]},{\"@type\":\"WebSite\",\"@id\":\"https:\\\/\\\/dmcsrb.com\\\/#website\",\"url\":\"https:\\\/\\\/dmcsrb.com\\\/\",\"name\":\"dmcsrb.com\",\"description\":\"\",\"potentialAction\":[{\"@type\":\"SearchAction\",\"target\":{\"@type\":\"EntryPoint\",\"urlTemplate\":\"https:\\\/\\\/dmcsrb.com\\\/?s={search_term_string}\"},\"query-input\":{\"@type\":\"PropertyValueSpecification\",\"valueRequired\":true,\"valueName\":\"search_term_string\"}}],\"inLanguage\":\"en-GB\"},{\"@type\":\"Person\",\"@id\":\"https:\\\/\\\/dmcsrb.com\\\/#\\\/schema\\\/person\\\/5c39170f12db1b8b457732d0b5c854e2\",\"name\":\"dmcsrbija.com@gmail.com\",\"image\":{\"@type\":\"ImageObject\",\"inLanguage\":\"en-GB\",\"@id\":\"https:\\\/\\\/secure.gravatar.com\\\/avatar\\\/68592660ad6347fad0fb587f8d5d8f1a7b44961362f56e4f2cd524feb87e9069?s=96&d=mm&r=g\",\"url\":\"https:\\\/\\\/secure.gravatar.com\\\/avatar\\\/68592660ad6347fad0fb587f8d5d8f1a7b44961362f56e4f2cd524feb87e9069?s=96&d=mm&r=g\",\"contentUrl\":\"https:\\\/\\\/secure.gravatar.com\\\/avatar\\\/68592660ad6347fad0fb587f8d5d8f1a7b44961362f56e4f2cd524feb87e9069?s=96&d=mm&r=g\",\"caption\":\"dmcsrbija.com@gmail.com\"},\"sameAs\":[\"https:\\\/\\\/dmcsrb.com\"],\"url\":\"https:\\\/\\\/dmcsrb.com\\\/en\\\/author\\\/dmcsrbija-comgmail-com\\\/\"}]}<\/script>\n<!-- \/ Yoast SEO plugin. -->","yoast_head_json":{"title":"\u0160ahmanovi\u0107: Potpisivanje memoranduma produbljuje saradnju Crne Gore i Italije u oblasti energetike - dmcsrb.com","robots":{"index":"index","follow":"follow","max-snippet":"max-snippet:-1","max-image-preview":"max-image-preview:large","max-video-preview":"max-video-preview:-1"},"canonical":"https:\/\/dmcsrb.com\/en\/ekonomija\/sahmanovic-potpisivanje-memoranduma-produbljuje-saradnju-crne-gore-i-italije-u-oblasti-energetike\/","og_locale":"en_GB","og_type":"article","og_title":"\u0160ahmanovi\u0107: Potpisivanje memoranduma produbljuje saradnju Crne Gore i Italije u oblasti energetike - dmcsrb.com","og_description":"Crnogorska delegacija, predvo\u0111ena ministrom energetike i rudarstva Admirom \u0160ahmanovi\u0107em, u\u010destvuje na konferenciji Gastech 2025 u Milanu, najve\u0107em svjetskom doga\u0111aju posve\u0107enom razvoju gasa i energetskoj tranziciji.","og_url":"https:\/\/dmcsrb.com\/en\/ekonomija\/sahmanovic-potpisivanje-memoranduma-produbljuje-saradnju-crne-gore-i-italije-u-oblasti-energetike\/","og_site_name":"dmcsrb.com","article_published_time":"2025-09-09T11:14:12+00:00","og_image":[{"width":477,"height":433,"url":"https:\/\/dmcsrb.com\/wp-content\/uploads\/2026\/01\/sahmanovic.webp","type":"image\/png"}],"author":"dmcsrbija.com@gmail.com","twitter_card":"summary_large_image","twitter_misc":{"Written by":"dmcsrbija.com@gmail.com","Estimated reading time":"2 minutes"},"schema":{"@context":"https:\/\/schema.org","@graph":[{"@type":"Article","@id":"https:\/\/dmcsrb.com\/ekonomija\/sahmanovic-potpisivanje-memoranduma-produbljuje-saradnju-crne-gore-i-italije-u-oblasti-energetike\/#article","isPartOf":{"@id":"https:\/\/dmcsrb.com\/ekonomija\/sahmanovic-potpisivanje-memoranduma-produbljuje-saradnju-crne-gore-i-italije-u-oblasti-energetike\/"},"author":{"name":"dmcsrbija.com@gmail.com","@id":"https:\/\/dmcsrb.com\/#\/schema\/person\/5c39170f12db1b8b457732d0b5c854e2"},"headline":"\u0160ahmanovi\u0107: Potpisivanje memoranduma produbljuje saradnju Crne Gore i Italije u oblasti energetike","datePublished":"2025-09-09T11:14:12+00:00","mainEntityOfPage":{"@id":"https:\/\/dmcsrb.com\/ekonomija\/sahmanovic-potpisivanje-memoranduma-produbljuje-saradnju-crne-gore-i-italije-u-oblasti-energetike\/"},"wordCount":439,"commentCount":0,"image":{"@id":"https:\/\/dmcsrb.com\/ekonomija\/sahmanovic-potpisivanje-memoranduma-produbljuje-saradnju-crne-gore-i-italije-u-oblasti-energetike\/#primaryimage"},"thumbnailUrl":"https:\/\/dmcsrb.com\/wp-content\/uploads\/2026\/01\/sahmanovic.webp","keywords":["Memorandum o razumijevanju","\u0160ahmanovi\u0107"],"articleSection":["Ekonomija"],"inLanguage":"en-GB","potentialAction":[{"@type":"CommentAction","name":"Comment","target":["https:\/\/dmcsrb.com\/ekonomija\/sahmanovic-potpisivanje-memoranduma-produbljuje-saradnju-crne-gore-i-italije-u-oblasti-energetike\/#respond"]}]},{"@type":"WebPage","@id":"https:\/\/dmcsrb.com\/ekonomija\/sahmanovic-potpisivanje-memoranduma-produbljuje-saradnju-crne-gore-i-italije-u-oblasti-energetike\/","url":"https:\/\/dmcsrb.com\/ekonomija\/sahmanovic-potpisivanje-memoranduma-produbljuje-saradnju-crne-gore-i-italije-u-oblasti-energetike\/","name":"\u0160ahmanovi\u0107: Potpisivanje memoranduma produbljuje saradnju Crne Gore i Italije u oblasti energetike - dmcsrb.com","isPartOf":{"@id":"https:\/\/dmcsrb.com\/#website"},"primaryImageOfPage":{"@id":"https:\/\/dmcsrb.com\/ekonomija\/sahmanovic-potpisivanje-memoranduma-produbljuje-saradnju-crne-gore-i-italije-u-oblasti-energetike\/#primaryimage"},"image":{"@id":"https:\/\/dmcsrb.com\/ekonomija\/sahmanovic-potpisivanje-memoranduma-produbljuje-saradnju-crne-gore-i-italije-u-oblasti-energetike\/#primaryimage"},"thumbnailUrl":"https:\/\/dmcsrb.com\/wp-content\/uploads\/2026\/01\/sahmanovic.webp","datePublished":"2025-09-09T11:14:12+00:00","author":{"@id":"https:\/\/dmcsrb.com\/#\/schema\/person\/5c39170f12db1b8b457732d0b5c854e2"},"breadcrumb":{"@id":"https:\/\/dmcsrb.com\/ekonomija\/sahmanovic-potpisivanje-memoranduma-produbljuje-saradnju-crne-gore-i-italije-u-oblasti-energetike\/#breadcrumb"},"inLanguage":"en-GB","potentialAction":[{"@type":"ReadAction","target":["https:\/\/dmcsrb.com\/ekonomija\/sahmanovic-potpisivanje-memoranduma-produbljuje-saradnju-crne-gore-i-italije-u-oblasti-energetike\/"]}]},{"@type":"ImageObject","inLanguage":"en-GB","@id":"https:\/\/dmcsrb.com\/ekonomija\/sahmanovic-potpisivanje-memoranduma-produbljuje-saradnju-crne-gore-i-italije-u-oblasti-energetike\/#primaryimage","url":"https:\/\/dmcsrb.com\/wp-content\/uploads\/2026\/01\/sahmanovic.webp","contentUrl":"https:\/\/dmcsrb.com\/wp-content\/uploads\/2026\/01\/sahmanovic.webp","width":477,"height":433},{"@type":"BreadcrumbList","@id":"https:\/\/dmcsrb.com\/ekonomija\/sahmanovic-potpisivanje-memoranduma-produbljuje-saradnju-crne-gore-i-italije-u-oblasti-energetike\/#breadcrumb","itemListElement":[{"@type":"ListItem","position":1,"name":"Home","item":"https:\/\/dmcsrb.com\/"},{"@type":"ListItem","position":2,"name":"\u0160ahmanovi\u0107: Potpisivanje memoranduma produbljuje saradnju Crne Gore i Italije u oblasti energetike"}]},{"@type":"WebSite","@id":"https:\/\/dmcsrb.com\/#website","url":"https:\/\/dmcsrb.com\/","name":"dmcsrb.com","description":"","potentialAction":[{"@type":"SearchAction","target":{"@type":"EntryPoint","urlTemplate":"https:\/\/dmcsrb.com\/?s={search_term_string}"},"query-input":{"@type":"PropertyValueSpecification","valueRequired":true,"valueName":"search_term_string"}}],"inLanguage":"en-GB"},{"@type":"Person","@id":"https:\/\/dmcsrb.com\/#\/schema\/person\/5c39170f12db1b8b457732d0b5c854e2","name":"dmcsrbija.com@gmail.com","image":{"@type":"ImageObject","inLanguage":"en-GB","@id":"https:\/\/secure.gravatar.com\/avatar\/68592660ad6347fad0fb587f8d5d8f1a7b44961362f56e4f2cd524feb87e9069?s=96&d=mm&r=g","url":"https:\/\/secure.gravatar.com\/avatar\/68592660ad6347fad0fb587f8d5d8f1a7b44961362f56e4f2cd524feb87e9069?s=96&d=mm&r=g","contentUrl":"https:\/\/secure.gravatar.com\/avatar\/68592660ad6347fad0fb587f8d5d8f1a7b44961362f56e4f2cd524feb87e9069?s=96&d=mm&r=g","caption":"dmcsrbija.com@gmail.com"},"sameAs":["https:\/\/dmcsrb.com"],"url":"https:\/\/dmcsrb.com\/en\/author\/dmcsrbija-comgmail-com\/"}]}},"_links":{"self":[{"href":"https:\/\/dmcsrb.com\/en\/wp-json\/wp\/v2\/posts\/951112","targetHints":{"allow":["GET"]}}],"collection":[{"href":"https:\/\/dmcsrb.com\/en\/wp-json\/wp\/v2\/posts"}],"about":[{"href":"https:\/\/dmcsrb.com\/en\/wp-json\/wp\/v2\/types\/post"}],"author":[{"embeddable":true,"href":"https:\/\/dmcsrb.com\/en\/wp-json\/wp\/v2\/users\/1"}],"replies":[{"embeddable":true,"href":"https:\/\/dmcsrb.com\/en\/wp-json\/wp\/v2\/comments?post=951112"}],"version-history":[{"count":0,"href":"https:\/\/dmcsrb.com\/en\/wp-json\/wp\/v2\/posts\/951112\/revisions"}],"wp:featuredmedia":[{"embeddable":true,"href":"https:\/\/dmcsrb.com\/en\/wp-json\/wp\/v2\/media\/951113"}],"wp:attachment":[{"href":"https:\/\/dmcsrb.com\/en\/wp-json\/wp\/v2\/media?parent=951112"}],"wp:term":[{"taxonomy":"category","embeddable":true,"href":"https:\/\/dmcsrb.com\/en\/wp-json\/wp\/v2\/categories?post=951112"},{"taxonomy":"post_tag","embeddable":true,"href":"https:\/\/dmcsrb.com\/en\/wp-json\/wp\/v2\/tags?post=951112"},{"taxonomy":"naslovna","embeddable":true,"href":"https:\/\/dmcsrb.com\/en\/wp-json\/wp\/v2\/naslovna?post=951112"}],"curies":[{"name":"wp","href":"https:\/\/api.w.org\/{rel}","templated":true}]}}