{"id":951095,"date":"2025-09-09T12:39:00","date_gmt":"2025-09-09T10:39:00","guid":{"rendered":"https:\/\/dmcsrb.com\/uncategorized\/crna-gora-veceras-docekuje-svedsku-perisic-vjeruje-u-pozitivan-rezultat\/"},"modified":"2025-09-09T12:39:00","modified_gmt":"2025-09-09T10:39:00","slug":"crna-gora-veceras-docekuje-svedsku-perisic-vjeruje-u-pozitivan-rezultat","status":"publish","type":"post","link":"https:\/\/dmcsrb.com\/en\/sport\/crna-gora-veceras-docekuje-svedsku-perisic-vjeruje-u-pozitivan-rezultat\/","title":{"rendered":"Crna Gora ve\u010deras do\u010dekuje \u0160vedsku, Peri\u0161i\u0107 vjeruje u pozitivan rezultat"},"content":{"rendered":"<p>Izabranici Gorana Peri\u0161i\u0107a prije \u010detiri dana pora\u017eeni su u Italiji nakon preokreta (2:1), dok su Skandinavci na doma\u0107em terenu ubjedljivo savladali Jermeniju (3:0).<\/p>\n\n\n\n<p>&#8220;U najavi kvalifikacija rekao sam da je \u0160vedska jedan od favorita u na\u0161oj grupi. Ve\u0107 u prvom kolu su pokazali kvalitet, pobijedili su Jermeniju 3:0. Rije\u010d je o izuzetno dobroj selekciji, sa kvalitetnim igra\u010dima koji nastupaju za velike klubove. Nadam se da \u0107emo pru\u017eiti dobru partiju, poput one u prvom poluvremenu protiv Italije. Igramo pred doma\u0107om publikom i \u017eelimo da ostvarimo dobar rezultat&#8221;, poru\u010dio je selektor Peri\u0161i\u0107 uo\u010di ve\u010dera\u0161njeg me\u010da.<\/p>\n\n\n\n<p>Pored Crne Gore, \u0160vedske i Italije, grupu E \u010dine jo\u0161 Jermenija, Sjeverna Makedonija i Poljska.<\/p>\n\n\n\n<p>Evropsko prvenstvo za igra\u010de do 21 godine bi\u0107e odr\u017eano u junu 2027. godine, u Srbiji i Albaniji.<\/p>","protected":false},"excerpt":{"rendered":"<p>Mlada fudbalska reprezentacija Crne Gore ugosti\u0107e ve\u010deras (20h) na stadionu \u201epod Goricom\u201c selekciju \u0160vedske, u drugom kolu grupe E kvalifikacija za Evropsko prvenstvo 2027. godine za igra\u010de do 21 godine.<\/p>","protected":false},"author":1,"featured_media":951096,"comment_status":"open","ping_status":"open","sticky":false,"template":"","format":"standard","meta":{"_acf_changed":false,"footnotes":""},"categories":[148],"tags":[6937,7480,6807,7481],"naslovna":[],"class_list":["post-951095","post","type-post","status-publish","format-standard","has-post-thumbnail","hentry","category-sport","tag-goran-perisic","tag-kvalifikacije-za-euro-u21","tag-mlada-fudbalska-reprezentacija-crne-gore","tag-mlada-fudbalska-reprezentacija-svedske"],"acf":[],"yoast_head":"<!-- This site is optimized with the Yoast SEO plugin v27.4 - https:\/\/yoast.com\/product\/yoast-seo-wordpress\/ -->\n<title>Crna Gora ve\u010deras do\u010dekuje \u0160vedsku, Peri\u0161i\u0107 vjeruje u pozitivan rezultat - dmcsrb.com<\/title>\n<meta name=\"robots\" content=\"index, follow, max-snippet:-1, max-image-preview:large, max-video-preview:-1\" \/>\n<link rel=\"canonical\" href=\"https:\/\/dmcsrb.com\/en\/sport\/crna-gora-veceras-docekuje-svedsku-perisic-vjeruje-u-pozitivan-rezultat\/\" \/>\n<meta property=\"og:locale\" content=\"en_GB\" \/>\n<meta property=\"og:type\" content=\"article\" \/>\n<meta property=\"og:title\" content=\"Crna Gora ve\u010deras do\u010dekuje \u0160vedsku, Peri\u0161i\u0107 vjeruje u pozitivan rezultat - dmcsrb.com\" \/>\n<meta property=\"og:description\" content=\"Mlada fudbalska reprezentacija Crne Gore ugosti\u0107e ve\u010deras (20h) na stadionu \u201epod Goricom\u201c selekciju \u0160vedske, u drugom kolu grupe E kvalifikacija za Evropsko prvenstvo 2027. godine za igra\u010de do 21 godine.\" \/>\n<meta property=\"og:url\" content=\"https:\/\/dmcsrb.com\/en\/sport\/crna-gora-veceras-docekuje-svedsku-perisic-vjeruje-u-pozitivan-rezultat\/\" \/>\n<meta property=\"og:site_name\" content=\"dmcsrb.com\" \/>\n<meta property=\"article:published_time\" content=\"2025-09-09T10:39:00+00:00\" \/>\n<meta property=\"og:image\" content=\"https:\/\/dmcsrb.com\/wp-content\/uploads\/2026\/01\/Mladi-do-21-FSCG.webp\" \/>\n\t<meta property=\"og:image:width\" content=\"1050\" \/>\n\t<meta property=\"og:image:height\" content=\"624\" \/>\n\t<meta property=\"og:image:type\" content=\"image\/jpeg\" \/>\n<meta name=\"author\" content=\"dmcsrbija.com@gmail.com\" \/>\n<meta name=\"twitter:card\" content=\"summary_large_image\" \/>\n<meta name=\"twitter:label1\" content=\"Written by\" \/>\n\t<meta name=\"twitter:data1\" content=\"dmcsrbija.com@gmail.com\" \/>\n\t<meta name=\"twitter:label2\" content=\"Estimated reading time\" \/>\n\t<meta name=\"twitter:data2\" content=\"1 minute\" \/>\n<script type=\"application\/ld+json\" class=\"yoast-schema-graph\">{\"@context\":\"https:\\\/\\\/schema.org\",\"@graph\":[{\"@type\":\"Article\",\"@id\":\"https:\\\/\\\/dmcsrb.com\\\/sport\\\/crna-gora-veceras-docekuje-svedsku-perisic-vjeruje-u-pozitivan-rezultat\\\/#article\",\"isPartOf\":{\"@id\":\"https:\\\/\\\/dmcsrb.com\\\/sport\\\/crna-gora-veceras-docekuje-svedsku-perisic-vjeruje-u-pozitivan-rezultat\\\/\"},\"author\":{\"name\":\"dmcsrbija.com@gmail.com\",\"@id\":\"https:\\\/\\\/dmcsrb.com\\\/#\\\/schema\\\/person\\\/5c39170f12db1b8b457732d0b5c854e2\"},\"headline\":\"Crna Gora ve\u010deras do\u010dekuje \u0160vedsku, Peri\u0161i\u0107 vjeruje u pozitivan rezultat\",\"datePublished\":\"2025-09-09T10:39:00+00:00\",\"mainEntityOfPage\":{\"@id\":\"https:\\\/\\\/dmcsrb.com\\\/sport\\\/crna-gora-veceras-docekuje-svedsku-perisic-vjeruje-u-pozitivan-rezultat\\\/\"},\"wordCount\":150,\"commentCount\":0,\"image\":{\"@id\":\"https:\\\/\\\/dmcsrb.com\\\/sport\\\/crna-gora-veceras-docekuje-svedsku-perisic-vjeruje-u-pozitivan-rezultat\\\/#primaryimage\"},\"thumbnailUrl\":\"https:\\\/\\\/dmcsrb.com\\\/wp-content\\\/uploads\\\/2026\\\/01\\\/Mladi-do-21-FSCG.webp\",\"keywords\":[\"Goran Peri\u0161i\u0107\",\"kvalifikacije za EURO U21\",\"Mlada fudbalska reprezentacija Crne Gore\",\"Mlada fudbalska reprezentacija \u0160vedske\"],\"articleSection\":[\"Sport\"],\"inLanguage\":\"en-GB\",\"potentialAction\":[{\"@type\":\"CommentAction\",\"name\":\"Comment\",\"target\":[\"https:\\\/\\\/dmcsrb.com\\\/sport\\\/crna-gora-veceras-docekuje-svedsku-perisic-vjeruje-u-pozitivan-rezultat\\\/#respond\"]}]},{\"@type\":\"WebPage\",\"@id\":\"https:\\\/\\\/dmcsrb.com\\\/sport\\\/crna-gora-veceras-docekuje-svedsku-perisic-vjeruje-u-pozitivan-rezultat\\\/\",\"url\":\"https:\\\/\\\/dmcsrb.com\\\/sport\\\/crna-gora-veceras-docekuje-svedsku-perisic-vjeruje-u-pozitivan-rezultat\\\/\",\"name\":\"Crna Gora ve\u010deras do\u010dekuje \u0160vedsku, Peri\u0161i\u0107 vjeruje u pozitivan rezultat - dmcsrb.com\",\"isPartOf\":{\"@id\":\"https:\\\/\\\/dmcsrb.com\\\/#website\"},\"primaryImageOfPage\":{\"@id\":\"https:\\\/\\\/dmcsrb.com\\\/sport\\\/crna-gora-veceras-docekuje-svedsku-perisic-vjeruje-u-pozitivan-rezultat\\\/#primaryimage\"},\"image\":{\"@id\":\"https:\\\/\\\/dmcsrb.com\\\/sport\\\/crna-gora-veceras-docekuje-svedsku-perisic-vjeruje-u-pozitivan-rezultat\\\/#primaryimage\"},\"thumbnailUrl\":\"https:\\\/\\\/dmcsrb.com\\\/wp-content\\\/uploads\\\/2026\\\/01\\\/Mladi-do-21-FSCG.webp\",\"datePublished\":\"2025-09-09T10:39:00+00:00\",\"author\":{\"@id\":\"https:\\\/\\\/dmcsrb.com\\\/#\\\/schema\\\/person\\\/5c39170f12db1b8b457732d0b5c854e2\"},\"breadcrumb\":{\"@id\":\"https:\\\/\\\/dmcsrb.com\\\/sport\\\/crna-gora-veceras-docekuje-svedsku-perisic-vjeruje-u-pozitivan-rezultat\\\/#breadcrumb\"},\"inLanguage\":\"en-GB\",\"potentialAction\":[{\"@type\":\"ReadAction\",\"target\":[\"https:\\\/\\\/dmcsrb.com\\\/sport\\\/crna-gora-veceras-docekuje-svedsku-perisic-vjeruje-u-pozitivan-rezultat\\\/\"]}]},{\"@type\":\"ImageObject\",\"inLanguage\":\"en-GB\",\"@id\":\"https:\\\/\\\/dmcsrb.com\\\/sport\\\/crna-gora-veceras-docekuje-svedsku-perisic-vjeruje-u-pozitivan-rezultat\\\/#primaryimage\",\"url\":\"https:\\\/\\\/dmcsrb.com\\\/wp-content\\\/uploads\\\/2026\\\/01\\\/Mladi-do-21-FSCG.webp\",\"contentUrl\":\"https:\\\/\\\/dmcsrb.com\\\/wp-content\\\/uploads\\\/2026\\\/01\\\/Mladi-do-21-FSCG.webp\",\"width\":1050,\"height\":624},{\"@type\":\"BreadcrumbList\",\"@id\":\"https:\\\/\\\/dmcsrb.com\\\/sport\\\/crna-gora-veceras-docekuje-svedsku-perisic-vjeruje-u-pozitivan-rezultat\\\/#breadcrumb\",\"itemListElement\":[{\"@type\":\"ListItem\",\"position\":1,\"name\":\"Home\",\"item\":\"https:\\\/\\\/dmcsrb.com\\\/\"},{\"@type\":\"ListItem\",\"position\":2,\"name\":\"Crna Gora ve\u010deras do\u010dekuje \u0160vedsku, Peri\u0161i\u0107 vjeruje u pozitivan rezultat\"}]},{\"@type\":\"WebSite\",\"@id\":\"https:\\\/\\\/dmcsrb.com\\\/#website\",\"url\":\"https:\\\/\\\/dmcsrb.com\\\/\",\"name\":\"dmcsrb.com\",\"description\":\"\",\"potentialAction\":[{\"@type\":\"SearchAction\",\"target\":{\"@type\":\"EntryPoint\",\"urlTemplate\":\"https:\\\/\\\/dmcsrb.com\\\/?s={search_term_string}\"},\"query-input\":{\"@type\":\"PropertyValueSpecification\",\"valueRequired\":true,\"valueName\":\"search_term_string\"}}],\"inLanguage\":\"en-GB\"},{\"@type\":\"Person\",\"@id\":\"https:\\\/\\\/dmcsrb.com\\\/#\\\/schema\\\/person\\\/5c39170f12db1b8b457732d0b5c854e2\",\"name\":\"dmcsrbija.com@gmail.com\",\"image\":{\"@type\":\"ImageObject\",\"inLanguage\":\"en-GB\",\"@id\":\"https:\\\/\\\/secure.gravatar.com\\\/avatar\\\/68592660ad6347fad0fb587f8d5d8f1a7b44961362f56e4f2cd524feb87e9069?s=96&d=mm&r=g\",\"url\":\"https:\\\/\\\/secure.gravatar.com\\\/avatar\\\/68592660ad6347fad0fb587f8d5d8f1a7b44961362f56e4f2cd524feb87e9069?s=96&d=mm&r=g\",\"contentUrl\":\"https:\\\/\\\/secure.gravatar.com\\\/avatar\\\/68592660ad6347fad0fb587f8d5d8f1a7b44961362f56e4f2cd524feb87e9069?s=96&d=mm&r=g\",\"caption\":\"dmcsrbija.com@gmail.com\"},\"sameAs\":[\"https:\\\/\\\/dmcsrb.com\"],\"url\":\"https:\\\/\\\/dmcsrb.com\\\/en\\\/author\\\/dmcsrbija-comgmail-com\\\/\"}]}<\/script>\n<!-- \/ Yoast SEO plugin. -->","yoast_head_json":{"title":"Crna Gora ve\u010deras do\u010dekuje \u0160vedsku, Peri\u0161i\u0107 vjeruje u pozitivan rezultat - dmcsrb.com","robots":{"index":"index","follow":"follow","max-snippet":"max-snippet:-1","max-image-preview":"max-image-preview:large","max-video-preview":"max-video-preview:-1"},"canonical":"https:\/\/dmcsrb.com\/en\/sport\/crna-gora-veceras-docekuje-svedsku-perisic-vjeruje-u-pozitivan-rezultat\/","og_locale":"en_GB","og_type":"article","og_title":"Crna Gora ve\u010deras do\u010dekuje \u0160vedsku, Peri\u0161i\u0107 vjeruje u pozitivan rezultat - dmcsrb.com","og_description":"Mlada fudbalska reprezentacija Crne Gore ugosti\u0107e ve\u010deras (20h) na stadionu \u201epod Goricom\u201c selekciju \u0160vedske, u drugom kolu grupe E kvalifikacija za Evropsko prvenstvo 2027. godine za igra\u010de do 21 godine.","og_url":"https:\/\/dmcsrb.com\/en\/sport\/crna-gora-veceras-docekuje-svedsku-perisic-vjeruje-u-pozitivan-rezultat\/","og_site_name":"dmcsrb.com","article_published_time":"2025-09-09T10:39:00+00:00","og_image":[{"width":1050,"height":624,"url":"https:\/\/dmcsrb.com\/wp-content\/uploads\/2026\/01\/Mladi-do-21-FSCG.webp","type":"image\/jpeg"}],"author":"dmcsrbija.com@gmail.com","twitter_card":"summary_large_image","twitter_misc":{"Written by":"dmcsrbija.com@gmail.com","Estimated reading time":"1 minute"},"schema":{"@context":"https:\/\/schema.org","@graph":[{"@type":"Article","@id":"https:\/\/dmcsrb.com\/sport\/crna-gora-veceras-docekuje-svedsku-perisic-vjeruje-u-pozitivan-rezultat\/#article","isPartOf":{"@id":"https:\/\/dmcsrb.com\/sport\/crna-gora-veceras-docekuje-svedsku-perisic-vjeruje-u-pozitivan-rezultat\/"},"author":{"name":"dmcsrbija.com@gmail.com","@id":"https:\/\/dmcsrb.com\/#\/schema\/person\/5c39170f12db1b8b457732d0b5c854e2"},"headline":"Crna Gora ve\u010deras do\u010dekuje \u0160vedsku, Peri\u0161i\u0107 vjeruje u pozitivan rezultat","datePublished":"2025-09-09T10:39:00+00:00","mainEntityOfPage":{"@id":"https:\/\/dmcsrb.com\/sport\/crna-gora-veceras-docekuje-svedsku-perisic-vjeruje-u-pozitivan-rezultat\/"},"wordCount":150,"commentCount":0,"image":{"@id":"https:\/\/dmcsrb.com\/sport\/crna-gora-veceras-docekuje-svedsku-perisic-vjeruje-u-pozitivan-rezultat\/#primaryimage"},"thumbnailUrl":"https:\/\/dmcsrb.com\/wp-content\/uploads\/2026\/01\/Mladi-do-21-FSCG.webp","keywords":["Goran Peri\u0161i\u0107","kvalifikacije za EURO U21","Mlada fudbalska reprezentacija Crne Gore","Mlada fudbalska reprezentacija \u0160vedske"],"articleSection":["Sport"],"inLanguage":"en-GB","potentialAction":[{"@type":"CommentAction","name":"Comment","target":["https:\/\/dmcsrb.com\/sport\/crna-gora-veceras-docekuje-svedsku-perisic-vjeruje-u-pozitivan-rezultat\/#respond"]}]},{"@type":"WebPage","@id":"https:\/\/dmcsrb.com\/sport\/crna-gora-veceras-docekuje-svedsku-perisic-vjeruje-u-pozitivan-rezultat\/","url":"https:\/\/dmcsrb.com\/sport\/crna-gora-veceras-docekuje-svedsku-perisic-vjeruje-u-pozitivan-rezultat\/","name":"Crna Gora ve\u010deras do\u010dekuje \u0160vedsku, Peri\u0161i\u0107 vjeruje u pozitivan rezultat - dmcsrb.com","isPartOf":{"@id":"https:\/\/dmcsrb.com\/#website"},"primaryImageOfPage":{"@id":"https:\/\/dmcsrb.com\/sport\/crna-gora-veceras-docekuje-svedsku-perisic-vjeruje-u-pozitivan-rezultat\/#primaryimage"},"image":{"@id":"https:\/\/dmcsrb.com\/sport\/crna-gora-veceras-docekuje-svedsku-perisic-vjeruje-u-pozitivan-rezultat\/#primaryimage"},"thumbnailUrl":"https:\/\/dmcsrb.com\/wp-content\/uploads\/2026\/01\/Mladi-do-21-FSCG.webp","datePublished":"2025-09-09T10:39:00+00:00","author":{"@id":"https:\/\/dmcsrb.com\/#\/schema\/person\/5c39170f12db1b8b457732d0b5c854e2"},"breadcrumb":{"@id":"https:\/\/dmcsrb.com\/sport\/crna-gora-veceras-docekuje-svedsku-perisic-vjeruje-u-pozitivan-rezultat\/#breadcrumb"},"inLanguage":"en-GB","potentialAction":[{"@type":"ReadAction","target":["https:\/\/dmcsrb.com\/sport\/crna-gora-veceras-docekuje-svedsku-perisic-vjeruje-u-pozitivan-rezultat\/"]}]},{"@type":"ImageObject","inLanguage":"en-GB","@id":"https:\/\/dmcsrb.com\/sport\/crna-gora-veceras-docekuje-svedsku-perisic-vjeruje-u-pozitivan-rezultat\/#primaryimage","url":"https:\/\/dmcsrb.com\/wp-content\/uploads\/2026\/01\/Mladi-do-21-FSCG.webp","contentUrl":"https:\/\/dmcsrb.com\/wp-content\/uploads\/2026\/01\/Mladi-do-21-FSCG.webp","width":1050,"height":624},{"@type":"BreadcrumbList","@id":"https:\/\/dmcsrb.com\/sport\/crna-gora-veceras-docekuje-svedsku-perisic-vjeruje-u-pozitivan-rezultat\/#breadcrumb","itemListElement":[{"@type":"ListItem","position":1,"name":"Home","item":"https:\/\/dmcsrb.com\/"},{"@type":"ListItem","position":2,"name":"Crna Gora ve\u010deras do\u010dekuje \u0160vedsku, Peri\u0161i\u0107 vjeruje u pozitivan rezultat"}]},{"@type":"WebSite","@id":"https:\/\/dmcsrb.com\/#website","url":"https:\/\/dmcsrb.com\/","name":"dmcsrb.com","description":"","potentialAction":[{"@type":"SearchAction","target":{"@type":"EntryPoint","urlTemplate":"https:\/\/dmcsrb.com\/?s={search_term_string}"},"query-input":{"@type":"PropertyValueSpecification","valueRequired":true,"valueName":"search_term_string"}}],"inLanguage":"en-GB"},{"@type":"Person","@id":"https:\/\/dmcsrb.com\/#\/schema\/person\/5c39170f12db1b8b457732d0b5c854e2","name":"dmcsrbija.com@gmail.com","image":{"@type":"ImageObject","inLanguage":"en-GB","@id":"https:\/\/secure.gravatar.com\/avatar\/68592660ad6347fad0fb587f8d5d8f1a7b44961362f56e4f2cd524feb87e9069?s=96&d=mm&r=g","url":"https:\/\/secure.gravatar.com\/avatar\/68592660ad6347fad0fb587f8d5d8f1a7b44961362f56e4f2cd524feb87e9069?s=96&d=mm&r=g","contentUrl":"https:\/\/secure.gravatar.com\/avatar\/68592660ad6347fad0fb587f8d5d8f1a7b44961362f56e4f2cd524feb87e9069?s=96&d=mm&r=g","caption":"dmcsrbija.com@gmail.com"},"sameAs":["https:\/\/dmcsrb.com"],"url":"https:\/\/dmcsrb.com\/en\/author\/dmcsrbija-comgmail-com\/"}]}},"_links":{"self":[{"href":"https:\/\/dmcsrb.com\/en\/wp-json\/wp\/v2\/posts\/951095","targetHints":{"allow":["GET"]}}],"collection":[{"href":"https:\/\/dmcsrb.com\/en\/wp-json\/wp\/v2\/posts"}],"about":[{"href":"https:\/\/dmcsrb.com\/en\/wp-json\/wp\/v2\/types\/post"}],"author":[{"embeddable":true,"href":"https:\/\/dmcsrb.com\/en\/wp-json\/wp\/v2\/users\/1"}],"replies":[{"embeddable":true,"href":"https:\/\/dmcsrb.com\/en\/wp-json\/wp\/v2\/comments?post=951095"}],"version-history":[{"count":0,"href":"https:\/\/dmcsrb.com\/en\/wp-json\/wp\/v2\/posts\/951095\/revisions"}],"wp:featuredmedia":[{"embeddable":true,"href":"https:\/\/dmcsrb.com\/en\/wp-json\/wp\/v2\/media\/951096"}],"wp:attachment":[{"href":"https:\/\/dmcsrb.com\/en\/wp-json\/wp\/v2\/media?parent=951095"}],"wp:term":[{"taxonomy":"category","embeddable":true,"href":"https:\/\/dmcsrb.com\/en\/wp-json\/wp\/v2\/categories?post=951095"},{"taxonomy":"post_tag","embeddable":true,"href":"https:\/\/dmcsrb.com\/en\/wp-json\/wp\/v2\/tags?post=951095"},{"taxonomy":"naslovna","embeddable":true,"href":"https:\/\/dmcsrb.com\/en\/wp-json\/wp\/v2\/naslovna?post=951095"}],"curies":[{"name":"wp","href":"https:\/\/api.w.org\/{rel}","templated":true}]}}