{"id":951043,"date":"2025-09-09T10:00:00","date_gmt":"2025-09-09T08:00:00","guid":{"rendered":"https:\/\/dmcsrb.com\/uncategorized\/zajednica-opstina-trazi-usvajanje-izmjena-zakona-o-komunalnoj-policiji\/"},"modified":"2025-09-09T10:00:00","modified_gmt":"2025-09-09T08:00:00","slug":"zajednica-opstina-trazi-usvajanje-izmjena-zakona-o-komunalnoj-policiji","status":"publish","type":"post","link":"https:\/\/dmcsrb.com\/en\/drustvo\/zajednica-opstina-trazi-usvajanje-izmjena-zakona-o-komunalnoj-policiji\/","title":{"rendered":"Zajednica op\u0161tina tra\u017ei usvajanje izmjena Zakona o komunalnoj policiji"},"content":{"rendered":"<p><\/p>\n\n\n\n<p><\/p>\n\n\n\n<p>Na taj na\u010din bi se, kako navode iz Zajednice op\u0161tina, omogu\u0107ilo op\u0161tinama da same, prema realnim potrebama, planiraju i organizuju slu\u017ebu.<\/p>\n\n\n\n<p>&#8220;Iako se ovo pitanje godinama otvara na sjednicama Koordinacionog tijela Vlade za pripremu i pra\u0107enje turisti\u010dkih sezona, jo\u0161 jedna je pro\u0161la, a problem ostaje isti \u2013 premali broj komunalnih policajaca na terenu da bi se obezbijedio red i kvalitetna usluga gra\u0111anima i gostima Crne Gore. Na ovo pitanje Zajednica op\u0161tina Crne Gore upozorava ve\u0107 godinama, ali se rje\u0161enje odla\u017ee iz sezone u sezonu. Va\u017ee\u0107i Zakon o komunalnoj policiji odre\u0111uje broj policajaca u odnosu na broj stalnih stanovnika jedne op\u0161tine. Na svakih 5.000 stanovnika, op\u0161tina mo\u017ee imati jednog komunalnog policajca vi\u0161e, a minimum su tri policajca po op\u0161tini. Me\u0111utim, time se potpuno zanemaruju realne potrebe op\u0161tina, naro\u010dito onih koje su turisti\u010dki orijentisane. U primorskim gradovima broj turista u \u0161picu sezone vi\u0161estruko prema\u0161uje broj stanovnika, a op\u0161tine i dalje imaju isti, zakonom ograni\u010den broj komunalnih policajaca&#8221;, navode iz Zajednice op\u0161tina.\u00a0<\/p>\n\n\n\n<p>Ukazuju da zakon formalno dozvoljava da se, u posebnim okolnostima, od Ministarstva javne uprave, zatra\u017ei saglasnost za pove\u0107anje broja komunalnih policajaca, te da je ta saglasnost davana na niovu izuzetaka.<\/p>\n\n\n\n<p>&#8220;Zajednica op\u0161tina smatra da je ovakvo zakonsko rje\u0161enje ne odgovara realnim potrebama turisti\u010dki orjentisanih op\u0161tina i da umanjuje kvalitet turisti\u010dkog proizvoda. Lokalne samouprave najbolje poznaju potrebe gra\u0111ana i posjetilaca i trebalo bi da imaju pravo da samostalno odlu\u010duju o broju komunalnih policajaca.\u00a0Tako\u0111e predla\u017eemo i fleksibilnije zapo\u0161ljavanje novih ljudi \u2013 da op\u0161tine mogu zaposliti lice koje jo\u0161 nije polo\u017eilo stru\u010dni ispit za komunalnog policajca, uz obavezu da to u\u010dini u roku od godinu dana. Na taj na\u010din bi se lak\u0161e popunila radna mjesta i rije\u0161io problem nedostatka kadra. Osim toga, u pravnom sistemu vi\u0161e ne postoje \u201eop\u0161tine u okviru Glavnog grada\u201d, pa je potrebno i ovu zastarjelu odredbu izbrisati iz zakona&#8221;, navode iz Zajednice op\u0161tina.\u00a0<\/p>\n\n\n\n<p>Ako se ni\u0161ta ne promijeni, kako navode iz Zajednice, lokalne samouprave \u0107e i narednih sezona imati isti problem \u2013 premalo ljudi za previ\u0161e posla.<\/p>\n\n\n\n<p>&#8220;Zajednica op\u0161tina Crne Gore apeluje da se ovaj problem \u0161to prije rije\u0161i. Svaka nova sezona bez promjena zna\u010di nove pote\u0161ko\u0107e za op\u0161tine, nezadovoljstvo gra\u0111ana i lo\u0161iju sliku koju na\u0161i gosti odnose iz Crne Gore. Vrijeme je da se lokalnim samoupravama da pravo da same odlu\u010duju o onome \u0161to najbolje poznaju \u2013 potrebama svojih zajednica, \u0161to je i intencija procesa decentralizacije&#8221;, poru\u010duju iz Zajednice.\u00a0<\/p>","protected":false},"excerpt":{"rendered":"<p>Zajednica op\u0161tina apelovala je na nadle\u017ene organe da usvoje izmjene Zakona o komunalnoj policiji kojima je propisano brisanje \u010dlana koji vezuje broj komunalnih policajaca za broj stanovnika.<\/p>","protected":false},"author":1,"featured_media":915002,"comment_status":"open","ping_status":"open","sticky":false,"template":"","format":"standard","meta":{"_acf_changed":false,"footnotes":""},"categories":[2],"tags":[6755,7456],"naslovna":[],"class_list":["post-951043","post","type-post","status-publish","format-standard","has-post-thumbnail","hentry","category-drustvo","tag-zajednica-opstina","tag-zakon-o-komunalnoj-policiji"],"acf":[],"yoast_head":"<!-- This site is optimized with the Yoast SEO plugin v27.4 - https:\/\/yoast.com\/product\/yoast-seo-wordpress\/ -->\n<title>Zajednica op\u0161tina tra\u017ei usvajanje izmjena Zakona o komunalnoj policiji - dmcsrb.com<\/title>\n<meta name=\"robots\" content=\"index, follow, max-snippet:-1, max-image-preview:large, max-video-preview:-1\" \/>\n<link rel=\"canonical\" href=\"https:\/\/dmcsrb.com\/en\/drustvo\/zajednica-opstina-trazi-usvajanje-izmjena-zakona-o-komunalnoj-policiji\/\" \/>\n<meta property=\"og:locale\" content=\"en_GB\" \/>\n<meta property=\"og:type\" content=\"article\" \/>\n<meta property=\"og:title\" content=\"Zajednica op\u0161tina tra\u017ei usvajanje izmjena Zakona o komunalnoj policiji - dmcsrb.com\" \/>\n<meta property=\"og:description\" content=\"Zajednica op\u0161tina apelovala je na nadle\u017ene organe da usvoje izmjene Zakona o komunalnoj policiji kojima je propisano brisanje \u010dlana koji vezuje broj komunalnih policajaca za broj stanovnika.\" \/>\n<meta property=\"og:url\" content=\"https:\/\/dmcsrb.com\/en\/drustvo\/zajednica-opstina-trazi-usvajanje-izmjena-zakona-o-komunalnoj-policiji\/\" \/>\n<meta property=\"og:site_name\" content=\"dmcsrb.com\" \/>\n<meta property=\"article:published_time\" content=\"2025-09-09T08:00:00+00:00\" \/>\n<meta property=\"og:image\" content=\"https:\/\/dmcsrb.com\/wp-content\/uploads\/2026\/01\/Zajednica-opstina-Crne-Gore-921x556-1.jpg\" \/>\n\t<meta property=\"og:image:width\" content=\"921\" \/>\n\t<meta property=\"og:image:height\" content=\"556\" \/>\n\t<meta property=\"og:image:type\" content=\"image\/jpeg\" \/>\n<meta name=\"author\" content=\"dmcsrbija.com@gmail.com\" \/>\n<meta name=\"twitter:card\" content=\"summary_large_image\" \/>\n<meta name=\"twitter:label1\" content=\"Written by\" \/>\n\t<meta name=\"twitter:data1\" content=\"dmcsrbija.com@gmail.com\" \/>\n\t<meta name=\"twitter:label2\" content=\"Estimated reading time\" \/>\n\t<meta name=\"twitter:data2\" content=\"2 minutes\" \/>\n<script type=\"application\/ld+json\" class=\"yoast-schema-graph\">{\"@context\":\"https:\\\/\\\/schema.org\",\"@graph\":[{\"@type\":\"Article\",\"@id\":\"https:\\\/\\\/dmcsrb.com\\\/drustvo\\\/zajednica-opstina-trazi-usvajanje-izmjena-zakona-o-komunalnoj-policiji\\\/#article\",\"isPartOf\":{\"@id\":\"https:\\\/\\\/dmcsrb.com\\\/drustvo\\\/zajednica-opstina-trazi-usvajanje-izmjena-zakona-o-komunalnoj-policiji\\\/\"},\"author\":{\"name\":\"dmcsrbija.com@gmail.com\",\"@id\":\"https:\\\/\\\/dmcsrb.com\\\/#\\\/schema\\\/person\\\/5c39170f12db1b8b457732d0b5c854e2\"},\"headline\":\"Zajednica op\u0161tina tra\u017ei usvajanje izmjena Zakona o komunalnoj policiji\",\"datePublished\":\"2025-09-09T08:00:00+00:00\",\"mainEntityOfPage\":{\"@id\":\"https:\\\/\\\/dmcsrb.com\\\/drustvo\\\/zajednica-opstina-trazi-usvajanje-izmjena-zakona-o-komunalnoj-policiji\\\/\"},\"wordCount\":461,\"commentCount\":0,\"image\":{\"@id\":\"https:\\\/\\\/dmcsrb.com\\\/drustvo\\\/zajednica-opstina-trazi-usvajanje-izmjena-zakona-o-komunalnoj-policiji\\\/#primaryimage\"},\"thumbnailUrl\":\"https:\\\/\\\/dmcsrb.com\\\/wp-content\\\/uploads\\\/2026\\\/01\\\/Zajednica-opstina-Crne-Gore-921x556-1.jpg\",\"keywords\":[\"Zajednica op\u0161tina\",\"Zakon o komunalnoj policiji\"],\"articleSection\":[\"Dru\u0161tvo\"],\"inLanguage\":\"en-GB\",\"potentialAction\":[{\"@type\":\"CommentAction\",\"name\":\"Comment\",\"target\":[\"https:\\\/\\\/dmcsrb.com\\\/drustvo\\\/zajednica-opstina-trazi-usvajanje-izmjena-zakona-o-komunalnoj-policiji\\\/#respond\"]}]},{\"@type\":\"WebPage\",\"@id\":\"https:\\\/\\\/dmcsrb.com\\\/drustvo\\\/zajednica-opstina-trazi-usvajanje-izmjena-zakona-o-komunalnoj-policiji\\\/\",\"url\":\"https:\\\/\\\/dmcsrb.com\\\/drustvo\\\/zajednica-opstina-trazi-usvajanje-izmjena-zakona-o-komunalnoj-policiji\\\/\",\"name\":\"Zajednica op\u0161tina tra\u017ei usvajanje izmjena Zakona o komunalnoj policiji - dmcsrb.com\",\"isPartOf\":{\"@id\":\"https:\\\/\\\/dmcsrb.com\\\/#website\"},\"primaryImageOfPage\":{\"@id\":\"https:\\\/\\\/dmcsrb.com\\\/drustvo\\\/zajednica-opstina-trazi-usvajanje-izmjena-zakona-o-komunalnoj-policiji\\\/#primaryimage\"},\"image\":{\"@id\":\"https:\\\/\\\/dmcsrb.com\\\/drustvo\\\/zajednica-opstina-trazi-usvajanje-izmjena-zakona-o-komunalnoj-policiji\\\/#primaryimage\"},\"thumbnailUrl\":\"https:\\\/\\\/dmcsrb.com\\\/wp-content\\\/uploads\\\/2026\\\/01\\\/Zajednica-opstina-Crne-Gore-921x556-1.jpg\",\"datePublished\":\"2025-09-09T08:00:00+00:00\",\"author\":{\"@id\":\"https:\\\/\\\/dmcsrb.com\\\/#\\\/schema\\\/person\\\/5c39170f12db1b8b457732d0b5c854e2\"},\"breadcrumb\":{\"@id\":\"https:\\\/\\\/dmcsrb.com\\\/drustvo\\\/zajednica-opstina-trazi-usvajanje-izmjena-zakona-o-komunalnoj-policiji\\\/#breadcrumb\"},\"inLanguage\":\"en-GB\",\"potentialAction\":[{\"@type\":\"ReadAction\",\"target\":[\"https:\\\/\\\/dmcsrb.com\\\/drustvo\\\/zajednica-opstina-trazi-usvajanje-izmjena-zakona-o-komunalnoj-policiji\\\/\"]}]},{\"@type\":\"ImageObject\",\"inLanguage\":\"en-GB\",\"@id\":\"https:\\\/\\\/dmcsrb.com\\\/drustvo\\\/zajednica-opstina-trazi-usvajanje-izmjena-zakona-o-komunalnoj-policiji\\\/#primaryimage\",\"url\":\"https:\\\/\\\/dmcsrb.com\\\/wp-content\\\/uploads\\\/2026\\\/01\\\/Zajednica-opstina-Crne-Gore-921x556-1.jpg\",\"contentUrl\":\"https:\\\/\\\/dmcsrb.com\\\/wp-content\\\/uploads\\\/2026\\\/01\\\/Zajednica-opstina-Crne-Gore-921x556-1.jpg\",\"width\":921,\"height\":556},{\"@type\":\"BreadcrumbList\",\"@id\":\"https:\\\/\\\/dmcsrb.com\\\/drustvo\\\/zajednica-opstina-trazi-usvajanje-izmjena-zakona-o-komunalnoj-policiji\\\/#breadcrumb\",\"itemListElement\":[{\"@type\":\"ListItem\",\"position\":1,\"name\":\"Home\",\"item\":\"https:\\\/\\\/dmcsrb.com\\\/\"},{\"@type\":\"ListItem\",\"position\":2,\"name\":\"Zajednica op\u0161tina tra\u017ei usvajanje izmjena Zakona o komunalnoj policiji\"}]},{\"@type\":\"WebSite\",\"@id\":\"https:\\\/\\\/dmcsrb.com\\\/#website\",\"url\":\"https:\\\/\\\/dmcsrb.com\\\/\",\"name\":\"dmcsrb.com\",\"description\":\"\",\"potentialAction\":[{\"@type\":\"SearchAction\",\"target\":{\"@type\":\"EntryPoint\",\"urlTemplate\":\"https:\\\/\\\/dmcsrb.com\\\/?s={search_term_string}\"},\"query-input\":{\"@type\":\"PropertyValueSpecification\",\"valueRequired\":true,\"valueName\":\"search_term_string\"}}],\"inLanguage\":\"en-GB\"},{\"@type\":\"Person\",\"@id\":\"https:\\\/\\\/dmcsrb.com\\\/#\\\/schema\\\/person\\\/5c39170f12db1b8b457732d0b5c854e2\",\"name\":\"dmcsrbija.com@gmail.com\",\"image\":{\"@type\":\"ImageObject\",\"inLanguage\":\"en-GB\",\"@id\":\"https:\\\/\\\/secure.gravatar.com\\\/avatar\\\/68592660ad6347fad0fb587f8d5d8f1a7b44961362f56e4f2cd524feb87e9069?s=96&d=mm&r=g\",\"url\":\"https:\\\/\\\/secure.gravatar.com\\\/avatar\\\/68592660ad6347fad0fb587f8d5d8f1a7b44961362f56e4f2cd524feb87e9069?s=96&d=mm&r=g\",\"contentUrl\":\"https:\\\/\\\/secure.gravatar.com\\\/avatar\\\/68592660ad6347fad0fb587f8d5d8f1a7b44961362f56e4f2cd524feb87e9069?s=96&d=mm&r=g\",\"caption\":\"dmcsrbija.com@gmail.com\"},\"sameAs\":[\"https:\\\/\\\/dmcsrb.com\"],\"url\":\"https:\\\/\\\/dmcsrb.com\\\/en\\\/author\\\/dmcsrbija-comgmail-com\\\/\"}]}<\/script>\n<!-- \/ Yoast SEO plugin. -->","yoast_head_json":{"title":"Zajednica op\u0161tina tra\u017ei usvajanje izmjena Zakona o komunalnoj policiji - dmcsrb.com","robots":{"index":"index","follow":"follow","max-snippet":"max-snippet:-1","max-image-preview":"max-image-preview:large","max-video-preview":"max-video-preview:-1"},"canonical":"https:\/\/dmcsrb.com\/en\/drustvo\/zajednica-opstina-trazi-usvajanje-izmjena-zakona-o-komunalnoj-policiji\/","og_locale":"en_GB","og_type":"article","og_title":"Zajednica op\u0161tina tra\u017ei usvajanje izmjena Zakona o komunalnoj policiji - dmcsrb.com","og_description":"Zajednica op\u0161tina apelovala je na nadle\u017ene organe da usvoje izmjene Zakona o komunalnoj policiji kojima je propisano brisanje \u010dlana koji vezuje broj komunalnih policajaca za broj stanovnika.","og_url":"https:\/\/dmcsrb.com\/en\/drustvo\/zajednica-opstina-trazi-usvajanje-izmjena-zakona-o-komunalnoj-policiji\/","og_site_name":"dmcsrb.com","article_published_time":"2025-09-09T08:00:00+00:00","og_image":[{"width":921,"height":556,"url":"https:\/\/dmcsrb.com\/wp-content\/uploads\/2026\/01\/Zajednica-opstina-Crne-Gore-921x556-1.jpg","type":"image\/jpeg"}],"author":"dmcsrbija.com@gmail.com","twitter_card":"summary_large_image","twitter_misc":{"Written by":"dmcsrbija.com@gmail.com","Estimated reading time":"2 minutes"},"schema":{"@context":"https:\/\/schema.org","@graph":[{"@type":"Article","@id":"https:\/\/dmcsrb.com\/drustvo\/zajednica-opstina-trazi-usvajanje-izmjena-zakona-o-komunalnoj-policiji\/#article","isPartOf":{"@id":"https:\/\/dmcsrb.com\/drustvo\/zajednica-opstina-trazi-usvajanje-izmjena-zakona-o-komunalnoj-policiji\/"},"author":{"name":"dmcsrbija.com@gmail.com","@id":"https:\/\/dmcsrb.com\/#\/schema\/person\/5c39170f12db1b8b457732d0b5c854e2"},"headline":"Zajednica op\u0161tina tra\u017ei usvajanje izmjena Zakona o komunalnoj policiji","datePublished":"2025-09-09T08:00:00+00:00","mainEntityOfPage":{"@id":"https:\/\/dmcsrb.com\/drustvo\/zajednica-opstina-trazi-usvajanje-izmjena-zakona-o-komunalnoj-policiji\/"},"wordCount":461,"commentCount":0,"image":{"@id":"https:\/\/dmcsrb.com\/drustvo\/zajednica-opstina-trazi-usvajanje-izmjena-zakona-o-komunalnoj-policiji\/#primaryimage"},"thumbnailUrl":"https:\/\/dmcsrb.com\/wp-content\/uploads\/2026\/01\/Zajednica-opstina-Crne-Gore-921x556-1.jpg","keywords":["Zajednica op\u0161tina","Zakon o komunalnoj policiji"],"articleSection":["Dru\u0161tvo"],"inLanguage":"en-GB","potentialAction":[{"@type":"CommentAction","name":"Comment","target":["https:\/\/dmcsrb.com\/drustvo\/zajednica-opstina-trazi-usvajanje-izmjena-zakona-o-komunalnoj-policiji\/#respond"]}]},{"@type":"WebPage","@id":"https:\/\/dmcsrb.com\/drustvo\/zajednica-opstina-trazi-usvajanje-izmjena-zakona-o-komunalnoj-policiji\/","url":"https:\/\/dmcsrb.com\/drustvo\/zajednica-opstina-trazi-usvajanje-izmjena-zakona-o-komunalnoj-policiji\/","name":"Zajednica op\u0161tina tra\u017ei usvajanje izmjena Zakona o komunalnoj policiji - dmcsrb.com","isPartOf":{"@id":"https:\/\/dmcsrb.com\/#website"},"primaryImageOfPage":{"@id":"https:\/\/dmcsrb.com\/drustvo\/zajednica-opstina-trazi-usvajanje-izmjena-zakona-o-komunalnoj-policiji\/#primaryimage"},"image":{"@id":"https:\/\/dmcsrb.com\/drustvo\/zajednica-opstina-trazi-usvajanje-izmjena-zakona-o-komunalnoj-policiji\/#primaryimage"},"thumbnailUrl":"https:\/\/dmcsrb.com\/wp-content\/uploads\/2026\/01\/Zajednica-opstina-Crne-Gore-921x556-1.jpg","datePublished":"2025-09-09T08:00:00+00:00","author":{"@id":"https:\/\/dmcsrb.com\/#\/schema\/person\/5c39170f12db1b8b457732d0b5c854e2"},"breadcrumb":{"@id":"https:\/\/dmcsrb.com\/drustvo\/zajednica-opstina-trazi-usvajanje-izmjena-zakona-o-komunalnoj-policiji\/#breadcrumb"},"inLanguage":"en-GB","potentialAction":[{"@type":"ReadAction","target":["https:\/\/dmcsrb.com\/drustvo\/zajednica-opstina-trazi-usvajanje-izmjena-zakona-o-komunalnoj-policiji\/"]}]},{"@type":"ImageObject","inLanguage":"en-GB","@id":"https:\/\/dmcsrb.com\/drustvo\/zajednica-opstina-trazi-usvajanje-izmjena-zakona-o-komunalnoj-policiji\/#primaryimage","url":"https:\/\/dmcsrb.com\/wp-content\/uploads\/2026\/01\/Zajednica-opstina-Crne-Gore-921x556-1.jpg","contentUrl":"https:\/\/dmcsrb.com\/wp-content\/uploads\/2026\/01\/Zajednica-opstina-Crne-Gore-921x556-1.jpg","width":921,"height":556},{"@type":"BreadcrumbList","@id":"https:\/\/dmcsrb.com\/drustvo\/zajednica-opstina-trazi-usvajanje-izmjena-zakona-o-komunalnoj-policiji\/#breadcrumb","itemListElement":[{"@type":"ListItem","position":1,"name":"Home","item":"https:\/\/dmcsrb.com\/"},{"@type":"ListItem","position":2,"name":"Zajednica op\u0161tina tra\u017ei usvajanje izmjena Zakona o komunalnoj policiji"}]},{"@type":"WebSite","@id":"https:\/\/dmcsrb.com\/#website","url":"https:\/\/dmcsrb.com\/","name":"dmcsrb.com","description":"","potentialAction":[{"@type":"SearchAction","target":{"@type":"EntryPoint","urlTemplate":"https:\/\/dmcsrb.com\/?s={search_term_string}"},"query-input":{"@type":"PropertyValueSpecification","valueRequired":true,"valueName":"search_term_string"}}],"inLanguage":"en-GB"},{"@type":"Person","@id":"https:\/\/dmcsrb.com\/#\/schema\/person\/5c39170f12db1b8b457732d0b5c854e2","name":"dmcsrbija.com@gmail.com","image":{"@type":"ImageObject","inLanguage":"en-GB","@id":"https:\/\/secure.gravatar.com\/avatar\/68592660ad6347fad0fb587f8d5d8f1a7b44961362f56e4f2cd524feb87e9069?s=96&d=mm&r=g","url":"https:\/\/secure.gravatar.com\/avatar\/68592660ad6347fad0fb587f8d5d8f1a7b44961362f56e4f2cd524feb87e9069?s=96&d=mm&r=g","contentUrl":"https:\/\/secure.gravatar.com\/avatar\/68592660ad6347fad0fb587f8d5d8f1a7b44961362f56e4f2cd524feb87e9069?s=96&d=mm&r=g","caption":"dmcsrbija.com@gmail.com"},"sameAs":["https:\/\/dmcsrb.com"],"url":"https:\/\/dmcsrb.com\/en\/author\/dmcsrbija-comgmail-com\/"}]}},"_links":{"self":[{"href":"https:\/\/dmcsrb.com\/en\/wp-json\/wp\/v2\/posts\/951043","targetHints":{"allow":["GET"]}}],"collection":[{"href":"https:\/\/dmcsrb.com\/en\/wp-json\/wp\/v2\/posts"}],"about":[{"href":"https:\/\/dmcsrb.com\/en\/wp-json\/wp\/v2\/types\/post"}],"author":[{"embeddable":true,"href":"https:\/\/dmcsrb.com\/en\/wp-json\/wp\/v2\/users\/1"}],"replies":[{"embeddable":true,"href":"https:\/\/dmcsrb.com\/en\/wp-json\/wp\/v2\/comments?post=951043"}],"version-history":[{"count":0,"href":"https:\/\/dmcsrb.com\/en\/wp-json\/wp\/v2\/posts\/951043\/revisions"}],"wp:featuredmedia":[{"embeddable":true,"href":"https:\/\/dmcsrb.com\/en\/wp-json\/wp\/v2\/media\/915002"}],"wp:attachment":[{"href":"https:\/\/dmcsrb.com\/en\/wp-json\/wp\/v2\/media?parent=951043"}],"wp:term":[{"taxonomy":"category","embeddable":true,"href":"https:\/\/dmcsrb.com\/en\/wp-json\/wp\/v2\/categories?post=951043"},{"taxonomy":"post_tag","embeddable":true,"href":"https:\/\/dmcsrb.com\/en\/wp-json\/wp\/v2\/tags?post=951043"},{"taxonomy":"naslovna","embeddable":true,"href":"https:\/\/dmcsrb.com\/en\/wp-json\/wp\/v2\/naslovna?post=951043"}],"curies":[{"name":"wp","href":"https:\/\/api.w.org\/{rel}","templated":true}]}}