{"id":951028,"date":"2025-09-09T09:38:00","date_gmt":"2025-09-09T07:38:00","guid":{"rendered":"https:\/\/dmcsrb.com\/uncategorized\/koncert-grupe-mizar-20-septembra-u-ulici-slobode\/"},"modified":"2025-09-09T09:38:00","modified_gmt":"2025-09-09T07:38:00","slug":"koncert-grupe-mizar-20-septembra-u-ulici-slobode","status":"publish","type":"post","link":"https:\/\/dmcsrb.com\/en\/podgorica\/koncert-grupe-mizar-20-septembra-u-ulici-slobode\/","title":{"rendered":"Koncert grupe \u201cMizar\u201c 20. septembra u Ulici slobode"},"content":{"rendered":"<p><\/p>\n\n\n\n<p><\/p>\n\n\n\n<p>Iz Sekretarijata za kulturu navode da je osnovan davne 1983. godine, ali i da je Mizar do danas pro\u0161ao kroz mnoge faze. <\/p>\n\n\n\n<p>&#8220;Postava se mijenjala, rastajali su se i ponovo sastajali, dok je jedina konstanta ostao kompozitor, gitarista i idejni vo\u0111a grupe Gorazd \u010capovski.<\/p>\n\n\n\n<p>Uprkos mnogim promjenama, bend je ostao dosljedan svom specifi\u010dnom muzi\u010dkom izrazu. Mizar stvara muziku zasnovanu na staroslovenskim napjevima, makedonskom folkloru i vizantijskoj tradiciji, obavijenoj darkerskim ruhom.<\/p>\n\n\n\n<p>Status kultnog benda postigli su ve\u0107 po izlasku istoimenog debi albuma iz 1988, prvog takvog na makedonskom jeziku. Na albumu je sada ve\u0107 nezaboravan hit \u201cDevojka od bronza\u201d, a uz autorske, na albumu se na\u0161la i zapa\u017eena pjesma \u201e\u201dZlatno sonce\u201d, njihova verzija makedonske narodne pjesme \u201eZajdi zajdi\u201c. Album je iste godine progla\u0161en najboljim u tada\u0161njoj Jugoslaviji, a grupa Mizar postala je koncertna senzacija i odgovor na svjetski gotik rok trend koji je u to vrijeme bio aktuelni muzi\u010dki pravac.<\/p>\n\n\n\n<p>U dosada\u0161njoj karijeri Mizar je objavio sedam albuma: Mizar (1988); Svjat Dreams 1762\u20131991 (1991); Kobna ubavina (2004); Pogled kon cvetnata gradina (2007); Deteto i beloto more (2010); \u0160arena Krava (2014); Ve\u010dna praznina (2022).<\/p>\n\n\n\n<p>\u0160esto\u010dlana postava majstorski izvodi kompozicije koje sna\u017eno rezoniraju, a njihovi nastupi u\u017eivo nikoga ne ostavljaju ravnodu\u0161nim.<\/p>\n\n\n\n<p>Koncert grupe Mizar dio je programa manifestacije Podgori\u010dko kulturno ljeto&#8221;, kazali su u saop\u0161tenju.<\/p>","protected":false},"excerpt":{"rendered":"<p>Koncert kultne makedonske darkwave grupe &#8220;Mizar&#8221; od\u017ea\u0107e se u subotu, 20. septembra, u 20 \u010dasova, u Ulici slobode u Podgorici, kazali su u saop\u0161tenju.<\/p>","protected":false},"author":1,"featured_media":951029,"comment_status":"open","ping_status":"open","sticky":false,"template":"","format":"standard","meta":{"_acf_changed":false,"footnotes":""},"categories":[56],"tags":[7446,7447],"naslovna":[],"class_list":["post-951028","post","type-post","status-publish","format-standard","has-post-thumbnail","hentry","category-podgorica","tag-koncert-grupe","tag-mizar"],"acf":[],"yoast_head":"<!-- This site is optimized with the Yoast SEO plugin v27.4 - https:\/\/yoast.com\/product\/yoast-seo-wordpress\/ -->\n<title>Koncert grupe \u201cMizar\u201c 20. septembra u Ulici slobode - dmcsrb.com<\/title>\n<meta name=\"robots\" content=\"index, follow, max-snippet:-1, max-image-preview:large, max-video-preview:-1\" \/>\n<link rel=\"canonical\" href=\"https:\/\/dmcsrb.com\/en\/podgorica\/koncert-grupe-mizar-20-septembra-u-ulici-slobode\/\" \/>\n<meta property=\"og:locale\" content=\"en_GB\" \/>\n<meta property=\"og:type\" content=\"article\" \/>\n<meta property=\"og:title\" content=\"Koncert grupe \u201cMizar\u201c 20. septembra u Ulici slobode - dmcsrb.com\" \/>\n<meta property=\"og:description\" content=\"Koncert kultne makedonske darkwave grupe &quot;Mizar&quot; od\u017ea\u0107e se u subotu, 20. septembra, u 20 \u010dasova, u Ulici slobode u Podgorici, kazali su u saop\u0161tenju.\" \/>\n<meta property=\"og:url\" content=\"https:\/\/dmcsrb.com\/en\/podgorica\/koncert-grupe-mizar-20-septembra-u-ulici-slobode\/\" \/>\n<meta property=\"og:site_name\" content=\"dmcsrb.com\" \/>\n<meta property=\"article:published_time\" content=\"2025-09-09T07:38:00+00:00\" \/>\n<meta property=\"og:image\" content=\"https:\/\/dmcsrb.com\/wp-content\/uploads\/2026\/01\/Mizar-poster.webp\" \/>\n\t<meta property=\"og:image:width\" content=\"1080\" \/>\n\t<meta property=\"og:image:height\" content=\"1080\" \/>\n\t<meta property=\"og:image:type\" content=\"image\/png\" \/>\n<meta name=\"author\" content=\"dmcsrbija.com@gmail.com\" \/>\n<meta name=\"twitter:card\" content=\"summary_large_image\" \/>\n<meta name=\"twitter:label1\" content=\"Written by\" \/>\n\t<meta name=\"twitter:data1\" content=\"dmcsrbija.com@gmail.com\" \/>\n\t<meta name=\"twitter:label2\" content=\"Estimated reading time\" \/>\n\t<meta name=\"twitter:data2\" content=\"1 minute\" \/>\n<script type=\"application\/ld+json\" class=\"yoast-schema-graph\">{\"@context\":\"https:\\\/\\\/schema.org\",\"@graph\":[{\"@type\":\"Article\",\"@id\":\"https:\\\/\\\/dmcsrb.com\\\/podgorica\\\/koncert-grupe-mizar-20-septembra-u-ulici-slobode\\\/#article\",\"isPartOf\":{\"@id\":\"https:\\\/\\\/dmcsrb.com\\\/podgorica\\\/koncert-grupe-mizar-20-septembra-u-ulici-slobode\\\/\"},\"author\":{\"name\":\"dmcsrbija.com@gmail.com\",\"@id\":\"https:\\\/\\\/dmcsrb.com\\\/#\\\/schema\\\/person\\\/5c39170f12db1b8b457732d0b5c854e2\"},\"headline\":\"Koncert grupe \u201cMizar\u201c 20. septembra u Ulici slobode\",\"datePublished\":\"2025-09-09T07:38:00+00:00\",\"mainEntityOfPage\":{\"@id\":\"https:\\\/\\\/dmcsrb.com\\\/podgorica\\\/koncert-grupe-mizar-20-septembra-u-ulici-slobode\\\/\"},\"wordCount\":226,\"commentCount\":0,\"image\":{\"@id\":\"https:\\\/\\\/dmcsrb.com\\\/podgorica\\\/koncert-grupe-mizar-20-septembra-u-ulici-slobode\\\/#primaryimage\"},\"thumbnailUrl\":\"https:\\\/\\\/dmcsrb.com\\\/wp-content\\\/uploads\\\/2026\\\/01\\\/Mizar-poster.webp\",\"keywords\":[\"koncert grupe\",\"mizar\"],\"articleSection\":[\"Podgorica\"],\"inLanguage\":\"en-GB\",\"potentialAction\":[{\"@type\":\"CommentAction\",\"name\":\"Comment\",\"target\":[\"https:\\\/\\\/dmcsrb.com\\\/podgorica\\\/koncert-grupe-mizar-20-septembra-u-ulici-slobode\\\/#respond\"]}]},{\"@type\":\"WebPage\",\"@id\":\"https:\\\/\\\/dmcsrb.com\\\/podgorica\\\/koncert-grupe-mizar-20-septembra-u-ulici-slobode\\\/\",\"url\":\"https:\\\/\\\/dmcsrb.com\\\/podgorica\\\/koncert-grupe-mizar-20-septembra-u-ulici-slobode\\\/\",\"name\":\"Koncert grupe \u201cMizar\u201c 20. septembra u Ulici slobode - dmcsrb.com\",\"isPartOf\":{\"@id\":\"https:\\\/\\\/dmcsrb.com\\\/#website\"},\"primaryImageOfPage\":{\"@id\":\"https:\\\/\\\/dmcsrb.com\\\/podgorica\\\/koncert-grupe-mizar-20-septembra-u-ulici-slobode\\\/#primaryimage\"},\"image\":{\"@id\":\"https:\\\/\\\/dmcsrb.com\\\/podgorica\\\/koncert-grupe-mizar-20-septembra-u-ulici-slobode\\\/#primaryimage\"},\"thumbnailUrl\":\"https:\\\/\\\/dmcsrb.com\\\/wp-content\\\/uploads\\\/2026\\\/01\\\/Mizar-poster.webp\",\"datePublished\":\"2025-09-09T07:38:00+00:00\",\"author\":{\"@id\":\"https:\\\/\\\/dmcsrb.com\\\/#\\\/schema\\\/person\\\/5c39170f12db1b8b457732d0b5c854e2\"},\"breadcrumb\":{\"@id\":\"https:\\\/\\\/dmcsrb.com\\\/podgorica\\\/koncert-grupe-mizar-20-septembra-u-ulici-slobode\\\/#breadcrumb\"},\"inLanguage\":\"en-GB\",\"potentialAction\":[{\"@type\":\"ReadAction\",\"target\":[\"https:\\\/\\\/dmcsrb.com\\\/podgorica\\\/koncert-grupe-mizar-20-septembra-u-ulici-slobode\\\/\"]}]},{\"@type\":\"ImageObject\",\"inLanguage\":\"en-GB\",\"@id\":\"https:\\\/\\\/dmcsrb.com\\\/podgorica\\\/koncert-grupe-mizar-20-septembra-u-ulici-slobode\\\/#primaryimage\",\"url\":\"https:\\\/\\\/dmcsrb.com\\\/wp-content\\\/uploads\\\/2026\\\/01\\\/Mizar-poster.webp\",\"contentUrl\":\"https:\\\/\\\/dmcsrb.com\\\/wp-content\\\/uploads\\\/2026\\\/01\\\/Mizar-poster.webp\",\"width\":1080,\"height\":1080},{\"@type\":\"BreadcrumbList\",\"@id\":\"https:\\\/\\\/dmcsrb.com\\\/podgorica\\\/koncert-grupe-mizar-20-septembra-u-ulici-slobode\\\/#breadcrumb\",\"itemListElement\":[{\"@type\":\"ListItem\",\"position\":1,\"name\":\"Home\",\"item\":\"https:\\\/\\\/dmcsrb.com\\\/\"},{\"@type\":\"ListItem\",\"position\":2,\"name\":\"Koncert grupe \u201cMizar\u201c 20. septembra u Ulici slobode\"}]},{\"@type\":\"WebSite\",\"@id\":\"https:\\\/\\\/dmcsrb.com\\\/#website\",\"url\":\"https:\\\/\\\/dmcsrb.com\\\/\",\"name\":\"dmcsrb.com\",\"description\":\"\",\"potentialAction\":[{\"@type\":\"SearchAction\",\"target\":{\"@type\":\"EntryPoint\",\"urlTemplate\":\"https:\\\/\\\/dmcsrb.com\\\/?s={search_term_string}\"},\"query-input\":{\"@type\":\"PropertyValueSpecification\",\"valueRequired\":true,\"valueName\":\"search_term_string\"}}],\"inLanguage\":\"en-GB\"},{\"@type\":\"Person\",\"@id\":\"https:\\\/\\\/dmcsrb.com\\\/#\\\/schema\\\/person\\\/5c39170f12db1b8b457732d0b5c854e2\",\"name\":\"dmcsrbija.com@gmail.com\",\"image\":{\"@type\":\"ImageObject\",\"inLanguage\":\"en-GB\",\"@id\":\"https:\\\/\\\/secure.gravatar.com\\\/avatar\\\/68592660ad6347fad0fb587f8d5d8f1a7b44961362f56e4f2cd524feb87e9069?s=96&d=mm&r=g\",\"url\":\"https:\\\/\\\/secure.gravatar.com\\\/avatar\\\/68592660ad6347fad0fb587f8d5d8f1a7b44961362f56e4f2cd524feb87e9069?s=96&d=mm&r=g\",\"contentUrl\":\"https:\\\/\\\/secure.gravatar.com\\\/avatar\\\/68592660ad6347fad0fb587f8d5d8f1a7b44961362f56e4f2cd524feb87e9069?s=96&d=mm&r=g\",\"caption\":\"dmcsrbija.com@gmail.com\"},\"sameAs\":[\"https:\\\/\\\/dmcsrb.com\"],\"url\":\"https:\\\/\\\/dmcsrb.com\\\/en\\\/author\\\/dmcsrbija-comgmail-com\\\/\"}]}<\/script>\n<!-- \/ Yoast SEO plugin. -->","yoast_head_json":{"title":"Koncert grupe \u201cMizar\u201c 20. septembra u Ulici slobode - dmcsrb.com","robots":{"index":"index","follow":"follow","max-snippet":"max-snippet:-1","max-image-preview":"max-image-preview:large","max-video-preview":"max-video-preview:-1"},"canonical":"https:\/\/dmcsrb.com\/en\/podgorica\/koncert-grupe-mizar-20-septembra-u-ulici-slobode\/","og_locale":"en_GB","og_type":"article","og_title":"Koncert grupe \u201cMizar\u201c 20. septembra u Ulici slobode - dmcsrb.com","og_description":"Koncert kultne makedonske darkwave grupe \"Mizar\" od\u017ea\u0107e se u subotu, 20. septembra, u 20 \u010dasova, u Ulici slobode u Podgorici, kazali su u saop\u0161tenju.","og_url":"https:\/\/dmcsrb.com\/en\/podgorica\/koncert-grupe-mizar-20-septembra-u-ulici-slobode\/","og_site_name":"dmcsrb.com","article_published_time":"2025-09-09T07:38:00+00:00","og_image":[{"width":1080,"height":1080,"url":"https:\/\/dmcsrb.com\/wp-content\/uploads\/2026\/01\/Mizar-poster.webp","type":"image\/png"}],"author":"dmcsrbija.com@gmail.com","twitter_card":"summary_large_image","twitter_misc":{"Written by":"dmcsrbija.com@gmail.com","Estimated reading time":"1 minute"},"schema":{"@context":"https:\/\/schema.org","@graph":[{"@type":"Article","@id":"https:\/\/dmcsrb.com\/podgorica\/koncert-grupe-mizar-20-septembra-u-ulici-slobode\/#article","isPartOf":{"@id":"https:\/\/dmcsrb.com\/podgorica\/koncert-grupe-mizar-20-septembra-u-ulici-slobode\/"},"author":{"name":"dmcsrbija.com@gmail.com","@id":"https:\/\/dmcsrb.com\/#\/schema\/person\/5c39170f12db1b8b457732d0b5c854e2"},"headline":"Koncert grupe \u201cMizar\u201c 20. septembra u Ulici slobode","datePublished":"2025-09-09T07:38:00+00:00","mainEntityOfPage":{"@id":"https:\/\/dmcsrb.com\/podgorica\/koncert-grupe-mizar-20-septembra-u-ulici-slobode\/"},"wordCount":226,"commentCount":0,"image":{"@id":"https:\/\/dmcsrb.com\/podgorica\/koncert-grupe-mizar-20-septembra-u-ulici-slobode\/#primaryimage"},"thumbnailUrl":"https:\/\/dmcsrb.com\/wp-content\/uploads\/2026\/01\/Mizar-poster.webp","keywords":["koncert grupe","mizar"],"articleSection":["Podgorica"],"inLanguage":"en-GB","potentialAction":[{"@type":"CommentAction","name":"Comment","target":["https:\/\/dmcsrb.com\/podgorica\/koncert-grupe-mizar-20-septembra-u-ulici-slobode\/#respond"]}]},{"@type":"WebPage","@id":"https:\/\/dmcsrb.com\/podgorica\/koncert-grupe-mizar-20-septembra-u-ulici-slobode\/","url":"https:\/\/dmcsrb.com\/podgorica\/koncert-grupe-mizar-20-septembra-u-ulici-slobode\/","name":"Koncert grupe \u201cMizar\u201c 20. septembra u Ulici slobode - dmcsrb.com","isPartOf":{"@id":"https:\/\/dmcsrb.com\/#website"},"primaryImageOfPage":{"@id":"https:\/\/dmcsrb.com\/podgorica\/koncert-grupe-mizar-20-septembra-u-ulici-slobode\/#primaryimage"},"image":{"@id":"https:\/\/dmcsrb.com\/podgorica\/koncert-grupe-mizar-20-septembra-u-ulici-slobode\/#primaryimage"},"thumbnailUrl":"https:\/\/dmcsrb.com\/wp-content\/uploads\/2026\/01\/Mizar-poster.webp","datePublished":"2025-09-09T07:38:00+00:00","author":{"@id":"https:\/\/dmcsrb.com\/#\/schema\/person\/5c39170f12db1b8b457732d0b5c854e2"},"breadcrumb":{"@id":"https:\/\/dmcsrb.com\/podgorica\/koncert-grupe-mizar-20-septembra-u-ulici-slobode\/#breadcrumb"},"inLanguage":"en-GB","potentialAction":[{"@type":"ReadAction","target":["https:\/\/dmcsrb.com\/podgorica\/koncert-grupe-mizar-20-septembra-u-ulici-slobode\/"]}]},{"@type":"ImageObject","inLanguage":"en-GB","@id":"https:\/\/dmcsrb.com\/podgorica\/koncert-grupe-mizar-20-septembra-u-ulici-slobode\/#primaryimage","url":"https:\/\/dmcsrb.com\/wp-content\/uploads\/2026\/01\/Mizar-poster.webp","contentUrl":"https:\/\/dmcsrb.com\/wp-content\/uploads\/2026\/01\/Mizar-poster.webp","width":1080,"height":1080},{"@type":"BreadcrumbList","@id":"https:\/\/dmcsrb.com\/podgorica\/koncert-grupe-mizar-20-septembra-u-ulici-slobode\/#breadcrumb","itemListElement":[{"@type":"ListItem","position":1,"name":"Home","item":"https:\/\/dmcsrb.com\/"},{"@type":"ListItem","position":2,"name":"Koncert grupe \u201cMizar\u201c 20. septembra u Ulici slobode"}]},{"@type":"WebSite","@id":"https:\/\/dmcsrb.com\/#website","url":"https:\/\/dmcsrb.com\/","name":"dmcsrb.com","description":"","potentialAction":[{"@type":"SearchAction","target":{"@type":"EntryPoint","urlTemplate":"https:\/\/dmcsrb.com\/?s={search_term_string}"},"query-input":{"@type":"PropertyValueSpecification","valueRequired":true,"valueName":"search_term_string"}}],"inLanguage":"en-GB"},{"@type":"Person","@id":"https:\/\/dmcsrb.com\/#\/schema\/person\/5c39170f12db1b8b457732d0b5c854e2","name":"dmcsrbija.com@gmail.com","image":{"@type":"ImageObject","inLanguage":"en-GB","@id":"https:\/\/secure.gravatar.com\/avatar\/68592660ad6347fad0fb587f8d5d8f1a7b44961362f56e4f2cd524feb87e9069?s=96&d=mm&r=g","url":"https:\/\/secure.gravatar.com\/avatar\/68592660ad6347fad0fb587f8d5d8f1a7b44961362f56e4f2cd524feb87e9069?s=96&d=mm&r=g","contentUrl":"https:\/\/secure.gravatar.com\/avatar\/68592660ad6347fad0fb587f8d5d8f1a7b44961362f56e4f2cd524feb87e9069?s=96&d=mm&r=g","caption":"dmcsrbija.com@gmail.com"},"sameAs":["https:\/\/dmcsrb.com"],"url":"https:\/\/dmcsrb.com\/en\/author\/dmcsrbija-comgmail-com\/"}]}},"_links":{"self":[{"href":"https:\/\/dmcsrb.com\/en\/wp-json\/wp\/v2\/posts\/951028","targetHints":{"allow":["GET"]}}],"collection":[{"href":"https:\/\/dmcsrb.com\/en\/wp-json\/wp\/v2\/posts"}],"about":[{"href":"https:\/\/dmcsrb.com\/en\/wp-json\/wp\/v2\/types\/post"}],"author":[{"embeddable":true,"href":"https:\/\/dmcsrb.com\/en\/wp-json\/wp\/v2\/users\/1"}],"replies":[{"embeddable":true,"href":"https:\/\/dmcsrb.com\/en\/wp-json\/wp\/v2\/comments?post=951028"}],"version-history":[{"count":0,"href":"https:\/\/dmcsrb.com\/en\/wp-json\/wp\/v2\/posts\/951028\/revisions"}],"wp:featuredmedia":[{"embeddable":true,"href":"https:\/\/dmcsrb.com\/en\/wp-json\/wp\/v2\/media\/951029"}],"wp:attachment":[{"href":"https:\/\/dmcsrb.com\/en\/wp-json\/wp\/v2\/media?parent=951028"}],"wp:term":[{"taxonomy":"category","embeddable":true,"href":"https:\/\/dmcsrb.com\/en\/wp-json\/wp\/v2\/categories?post=951028"},{"taxonomy":"post_tag","embeddable":true,"href":"https:\/\/dmcsrb.com\/en\/wp-json\/wp\/v2\/tags?post=951028"},{"taxonomy":"naslovna","embeddable":true,"href":"https:\/\/dmcsrb.com\/en\/wp-json\/wp\/v2\/naslovna?post=951028"}],"curies":[{"name":"wp","href":"https:\/\/api.w.org\/{rel}","templated":true}]}}