{"id":950984,"date":"2025-09-08T21:53:00","date_gmt":"2025-09-08T19:53:00","guid":{"rendered":"https:\/\/dmcsrb.com\/uncategorized\/prosinecki-crveni-karton-odredio-dalji-tok-utakmice-dalic-korak-smo-blizi-cilju\/"},"modified":"2025-09-08T21:53:00","modified_gmt":"2025-09-08T19:53:00","slug":"prosinecki-crveni-karton-odredio-dalji-tok-utakmice-dalic-korak-smo-blizi-cilju","status":"publish","type":"post","link":"https:\/\/dmcsrb.com\/en\/sport\/prosinecki-crveni-karton-odredio-dalji-tok-utakmice-dalic-korak-smo-blizi-cilju\/","title":{"rendered":"Prosine\u010dki: Crveni karton odredio dalji tok utakmice; Dali\u0107: Korak smo bli\u017ei cilju"},"content":{"rendered":"<p>Selektor Robert Prosine\u010dki, kazao je nakon me\u010da da je isklju\u010denje Bulatovi\u0107a odredilo dalji tok utakmice. <\/p>\n\n\n\n<p>&#8220;Kada pri\u010damo o utakmici, mislim da smo do gola, do tog crvenog kartona izgledali dobro. Poslije toga kada ima\u0161 igra\u010da manje protiv Hrvatske, bilo je te\u0161ko igrati. Ne ka\u017eem da je to bio klju\u010d utakmice, ali sigurno da se puno toga promijenilo. Poslije su se povrijedili i neki igra\u010di, bilo je te\u0161ko za igru, ne samo nama, nego sigurno i ja\u010dim reprezentacijama. Ta odluka je totalno promijenila tok utakmice i nakon toga je sve oti\u0161lo u drugom pravcu&#8221;, istakao je Prosine\u010dki.<\/p>\n\n\n\n<p>Hrvatska je ovom pobjedom zadr\u017eala maksimalan u\u010dinak i do\u0161la do \u010detvrte pobjede u kvalifikacijama u isto toliko me\u010deva. Selektor Zlatko Dali\u0107 kazao je da su korak bli\u017ee cilju &#8211; plasmanu na Svjetsko prvesntvo.<\/p>\n\n\n\n<p>&#8220;Crna Gora je igrala fer, poku\u0161avala koliko je mogla, pogotovo nakon tog isklju\u010denja, bilo je jako te\u0161ko da se suprotstave. Nama je cilj da budemo prvi u grupi i to radimo. Sad smo korak bli\u017ee.&#8221; kazao je Dali\u0107.<\/p>\n\n\n\n<figure class=\"wp-block-embed is-type-wp-embed is-provider-gradski-portal wp-block-embed-gradski-portal\"><div class=\"wp-block-embed__wrapper\">\nhttps:\/\/gradski.me\/uzivo-hrvatska-crna-gora-istorijski-duel-na-maksimiru-poznati-sastavi-obje-selekcije\/\n<\/div><\/figure>","protected":false},"excerpt":{"rendered":"<p>Jo\u0161 jedan ubjedljiv i te\u017eak poraz do\u017eivjela je na\u0161a fudbalska reprezentacija, ovoga puta slavila je Hrvatska u Zagrebu sa 4:0 i tako otpisala Crnu Goru iz borbe za plasman na Svjetsko prvenstvo.<\/p>","protected":false},"author":1,"featured_media":950113,"comment_status":"open","ping_status":"open","sticky":false,"template":"","format":"standard","meta":{"_acf_changed":false,"footnotes":""},"categories":[148],"tags":[5443,4051,7170,6500,7276],"naslovna":[],"class_list":["post-950984","post","type-post","status-publish","format-standard","has-post-thumbnail","hentry","category-sport","tag-kvalifikacije-za-svjetsko-prvenstvo","tag-muska-fudbalska-reprezentacija-crne-gore","tag-muska-fudbalska-reprezentacija-hrvatske","tag-robert-prosinecki","tag-zlatko-dalic"],"acf":[],"yoast_head":"<!-- This site is optimized with the Yoast SEO plugin v27.0 - https:\/\/yoast.com\/product\/yoast-seo-wordpress\/ -->\n<title>Prosine\u010dki: Crveni karton odredio dalji tok utakmice; Dali\u0107: Korak smo bli\u017ei cilju - dmcsrb.com<\/title>\n<meta name=\"robots\" content=\"index, follow, max-snippet:-1, max-image-preview:large, max-video-preview:-1\" \/>\n<link rel=\"canonical\" href=\"https:\/\/dmcsrb.com\/en\/sport\/prosinecki-crveni-karton-odredio-dalji-tok-utakmice-dalic-korak-smo-blizi-cilju\/\" \/>\n<meta property=\"og:locale\" content=\"en_GB\" \/>\n<meta property=\"og:type\" content=\"article\" \/>\n<meta property=\"og:title\" content=\"Prosine\u010dki: Crveni karton odredio dalji tok utakmice; Dali\u0107: Korak smo bli\u017ei cilju - dmcsrb.com\" \/>\n<meta property=\"og:description\" content=\"Jo\u0161 jedan ubjedljiv i te\u017eak poraz do\u017eivjela je na\u0161a fudbalska reprezentacija, ovoga puta slavila je Hrvatska u Zagrebu sa 4:0 i tako otpisala Crnu Goru iz borbe za plasman na Svjetsko prvenstvo.\" \/>\n<meta property=\"og:url\" content=\"https:\/\/dmcsrb.com\/en\/sport\/prosinecki-crveni-karton-odredio-dalji-tok-utakmice-dalic-korak-smo-blizi-cilju\/\" \/>\n<meta property=\"og:site_name\" content=\"dmcsrb.com\" \/>\n<meta property=\"article:published_time\" content=\"2025-09-08T19:53:00+00:00\" \/>\n<meta property=\"og:image\" content=\"https:\/\/dmcsrb.com\/wp-content\/uploads\/2026\/01\/Prosinecki-FSCG-1-2.webp\" \/>\n\t<meta property=\"og:image:width\" content=\"1006\" \/>\n\t<meta property=\"og:image:height\" content=\"800\" \/>\n\t<meta property=\"og:image:type\" content=\"image\/jpeg\" \/>\n<meta name=\"author\" content=\"dmcsrbija.com@gmail.com\" \/>\n<meta name=\"twitter:card\" content=\"summary_large_image\" \/>\n<meta name=\"twitter:label1\" content=\"Written by\" \/>\n\t<meta name=\"twitter:data1\" content=\"dmcsrbija.com@gmail.com\" \/>\n\t<meta name=\"twitter:label2\" content=\"Estimated reading time\" \/>\n\t<meta name=\"twitter:data2\" content=\"1 minute\" \/>\n<script type=\"application\/ld+json\" class=\"yoast-schema-graph\">{\"@context\":\"https:\/\/schema.org\",\"@graph\":[{\"@type\":\"Article\",\"@id\":\"https:\/\/dmcsrb.com\/sport\/prosinecki-crveni-karton-odredio-dalji-tok-utakmice-dalic-korak-smo-blizi-cilju\/#article\",\"isPartOf\":{\"@id\":\"https:\/\/dmcsrb.com\/sport\/prosinecki-crveni-karton-odredio-dalji-tok-utakmice-dalic-korak-smo-blizi-cilju\/\"},\"author\":{\"name\":\"dmcsrbija.com@gmail.com\",\"@id\":\"https:\/\/dmcsrb.com\/#\/schema\/person\/5c39170f12db1b8b457732d0b5c854e2\"},\"headline\":\"Prosine\u010dki: Crveni karton odredio dalji tok utakmice; Dali\u0107: Korak smo bli\u017ei cilju\",\"datePublished\":\"2025-09-08T19:53:00+00:00\",\"mainEntityOfPage\":{\"@id\":\"https:\/\/dmcsrb.com\/sport\/prosinecki-crveni-karton-odredio-dalji-tok-utakmice-dalic-korak-smo-blizi-cilju\/\"},\"wordCount\":207,\"commentCount\":0,\"image\":{\"@id\":\"https:\/\/dmcsrb.com\/sport\/prosinecki-crveni-karton-odredio-dalji-tok-utakmice-dalic-korak-smo-blizi-cilju\/#primaryimage\"},\"thumbnailUrl\":\"https:\/\/dmcsrb.com\/wp-content\/uploads\/2026\/01\/Prosinecki-FSCG-1-2.webp\",\"keywords\":[\"kvalifikacije za Svjetsko prvenstvo\",\"Mu\u0161ka fudbalska reprezentacija Crne Gore\",\"Mu\u0161ka fudbalska reprezentacija Hrvatske\",\"Robert Prosine\u010dki\",\"Zlatko Dali\u0107\"],\"articleSection\":[\"Sport\"],\"inLanguage\":\"en-GB\",\"potentialAction\":[{\"@type\":\"CommentAction\",\"name\":\"Comment\",\"target\":[\"https:\/\/dmcsrb.com\/sport\/prosinecki-crveni-karton-odredio-dalji-tok-utakmice-dalic-korak-smo-blizi-cilju\/#respond\"]}]},{\"@type\":\"WebPage\",\"@id\":\"https:\/\/dmcsrb.com\/sport\/prosinecki-crveni-karton-odredio-dalji-tok-utakmice-dalic-korak-smo-blizi-cilju\/\",\"url\":\"https:\/\/dmcsrb.com\/sport\/prosinecki-crveni-karton-odredio-dalji-tok-utakmice-dalic-korak-smo-blizi-cilju\/\",\"name\":\"Prosine\u010dki: Crveni karton odredio dalji tok utakmice; Dali\u0107: Korak smo bli\u017ei cilju - dmcsrb.com\",\"isPartOf\":{\"@id\":\"https:\/\/dmcsrb.com\/#website\"},\"primaryImageOfPage\":{\"@id\":\"https:\/\/dmcsrb.com\/sport\/prosinecki-crveni-karton-odredio-dalji-tok-utakmice-dalic-korak-smo-blizi-cilju\/#primaryimage\"},\"image\":{\"@id\":\"https:\/\/dmcsrb.com\/sport\/prosinecki-crveni-karton-odredio-dalji-tok-utakmice-dalic-korak-smo-blizi-cilju\/#primaryimage\"},\"thumbnailUrl\":\"https:\/\/dmcsrb.com\/wp-content\/uploads\/2026\/01\/Prosinecki-FSCG-1-2.webp\",\"datePublished\":\"2025-09-08T19:53:00+00:00\",\"author\":{\"@id\":\"https:\/\/dmcsrb.com\/#\/schema\/person\/5c39170f12db1b8b457732d0b5c854e2\"},\"breadcrumb\":{\"@id\":\"https:\/\/dmcsrb.com\/sport\/prosinecki-crveni-karton-odredio-dalji-tok-utakmice-dalic-korak-smo-blizi-cilju\/#breadcrumb\"},\"inLanguage\":\"en-GB\",\"potentialAction\":[{\"@type\":\"ReadAction\",\"target\":[\"https:\/\/dmcsrb.com\/sport\/prosinecki-crveni-karton-odredio-dalji-tok-utakmice-dalic-korak-smo-blizi-cilju\/\"]}]},{\"@type\":\"ImageObject\",\"inLanguage\":\"en-GB\",\"@id\":\"https:\/\/dmcsrb.com\/sport\/prosinecki-crveni-karton-odredio-dalji-tok-utakmice-dalic-korak-smo-blizi-cilju\/#primaryimage\",\"url\":\"https:\/\/dmcsrb.com\/wp-content\/uploads\/2026\/01\/Prosinecki-FSCG-1-2.webp\",\"contentUrl\":\"https:\/\/dmcsrb.com\/wp-content\/uploads\/2026\/01\/Prosinecki-FSCG-1-2.webp\",\"width\":1006,\"height\":800},{\"@type\":\"BreadcrumbList\",\"@id\":\"https:\/\/dmcsrb.com\/sport\/prosinecki-crveni-karton-odredio-dalji-tok-utakmice-dalic-korak-smo-blizi-cilju\/#breadcrumb\",\"itemListElement\":[{\"@type\":\"ListItem\",\"position\":1,\"name\":\"Home\",\"item\":\"https:\/\/dmcsrb.com\/\"},{\"@type\":\"ListItem\",\"position\":2,\"name\":\"Prosine\u010dki: Crveni karton odredio dalji tok utakmice; Dali\u0107: Korak smo bli\u017ei cilju\"}]},{\"@type\":\"WebSite\",\"@id\":\"https:\/\/dmcsrb.com\/#website\",\"url\":\"https:\/\/dmcsrb.com\/\",\"name\":\"dmcsrb.com\",\"description\":\"\",\"potentialAction\":[{\"@type\":\"SearchAction\",\"target\":{\"@type\":\"EntryPoint\",\"urlTemplate\":\"https:\/\/dmcsrb.com\/?s={search_term_string}\"},\"query-input\":{\"@type\":\"PropertyValueSpecification\",\"valueRequired\":true,\"valueName\":\"search_term_string\"}}],\"inLanguage\":\"en-GB\"},{\"@type\":\"Person\",\"@id\":\"https:\/\/dmcsrb.com\/#\/schema\/person\/5c39170f12db1b8b457732d0b5c854e2\",\"name\":\"dmcsrbija.com@gmail.com\",\"image\":{\"@type\":\"ImageObject\",\"inLanguage\":\"en-GB\",\"@id\":\"https:\/\/dmcsrb.com\/#\/schema\/person\/image\/\",\"url\":\"https:\/\/secure.gravatar.com\/avatar\/68592660ad6347fad0fb587f8d5d8f1a7b44961362f56e4f2cd524feb87e9069?s=96&d=mm&r=g\",\"contentUrl\":\"https:\/\/secure.gravatar.com\/avatar\/68592660ad6347fad0fb587f8d5d8f1a7b44961362f56e4f2cd524feb87e9069?s=96&d=mm&r=g\",\"caption\":\"dmcsrbija.com@gmail.com\"},\"sameAs\":[\"https:\/\/dmcsrb.com\"],\"url\":\"https:\/\/dmcsrb.com\/en\/author\/dmcsrbija-comgmail-com\/\"}]}<\/script>\n<!-- \/ Yoast SEO plugin. -->","yoast_head_json":{"title":"Prosine\u010dki: Crveni karton odredio dalji tok utakmice; Dali\u0107: Korak smo bli\u017ei cilju - dmcsrb.com","robots":{"index":"index","follow":"follow","max-snippet":"max-snippet:-1","max-image-preview":"max-image-preview:large","max-video-preview":"max-video-preview:-1"},"canonical":"https:\/\/dmcsrb.com\/en\/sport\/prosinecki-crveni-karton-odredio-dalji-tok-utakmice-dalic-korak-smo-blizi-cilju\/","og_locale":"en_GB","og_type":"article","og_title":"Prosine\u010dki: Crveni karton odredio dalji tok utakmice; Dali\u0107: Korak smo bli\u017ei cilju - dmcsrb.com","og_description":"Jo\u0161 jedan ubjedljiv i te\u017eak poraz do\u017eivjela je na\u0161a fudbalska reprezentacija, ovoga puta slavila je Hrvatska u Zagrebu sa 4:0 i tako otpisala Crnu Goru iz borbe za plasman na Svjetsko prvenstvo.","og_url":"https:\/\/dmcsrb.com\/en\/sport\/prosinecki-crveni-karton-odredio-dalji-tok-utakmice-dalic-korak-smo-blizi-cilju\/","og_site_name":"dmcsrb.com","article_published_time":"2025-09-08T19:53:00+00:00","og_image":[{"width":1006,"height":800,"url":"https:\/\/dmcsrb.com\/wp-content\/uploads\/2026\/01\/Prosinecki-FSCG-1-2.webp","type":"image\/jpeg"}],"author":"dmcsrbija.com@gmail.com","twitter_card":"summary_large_image","twitter_misc":{"Written by":"dmcsrbija.com@gmail.com","Estimated reading time":"1 minute"},"schema":{"@context":"https:\/\/schema.org","@graph":[{"@type":"Article","@id":"https:\/\/dmcsrb.com\/sport\/prosinecki-crveni-karton-odredio-dalji-tok-utakmice-dalic-korak-smo-blizi-cilju\/#article","isPartOf":{"@id":"https:\/\/dmcsrb.com\/sport\/prosinecki-crveni-karton-odredio-dalji-tok-utakmice-dalic-korak-smo-blizi-cilju\/"},"author":{"name":"dmcsrbija.com@gmail.com","@id":"https:\/\/dmcsrb.com\/#\/schema\/person\/5c39170f12db1b8b457732d0b5c854e2"},"headline":"Prosine\u010dki: Crveni karton odredio dalji tok utakmice; Dali\u0107: Korak smo bli\u017ei cilju","datePublished":"2025-09-08T19:53:00+00:00","mainEntityOfPage":{"@id":"https:\/\/dmcsrb.com\/sport\/prosinecki-crveni-karton-odredio-dalji-tok-utakmice-dalic-korak-smo-blizi-cilju\/"},"wordCount":207,"commentCount":0,"image":{"@id":"https:\/\/dmcsrb.com\/sport\/prosinecki-crveni-karton-odredio-dalji-tok-utakmice-dalic-korak-smo-blizi-cilju\/#primaryimage"},"thumbnailUrl":"https:\/\/dmcsrb.com\/wp-content\/uploads\/2026\/01\/Prosinecki-FSCG-1-2.webp","keywords":["kvalifikacije za Svjetsko prvenstvo","Mu\u0161ka fudbalska reprezentacija Crne Gore","Mu\u0161ka fudbalska reprezentacija Hrvatske","Robert Prosine\u010dki","Zlatko Dali\u0107"],"articleSection":["Sport"],"inLanguage":"en-GB","potentialAction":[{"@type":"CommentAction","name":"Comment","target":["https:\/\/dmcsrb.com\/sport\/prosinecki-crveni-karton-odredio-dalji-tok-utakmice-dalic-korak-smo-blizi-cilju\/#respond"]}]},{"@type":"WebPage","@id":"https:\/\/dmcsrb.com\/sport\/prosinecki-crveni-karton-odredio-dalji-tok-utakmice-dalic-korak-smo-blizi-cilju\/","url":"https:\/\/dmcsrb.com\/sport\/prosinecki-crveni-karton-odredio-dalji-tok-utakmice-dalic-korak-smo-blizi-cilju\/","name":"Prosine\u010dki: Crveni karton odredio dalji tok utakmice; Dali\u0107: Korak smo bli\u017ei cilju - dmcsrb.com","isPartOf":{"@id":"https:\/\/dmcsrb.com\/#website"},"primaryImageOfPage":{"@id":"https:\/\/dmcsrb.com\/sport\/prosinecki-crveni-karton-odredio-dalji-tok-utakmice-dalic-korak-smo-blizi-cilju\/#primaryimage"},"image":{"@id":"https:\/\/dmcsrb.com\/sport\/prosinecki-crveni-karton-odredio-dalji-tok-utakmice-dalic-korak-smo-blizi-cilju\/#primaryimage"},"thumbnailUrl":"https:\/\/dmcsrb.com\/wp-content\/uploads\/2026\/01\/Prosinecki-FSCG-1-2.webp","datePublished":"2025-09-08T19:53:00+00:00","author":{"@id":"https:\/\/dmcsrb.com\/#\/schema\/person\/5c39170f12db1b8b457732d0b5c854e2"},"breadcrumb":{"@id":"https:\/\/dmcsrb.com\/sport\/prosinecki-crveni-karton-odredio-dalji-tok-utakmice-dalic-korak-smo-blizi-cilju\/#breadcrumb"},"inLanguage":"en-GB","potentialAction":[{"@type":"ReadAction","target":["https:\/\/dmcsrb.com\/sport\/prosinecki-crveni-karton-odredio-dalji-tok-utakmice-dalic-korak-smo-blizi-cilju\/"]}]},{"@type":"ImageObject","inLanguage":"en-GB","@id":"https:\/\/dmcsrb.com\/sport\/prosinecki-crveni-karton-odredio-dalji-tok-utakmice-dalic-korak-smo-blizi-cilju\/#primaryimage","url":"https:\/\/dmcsrb.com\/wp-content\/uploads\/2026\/01\/Prosinecki-FSCG-1-2.webp","contentUrl":"https:\/\/dmcsrb.com\/wp-content\/uploads\/2026\/01\/Prosinecki-FSCG-1-2.webp","width":1006,"height":800},{"@type":"BreadcrumbList","@id":"https:\/\/dmcsrb.com\/sport\/prosinecki-crveni-karton-odredio-dalji-tok-utakmice-dalic-korak-smo-blizi-cilju\/#breadcrumb","itemListElement":[{"@type":"ListItem","position":1,"name":"Home","item":"https:\/\/dmcsrb.com\/"},{"@type":"ListItem","position":2,"name":"Prosine\u010dki: Crveni karton odredio dalji tok utakmice; Dali\u0107: Korak smo bli\u017ei cilju"}]},{"@type":"WebSite","@id":"https:\/\/dmcsrb.com\/#website","url":"https:\/\/dmcsrb.com\/","name":"dmcsrb.com","description":"","potentialAction":[{"@type":"SearchAction","target":{"@type":"EntryPoint","urlTemplate":"https:\/\/dmcsrb.com\/?s={search_term_string}"},"query-input":{"@type":"PropertyValueSpecification","valueRequired":true,"valueName":"search_term_string"}}],"inLanguage":"en-GB"},{"@type":"Person","@id":"https:\/\/dmcsrb.com\/#\/schema\/person\/5c39170f12db1b8b457732d0b5c854e2","name":"dmcsrbija.com@gmail.com","image":{"@type":"ImageObject","inLanguage":"en-GB","@id":"https:\/\/dmcsrb.com\/#\/schema\/person\/image\/","url":"https:\/\/secure.gravatar.com\/avatar\/68592660ad6347fad0fb587f8d5d8f1a7b44961362f56e4f2cd524feb87e9069?s=96&d=mm&r=g","contentUrl":"https:\/\/secure.gravatar.com\/avatar\/68592660ad6347fad0fb587f8d5d8f1a7b44961362f56e4f2cd524feb87e9069?s=96&d=mm&r=g","caption":"dmcsrbija.com@gmail.com"},"sameAs":["https:\/\/dmcsrb.com"],"url":"https:\/\/dmcsrb.com\/en\/author\/dmcsrbija-comgmail-com\/"}]}},"_links":{"self":[{"href":"https:\/\/dmcsrb.com\/en\/wp-json\/wp\/v2\/posts\/950984","targetHints":{"allow":["GET"]}}],"collection":[{"href":"https:\/\/dmcsrb.com\/en\/wp-json\/wp\/v2\/posts"}],"about":[{"href":"https:\/\/dmcsrb.com\/en\/wp-json\/wp\/v2\/types\/post"}],"author":[{"embeddable":true,"href":"https:\/\/dmcsrb.com\/en\/wp-json\/wp\/v2\/users\/1"}],"replies":[{"embeddable":true,"href":"https:\/\/dmcsrb.com\/en\/wp-json\/wp\/v2\/comments?post=950984"}],"version-history":[{"count":0,"href":"https:\/\/dmcsrb.com\/en\/wp-json\/wp\/v2\/posts\/950984\/revisions"}],"wp:featuredmedia":[{"embeddable":true,"href":"https:\/\/dmcsrb.com\/en\/wp-json\/wp\/v2\/media\/950113"}],"wp:attachment":[{"href":"https:\/\/dmcsrb.com\/en\/wp-json\/wp\/v2\/media?parent=950984"}],"wp:term":[{"taxonomy":"category","embeddable":true,"href":"https:\/\/dmcsrb.com\/en\/wp-json\/wp\/v2\/categories?post=950984"},{"taxonomy":"post_tag","embeddable":true,"href":"https:\/\/dmcsrb.com\/en\/wp-json\/wp\/v2\/tags?post=950984"},{"taxonomy":"naslovna","embeddable":true,"href":"https:\/\/dmcsrb.com\/en\/wp-json\/wp\/v2\/naslovna?post=950984"}],"curies":[{"name":"wp","href":"https:\/\/api.w.org\/{rel}","templated":true}]}}