{"id":950977,"date":"2025-09-08T21:05:00","date_gmt":"2025-09-08T19:05:00","guid":{"rendered":"https:\/\/dmcsrb.com\/uncategorized\/stojovic-da-smo-ranije-imali-ljude-poput-mujovica-kolektor-bi-vec-bio-izgradjen\/"},"modified":"2025-09-08T21:05:00","modified_gmt":"2025-09-08T19:05:00","slug":"stojovic-da-smo-ranije-imali-ljude-poput-mujovica-kolektor-bi-vec-bio-izgradjen","status":"publish","type":"post","link":"https:\/\/dmcsrb.com\/en\/podgorica\/stojovic-da-smo-ranije-imali-ljude-poput-mujovica-kolektor-bi-vec-bio-izgradjen\/","title":{"rendered":"Stojovi\u0107: Da smo ranije imali ljude poput Mujovi\u0107a, kolektor bi ve\u0107 bio izgra\u0111en"},"content":{"rendered":"<p><\/p>\n\n\n\n<p>\u201eDanas tu priliku imamo zahvaljuju\u0107i gradona\u010delniku Mujovi\u0107u. Da smo ranije imali ljude njegove odva\u017enosti i istrajnosti, kolektor bi ve\u0107 bio sagra\u0111en i ne bismo godinama pla\u0107ali danak ne\u010dinjenju\u201c, izjavio je Stojovi\u0107.&nbsp;<\/p>\n\n\n\n<p>Ka\u017ee da za Mujovi\u0107a izgradnja kolektora nije samo lokalni projekat niti tek pitanje komunalne infrastrukture.<\/p>\n\n\n\n<p>\u201eOna je civilizacijski iskorak i stub pregovara\u010dkog poglavlja 27, \u017eivotna sredina. Ne treba zaboraviti da se vi\u0161e od 60 odsto otpadnih voda i dalje nepre\u010di\u0161\u0107eno izliva u Mora\u010du, a zatim u Skadarsko jezero, prirodni biser pod nacionalnom i me\u0111unarodnom za\u0161titom. Posljedice te nebrige najvi\u0161e osje\u0107aju stanovnici Zete, kroz \u010dija naselja proti\u010de zaga\u0111ena voda koja ugro\u017eava zdravlje ljudi, poljoprivredu i \u010ditave ekosisteme\u201c, napisao je Stojovi\u0107 na mre\u017ei X.<\/p>\n\n\n\n<p>Podr\u0161ka gradona\u010delniku Mujovi\u0107u, kako navodi, nije samo podr\u0161ka jednom projektu, to je podr\u0161ka viziji grada i dru\u0161tva u kojem se odgovornost mjeri djelima, a ne praznim rije\u010dima. Kolektor nije pitanje politike ve\u0107 zdravlja i \u017eivota. Upravo tu odlu\u010dnost danas vidimo u praksi.<\/p>","protected":false},"excerpt":{"rendered":"<p>U vremenu kada se olako obe\u0107avalo a rijetko ispunjavalo, rijetko smo imali priliku da svjedo\u010dimo politi\u010dkoj odlu\u010dnosti preto\u010denoj u djelo, saop\u0161tio je poslanik Pokreta Evrope sad (PES) Gordan Stojovi\u0107.<\/p>","protected":false},"author":1,"featured_media":909731,"comment_status":"open","ping_status":"open","sticky":false,"template":"","format":"standard","meta":{"_acf_changed":false,"footnotes":""},"categories":[56],"tags":[1049,1056,984,174],"naslovna":[],"class_list":["post-950977","post","type-post","status-publish","format-standard","has-post-thumbnail","hentry","category-podgorica","tag-gordan-stojovic","tag-kolektor","tag-pes","tag-sasa-mujovic"],"acf":[],"yoast_head":"<!-- This site is optimized with the Yoast SEO plugin v27.4 - https:\/\/yoast.com\/product\/yoast-seo-wordpress\/ -->\n<title>Stojovi\u0107: Da smo ranije imali ljude poput Mujovi\u0107a, kolektor bi ve\u0107 bio izgra\u0111en - dmcsrb.com<\/title>\n<meta name=\"robots\" content=\"index, follow, max-snippet:-1, max-image-preview:large, max-video-preview:-1\" \/>\n<link rel=\"canonical\" href=\"https:\/\/dmcsrb.com\/en\/podgorica\/stojovic-da-smo-ranije-imali-ljude-poput-mujovica-kolektor-bi-vec-bio-izgradjen\/\" \/>\n<meta property=\"og:locale\" content=\"en_GB\" \/>\n<meta property=\"og:type\" content=\"article\" \/>\n<meta property=\"og:title\" content=\"Stojovi\u0107: Da smo ranije imali ljude poput Mujovi\u0107a, kolektor bi ve\u0107 bio izgra\u0111en - dmcsrb.com\" \/>\n<meta property=\"og:description\" content=\"U vremenu kada se olako obe\u0107avalo a rijetko ispunjavalo, rijetko smo imali priliku da svjedo\u010dimo politi\u010dkoj odlu\u010dnosti preto\u010denoj u djelo, saop\u0161tio je poslanik Pokreta Evrope sad (PES) Gordan Stojovi\u0107.\" \/>\n<meta property=\"og:url\" content=\"https:\/\/dmcsrb.com\/en\/podgorica\/stojovic-da-smo-ranije-imali-ljude-poput-mujovica-kolektor-bi-vec-bio-izgradjen\/\" \/>\n<meta property=\"og:site_name\" content=\"dmcsrb.com\" \/>\n<meta property=\"article:published_time\" content=\"2025-09-08T19:05:00+00:00\" \/>\n<meta property=\"og:image\" content=\"https:\/\/dmcsrb.com\/wp-content\/uploads\/2026\/01\/Stojovic-pes-foto-skupstina-cg.jpg\" \/>\n\t<meta property=\"og:image:width\" content=\"878\" \/>\n\t<meta property=\"og:image:height\" content=\"595\" \/>\n\t<meta property=\"og:image:type\" content=\"image\/jpeg\" \/>\n<meta name=\"author\" content=\"dmcsrbija.com@gmail.com\" \/>\n<meta name=\"twitter:card\" content=\"summary_large_image\" \/>\n<meta name=\"twitter:label1\" content=\"Written by\" \/>\n\t<meta name=\"twitter:data1\" content=\"dmcsrbija.com@gmail.com\" \/>\n\t<meta name=\"twitter:label2\" content=\"Estimated reading time\" \/>\n\t<meta name=\"twitter:data2\" content=\"1 minute\" \/>\n<script type=\"application\/ld+json\" class=\"yoast-schema-graph\">{\"@context\":\"https:\\\/\\\/schema.org\",\"@graph\":[{\"@type\":\"Article\",\"@id\":\"https:\\\/\\\/dmcsrb.com\\\/podgorica\\\/stojovic-da-smo-ranije-imali-ljude-poput-mujovica-kolektor-bi-vec-bio-izgradjen\\\/#article\",\"isPartOf\":{\"@id\":\"https:\\\/\\\/dmcsrb.com\\\/podgorica\\\/stojovic-da-smo-ranije-imali-ljude-poput-mujovica-kolektor-bi-vec-bio-izgradjen\\\/\"},\"author\":{\"name\":\"dmcsrbija.com@gmail.com\",\"@id\":\"https:\\\/\\\/dmcsrb.com\\\/#\\\/schema\\\/person\\\/5c39170f12db1b8b457732d0b5c854e2\"},\"headline\":\"Stojovi\u0107: Da smo ranije imali ljude poput Mujovi\u0107a, kolektor bi ve\u0107 bio izgra\u0111en\",\"datePublished\":\"2025-09-08T19:05:00+00:00\",\"mainEntityOfPage\":{\"@id\":\"https:\\\/\\\/dmcsrb.com\\\/podgorica\\\/stojovic-da-smo-ranije-imali-ljude-poput-mujovica-kolektor-bi-vec-bio-izgradjen\\\/\"},\"wordCount\":199,\"commentCount\":0,\"image\":{\"@id\":\"https:\\\/\\\/dmcsrb.com\\\/podgorica\\\/stojovic-da-smo-ranije-imali-ljude-poput-mujovica-kolektor-bi-vec-bio-izgradjen\\\/#primaryimage\"},\"thumbnailUrl\":\"https:\\\/\\\/dmcsrb.com\\\/wp-content\\\/uploads\\\/2026\\\/01\\\/Stojovic-pes-foto-skupstina-cg.jpg\",\"keywords\":[\"Gordan Stojovi\u0107\",\"kolektor\",\"PES\",\"Sa\u0161a Mujovi\u0107\"],\"articleSection\":[\"Podgorica\"],\"inLanguage\":\"en-GB\",\"potentialAction\":[{\"@type\":\"CommentAction\",\"name\":\"Comment\",\"target\":[\"https:\\\/\\\/dmcsrb.com\\\/podgorica\\\/stojovic-da-smo-ranije-imali-ljude-poput-mujovica-kolektor-bi-vec-bio-izgradjen\\\/#respond\"]}]},{\"@type\":\"WebPage\",\"@id\":\"https:\\\/\\\/dmcsrb.com\\\/podgorica\\\/stojovic-da-smo-ranije-imali-ljude-poput-mujovica-kolektor-bi-vec-bio-izgradjen\\\/\",\"url\":\"https:\\\/\\\/dmcsrb.com\\\/podgorica\\\/stojovic-da-smo-ranije-imali-ljude-poput-mujovica-kolektor-bi-vec-bio-izgradjen\\\/\",\"name\":\"Stojovi\u0107: Da smo ranije imali ljude poput Mujovi\u0107a, kolektor bi ve\u0107 bio izgra\u0111en - dmcsrb.com\",\"isPartOf\":{\"@id\":\"https:\\\/\\\/dmcsrb.com\\\/#website\"},\"primaryImageOfPage\":{\"@id\":\"https:\\\/\\\/dmcsrb.com\\\/podgorica\\\/stojovic-da-smo-ranije-imali-ljude-poput-mujovica-kolektor-bi-vec-bio-izgradjen\\\/#primaryimage\"},\"image\":{\"@id\":\"https:\\\/\\\/dmcsrb.com\\\/podgorica\\\/stojovic-da-smo-ranije-imali-ljude-poput-mujovica-kolektor-bi-vec-bio-izgradjen\\\/#primaryimage\"},\"thumbnailUrl\":\"https:\\\/\\\/dmcsrb.com\\\/wp-content\\\/uploads\\\/2026\\\/01\\\/Stojovic-pes-foto-skupstina-cg.jpg\",\"datePublished\":\"2025-09-08T19:05:00+00:00\",\"author\":{\"@id\":\"https:\\\/\\\/dmcsrb.com\\\/#\\\/schema\\\/person\\\/5c39170f12db1b8b457732d0b5c854e2\"},\"breadcrumb\":{\"@id\":\"https:\\\/\\\/dmcsrb.com\\\/podgorica\\\/stojovic-da-smo-ranije-imali-ljude-poput-mujovica-kolektor-bi-vec-bio-izgradjen\\\/#breadcrumb\"},\"inLanguage\":\"en-GB\",\"potentialAction\":[{\"@type\":\"ReadAction\",\"target\":[\"https:\\\/\\\/dmcsrb.com\\\/podgorica\\\/stojovic-da-smo-ranije-imali-ljude-poput-mujovica-kolektor-bi-vec-bio-izgradjen\\\/\"]}]},{\"@type\":\"ImageObject\",\"inLanguage\":\"en-GB\",\"@id\":\"https:\\\/\\\/dmcsrb.com\\\/podgorica\\\/stojovic-da-smo-ranije-imali-ljude-poput-mujovica-kolektor-bi-vec-bio-izgradjen\\\/#primaryimage\",\"url\":\"https:\\\/\\\/dmcsrb.com\\\/wp-content\\\/uploads\\\/2026\\\/01\\\/Stojovic-pes-foto-skupstina-cg.jpg\",\"contentUrl\":\"https:\\\/\\\/dmcsrb.com\\\/wp-content\\\/uploads\\\/2026\\\/01\\\/Stojovic-pes-foto-skupstina-cg.jpg\",\"width\":878,\"height\":595},{\"@type\":\"BreadcrumbList\",\"@id\":\"https:\\\/\\\/dmcsrb.com\\\/podgorica\\\/stojovic-da-smo-ranije-imali-ljude-poput-mujovica-kolektor-bi-vec-bio-izgradjen\\\/#breadcrumb\",\"itemListElement\":[{\"@type\":\"ListItem\",\"position\":1,\"name\":\"Home\",\"item\":\"https:\\\/\\\/dmcsrb.com\\\/\"},{\"@type\":\"ListItem\",\"position\":2,\"name\":\"Stojovi\u0107: Da smo ranije imali ljude poput Mujovi\u0107a, kolektor bi ve\u0107 bio izgra\u0111en\"}]},{\"@type\":\"WebSite\",\"@id\":\"https:\\\/\\\/dmcsrb.com\\\/#website\",\"url\":\"https:\\\/\\\/dmcsrb.com\\\/\",\"name\":\"dmcsrb.com\",\"description\":\"\",\"potentialAction\":[{\"@type\":\"SearchAction\",\"target\":{\"@type\":\"EntryPoint\",\"urlTemplate\":\"https:\\\/\\\/dmcsrb.com\\\/?s={search_term_string}\"},\"query-input\":{\"@type\":\"PropertyValueSpecification\",\"valueRequired\":true,\"valueName\":\"search_term_string\"}}],\"inLanguage\":\"en-GB\"},{\"@type\":\"Person\",\"@id\":\"https:\\\/\\\/dmcsrb.com\\\/#\\\/schema\\\/person\\\/5c39170f12db1b8b457732d0b5c854e2\",\"name\":\"dmcsrbija.com@gmail.com\",\"image\":{\"@type\":\"ImageObject\",\"inLanguage\":\"en-GB\",\"@id\":\"https:\\\/\\\/secure.gravatar.com\\\/avatar\\\/68592660ad6347fad0fb587f8d5d8f1a7b44961362f56e4f2cd524feb87e9069?s=96&d=mm&r=g\",\"url\":\"https:\\\/\\\/secure.gravatar.com\\\/avatar\\\/68592660ad6347fad0fb587f8d5d8f1a7b44961362f56e4f2cd524feb87e9069?s=96&d=mm&r=g\",\"contentUrl\":\"https:\\\/\\\/secure.gravatar.com\\\/avatar\\\/68592660ad6347fad0fb587f8d5d8f1a7b44961362f56e4f2cd524feb87e9069?s=96&d=mm&r=g\",\"caption\":\"dmcsrbija.com@gmail.com\"},\"sameAs\":[\"https:\\\/\\\/dmcsrb.com\"],\"url\":\"https:\\\/\\\/dmcsrb.com\\\/en\\\/author\\\/dmcsrbija-comgmail-com\\\/\"}]}<\/script>\n<!-- \/ Yoast SEO plugin. -->","yoast_head_json":{"title":"Stojovi\u0107: Da smo ranije imali ljude poput Mujovi\u0107a, kolektor bi ve\u0107 bio izgra\u0111en - dmcsrb.com","robots":{"index":"index","follow":"follow","max-snippet":"max-snippet:-1","max-image-preview":"max-image-preview:large","max-video-preview":"max-video-preview:-1"},"canonical":"https:\/\/dmcsrb.com\/en\/podgorica\/stojovic-da-smo-ranije-imali-ljude-poput-mujovica-kolektor-bi-vec-bio-izgradjen\/","og_locale":"en_GB","og_type":"article","og_title":"Stojovi\u0107: Da smo ranije imali ljude poput Mujovi\u0107a, kolektor bi ve\u0107 bio izgra\u0111en - dmcsrb.com","og_description":"U vremenu kada se olako obe\u0107avalo a rijetko ispunjavalo, rijetko smo imali priliku da svjedo\u010dimo politi\u010dkoj odlu\u010dnosti preto\u010denoj u djelo, saop\u0161tio je poslanik Pokreta Evrope sad (PES) Gordan Stojovi\u0107.","og_url":"https:\/\/dmcsrb.com\/en\/podgorica\/stojovic-da-smo-ranije-imali-ljude-poput-mujovica-kolektor-bi-vec-bio-izgradjen\/","og_site_name":"dmcsrb.com","article_published_time":"2025-09-08T19:05:00+00:00","og_image":[{"width":878,"height":595,"url":"https:\/\/dmcsrb.com\/wp-content\/uploads\/2026\/01\/Stojovic-pes-foto-skupstina-cg.jpg","type":"image\/jpeg"}],"author":"dmcsrbija.com@gmail.com","twitter_card":"summary_large_image","twitter_misc":{"Written by":"dmcsrbija.com@gmail.com","Estimated reading time":"1 minute"},"schema":{"@context":"https:\/\/schema.org","@graph":[{"@type":"Article","@id":"https:\/\/dmcsrb.com\/podgorica\/stojovic-da-smo-ranije-imali-ljude-poput-mujovica-kolektor-bi-vec-bio-izgradjen\/#article","isPartOf":{"@id":"https:\/\/dmcsrb.com\/podgorica\/stojovic-da-smo-ranije-imali-ljude-poput-mujovica-kolektor-bi-vec-bio-izgradjen\/"},"author":{"name":"dmcsrbija.com@gmail.com","@id":"https:\/\/dmcsrb.com\/#\/schema\/person\/5c39170f12db1b8b457732d0b5c854e2"},"headline":"Stojovi\u0107: Da smo ranije imali ljude poput Mujovi\u0107a, kolektor bi ve\u0107 bio izgra\u0111en","datePublished":"2025-09-08T19:05:00+00:00","mainEntityOfPage":{"@id":"https:\/\/dmcsrb.com\/podgorica\/stojovic-da-smo-ranije-imali-ljude-poput-mujovica-kolektor-bi-vec-bio-izgradjen\/"},"wordCount":199,"commentCount":0,"image":{"@id":"https:\/\/dmcsrb.com\/podgorica\/stojovic-da-smo-ranije-imali-ljude-poput-mujovica-kolektor-bi-vec-bio-izgradjen\/#primaryimage"},"thumbnailUrl":"https:\/\/dmcsrb.com\/wp-content\/uploads\/2026\/01\/Stojovic-pes-foto-skupstina-cg.jpg","keywords":["Gordan Stojovi\u0107","kolektor","PES","Sa\u0161a Mujovi\u0107"],"articleSection":["Podgorica"],"inLanguage":"en-GB","potentialAction":[{"@type":"CommentAction","name":"Comment","target":["https:\/\/dmcsrb.com\/podgorica\/stojovic-da-smo-ranije-imali-ljude-poput-mujovica-kolektor-bi-vec-bio-izgradjen\/#respond"]}]},{"@type":"WebPage","@id":"https:\/\/dmcsrb.com\/podgorica\/stojovic-da-smo-ranije-imali-ljude-poput-mujovica-kolektor-bi-vec-bio-izgradjen\/","url":"https:\/\/dmcsrb.com\/podgorica\/stojovic-da-smo-ranije-imali-ljude-poput-mujovica-kolektor-bi-vec-bio-izgradjen\/","name":"Stojovi\u0107: Da smo ranije imali ljude poput Mujovi\u0107a, kolektor bi ve\u0107 bio izgra\u0111en - dmcsrb.com","isPartOf":{"@id":"https:\/\/dmcsrb.com\/#website"},"primaryImageOfPage":{"@id":"https:\/\/dmcsrb.com\/podgorica\/stojovic-da-smo-ranije-imali-ljude-poput-mujovica-kolektor-bi-vec-bio-izgradjen\/#primaryimage"},"image":{"@id":"https:\/\/dmcsrb.com\/podgorica\/stojovic-da-smo-ranije-imali-ljude-poput-mujovica-kolektor-bi-vec-bio-izgradjen\/#primaryimage"},"thumbnailUrl":"https:\/\/dmcsrb.com\/wp-content\/uploads\/2026\/01\/Stojovic-pes-foto-skupstina-cg.jpg","datePublished":"2025-09-08T19:05:00+00:00","author":{"@id":"https:\/\/dmcsrb.com\/#\/schema\/person\/5c39170f12db1b8b457732d0b5c854e2"},"breadcrumb":{"@id":"https:\/\/dmcsrb.com\/podgorica\/stojovic-da-smo-ranije-imali-ljude-poput-mujovica-kolektor-bi-vec-bio-izgradjen\/#breadcrumb"},"inLanguage":"en-GB","potentialAction":[{"@type":"ReadAction","target":["https:\/\/dmcsrb.com\/podgorica\/stojovic-da-smo-ranije-imali-ljude-poput-mujovica-kolektor-bi-vec-bio-izgradjen\/"]}]},{"@type":"ImageObject","inLanguage":"en-GB","@id":"https:\/\/dmcsrb.com\/podgorica\/stojovic-da-smo-ranije-imali-ljude-poput-mujovica-kolektor-bi-vec-bio-izgradjen\/#primaryimage","url":"https:\/\/dmcsrb.com\/wp-content\/uploads\/2026\/01\/Stojovic-pes-foto-skupstina-cg.jpg","contentUrl":"https:\/\/dmcsrb.com\/wp-content\/uploads\/2026\/01\/Stojovic-pes-foto-skupstina-cg.jpg","width":878,"height":595},{"@type":"BreadcrumbList","@id":"https:\/\/dmcsrb.com\/podgorica\/stojovic-da-smo-ranije-imali-ljude-poput-mujovica-kolektor-bi-vec-bio-izgradjen\/#breadcrumb","itemListElement":[{"@type":"ListItem","position":1,"name":"Home","item":"https:\/\/dmcsrb.com\/"},{"@type":"ListItem","position":2,"name":"Stojovi\u0107: Da smo ranije imali ljude poput Mujovi\u0107a, kolektor bi ve\u0107 bio izgra\u0111en"}]},{"@type":"WebSite","@id":"https:\/\/dmcsrb.com\/#website","url":"https:\/\/dmcsrb.com\/","name":"dmcsrb.com","description":"","potentialAction":[{"@type":"SearchAction","target":{"@type":"EntryPoint","urlTemplate":"https:\/\/dmcsrb.com\/?s={search_term_string}"},"query-input":{"@type":"PropertyValueSpecification","valueRequired":true,"valueName":"search_term_string"}}],"inLanguage":"en-GB"},{"@type":"Person","@id":"https:\/\/dmcsrb.com\/#\/schema\/person\/5c39170f12db1b8b457732d0b5c854e2","name":"dmcsrbija.com@gmail.com","image":{"@type":"ImageObject","inLanguage":"en-GB","@id":"https:\/\/secure.gravatar.com\/avatar\/68592660ad6347fad0fb587f8d5d8f1a7b44961362f56e4f2cd524feb87e9069?s=96&d=mm&r=g","url":"https:\/\/secure.gravatar.com\/avatar\/68592660ad6347fad0fb587f8d5d8f1a7b44961362f56e4f2cd524feb87e9069?s=96&d=mm&r=g","contentUrl":"https:\/\/secure.gravatar.com\/avatar\/68592660ad6347fad0fb587f8d5d8f1a7b44961362f56e4f2cd524feb87e9069?s=96&d=mm&r=g","caption":"dmcsrbija.com@gmail.com"},"sameAs":["https:\/\/dmcsrb.com"],"url":"https:\/\/dmcsrb.com\/en\/author\/dmcsrbija-comgmail-com\/"}]}},"_links":{"self":[{"href":"https:\/\/dmcsrb.com\/en\/wp-json\/wp\/v2\/posts\/950977","targetHints":{"allow":["GET"]}}],"collection":[{"href":"https:\/\/dmcsrb.com\/en\/wp-json\/wp\/v2\/posts"}],"about":[{"href":"https:\/\/dmcsrb.com\/en\/wp-json\/wp\/v2\/types\/post"}],"author":[{"embeddable":true,"href":"https:\/\/dmcsrb.com\/en\/wp-json\/wp\/v2\/users\/1"}],"replies":[{"embeddable":true,"href":"https:\/\/dmcsrb.com\/en\/wp-json\/wp\/v2\/comments?post=950977"}],"version-history":[{"count":0,"href":"https:\/\/dmcsrb.com\/en\/wp-json\/wp\/v2\/posts\/950977\/revisions"}],"wp:featuredmedia":[{"embeddable":true,"href":"https:\/\/dmcsrb.com\/en\/wp-json\/wp\/v2\/media\/909731"}],"wp:attachment":[{"href":"https:\/\/dmcsrb.com\/en\/wp-json\/wp\/v2\/media?parent=950977"}],"wp:term":[{"taxonomy":"category","embeddable":true,"href":"https:\/\/dmcsrb.com\/en\/wp-json\/wp\/v2\/categories?post=950977"},{"taxonomy":"post_tag","embeddable":true,"href":"https:\/\/dmcsrb.com\/en\/wp-json\/wp\/v2\/tags?post=950977"},{"taxonomy":"naslovna","embeddable":true,"href":"https:\/\/dmcsrb.com\/en\/wp-json\/wp\/v2\/naslovna?post=950977"}],"curies":[{"name":"wp","href":"https:\/\/api.w.org\/{rel}","templated":true}]}}