{"id":950973,"date":"2025-09-08T19:31:12","date_gmt":"2025-09-08T17:31:12","guid":{"rendered":"https:\/\/dmcsrb.com\/uncategorized\/pucnjava-u-skadru-ranjen-erogen-brajovic\/"},"modified":"2025-09-08T19:31:12","modified_gmt":"2025-09-08T17:31:12","slug":"pucnjava-u-skadru-ranjen-erogen-brajovic","status":"publish","type":"post","link":"https:\/\/dmcsrb.com\/en\/hronika\/pucnjava-u-skadru-ranjen-erogen-brajovic\/","title":{"rendered":"Pucnjava u Skadru, ranjen Erogen Brajovi\u0107"},"content":{"rendered":"<p><\/p>\n\n\n\n<p>Erogen Brajovi\u0107, je pred Vi\u0161im sudom u Podgorici bio optu\u017een da je vo\u0111a kriminalne grupe koja je planirala vi\u0161e ubistava. Prema navodima iz optu\u017enice, Brajovi\u0107, Ranko Radulovi\u0107 i Igor Vukoti\u0107 pripremali su likvidacije biv\u0161ih, sada uhap\u0161enih, policijskih slu\u017ebenika Zorana Lazovi\u0107a, Du\u0161ka Golubovi\u0107a i Du\u0161ka Koprivice, njegovog sina Strahinje Koprivice i navodnih \u010dlanova \u201ekava\u010dkog klana\u201d Darka Janji\u0107a, Radovana Mujovi\u0107a, bra\u0107e Nikole i Vladimira Bani\u0107evi\u0107a.<\/p>\n\n\n\n<p>Iako je Crna Gora tra\u017eila njegovo izru\u010denje, albanski nadle\u017eni organi odbili su to 2019, godine, jer je on dr\u017eavljanin te zemlje.&nbsp;<\/p>\n\n\n\n<p>Prema izvorima iz istrage za Report TV, a kako prenosi RTCG, Brajovi\u0107 je sjedio sa Armandom Palijem u kafi\u0107u kada je Gila u\u0161ao i ispalio vi\u0161e hitaca ka njima.<\/p>\n\n\n\n<p>\u201cCilj atentata sumnja se da je bio Erogen Brajovi\u0107\u201d, navode izvori.<\/p>\n\n\n\n<p>Tridesetogodi\u0161nji Ragip Gila bio je naoru\u017ean sa dvije pu\u0161ke, nosio je pancirku i motorom do\u0161ao do lokala, koji je ostavio upaljen. Nakon napada, poku\u0161ao je pobje\u0107i, zaplijeniv\u0161i automobil tipa BMW pod prijetnjom oru\u017eja.<\/p>\n\n\n\n<p>Policija ga je uhapsila nakon \u0161to se zabio u dva vozila i poku\u0161ao pre\u0107i rijeku Kir.<\/p>\n\n\n\n<p>Ragip Gila nije nepoznat policiji \u2013 u decembru 2023. godine uhap\u0161en je sa arsenalom oru\u017eja, a pu\u0161ten iz zatvora u martu 2025. nakon \u0161to je odslu\u017eio kaznu za drogu. Nakon izlaska iz zatvora, \u0161est mjeseci kasnije, u septembru, izvr\u0161io je ovaj atentat. Priznao je pred istra\u017eiteljima da je \u017eelio ubiti Erogena Brajovi\u0107a. Postoje sumnje da je Gila djelovao kao pla\u0107eni ubica.<\/p>\n\n\n\n<p>Erogen Brajovi\u0107 je brat Denisa Brajovi\u0107a, koji je isporu\u010den iz Dubaija zbog ubistva Gjin Ndoja 2020. godine.<\/p>\n\n\n\n<p>Armando Pali, ranije \u010dlan op\u0161tinskog savjeta, nema kriminalni dosije. Tridesetjednogodi\u0161nji Liridon Kraja bio je tjelohranitelj Brajovi\u0107a.<\/p>\n\n\n\n<p>Istraga se fokusira na mogu\u0107e motive osvetni\u010dkog karaktera, s obzirom na \u010dlanstvo Brajovi\u0107a u klanu Bajri. Policija je pretresla ku\u0107e porodice Lici, poznate po sukobu sa klanom Bajri, ali bez privo\u0111enja ikoga. Nije jasno da li je napad povezan sa masakrom u Dobra\u010du iz 2024. godine ili nedavnom likvidacijom 34-godi\u0161njeg Kristiana Kole 4. septembra u Skadru.<\/p>","protected":false},"excerpt":{"rendered":"<p>U Skadru je poku\u0161an atentat na Erogena Brajovi\u0107a, koga su crnogorski istra\u017eni organi ranije teretili da je vo\u0111a kriminalne ogranizacije, i da je planirao vi\u0161e ubistava. Brajovi\u0107 je ranjen u napadu, a dvije osobe su ubijene i jo\u0161 jedna ranjena. Kako prenose albanski mediji, glavna meta napada bio je 43-godi\u0161nji Erogen Brajovi\u0107, poznat i kao Vaso. Ubijeni su Armando Pali i 31-godi\u0161nji Liridon Kraja, tjelohranitelj Erogena Brajovi\u0107a. Osumnji\u010deni, 29-godi\u0161nji Ragip Gila, uhap\u0161en je nakon \u0161to je izazvao saobra\u0107ajnu nezgodu prilikom bjekstva.<\/p>","protected":false},"author":1,"featured_media":950974,"comment_status":"open","ping_status":"open","sticky":false,"template":"","format":"standard","meta":{"_acf_changed":false,"footnotes":""},"categories":[17],"tags":[7418,45,2084,7332],"naslovna":[],"class_list":["post-950973","post","type-post","status-publish","format-standard","has-post-thumbnail","hentry","category-hronika","tag-erogen-brajovic","tag-policija","tag-pucnjava","tag-skadar"],"acf":[],"yoast_head":"<!-- This site is optimized with the Yoast SEO plugin v27.4 - https:\/\/yoast.com\/product\/yoast-seo-wordpress\/ -->\n<title>Pucnjava u Skadru, ranjen Erogen Brajovi\u0107 - dmcsrb.com<\/title>\n<meta name=\"robots\" content=\"index, follow, max-snippet:-1, max-image-preview:large, max-video-preview:-1\" \/>\n<link rel=\"canonical\" href=\"https:\/\/dmcsrb.com\/en\/hronika\/pucnjava-u-skadru-ranjen-erogen-brajovic\/\" \/>\n<meta property=\"og:locale\" content=\"en_GB\" \/>\n<meta property=\"og:type\" content=\"article\" \/>\n<meta property=\"og:title\" content=\"Pucnjava u Skadru, ranjen Erogen Brajovi\u0107 - dmcsrb.com\" \/>\n<meta property=\"og:description\" content=\"U Skadru je poku\u0161an atentat na Erogena Brajovi\u0107a, koga su crnogorski istra\u017eni organi ranije teretili da je vo\u0111a kriminalne ogranizacije, i da je planirao vi\u0161e ubistava. Brajovi\u0107 je ranjen u napadu, a dvije osobe su ubijene i jo\u0161 jedna ranjena. Kako prenose albanski mediji, glavna meta napada bio je 43-godi\u0161nji Erogen Brajovi\u0107, poznat i kao Vaso. Ubijeni su Armando Pali i 31-godi\u0161nji Liridon Kraja, tjelohranitelj Erogena Brajovi\u0107a. Osumnji\u010deni, 29-godi\u0161nji Ragip Gila, uhap\u0161en je nakon \u0161to je izazvao saobra\u0107ajnu nezgodu prilikom bjekstva.\" \/>\n<meta property=\"og:url\" content=\"https:\/\/dmcsrb.com\/en\/hronika\/pucnjava-u-skadru-ranjen-erogen-brajovic\/\" \/>\n<meta property=\"og:site_name\" content=\"dmcsrb.com\" \/>\n<meta property=\"article:published_time\" content=\"2025-09-08T17:31:12+00:00\" \/>\n<meta property=\"og:image\" content=\"https:\/\/dmcsrb.com\/wp-content\/uploads\/2026\/01\/POLICIJA-FOTO-PIXABAY-1000x555-1.webp\" \/>\n\t<meta property=\"og:image:width\" content=\"1000\" \/>\n\t<meta property=\"og:image:height\" content=\"555\" \/>\n\t<meta property=\"og:image:type\" content=\"image\/jpeg\" \/>\n<meta name=\"author\" content=\"dmcsrbija.com@gmail.com\" \/>\n<meta name=\"twitter:card\" content=\"summary_large_image\" \/>\n<meta name=\"twitter:label1\" content=\"Written by\" \/>\n\t<meta name=\"twitter:data1\" content=\"dmcsrbija.com@gmail.com\" \/>\n\t<meta name=\"twitter:label2\" content=\"Estimated reading time\" \/>\n\t<meta name=\"twitter:data2\" content=\"2 minutes\" \/>\n<script type=\"application\/ld+json\" class=\"yoast-schema-graph\">{\"@context\":\"https:\\\/\\\/schema.org\",\"@graph\":[{\"@type\":\"Article\",\"@id\":\"https:\\\/\\\/dmcsrb.com\\\/hronika\\\/pucnjava-u-skadru-ranjen-erogen-brajovic\\\/#article\",\"isPartOf\":{\"@id\":\"https:\\\/\\\/dmcsrb.com\\\/hronika\\\/pucnjava-u-skadru-ranjen-erogen-brajovic\\\/\"},\"author\":{\"name\":\"dmcsrbija.com@gmail.com\",\"@id\":\"https:\\\/\\\/dmcsrb.com\\\/#\\\/schema\\\/person\\\/5c39170f12db1b8b457732d0b5c854e2\"},\"headline\":\"Pucnjava u Skadru, ranjen Erogen Brajovi\u0107\",\"datePublished\":\"2025-09-08T17:31:12+00:00\",\"mainEntityOfPage\":{\"@id\":\"https:\\\/\\\/dmcsrb.com\\\/hronika\\\/pucnjava-u-skadru-ranjen-erogen-brajovic\\\/\"},\"wordCount\":378,\"commentCount\":0,\"image\":{\"@id\":\"https:\\\/\\\/dmcsrb.com\\\/hronika\\\/pucnjava-u-skadru-ranjen-erogen-brajovic\\\/#primaryimage\"},\"thumbnailUrl\":\"https:\\\/\\\/dmcsrb.com\\\/wp-content\\\/uploads\\\/2026\\\/01\\\/POLICIJA-FOTO-PIXABAY-1000x555-1.webp\",\"keywords\":[\"Erogen Brajovi\u0107\",\"policija\",\"pucnjava\",\"skadar\"],\"articleSection\":[\"Hronika\"],\"inLanguage\":\"en-GB\",\"potentialAction\":[{\"@type\":\"CommentAction\",\"name\":\"Comment\",\"target\":[\"https:\\\/\\\/dmcsrb.com\\\/hronika\\\/pucnjava-u-skadru-ranjen-erogen-brajovic\\\/#respond\"]}]},{\"@type\":\"WebPage\",\"@id\":\"https:\\\/\\\/dmcsrb.com\\\/hronika\\\/pucnjava-u-skadru-ranjen-erogen-brajovic\\\/\",\"url\":\"https:\\\/\\\/dmcsrb.com\\\/hronika\\\/pucnjava-u-skadru-ranjen-erogen-brajovic\\\/\",\"name\":\"Pucnjava u Skadru, ranjen Erogen Brajovi\u0107 - dmcsrb.com\",\"isPartOf\":{\"@id\":\"https:\\\/\\\/dmcsrb.com\\\/#website\"},\"primaryImageOfPage\":{\"@id\":\"https:\\\/\\\/dmcsrb.com\\\/hronika\\\/pucnjava-u-skadru-ranjen-erogen-brajovic\\\/#primaryimage\"},\"image\":{\"@id\":\"https:\\\/\\\/dmcsrb.com\\\/hronika\\\/pucnjava-u-skadru-ranjen-erogen-brajovic\\\/#primaryimage\"},\"thumbnailUrl\":\"https:\\\/\\\/dmcsrb.com\\\/wp-content\\\/uploads\\\/2026\\\/01\\\/POLICIJA-FOTO-PIXABAY-1000x555-1.webp\",\"datePublished\":\"2025-09-08T17:31:12+00:00\",\"author\":{\"@id\":\"https:\\\/\\\/dmcsrb.com\\\/#\\\/schema\\\/person\\\/5c39170f12db1b8b457732d0b5c854e2\"},\"breadcrumb\":{\"@id\":\"https:\\\/\\\/dmcsrb.com\\\/hronika\\\/pucnjava-u-skadru-ranjen-erogen-brajovic\\\/#breadcrumb\"},\"inLanguage\":\"en-GB\",\"potentialAction\":[{\"@type\":\"ReadAction\",\"target\":[\"https:\\\/\\\/dmcsrb.com\\\/hronika\\\/pucnjava-u-skadru-ranjen-erogen-brajovic\\\/\"]}]},{\"@type\":\"ImageObject\",\"inLanguage\":\"en-GB\",\"@id\":\"https:\\\/\\\/dmcsrb.com\\\/hronika\\\/pucnjava-u-skadru-ranjen-erogen-brajovic\\\/#primaryimage\",\"url\":\"https:\\\/\\\/dmcsrb.com\\\/wp-content\\\/uploads\\\/2026\\\/01\\\/POLICIJA-FOTO-PIXABAY-1000x555-1.webp\",\"contentUrl\":\"https:\\\/\\\/dmcsrb.com\\\/wp-content\\\/uploads\\\/2026\\\/01\\\/POLICIJA-FOTO-PIXABAY-1000x555-1.webp\",\"width\":1000,\"height\":555},{\"@type\":\"BreadcrumbList\",\"@id\":\"https:\\\/\\\/dmcsrb.com\\\/hronika\\\/pucnjava-u-skadru-ranjen-erogen-brajovic\\\/#breadcrumb\",\"itemListElement\":[{\"@type\":\"ListItem\",\"position\":1,\"name\":\"Home\",\"item\":\"https:\\\/\\\/dmcsrb.com\\\/\"},{\"@type\":\"ListItem\",\"position\":2,\"name\":\"Pucnjava u Skadru, ranjen Erogen Brajovi\u0107\"}]},{\"@type\":\"WebSite\",\"@id\":\"https:\\\/\\\/dmcsrb.com\\\/#website\",\"url\":\"https:\\\/\\\/dmcsrb.com\\\/\",\"name\":\"dmcsrb.com\",\"description\":\"\",\"potentialAction\":[{\"@type\":\"SearchAction\",\"target\":{\"@type\":\"EntryPoint\",\"urlTemplate\":\"https:\\\/\\\/dmcsrb.com\\\/?s={search_term_string}\"},\"query-input\":{\"@type\":\"PropertyValueSpecification\",\"valueRequired\":true,\"valueName\":\"search_term_string\"}}],\"inLanguage\":\"en-GB\"},{\"@type\":\"Person\",\"@id\":\"https:\\\/\\\/dmcsrb.com\\\/#\\\/schema\\\/person\\\/5c39170f12db1b8b457732d0b5c854e2\",\"name\":\"dmcsrbija.com@gmail.com\",\"image\":{\"@type\":\"ImageObject\",\"inLanguage\":\"en-GB\",\"@id\":\"https:\\\/\\\/secure.gravatar.com\\\/avatar\\\/68592660ad6347fad0fb587f8d5d8f1a7b44961362f56e4f2cd524feb87e9069?s=96&d=mm&r=g\",\"url\":\"https:\\\/\\\/secure.gravatar.com\\\/avatar\\\/68592660ad6347fad0fb587f8d5d8f1a7b44961362f56e4f2cd524feb87e9069?s=96&d=mm&r=g\",\"contentUrl\":\"https:\\\/\\\/secure.gravatar.com\\\/avatar\\\/68592660ad6347fad0fb587f8d5d8f1a7b44961362f56e4f2cd524feb87e9069?s=96&d=mm&r=g\",\"caption\":\"dmcsrbija.com@gmail.com\"},\"sameAs\":[\"https:\\\/\\\/dmcsrb.com\"],\"url\":\"https:\\\/\\\/dmcsrb.com\\\/en\\\/author\\\/dmcsrbija-comgmail-com\\\/\"}]}<\/script>\n<!-- \/ Yoast SEO plugin. -->","yoast_head_json":{"title":"Pucnjava u Skadru, ranjen Erogen Brajovi\u0107 - dmcsrb.com","robots":{"index":"index","follow":"follow","max-snippet":"max-snippet:-1","max-image-preview":"max-image-preview:large","max-video-preview":"max-video-preview:-1"},"canonical":"https:\/\/dmcsrb.com\/en\/hronika\/pucnjava-u-skadru-ranjen-erogen-brajovic\/","og_locale":"en_GB","og_type":"article","og_title":"Pucnjava u Skadru, ranjen Erogen Brajovi\u0107 - dmcsrb.com","og_description":"U Skadru je poku\u0161an atentat na Erogena Brajovi\u0107a, koga su crnogorski istra\u017eni organi ranije teretili da je vo\u0111a kriminalne ogranizacije, i da je planirao vi\u0161e ubistava. Brajovi\u0107 je ranjen u napadu, a dvije osobe su ubijene i jo\u0161 jedna ranjena. Kako prenose albanski mediji, glavna meta napada bio je 43-godi\u0161nji Erogen Brajovi\u0107, poznat i kao Vaso. Ubijeni su Armando Pali i 31-godi\u0161nji Liridon Kraja, tjelohranitelj Erogena Brajovi\u0107a. Osumnji\u010deni, 29-godi\u0161nji Ragip Gila, uhap\u0161en je nakon \u0161to je izazvao saobra\u0107ajnu nezgodu prilikom bjekstva.","og_url":"https:\/\/dmcsrb.com\/en\/hronika\/pucnjava-u-skadru-ranjen-erogen-brajovic\/","og_site_name":"dmcsrb.com","article_published_time":"2025-09-08T17:31:12+00:00","og_image":[{"width":1000,"height":555,"url":"https:\/\/dmcsrb.com\/wp-content\/uploads\/2026\/01\/POLICIJA-FOTO-PIXABAY-1000x555-1.webp","type":"image\/jpeg"}],"author":"dmcsrbija.com@gmail.com","twitter_card":"summary_large_image","twitter_misc":{"Written by":"dmcsrbija.com@gmail.com","Estimated reading time":"2 minutes"},"schema":{"@context":"https:\/\/schema.org","@graph":[{"@type":"Article","@id":"https:\/\/dmcsrb.com\/hronika\/pucnjava-u-skadru-ranjen-erogen-brajovic\/#article","isPartOf":{"@id":"https:\/\/dmcsrb.com\/hronika\/pucnjava-u-skadru-ranjen-erogen-brajovic\/"},"author":{"name":"dmcsrbija.com@gmail.com","@id":"https:\/\/dmcsrb.com\/#\/schema\/person\/5c39170f12db1b8b457732d0b5c854e2"},"headline":"Pucnjava u Skadru, ranjen Erogen Brajovi\u0107","datePublished":"2025-09-08T17:31:12+00:00","mainEntityOfPage":{"@id":"https:\/\/dmcsrb.com\/hronika\/pucnjava-u-skadru-ranjen-erogen-brajovic\/"},"wordCount":378,"commentCount":0,"image":{"@id":"https:\/\/dmcsrb.com\/hronika\/pucnjava-u-skadru-ranjen-erogen-brajovic\/#primaryimage"},"thumbnailUrl":"https:\/\/dmcsrb.com\/wp-content\/uploads\/2026\/01\/POLICIJA-FOTO-PIXABAY-1000x555-1.webp","keywords":["Erogen Brajovi\u0107","policija","pucnjava","skadar"],"articleSection":["Hronika"],"inLanguage":"en-GB","potentialAction":[{"@type":"CommentAction","name":"Comment","target":["https:\/\/dmcsrb.com\/hronika\/pucnjava-u-skadru-ranjen-erogen-brajovic\/#respond"]}]},{"@type":"WebPage","@id":"https:\/\/dmcsrb.com\/hronika\/pucnjava-u-skadru-ranjen-erogen-brajovic\/","url":"https:\/\/dmcsrb.com\/hronika\/pucnjava-u-skadru-ranjen-erogen-brajovic\/","name":"Pucnjava u Skadru, ranjen Erogen Brajovi\u0107 - dmcsrb.com","isPartOf":{"@id":"https:\/\/dmcsrb.com\/#website"},"primaryImageOfPage":{"@id":"https:\/\/dmcsrb.com\/hronika\/pucnjava-u-skadru-ranjen-erogen-brajovic\/#primaryimage"},"image":{"@id":"https:\/\/dmcsrb.com\/hronika\/pucnjava-u-skadru-ranjen-erogen-brajovic\/#primaryimage"},"thumbnailUrl":"https:\/\/dmcsrb.com\/wp-content\/uploads\/2026\/01\/POLICIJA-FOTO-PIXABAY-1000x555-1.webp","datePublished":"2025-09-08T17:31:12+00:00","author":{"@id":"https:\/\/dmcsrb.com\/#\/schema\/person\/5c39170f12db1b8b457732d0b5c854e2"},"breadcrumb":{"@id":"https:\/\/dmcsrb.com\/hronika\/pucnjava-u-skadru-ranjen-erogen-brajovic\/#breadcrumb"},"inLanguage":"en-GB","potentialAction":[{"@type":"ReadAction","target":["https:\/\/dmcsrb.com\/hronika\/pucnjava-u-skadru-ranjen-erogen-brajovic\/"]}]},{"@type":"ImageObject","inLanguage":"en-GB","@id":"https:\/\/dmcsrb.com\/hronika\/pucnjava-u-skadru-ranjen-erogen-brajovic\/#primaryimage","url":"https:\/\/dmcsrb.com\/wp-content\/uploads\/2026\/01\/POLICIJA-FOTO-PIXABAY-1000x555-1.webp","contentUrl":"https:\/\/dmcsrb.com\/wp-content\/uploads\/2026\/01\/POLICIJA-FOTO-PIXABAY-1000x555-1.webp","width":1000,"height":555},{"@type":"BreadcrumbList","@id":"https:\/\/dmcsrb.com\/hronika\/pucnjava-u-skadru-ranjen-erogen-brajovic\/#breadcrumb","itemListElement":[{"@type":"ListItem","position":1,"name":"Home","item":"https:\/\/dmcsrb.com\/"},{"@type":"ListItem","position":2,"name":"Pucnjava u Skadru, ranjen Erogen Brajovi\u0107"}]},{"@type":"WebSite","@id":"https:\/\/dmcsrb.com\/#website","url":"https:\/\/dmcsrb.com\/","name":"dmcsrb.com","description":"","potentialAction":[{"@type":"SearchAction","target":{"@type":"EntryPoint","urlTemplate":"https:\/\/dmcsrb.com\/?s={search_term_string}"},"query-input":{"@type":"PropertyValueSpecification","valueRequired":true,"valueName":"search_term_string"}}],"inLanguage":"en-GB"},{"@type":"Person","@id":"https:\/\/dmcsrb.com\/#\/schema\/person\/5c39170f12db1b8b457732d0b5c854e2","name":"dmcsrbija.com@gmail.com","image":{"@type":"ImageObject","inLanguage":"en-GB","@id":"https:\/\/secure.gravatar.com\/avatar\/68592660ad6347fad0fb587f8d5d8f1a7b44961362f56e4f2cd524feb87e9069?s=96&d=mm&r=g","url":"https:\/\/secure.gravatar.com\/avatar\/68592660ad6347fad0fb587f8d5d8f1a7b44961362f56e4f2cd524feb87e9069?s=96&d=mm&r=g","contentUrl":"https:\/\/secure.gravatar.com\/avatar\/68592660ad6347fad0fb587f8d5d8f1a7b44961362f56e4f2cd524feb87e9069?s=96&d=mm&r=g","caption":"dmcsrbija.com@gmail.com"},"sameAs":["https:\/\/dmcsrb.com"],"url":"https:\/\/dmcsrb.com\/en\/author\/dmcsrbija-comgmail-com\/"}]}},"_links":{"self":[{"href":"https:\/\/dmcsrb.com\/en\/wp-json\/wp\/v2\/posts\/950973","targetHints":{"allow":["GET"]}}],"collection":[{"href":"https:\/\/dmcsrb.com\/en\/wp-json\/wp\/v2\/posts"}],"about":[{"href":"https:\/\/dmcsrb.com\/en\/wp-json\/wp\/v2\/types\/post"}],"author":[{"embeddable":true,"href":"https:\/\/dmcsrb.com\/en\/wp-json\/wp\/v2\/users\/1"}],"replies":[{"embeddable":true,"href":"https:\/\/dmcsrb.com\/en\/wp-json\/wp\/v2\/comments?post=950973"}],"version-history":[{"count":0,"href":"https:\/\/dmcsrb.com\/en\/wp-json\/wp\/v2\/posts\/950973\/revisions"}],"wp:featuredmedia":[{"embeddable":true,"href":"https:\/\/dmcsrb.com\/en\/wp-json\/wp\/v2\/media\/950974"}],"wp:attachment":[{"href":"https:\/\/dmcsrb.com\/en\/wp-json\/wp\/v2\/media?parent=950973"}],"wp:term":[{"taxonomy":"category","embeddable":true,"href":"https:\/\/dmcsrb.com\/en\/wp-json\/wp\/v2\/categories?post=950973"},{"taxonomy":"post_tag","embeddable":true,"href":"https:\/\/dmcsrb.com\/en\/wp-json\/wp\/v2\/tags?post=950973"},{"taxonomy":"naslovna","embeddable":true,"href":"https:\/\/dmcsrb.com\/en\/wp-json\/wp\/v2\/naslovna?post=950973"}],"curies":[{"name":"wp","href":"https:\/\/api.w.org\/{rel}","templated":true}]}}