{"id":950944,"date":"2025-09-08T18:21:00","date_gmt":"2025-09-08T16:21:00","guid":{"rendered":"https:\/\/dmcsrb.com\/uncategorized\/pala-vlada-francuske-zemlja-u-novoj-krizi\/"},"modified":"2025-09-08T18:21:00","modified_gmt":"2025-09-08T16:21:00","slug":"pala-vlada-francuske-zemlja-u-novoj-krizi","status":"publish","type":"post","link":"https:\/\/dmcsrb.com\/en\/svijet\/pala-vlada-francuske-zemlja-u-novoj-krizi\/","title":{"rendered":"Pala Vlada Francuske, zemlja u novoj krizi"},"content":{"rendered":"<p><\/p>\n\n\n\n<p>Prema pisanju francuskih medija, za smjenu vlade glasala su 364 poslanika, dok je protiv bilo 194. Suzdr\u017eano je bilo 25 poslanika.<\/p>\n\n\n\n<p>Fransoa Bajru \u0107e sada morati podnijeti ostavku svoje vlade predsjedniku Republike, koji \u0107e morati imenovati premijera, koji \u0107e biti odgovoran za formiranje vlade.<\/p>\n\n\n\n<p>&#8220;Ovaj test istine, kao \u0161ef vlade, uz saglasnost predsjednika Republike, ne\u0161to je \u0161to sam pri\u017eeljkivao. Neki od vas, ve\u0107ina, vjerovatno najrazumniji, smatrali su da je to nerazumno, da je to preveliki rizik&#8221;, rekao je Bajru tokom svog obra\u0107anja skup\u0161tini.<\/p>\n\n\n\n<p>Fransoa Bajru postao je prvi \u0161ef vlade Pete Republike koji se suo\u010dio s glasanjem o povjerenju, manje od godinu dana nakon \u0161to je Mi\u0161el Barnije svrgnut predlogom o nepovjerenju.<\/p>\n\n\n\n<p>Sve o\u010di su sada uprte u Emanuela Makrona, koji ponovo tra\u017ei premijera, tre\u0107eg otkako nije ostvarena ve\u0107ina u Nacionalnoj skup\u0161tini nakon raspu\u0161tanja u junu 2024. godine.<\/p>\n\n\n\n<p>Prema pisanju Le Mondea, Bajru \u0107e u utorak ujutro podnijeti ostavku predsjedniku dr\u017eave Emanuelu Makronu.<\/p>","protected":false},"excerpt":{"rendered":"<p>Narodna skup\u0161tina Francuske na ve\u010dera\u0161njoj sjednici izglasala je nepovjerenje vladi koju predvodi premijer Fransoa Bajru \u010dime se dr\u017eava na\u0161la u jo\u0161 jednoj dubljoj politi\u010dkoj krizi.<\/p>","protected":false},"author":1,"featured_media":950945,"comment_status":"open","ping_status":"open","sticky":false,"template":"","format":"standard","meta":{"_acf_changed":false,"footnotes":""},"categories":[144],"tags":[2587,5033,7399,7400],"naslovna":[],"class_list":["post-950944","post","type-post","status-publish","format-standard","has-post-thumbnail","hentry","category-svijet","tag-francuska","tag-kriza","tag-pad-vlade","tag-zemlja"],"acf":[],"yoast_head":"<!-- This site is optimized with the Yoast SEO plugin v27.4 - https:\/\/yoast.com\/product\/yoast-seo-wordpress\/ -->\n<title>Pala Vlada Francuske, zemlja u novoj krizi - dmcsrb.com<\/title>\n<meta name=\"robots\" content=\"index, follow, max-snippet:-1, max-image-preview:large, max-video-preview:-1\" \/>\n<link rel=\"canonical\" href=\"https:\/\/dmcsrb.com\/en\/svijet\/pala-vlada-francuske-zemlja-u-novoj-krizi\/\" \/>\n<meta property=\"og:locale\" content=\"en_GB\" \/>\n<meta property=\"og:type\" content=\"article\" \/>\n<meta property=\"og:title\" content=\"Pala Vlada Francuske, zemlja u novoj krizi - dmcsrb.com\" \/>\n<meta property=\"og:description\" content=\"Narodna skup\u0161tina Francuske na ve\u010dera\u0161njoj sjednici izglasala je nepovjerenje vladi koju predvodi premijer Fransoa Bajru \u010dime se dr\u017eava na\u0161la u jo\u0161 jednoj dubljoj politi\u010dkoj krizi.\" \/>\n<meta property=\"og:url\" content=\"https:\/\/dmcsrb.com\/en\/svijet\/pala-vlada-francuske-zemlja-u-novoj-krizi\/\" \/>\n<meta property=\"og:site_name\" content=\"dmcsrb.com\" \/>\n<meta property=\"article:published_time\" content=\"2025-09-08T16:21:00+00:00\" \/>\n<meta property=\"og:image\" content=\"https:\/\/dmcsrb.com\/wp-content\/uploads\/2026\/01\/1366x768_cmsv2_9af2c794-80ec-50bd-9a0d-7de2b0b6ff72-8913408.webp\" \/>\n\t<meta property=\"og:image:width\" content=\"1366\" \/>\n\t<meta property=\"og:image:height\" content=\"768\" \/>\n\t<meta property=\"og:image:type\" content=\"image\/webp\" \/>\n<meta name=\"author\" content=\"dmcsrbija.com@gmail.com\" \/>\n<meta name=\"twitter:card\" content=\"summary_large_image\" \/>\n<meta name=\"twitter:label1\" content=\"Written by\" \/>\n\t<meta name=\"twitter:data1\" content=\"dmcsrbija.com@gmail.com\" \/>\n\t<meta name=\"twitter:label2\" content=\"Estimated reading time\" \/>\n\t<meta name=\"twitter:data2\" content=\"1 minute\" \/>\n<script type=\"application\/ld+json\" class=\"yoast-schema-graph\">{\"@context\":\"https:\\\/\\\/schema.org\",\"@graph\":[{\"@type\":\"Article\",\"@id\":\"https:\\\/\\\/dmcsrb.com\\\/svijet\\\/pala-vlada-francuske-zemlja-u-novoj-krizi\\\/#article\",\"isPartOf\":{\"@id\":\"https:\\\/\\\/dmcsrb.com\\\/svijet\\\/pala-vlada-francuske-zemlja-u-novoj-krizi\\\/\"},\"author\":{\"name\":\"dmcsrbija.com@gmail.com\",\"@id\":\"https:\\\/\\\/dmcsrb.com\\\/#\\\/schema\\\/person\\\/5c39170f12db1b8b457732d0b5c854e2\"},\"headline\":\"Pala Vlada Francuske, zemlja u novoj krizi\",\"datePublished\":\"2025-09-08T16:21:00+00:00\",\"mainEntityOfPage\":{\"@id\":\"https:\\\/\\\/dmcsrb.com\\\/svijet\\\/pala-vlada-francuske-zemlja-u-novoj-krizi\\\/\"},\"wordCount\":171,\"commentCount\":0,\"image\":{\"@id\":\"https:\\\/\\\/dmcsrb.com\\\/svijet\\\/pala-vlada-francuske-zemlja-u-novoj-krizi\\\/#primaryimage\"},\"thumbnailUrl\":\"https:\\\/\\\/dmcsrb.com\\\/wp-content\\\/uploads\\\/2026\\\/01\\\/1366x768_cmsv2_9af2c794-80ec-50bd-9a0d-7de2b0b6ff72-8913408.webp\",\"keywords\":[\"Francuska\",\"Kriza\",\"Pad Vlade\",\"zemlja\"],\"articleSection\":[\"Svijet\"],\"inLanguage\":\"en-GB\",\"potentialAction\":[{\"@type\":\"CommentAction\",\"name\":\"Comment\",\"target\":[\"https:\\\/\\\/dmcsrb.com\\\/svijet\\\/pala-vlada-francuske-zemlja-u-novoj-krizi\\\/#respond\"]}]},{\"@type\":\"WebPage\",\"@id\":\"https:\\\/\\\/dmcsrb.com\\\/svijet\\\/pala-vlada-francuske-zemlja-u-novoj-krizi\\\/\",\"url\":\"https:\\\/\\\/dmcsrb.com\\\/svijet\\\/pala-vlada-francuske-zemlja-u-novoj-krizi\\\/\",\"name\":\"Pala Vlada Francuske, zemlja u novoj krizi - dmcsrb.com\",\"isPartOf\":{\"@id\":\"https:\\\/\\\/dmcsrb.com\\\/#website\"},\"primaryImageOfPage\":{\"@id\":\"https:\\\/\\\/dmcsrb.com\\\/svijet\\\/pala-vlada-francuske-zemlja-u-novoj-krizi\\\/#primaryimage\"},\"image\":{\"@id\":\"https:\\\/\\\/dmcsrb.com\\\/svijet\\\/pala-vlada-francuske-zemlja-u-novoj-krizi\\\/#primaryimage\"},\"thumbnailUrl\":\"https:\\\/\\\/dmcsrb.com\\\/wp-content\\\/uploads\\\/2026\\\/01\\\/1366x768_cmsv2_9af2c794-80ec-50bd-9a0d-7de2b0b6ff72-8913408.webp\",\"datePublished\":\"2025-09-08T16:21:00+00:00\",\"author\":{\"@id\":\"https:\\\/\\\/dmcsrb.com\\\/#\\\/schema\\\/person\\\/5c39170f12db1b8b457732d0b5c854e2\"},\"breadcrumb\":{\"@id\":\"https:\\\/\\\/dmcsrb.com\\\/svijet\\\/pala-vlada-francuske-zemlja-u-novoj-krizi\\\/#breadcrumb\"},\"inLanguage\":\"en-GB\",\"potentialAction\":[{\"@type\":\"ReadAction\",\"target\":[\"https:\\\/\\\/dmcsrb.com\\\/svijet\\\/pala-vlada-francuske-zemlja-u-novoj-krizi\\\/\"]}]},{\"@type\":\"ImageObject\",\"inLanguage\":\"en-GB\",\"@id\":\"https:\\\/\\\/dmcsrb.com\\\/svijet\\\/pala-vlada-francuske-zemlja-u-novoj-krizi\\\/#primaryimage\",\"url\":\"https:\\\/\\\/dmcsrb.com\\\/wp-content\\\/uploads\\\/2026\\\/01\\\/1366x768_cmsv2_9af2c794-80ec-50bd-9a0d-7de2b0b6ff72-8913408.webp\",\"contentUrl\":\"https:\\\/\\\/dmcsrb.com\\\/wp-content\\\/uploads\\\/2026\\\/01\\\/1366x768_cmsv2_9af2c794-80ec-50bd-9a0d-7de2b0b6ff72-8913408.webp\",\"width\":1366,\"height\":768},{\"@type\":\"BreadcrumbList\",\"@id\":\"https:\\\/\\\/dmcsrb.com\\\/svijet\\\/pala-vlada-francuske-zemlja-u-novoj-krizi\\\/#breadcrumb\",\"itemListElement\":[{\"@type\":\"ListItem\",\"position\":1,\"name\":\"Home\",\"item\":\"https:\\\/\\\/dmcsrb.com\\\/\"},{\"@type\":\"ListItem\",\"position\":2,\"name\":\"Pala Vlada Francuske, zemlja u novoj krizi\"}]},{\"@type\":\"WebSite\",\"@id\":\"https:\\\/\\\/dmcsrb.com\\\/#website\",\"url\":\"https:\\\/\\\/dmcsrb.com\\\/\",\"name\":\"dmcsrb.com\",\"description\":\"\",\"potentialAction\":[{\"@type\":\"SearchAction\",\"target\":{\"@type\":\"EntryPoint\",\"urlTemplate\":\"https:\\\/\\\/dmcsrb.com\\\/?s={search_term_string}\"},\"query-input\":{\"@type\":\"PropertyValueSpecification\",\"valueRequired\":true,\"valueName\":\"search_term_string\"}}],\"inLanguage\":\"en-GB\"},{\"@type\":\"Person\",\"@id\":\"https:\\\/\\\/dmcsrb.com\\\/#\\\/schema\\\/person\\\/5c39170f12db1b8b457732d0b5c854e2\",\"name\":\"dmcsrbija.com@gmail.com\",\"image\":{\"@type\":\"ImageObject\",\"inLanguage\":\"en-GB\",\"@id\":\"https:\\\/\\\/secure.gravatar.com\\\/avatar\\\/68592660ad6347fad0fb587f8d5d8f1a7b44961362f56e4f2cd524feb87e9069?s=96&d=mm&r=g\",\"url\":\"https:\\\/\\\/secure.gravatar.com\\\/avatar\\\/68592660ad6347fad0fb587f8d5d8f1a7b44961362f56e4f2cd524feb87e9069?s=96&d=mm&r=g\",\"contentUrl\":\"https:\\\/\\\/secure.gravatar.com\\\/avatar\\\/68592660ad6347fad0fb587f8d5d8f1a7b44961362f56e4f2cd524feb87e9069?s=96&d=mm&r=g\",\"caption\":\"dmcsrbija.com@gmail.com\"},\"sameAs\":[\"https:\\\/\\\/dmcsrb.com\"],\"url\":\"https:\\\/\\\/dmcsrb.com\\\/en\\\/author\\\/dmcsrbija-comgmail-com\\\/\"}]}<\/script>\n<!-- \/ Yoast SEO plugin. -->","yoast_head_json":{"title":"Pala Vlada Francuske, zemlja u novoj krizi - dmcsrb.com","robots":{"index":"index","follow":"follow","max-snippet":"max-snippet:-1","max-image-preview":"max-image-preview:large","max-video-preview":"max-video-preview:-1"},"canonical":"https:\/\/dmcsrb.com\/en\/svijet\/pala-vlada-francuske-zemlja-u-novoj-krizi\/","og_locale":"en_GB","og_type":"article","og_title":"Pala Vlada Francuske, zemlja u novoj krizi - dmcsrb.com","og_description":"Narodna skup\u0161tina Francuske na ve\u010dera\u0161njoj sjednici izglasala je nepovjerenje vladi koju predvodi premijer Fransoa Bajru \u010dime se dr\u017eava na\u0161la u jo\u0161 jednoj dubljoj politi\u010dkoj krizi.","og_url":"https:\/\/dmcsrb.com\/en\/svijet\/pala-vlada-francuske-zemlja-u-novoj-krizi\/","og_site_name":"dmcsrb.com","article_published_time":"2025-09-08T16:21:00+00:00","og_image":[{"width":1366,"height":768,"url":"https:\/\/dmcsrb.com\/wp-content\/uploads\/2026\/01\/1366x768_cmsv2_9af2c794-80ec-50bd-9a0d-7de2b0b6ff72-8913408.webp","type":"image\/webp"}],"author":"dmcsrbija.com@gmail.com","twitter_card":"summary_large_image","twitter_misc":{"Written by":"dmcsrbija.com@gmail.com","Estimated reading time":"1 minute"},"schema":{"@context":"https:\/\/schema.org","@graph":[{"@type":"Article","@id":"https:\/\/dmcsrb.com\/svijet\/pala-vlada-francuske-zemlja-u-novoj-krizi\/#article","isPartOf":{"@id":"https:\/\/dmcsrb.com\/svijet\/pala-vlada-francuske-zemlja-u-novoj-krizi\/"},"author":{"name":"dmcsrbija.com@gmail.com","@id":"https:\/\/dmcsrb.com\/#\/schema\/person\/5c39170f12db1b8b457732d0b5c854e2"},"headline":"Pala Vlada Francuske, zemlja u novoj krizi","datePublished":"2025-09-08T16:21:00+00:00","mainEntityOfPage":{"@id":"https:\/\/dmcsrb.com\/svijet\/pala-vlada-francuske-zemlja-u-novoj-krizi\/"},"wordCount":171,"commentCount":0,"image":{"@id":"https:\/\/dmcsrb.com\/svijet\/pala-vlada-francuske-zemlja-u-novoj-krizi\/#primaryimage"},"thumbnailUrl":"https:\/\/dmcsrb.com\/wp-content\/uploads\/2026\/01\/1366x768_cmsv2_9af2c794-80ec-50bd-9a0d-7de2b0b6ff72-8913408.webp","keywords":["Francuska","Kriza","Pad Vlade","zemlja"],"articleSection":["Svijet"],"inLanguage":"en-GB","potentialAction":[{"@type":"CommentAction","name":"Comment","target":["https:\/\/dmcsrb.com\/svijet\/pala-vlada-francuske-zemlja-u-novoj-krizi\/#respond"]}]},{"@type":"WebPage","@id":"https:\/\/dmcsrb.com\/svijet\/pala-vlada-francuske-zemlja-u-novoj-krizi\/","url":"https:\/\/dmcsrb.com\/svijet\/pala-vlada-francuske-zemlja-u-novoj-krizi\/","name":"Pala Vlada Francuske, zemlja u novoj krizi - dmcsrb.com","isPartOf":{"@id":"https:\/\/dmcsrb.com\/#website"},"primaryImageOfPage":{"@id":"https:\/\/dmcsrb.com\/svijet\/pala-vlada-francuske-zemlja-u-novoj-krizi\/#primaryimage"},"image":{"@id":"https:\/\/dmcsrb.com\/svijet\/pala-vlada-francuske-zemlja-u-novoj-krizi\/#primaryimage"},"thumbnailUrl":"https:\/\/dmcsrb.com\/wp-content\/uploads\/2026\/01\/1366x768_cmsv2_9af2c794-80ec-50bd-9a0d-7de2b0b6ff72-8913408.webp","datePublished":"2025-09-08T16:21:00+00:00","author":{"@id":"https:\/\/dmcsrb.com\/#\/schema\/person\/5c39170f12db1b8b457732d0b5c854e2"},"breadcrumb":{"@id":"https:\/\/dmcsrb.com\/svijet\/pala-vlada-francuske-zemlja-u-novoj-krizi\/#breadcrumb"},"inLanguage":"en-GB","potentialAction":[{"@type":"ReadAction","target":["https:\/\/dmcsrb.com\/svijet\/pala-vlada-francuske-zemlja-u-novoj-krizi\/"]}]},{"@type":"ImageObject","inLanguage":"en-GB","@id":"https:\/\/dmcsrb.com\/svijet\/pala-vlada-francuske-zemlja-u-novoj-krizi\/#primaryimage","url":"https:\/\/dmcsrb.com\/wp-content\/uploads\/2026\/01\/1366x768_cmsv2_9af2c794-80ec-50bd-9a0d-7de2b0b6ff72-8913408.webp","contentUrl":"https:\/\/dmcsrb.com\/wp-content\/uploads\/2026\/01\/1366x768_cmsv2_9af2c794-80ec-50bd-9a0d-7de2b0b6ff72-8913408.webp","width":1366,"height":768},{"@type":"BreadcrumbList","@id":"https:\/\/dmcsrb.com\/svijet\/pala-vlada-francuske-zemlja-u-novoj-krizi\/#breadcrumb","itemListElement":[{"@type":"ListItem","position":1,"name":"Home","item":"https:\/\/dmcsrb.com\/"},{"@type":"ListItem","position":2,"name":"Pala Vlada Francuske, zemlja u novoj krizi"}]},{"@type":"WebSite","@id":"https:\/\/dmcsrb.com\/#website","url":"https:\/\/dmcsrb.com\/","name":"dmcsrb.com","description":"","potentialAction":[{"@type":"SearchAction","target":{"@type":"EntryPoint","urlTemplate":"https:\/\/dmcsrb.com\/?s={search_term_string}"},"query-input":{"@type":"PropertyValueSpecification","valueRequired":true,"valueName":"search_term_string"}}],"inLanguage":"en-GB"},{"@type":"Person","@id":"https:\/\/dmcsrb.com\/#\/schema\/person\/5c39170f12db1b8b457732d0b5c854e2","name":"dmcsrbija.com@gmail.com","image":{"@type":"ImageObject","inLanguage":"en-GB","@id":"https:\/\/secure.gravatar.com\/avatar\/68592660ad6347fad0fb587f8d5d8f1a7b44961362f56e4f2cd524feb87e9069?s=96&d=mm&r=g","url":"https:\/\/secure.gravatar.com\/avatar\/68592660ad6347fad0fb587f8d5d8f1a7b44961362f56e4f2cd524feb87e9069?s=96&d=mm&r=g","contentUrl":"https:\/\/secure.gravatar.com\/avatar\/68592660ad6347fad0fb587f8d5d8f1a7b44961362f56e4f2cd524feb87e9069?s=96&d=mm&r=g","caption":"dmcsrbija.com@gmail.com"},"sameAs":["https:\/\/dmcsrb.com"],"url":"https:\/\/dmcsrb.com\/en\/author\/dmcsrbija-comgmail-com\/"}]}},"_links":{"self":[{"href":"https:\/\/dmcsrb.com\/en\/wp-json\/wp\/v2\/posts\/950944","targetHints":{"allow":["GET"]}}],"collection":[{"href":"https:\/\/dmcsrb.com\/en\/wp-json\/wp\/v2\/posts"}],"about":[{"href":"https:\/\/dmcsrb.com\/en\/wp-json\/wp\/v2\/types\/post"}],"author":[{"embeddable":true,"href":"https:\/\/dmcsrb.com\/en\/wp-json\/wp\/v2\/users\/1"}],"replies":[{"embeddable":true,"href":"https:\/\/dmcsrb.com\/en\/wp-json\/wp\/v2\/comments?post=950944"}],"version-history":[{"count":0,"href":"https:\/\/dmcsrb.com\/en\/wp-json\/wp\/v2\/posts\/950944\/revisions"}],"wp:featuredmedia":[{"embeddable":true,"href":"https:\/\/dmcsrb.com\/en\/wp-json\/wp\/v2\/media\/950945"}],"wp:attachment":[{"href":"https:\/\/dmcsrb.com\/en\/wp-json\/wp\/v2\/media?parent=950944"}],"wp:term":[{"taxonomy":"category","embeddable":true,"href":"https:\/\/dmcsrb.com\/en\/wp-json\/wp\/v2\/categories?post=950944"},{"taxonomy":"post_tag","embeddable":true,"href":"https:\/\/dmcsrb.com\/en\/wp-json\/wp\/v2\/tags?post=950944"},{"taxonomy":"naslovna","embeddable":true,"href":"https:\/\/dmcsrb.com\/en\/wp-json\/wp\/v2\/naslovna?post=950944"}],"curies":[{"name":"wp","href":"https:\/\/api.w.org\/{rel}","templated":true}]}}