{"id":950923,"date":"2025-09-08T14:58:00","date_gmt":"2025-09-08T12:58:00","guid":{"rendered":"https:\/\/dmcsrb.com\/uncategorized\/nastavnik-iz-ulcinja-osumnjicen-za-seksualno-uznemiravanje-pusten-da-se-brani-sa-slobode\/"},"modified":"2025-09-08T14:58:00","modified_gmt":"2025-09-08T12:58:00","slug":"nastavnik-iz-ulcinja-osumnjicen-za-seksualno-uznemiravanje-pusten-da-se-brani-sa-slobode","status":"publish","type":"post","link":"https:\/\/dmcsrb.com\/en\/hronika\/nastavnik-iz-ulcinja-osumnjicen-za-seksualno-uznemiravanje-pusten-da-se-brani-sa-slobode\/","title":{"rendered":"Nastavnik iz Ulcinja osumnji\u010den za seksualno uznemiravanje pu\u0161ten da se brani sa slobode"},"content":{"rendered":"<p><\/p>\n\n\n\n<p>Ministarstvo prosvjete, nauke i inovacija (MPNI) je odmah nakon hap\u0161enja suspendovalo nastavnika do okon\u010danja postupka.<\/p>\n\n\n\n<p>&#8220;MPNI pozdravlja brzu reakciju i senzibilitet koji su, u ovom veoma osjetljivom slu\u010daju, pokazale nadle\u017ene institucije. Uz puno po\u0161tovanje prava o\u0161te\u0107ene strane, a po\u0161tuju\u0107i i prezumpciju nevinosti, iskazujemo uvjerenje da \u0107e nadle\u017eni organi na najefikasniji na\u010din i po hitnom postupku u potpunosti rasvijetliti ovaj doga\u0111aj&#8221;, saop\u0161teno je tada iz Ministarstva.<\/p>\n\n\n\n<p>Ulcinjska policija je 6. septembra li\u0161ila slobode R.P. zbog sumnje da je seksualno uznemiravao devetogodi\u0161nju u\u010denicu.<\/p>\n\n\n\n<p>&#8220;Policijski slu\u017ebenici Odjeljenja bezbjednosti Ulcinj li\u0161ili su slobode R.P. (66) iz Ulcinja, zbog sumnje da je, na \u0161tetu djevoj\u010dice stare devet godina, po\u010dinio krivi\u010dno djelo seksualno uznemiravanje. Osumnji\u010deni je nastavnik, dok je o\u0161te\u0107eno dijete u\u010denica jedne \u0161kole. Doga\u0111aj je policiji prijavljen 2. septembra, nakon \u010dega su policijski slu\u017ebenici, sa posebnom pa\u017enjom i senzibilitetom jer se radi o maloljetnom djetetu, preduzeli sve potrebne mjere i radnje kako bi se utvrdile \u010dinjenice u prijavljenom doga\u0111aju&#8221;, saop\u0161teno je ranije iz Uprave policije.<\/p>","protected":false},"excerpt":{"rendered":"<p>Osnovni sud u Ulcinju usvojio je mjeru nadzora i zabranu pribli\u017eavanja o\u0161te\u0107enoj djevoj\u010dici i svjedocima. Kao olak\u0161avaju\u0107a okolnost cijenjeno je da osumnji\u010deni ranije nije osu\u0111ivan za sli\u010dna djela.<\/p>","protected":false},"author":1,"featured_media":943675,"comment_status":"open","ping_status":"open","sticky":false,"template":"","format":"standard","meta":{"_acf_changed":false,"footnotes":""},"categories":[17],"tags":[7381,4433],"naslovna":[],"class_list":["post-950923","post","type-post","status-publish","format-standard","has-post-thumbnail","hentry","category-hronika","tag-osnovni-sud-u-ulcinju","tag-seksualno-uznemiravanje"],"acf":[],"yoast_head":"<!-- This site is optimized with the Yoast SEO plugin v27.4 - https:\/\/yoast.com\/product\/yoast-seo-wordpress\/ -->\n<title>Nastavnik iz Ulcinja osumnji\u010den za seksualno uznemiravanje pu\u0161ten da se brani sa slobode - dmcsrb.com<\/title>\n<meta name=\"robots\" content=\"index, follow, max-snippet:-1, max-image-preview:large, max-video-preview:-1\" \/>\n<link rel=\"canonical\" href=\"https:\/\/dmcsrb.com\/en\/hronika\/nastavnik-iz-ulcinja-osumnjicen-za-seksualno-uznemiravanje-pusten-da-se-brani-sa-slobode\/\" \/>\n<meta property=\"og:locale\" content=\"en_GB\" \/>\n<meta property=\"og:type\" content=\"article\" \/>\n<meta property=\"og:title\" content=\"Nastavnik iz Ulcinja osumnji\u010den za seksualno uznemiravanje pu\u0161ten da se brani sa slobode - dmcsrb.com\" \/>\n<meta property=\"og:description\" content=\"Osnovni sud u Ulcinju usvojio je mjeru nadzora i zabranu pribli\u017eavanja o\u0161te\u0107enoj djevoj\u010dici i svjedocima. Kao olak\u0161avaju\u0107a okolnost cijenjeno je da osumnji\u010deni ranije nije osu\u0111ivan za sli\u010dna djela.\" \/>\n<meta property=\"og:url\" content=\"https:\/\/dmcsrb.com\/en\/hronika\/nastavnik-iz-ulcinja-osumnjicen-za-seksualno-uznemiravanje-pusten-da-se-brani-sa-slobode\/\" \/>\n<meta property=\"og:site_name\" content=\"dmcsrb.com\" \/>\n<meta property=\"article:published_time\" content=\"2025-09-08T12:58:00+00:00\" \/>\n<meta property=\"og:image\" content=\"https:\/\/dmcsrb.com\/wp-content\/uploads\/2026\/01\/Ulcinj-foto-gradski-me.webp\" \/>\n\t<meta property=\"og:image:width\" content=\"1623\" \/>\n\t<meta property=\"og:image:height\" content=\"870\" \/>\n\t<meta property=\"og:image:type\" content=\"image\/jpeg\" \/>\n<meta name=\"author\" content=\"dmcsrbija.com@gmail.com\" \/>\n<meta name=\"twitter:card\" content=\"summary_large_image\" \/>\n<meta name=\"twitter:label1\" content=\"Written by\" \/>\n\t<meta name=\"twitter:data1\" content=\"dmcsrbija.com@gmail.com\" \/>\n\t<meta name=\"twitter:label2\" content=\"Estimated reading time\" \/>\n\t<meta name=\"twitter:data2\" content=\"1 minute\" \/>\n<script type=\"application\/ld+json\" class=\"yoast-schema-graph\">{\"@context\":\"https:\\\/\\\/schema.org\",\"@graph\":[{\"@type\":\"Article\",\"@id\":\"https:\\\/\\\/dmcsrb.com\\\/hronika\\\/nastavnik-iz-ulcinja-osumnjicen-za-seksualno-uznemiravanje-pusten-da-se-brani-sa-slobode\\\/#article\",\"isPartOf\":{\"@id\":\"https:\\\/\\\/dmcsrb.com\\\/hronika\\\/nastavnik-iz-ulcinja-osumnjicen-za-seksualno-uznemiravanje-pusten-da-se-brani-sa-slobode\\\/\"},\"author\":{\"name\":\"dmcsrbija.com@gmail.com\",\"@id\":\"https:\\\/\\\/dmcsrb.com\\\/#\\\/schema\\\/person\\\/5c39170f12db1b8b457732d0b5c854e2\"},\"headline\":\"Nastavnik iz Ulcinja osumnji\u010den za seksualno uznemiravanje pu\u0161ten da se brani sa slobode\",\"datePublished\":\"2025-09-08T12:58:00+00:00\",\"mainEntityOfPage\":{\"@id\":\"https:\\\/\\\/dmcsrb.com\\\/hronika\\\/nastavnik-iz-ulcinja-osumnjicen-za-seksualno-uznemiravanje-pusten-da-se-brani-sa-slobode\\\/\"},\"wordCount\":204,\"commentCount\":0,\"image\":{\"@id\":\"https:\\\/\\\/dmcsrb.com\\\/hronika\\\/nastavnik-iz-ulcinja-osumnjicen-za-seksualno-uznemiravanje-pusten-da-se-brani-sa-slobode\\\/#primaryimage\"},\"thumbnailUrl\":\"https:\\\/\\\/dmcsrb.com\\\/wp-content\\\/uploads\\\/2026\\\/01\\\/Ulcinj-foto-gradski-me.webp\",\"keywords\":[\"Osnovni sud u Ulcinju\",\"Seksualno uznemiravanje\"],\"articleSection\":[\"Hronika\"],\"inLanguage\":\"en-GB\",\"potentialAction\":[{\"@type\":\"CommentAction\",\"name\":\"Comment\",\"target\":[\"https:\\\/\\\/dmcsrb.com\\\/hronika\\\/nastavnik-iz-ulcinja-osumnjicen-za-seksualno-uznemiravanje-pusten-da-se-brani-sa-slobode\\\/#respond\"]}]},{\"@type\":\"WebPage\",\"@id\":\"https:\\\/\\\/dmcsrb.com\\\/hronika\\\/nastavnik-iz-ulcinja-osumnjicen-za-seksualno-uznemiravanje-pusten-da-se-brani-sa-slobode\\\/\",\"url\":\"https:\\\/\\\/dmcsrb.com\\\/hronika\\\/nastavnik-iz-ulcinja-osumnjicen-za-seksualno-uznemiravanje-pusten-da-se-brani-sa-slobode\\\/\",\"name\":\"Nastavnik iz Ulcinja osumnji\u010den za seksualno uznemiravanje pu\u0161ten da se brani sa slobode - dmcsrb.com\",\"isPartOf\":{\"@id\":\"https:\\\/\\\/dmcsrb.com\\\/#website\"},\"primaryImageOfPage\":{\"@id\":\"https:\\\/\\\/dmcsrb.com\\\/hronika\\\/nastavnik-iz-ulcinja-osumnjicen-za-seksualno-uznemiravanje-pusten-da-se-brani-sa-slobode\\\/#primaryimage\"},\"image\":{\"@id\":\"https:\\\/\\\/dmcsrb.com\\\/hronika\\\/nastavnik-iz-ulcinja-osumnjicen-za-seksualno-uznemiravanje-pusten-da-se-brani-sa-slobode\\\/#primaryimage\"},\"thumbnailUrl\":\"https:\\\/\\\/dmcsrb.com\\\/wp-content\\\/uploads\\\/2026\\\/01\\\/Ulcinj-foto-gradski-me.webp\",\"datePublished\":\"2025-09-08T12:58:00+00:00\",\"author\":{\"@id\":\"https:\\\/\\\/dmcsrb.com\\\/#\\\/schema\\\/person\\\/5c39170f12db1b8b457732d0b5c854e2\"},\"breadcrumb\":{\"@id\":\"https:\\\/\\\/dmcsrb.com\\\/hronika\\\/nastavnik-iz-ulcinja-osumnjicen-za-seksualno-uznemiravanje-pusten-da-se-brani-sa-slobode\\\/#breadcrumb\"},\"inLanguage\":\"en-GB\",\"potentialAction\":[{\"@type\":\"ReadAction\",\"target\":[\"https:\\\/\\\/dmcsrb.com\\\/hronika\\\/nastavnik-iz-ulcinja-osumnjicen-za-seksualno-uznemiravanje-pusten-da-se-brani-sa-slobode\\\/\"]}]},{\"@type\":\"ImageObject\",\"inLanguage\":\"en-GB\",\"@id\":\"https:\\\/\\\/dmcsrb.com\\\/hronika\\\/nastavnik-iz-ulcinja-osumnjicen-za-seksualno-uznemiravanje-pusten-da-se-brani-sa-slobode\\\/#primaryimage\",\"url\":\"https:\\\/\\\/dmcsrb.com\\\/wp-content\\\/uploads\\\/2026\\\/01\\\/Ulcinj-foto-gradski-me.webp\",\"contentUrl\":\"https:\\\/\\\/dmcsrb.com\\\/wp-content\\\/uploads\\\/2026\\\/01\\\/Ulcinj-foto-gradski-me.webp\",\"width\":1623,\"height\":870},{\"@type\":\"BreadcrumbList\",\"@id\":\"https:\\\/\\\/dmcsrb.com\\\/hronika\\\/nastavnik-iz-ulcinja-osumnjicen-za-seksualno-uznemiravanje-pusten-da-se-brani-sa-slobode\\\/#breadcrumb\",\"itemListElement\":[{\"@type\":\"ListItem\",\"position\":1,\"name\":\"Home\",\"item\":\"https:\\\/\\\/dmcsrb.com\\\/\"},{\"@type\":\"ListItem\",\"position\":2,\"name\":\"Nastavnik iz Ulcinja osumnji\u010den za seksualno uznemiravanje pu\u0161ten da se brani sa slobode\"}]},{\"@type\":\"WebSite\",\"@id\":\"https:\\\/\\\/dmcsrb.com\\\/#website\",\"url\":\"https:\\\/\\\/dmcsrb.com\\\/\",\"name\":\"dmcsrb.com\",\"description\":\"\",\"potentialAction\":[{\"@type\":\"SearchAction\",\"target\":{\"@type\":\"EntryPoint\",\"urlTemplate\":\"https:\\\/\\\/dmcsrb.com\\\/?s={search_term_string}\"},\"query-input\":{\"@type\":\"PropertyValueSpecification\",\"valueRequired\":true,\"valueName\":\"search_term_string\"}}],\"inLanguage\":\"en-GB\"},{\"@type\":\"Person\",\"@id\":\"https:\\\/\\\/dmcsrb.com\\\/#\\\/schema\\\/person\\\/5c39170f12db1b8b457732d0b5c854e2\",\"name\":\"dmcsrbija.com@gmail.com\",\"image\":{\"@type\":\"ImageObject\",\"inLanguage\":\"en-GB\",\"@id\":\"https:\\\/\\\/secure.gravatar.com\\\/avatar\\\/68592660ad6347fad0fb587f8d5d8f1a7b44961362f56e4f2cd524feb87e9069?s=96&d=mm&r=g\",\"url\":\"https:\\\/\\\/secure.gravatar.com\\\/avatar\\\/68592660ad6347fad0fb587f8d5d8f1a7b44961362f56e4f2cd524feb87e9069?s=96&d=mm&r=g\",\"contentUrl\":\"https:\\\/\\\/secure.gravatar.com\\\/avatar\\\/68592660ad6347fad0fb587f8d5d8f1a7b44961362f56e4f2cd524feb87e9069?s=96&d=mm&r=g\",\"caption\":\"dmcsrbija.com@gmail.com\"},\"sameAs\":[\"https:\\\/\\\/dmcsrb.com\"],\"url\":\"https:\\\/\\\/dmcsrb.com\\\/en\\\/author\\\/dmcsrbija-comgmail-com\\\/\"}]}<\/script>\n<!-- \/ Yoast SEO plugin. -->","yoast_head_json":{"title":"Nastavnik iz Ulcinja osumnji\u010den za seksualno uznemiravanje pu\u0161ten da se brani sa slobode - dmcsrb.com","robots":{"index":"index","follow":"follow","max-snippet":"max-snippet:-1","max-image-preview":"max-image-preview:large","max-video-preview":"max-video-preview:-1"},"canonical":"https:\/\/dmcsrb.com\/en\/hronika\/nastavnik-iz-ulcinja-osumnjicen-za-seksualno-uznemiravanje-pusten-da-se-brani-sa-slobode\/","og_locale":"en_GB","og_type":"article","og_title":"Nastavnik iz Ulcinja osumnji\u010den za seksualno uznemiravanje pu\u0161ten da se brani sa slobode - dmcsrb.com","og_description":"Osnovni sud u Ulcinju usvojio je mjeru nadzora i zabranu pribli\u017eavanja o\u0161te\u0107enoj djevoj\u010dici i svjedocima. Kao olak\u0161avaju\u0107a okolnost cijenjeno je da osumnji\u010deni ranije nije osu\u0111ivan za sli\u010dna djela.","og_url":"https:\/\/dmcsrb.com\/en\/hronika\/nastavnik-iz-ulcinja-osumnjicen-za-seksualno-uznemiravanje-pusten-da-se-brani-sa-slobode\/","og_site_name":"dmcsrb.com","article_published_time":"2025-09-08T12:58:00+00:00","og_image":[{"width":1623,"height":870,"url":"https:\/\/dmcsrb.com\/wp-content\/uploads\/2026\/01\/Ulcinj-foto-gradski-me.webp","type":"image\/jpeg"}],"author":"dmcsrbija.com@gmail.com","twitter_card":"summary_large_image","twitter_misc":{"Written by":"dmcsrbija.com@gmail.com","Estimated reading time":"1 minute"},"schema":{"@context":"https:\/\/schema.org","@graph":[{"@type":"Article","@id":"https:\/\/dmcsrb.com\/hronika\/nastavnik-iz-ulcinja-osumnjicen-za-seksualno-uznemiravanje-pusten-da-se-brani-sa-slobode\/#article","isPartOf":{"@id":"https:\/\/dmcsrb.com\/hronika\/nastavnik-iz-ulcinja-osumnjicen-za-seksualno-uznemiravanje-pusten-da-se-brani-sa-slobode\/"},"author":{"name":"dmcsrbija.com@gmail.com","@id":"https:\/\/dmcsrb.com\/#\/schema\/person\/5c39170f12db1b8b457732d0b5c854e2"},"headline":"Nastavnik iz Ulcinja osumnji\u010den za seksualno uznemiravanje pu\u0161ten da se brani sa slobode","datePublished":"2025-09-08T12:58:00+00:00","mainEntityOfPage":{"@id":"https:\/\/dmcsrb.com\/hronika\/nastavnik-iz-ulcinja-osumnjicen-za-seksualno-uznemiravanje-pusten-da-se-brani-sa-slobode\/"},"wordCount":204,"commentCount":0,"image":{"@id":"https:\/\/dmcsrb.com\/hronika\/nastavnik-iz-ulcinja-osumnjicen-za-seksualno-uznemiravanje-pusten-da-se-brani-sa-slobode\/#primaryimage"},"thumbnailUrl":"https:\/\/dmcsrb.com\/wp-content\/uploads\/2026\/01\/Ulcinj-foto-gradski-me.webp","keywords":["Osnovni sud u Ulcinju","Seksualno uznemiravanje"],"articleSection":["Hronika"],"inLanguage":"en-GB","potentialAction":[{"@type":"CommentAction","name":"Comment","target":["https:\/\/dmcsrb.com\/hronika\/nastavnik-iz-ulcinja-osumnjicen-za-seksualno-uznemiravanje-pusten-da-se-brani-sa-slobode\/#respond"]}]},{"@type":"WebPage","@id":"https:\/\/dmcsrb.com\/hronika\/nastavnik-iz-ulcinja-osumnjicen-za-seksualno-uznemiravanje-pusten-da-se-brani-sa-slobode\/","url":"https:\/\/dmcsrb.com\/hronika\/nastavnik-iz-ulcinja-osumnjicen-za-seksualno-uznemiravanje-pusten-da-se-brani-sa-slobode\/","name":"Nastavnik iz Ulcinja osumnji\u010den za seksualno uznemiravanje pu\u0161ten da se brani sa slobode - dmcsrb.com","isPartOf":{"@id":"https:\/\/dmcsrb.com\/#website"},"primaryImageOfPage":{"@id":"https:\/\/dmcsrb.com\/hronika\/nastavnik-iz-ulcinja-osumnjicen-za-seksualno-uznemiravanje-pusten-da-se-brani-sa-slobode\/#primaryimage"},"image":{"@id":"https:\/\/dmcsrb.com\/hronika\/nastavnik-iz-ulcinja-osumnjicen-za-seksualno-uznemiravanje-pusten-da-se-brani-sa-slobode\/#primaryimage"},"thumbnailUrl":"https:\/\/dmcsrb.com\/wp-content\/uploads\/2026\/01\/Ulcinj-foto-gradski-me.webp","datePublished":"2025-09-08T12:58:00+00:00","author":{"@id":"https:\/\/dmcsrb.com\/#\/schema\/person\/5c39170f12db1b8b457732d0b5c854e2"},"breadcrumb":{"@id":"https:\/\/dmcsrb.com\/hronika\/nastavnik-iz-ulcinja-osumnjicen-za-seksualno-uznemiravanje-pusten-da-se-brani-sa-slobode\/#breadcrumb"},"inLanguage":"en-GB","potentialAction":[{"@type":"ReadAction","target":["https:\/\/dmcsrb.com\/hronika\/nastavnik-iz-ulcinja-osumnjicen-za-seksualno-uznemiravanje-pusten-da-se-brani-sa-slobode\/"]}]},{"@type":"ImageObject","inLanguage":"en-GB","@id":"https:\/\/dmcsrb.com\/hronika\/nastavnik-iz-ulcinja-osumnjicen-za-seksualno-uznemiravanje-pusten-da-se-brani-sa-slobode\/#primaryimage","url":"https:\/\/dmcsrb.com\/wp-content\/uploads\/2026\/01\/Ulcinj-foto-gradski-me.webp","contentUrl":"https:\/\/dmcsrb.com\/wp-content\/uploads\/2026\/01\/Ulcinj-foto-gradski-me.webp","width":1623,"height":870},{"@type":"BreadcrumbList","@id":"https:\/\/dmcsrb.com\/hronika\/nastavnik-iz-ulcinja-osumnjicen-za-seksualno-uznemiravanje-pusten-da-se-brani-sa-slobode\/#breadcrumb","itemListElement":[{"@type":"ListItem","position":1,"name":"Home","item":"https:\/\/dmcsrb.com\/"},{"@type":"ListItem","position":2,"name":"Nastavnik iz Ulcinja osumnji\u010den za seksualno uznemiravanje pu\u0161ten da se brani sa slobode"}]},{"@type":"WebSite","@id":"https:\/\/dmcsrb.com\/#website","url":"https:\/\/dmcsrb.com\/","name":"dmcsrb.com","description":"","potentialAction":[{"@type":"SearchAction","target":{"@type":"EntryPoint","urlTemplate":"https:\/\/dmcsrb.com\/?s={search_term_string}"},"query-input":{"@type":"PropertyValueSpecification","valueRequired":true,"valueName":"search_term_string"}}],"inLanguage":"en-GB"},{"@type":"Person","@id":"https:\/\/dmcsrb.com\/#\/schema\/person\/5c39170f12db1b8b457732d0b5c854e2","name":"dmcsrbija.com@gmail.com","image":{"@type":"ImageObject","inLanguage":"en-GB","@id":"https:\/\/secure.gravatar.com\/avatar\/68592660ad6347fad0fb587f8d5d8f1a7b44961362f56e4f2cd524feb87e9069?s=96&d=mm&r=g","url":"https:\/\/secure.gravatar.com\/avatar\/68592660ad6347fad0fb587f8d5d8f1a7b44961362f56e4f2cd524feb87e9069?s=96&d=mm&r=g","contentUrl":"https:\/\/secure.gravatar.com\/avatar\/68592660ad6347fad0fb587f8d5d8f1a7b44961362f56e4f2cd524feb87e9069?s=96&d=mm&r=g","caption":"dmcsrbija.com@gmail.com"},"sameAs":["https:\/\/dmcsrb.com"],"url":"https:\/\/dmcsrb.com\/en\/author\/dmcsrbija-comgmail-com\/"}]}},"_links":{"self":[{"href":"https:\/\/dmcsrb.com\/en\/wp-json\/wp\/v2\/posts\/950923","targetHints":{"allow":["GET"]}}],"collection":[{"href":"https:\/\/dmcsrb.com\/en\/wp-json\/wp\/v2\/posts"}],"about":[{"href":"https:\/\/dmcsrb.com\/en\/wp-json\/wp\/v2\/types\/post"}],"author":[{"embeddable":true,"href":"https:\/\/dmcsrb.com\/en\/wp-json\/wp\/v2\/users\/1"}],"replies":[{"embeddable":true,"href":"https:\/\/dmcsrb.com\/en\/wp-json\/wp\/v2\/comments?post=950923"}],"version-history":[{"count":0,"href":"https:\/\/dmcsrb.com\/en\/wp-json\/wp\/v2\/posts\/950923\/revisions"}],"wp:featuredmedia":[{"embeddable":true,"href":"https:\/\/dmcsrb.com\/en\/wp-json\/wp\/v2\/media\/943675"}],"wp:attachment":[{"href":"https:\/\/dmcsrb.com\/en\/wp-json\/wp\/v2\/media?parent=950923"}],"wp:term":[{"taxonomy":"category","embeddable":true,"href":"https:\/\/dmcsrb.com\/en\/wp-json\/wp\/v2\/categories?post=950923"},{"taxonomy":"post_tag","embeddable":true,"href":"https:\/\/dmcsrb.com\/en\/wp-json\/wp\/v2\/tags?post=950923"},{"taxonomy":"naslovna","embeddable":true,"href":"https:\/\/dmcsrb.com\/en\/wp-json\/wp\/v2\/naslovna?post=950923"}],"curies":[{"name":"wp","href":"https:\/\/api.w.org\/{rel}","templated":true}]}}