{"id":950894,"date":"2025-09-08T12:58:00","date_gmt":"2025-09-08T10:58:00","guid":{"rendered":"https:\/\/dmcsrb.com\/uncategorized\/nastup-koprivice-i-prijatelja-na-septembarskim-danima\/"},"modified":"2025-09-08T12:58:00","modified_gmt":"2025-09-08T10:58:00","slug":"nastup-koprivice-i-prijatelja-na-septembarskim-danima","status":"publish","type":"post","link":"https:\/\/dmcsrb.com\/en\/kultura\/nastup-koprivice-i-prijatelja-na-septembarskim-danima\/","title":{"rendered":"Nastup Koprivice i prijatelja na Septembarskim danima"},"content":{"rendered":"<p><\/p>\n\n\n\n<p><\/p>\n\n\n\n<p>Tokom programa Koprivica \u0107e govoriti svoju poeziju i satiri\u010dne aforizme, pjeva\u0107e popularne strane i doma\u0107e refrene i svirati na harmonici, Adis Muri\u0107 \u0107e nastupiti uz gitarsku pratnju Elsana \u0110ozovi\u0107a, svoje stihove iz predstoje\u0107e zbirke \u201eOna nije tu\u201c govori\u0107e sve zapa\u017eenija pjesnikinja iz Podgorice Ana \u0110urovi\u0107, a poeziju \u0107e govoriti i Ermina Bibi\u0107 i Munevera Sutovi\u0107 iz Ro\u017eaja.<\/p>\n\n\n\n<p>Ovakve raznolike zabavne programe, tokom kojih se predstavljaju autori iz vi\u0161e gradova, Koprivica uspje\u0161no organizuje \u0161irom Crne Gore.<\/p>\n\n\n\n<p>U januaru je priredio nastupe u Podgorici i Bijelom Polju, i u UIKS-u, posve\u0107ene Zoranu Kalezi\u0107u, zatim u \u017eenskom zatvoru povodom Osmog marta, potom dva puta u JU \u201eKakaricka gora\u201c, zatim u julu na glavnom gradskom trgu u Nik\u0161i\u0107u u okviru manifestacije \u201eAuto\/r na korzu\u201c, potom u Mojkovcu u programu \u201eSlova slovenska\u201c, u domovima starih \u201eDuga\u201c u Martini\u0107ima i \u201eNik\u0161i\u0107\u201c u Nik\u0161i\u0107u, i nedavno u Mojkovcu u velikoj sali Centra za kulturu \u201eNenad Rako\u010devi\u0107\u201c.<\/p>\n\n\n\n<p>Ovakav raznovrstan koncept programa muzi\u010dko-poetskog tipa pokazao se kao izuzetno uspje\u0161an i nailazi na odli\u010dan prijem publike u svim gradovima, pa slijede i drugi nastupi po Crnoj Gori i okru\u017eenju.<\/p>\n\n\n\n<p>Septembarski dani kulture u Ro\u017eajama, u organizaciji mjesnog Centra za kulturu, i ove godine \u0107e imati bogate sadr\u017eaje: pozori\u0161ne predstave, knji\u017eevne ve\u010deri, slikarske izlo\u017ebe, promocije \u010dasopisa, knji\u017eevno takmi\u010denje mladih pjesnika, koncert ni\u017ee muzi\u010dke \u0161kole, Likovni salon likovnog kluba Kula&#8230;<\/p>\n\n\n\n<p>Poseban akcenat bi\u0107e stavljen na tradicionalne i veoma popularne knji\u017eevne susrete \u201cMiroslav \u0110urovi\u0107\u201d u Osnovnoj \u0161koli u Ba\u0161\u010di, koja i nosi ime na\u0161eg velikog pjesnika.<\/p>","protected":false},"excerpt":{"rendered":"<p>U okviru septembarskih dana kulture \u2013 Ro\u017eaje 2025. Dragan Koprivica i prijatelji odr\u017ea\u0107e sjutra ve\u010de (utorak) u sali ro\u017eajskog Centra za kulturu muzi\u010dko-poetski program sa po\u010detkom u 19 \u010dasova, u kojem \u0107e u\u010destvovati i vokalni solista Adis Muri\u0107 i gitarista Elsan \u0110ozovi\u0107, kao i pjesnikinje Ana \u0110urovi\u0107, Ermina Bibi\u0107 i Munevera Sutovi\u0107.<\/p>","protected":false},"author":1,"featured_media":950895,"comment_status":"open","ping_status":"open","sticky":false,"template":"","format":"standard","meta":{"_acf_changed":false,"footnotes":""},"categories":[50],"tags":[7358,53],"naslovna":[],"class_list":["post-950894","post","type-post","status-publish","format-standard","has-post-thumbnail","hentry","category-kultura","tag-muzicko-poetski","tag-program"],"acf":[],"yoast_head":"<!-- This site is optimized with the Yoast SEO plugin v27.0 - https:\/\/yoast.com\/product\/yoast-seo-wordpress\/ -->\n<title>Nastup Koprivice i prijatelja na Septembarskim danima - dmcsrb.com<\/title>\n<meta name=\"robots\" content=\"index, follow, max-snippet:-1, max-image-preview:large, max-video-preview:-1\" \/>\n<link rel=\"canonical\" href=\"https:\/\/dmcsrb.com\/en\/kultura\/nastup-koprivice-i-prijatelja-na-septembarskim-danima\/\" \/>\n<meta property=\"og:locale\" content=\"en_GB\" \/>\n<meta property=\"og:type\" content=\"article\" \/>\n<meta property=\"og:title\" content=\"Nastup Koprivice i prijatelja na Septembarskim danima - dmcsrb.com\" \/>\n<meta property=\"og:description\" content=\"U okviru septembarskih dana kulture \u2013 Ro\u017eaje 2025. Dragan Koprivica i prijatelji odr\u017ea\u0107e sjutra ve\u010de (utorak) u sali ro\u017eajskog Centra za kulturu muzi\u010dko-poetski program sa po\u010detkom u 19 \u010dasova, u kojem \u0107e u\u010destvovati i vokalni solista Adis Muri\u0107 i gitarista Elsan \u0110ozovi\u0107, kao i pjesnikinje Ana \u0110urovi\u0107, Ermina Bibi\u0107 i Munevera Sutovi\u0107.\" \/>\n<meta property=\"og:url\" content=\"https:\/\/dmcsrb.com\/en\/kultura\/nastup-koprivice-i-prijatelja-na-septembarskim-danima\/\" \/>\n<meta property=\"og:site_name\" content=\"dmcsrb.com\" \/>\n<meta property=\"article:published_time\" content=\"2025-09-08T10:58:00+00:00\" \/>\n<meta property=\"og:image\" content=\"https:\/\/dmcsrb.com\/wp-content\/uploads\/2026\/01\/koprivica1-1.webp\" \/>\n\t<meta property=\"og:image:width\" content=\"527\" \/>\n\t<meta property=\"og:image:height\" content=\"620\" \/>\n\t<meta property=\"og:image:type\" content=\"image\/jpeg\" \/>\n<meta name=\"author\" content=\"dmcsrbija.com@gmail.com\" \/>\n<meta name=\"twitter:card\" content=\"summary_large_image\" \/>\n<meta name=\"twitter:label1\" content=\"Written by\" \/>\n\t<meta name=\"twitter:data1\" content=\"dmcsrbija.com@gmail.com\" \/>\n\t<meta name=\"twitter:label2\" content=\"Estimated reading time\" \/>\n\t<meta name=\"twitter:data2\" content=\"1 minute\" \/>\n<script type=\"application\/ld+json\" class=\"yoast-schema-graph\">{\"@context\":\"https:\/\/schema.org\",\"@graph\":[{\"@type\":\"Article\",\"@id\":\"https:\/\/dmcsrb.com\/kultura\/nastup-koprivice-i-prijatelja-na-septembarskim-danima\/#article\",\"isPartOf\":{\"@id\":\"https:\/\/dmcsrb.com\/kultura\/nastup-koprivice-i-prijatelja-na-septembarskim-danima\/\"},\"author\":{\"name\":\"dmcsrbija.com@gmail.com\",\"@id\":\"https:\/\/dmcsrb.com\/#\/schema\/person\/5c39170f12db1b8b457732d0b5c854e2\"},\"headline\":\"Nastup Koprivice i prijatelja na Septembarskim danima\",\"datePublished\":\"2025-09-08T10:58:00+00:00\",\"mainEntityOfPage\":{\"@id\":\"https:\/\/dmcsrb.com\/kultura\/nastup-koprivice-i-prijatelja-na-septembarskim-danima\/\"},\"wordCount\":288,\"commentCount\":0,\"image\":{\"@id\":\"https:\/\/dmcsrb.com\/kultura\/nastup-koprivice-i-prijatelja-na-septembarskim-danima\/#primaryimage\"},\"thumbnailUrl\":\"https:\/\/dmcsrb.com\/wp-content\/uploads\/2026\/01\/koprivica1-1.webp\",\"keywords\":[\"muzi\u010dko poetski\",\"program\"],\"articleSection\":[\"Kultura\"],\"inLanguage\":\"en-GB\",\"potentialAction\":[{\"@type\":\"CommentAction\",\"name\":\"Comment\",\"target\":[\"https:\/\/dmcsrb.com\/kultura\/nastup-koprivice-i-prijatelja-na-septembarskim-danima\/#respond\"]}]},{\"@type\":\"WebPage\",\"@id\":\"https:\/\/dmcsrb.com\/kultura\/nastup-koprivice-i-prijatelja-na-septembarskim-danima\/\",\"url\":\"https:\/\/dmcsrb.com\/kultura\/nastup-koprivice-i-prijatelja-na-septembarskim-danima\/\",\"name\":\"Nastup Koprivice i prijatelja na Septembarskim danima - dmcsrb.com\",\"isPartOf\":{\"@id\":\"https:\/\/dmcsrb.com\/#website\"},\"primaryImageOfPage\":{\"@id\":\"https:\/\/dmcsrb.com\/kultura\/nastup-koprivice-i-prijatelja-na-septembarskim-danima\/#primaryimage\"},\"image\":{\"@id\":\"https:\/\/dmcsrb.com\/kultura\/nastup-koprivice-i-prijatelja-na-septembarskim-danima\/#primaryimage\"},\"thumbnailUrl\":\"https:\/\/dmcsrb.com\/wp-content\/uploads\/2026\/01\/koprivica1-1.webp\",\"datePublished\":\"2025-09-08T10:58:00+00:00\",\"author\":{\"@id\":\"https:\/\/dmcsrb.com\/#\/schema\/person\/5c39170f12db1b8b457732d0b5c854e2\"},\"breadcrumb\":{\"@id\":\"https:\/\/dmcsrb.com\/kultura\/nastup-koprivice-i-prijatelja-na-septembarskim-danima\/#breadcrumb\"},\"inLanguage\":\"en-GB\",\"potentialAction\":[{\"@type\":\"ReadAction\",\"target\":[\"https:\/\/dmcsrb.com\/kultura\/nastup-koprivice-i-prijatelja-na-septembarskim-danima\/\"]}]},{\"@type\":\"ImageObject\",\"inLanguage\":\"en-GB\",\"@id\":\"https:\/\/dmcsrb.com\/kultura\/nastup-koprivice-i-prijatelja-na-septembarskim-danima\/#primaryimage\",\"url\":\"https:\/\/dmcsrb.com\/wp-content\/uploads\/2026\/01\/koprivica1-1.webp\",\"contentUrl\":\"https:\/\/dmcsrb.com\/wp-content\/uploads\/2026\/01\/koprivica1-1.webp\",\"width\":527,\"height\":620},{\"@type\":\"BreadcrumbList\",\"@id\":\"https:\/\/dmcsrb.com\/kultura\/nastup-koprivice-i-prijatelja-na-septembarskim-danima\/#breadcrumb\",\"itemListElement\":[{\"@type\":\"ListItem\",\"position\":1,\"name\":\"Home\",\"item\":\"https:\/\/dmcsrb.com\/\"},{\"@type\":\"ListItem\",\"position\":2,\"name\":\"Nastup Koprivice i prijatelja na Septembarskim danima\"}]},{\"@type\":\"WebSite\",\"@id\":\"https:\/\/dmcsrb.com\/#website\",\"url\":\"https:\/\/dmcsrb.com\/\",\"name\":\"dmcsrb.com\",\"description\":\"\",\"potentialAction\":[{\"@type\":\"SearchAction\",\"target\":{\"@type\":\"EntryPoint\",\"urlTemplate\":\"https:\/\/dmcsrb.com\/?s={search_term_string}\"},\"query-input\":{\"@type\":\"PropertyValueSpecification\",\"valueRequired\":true,\"valueName\":\"search_term_string\"}}],\"inLanguage\":\"en-GB\"},{\"@type\":\"Person\",\"@id\":\"https:\/\/dmcsrb.com\/#\/schema\/person\/5c39170f12db1b8b457732d0b5c854e2\",\"name\":\"dmcsrbija.com@gmail.com\",\"image\":{\"@type\":\"ImageObject\",\"inLanguage\":\"en-GB\",\"@id\":\"https:\/\/dmcsrb.com\/#\/schema\/person\/image\/\",\"url\":\"https:\/\/secure.gravatar.com\/avatar\/68592660ad6347fad0fb587f8d5d8f1a7b44961362f56e4f2cd524feb87e9069?s=96&d=mm&r=g\",\"contentUrl\":\"https:\/\/secure.gravatar.com\/avatar\/68592660ad6347fad0fb587f8d5d8f1a7b44961362f56e4f2cd524feb87e9069?s=96&d=mm&r=g\",\"caption\":\"dmcsrbija.com@gmail.com\"},\"sameAs\":[\"https:\/\/dmcsrb.com\"],\"url\":\"https:\/\/dmcsrb.com\/en\/author\/dmcsrbija-comgmail-com\/\"}]}<\/script>\n<!-- \/ Yoast SEO plugin. -->","yoast_head_json":{"title":"Nastup Koprivice i prijatelja na Septembarskim danima - dmcsrb.com","robots":{"index":"index","follow":"follow","max-snippet":"max-snippet:-1","max-image-preview":"max-image-preview:large","max-video-preview":"max-video-preview:-1"},"canonical":"https:\/\/dmcsrb.com\/en\/kultura\/nastup-koprivice-i-prijatelja-na-septembarskim-danima\/","og_locale":"en_GB","og_type":"article","og_title":"Nastup Koprivice i prijatelja na Septembarskim danima - dmcsrb.com","og_description":"U okviru septembarskih dana kulture \u2013 Ro\u017eaje 2025. Dragan Koprivica i prijatelji odr\u017ea\u0107e sjutra ve\u010de (utorak) u sali ro\u017eajskog Centra za kulturu muzi\u010dko-poetski program sa po\u010detkom u 19 \u010dasova, u kojem \u0107e u\u010destvovati i vokalni solista Adis Muri\u0107 i gitarista Elsan \u0110ozovi\u0107, kao i pjesnikinje Ana \u0110urovi\u0107, Ermina Bibi\u0107 i Munevera Sutovi\u0107.","og_url":"https:\/\/dmcsrb.com\/en\/kultura\/nastup-koprivice-i-prijatelja-na-septembarskim-danima\/","og_site_name":"dmcsrb.com","article_published_time":"2025-09-08T10:58:00+00:00","og_image":[{"width":527,"height":620,"url":"https:\/\/dmcsrb.com\/wp-content\/uploads\/2026\/01\/koprivica1-1.webp","type":"image\/jpeg"}],"author":"dmcsrbija.com@gmail.com","twitter_card":"summary_large_image","twitter_misc":{"Written by":"dmcsrbija.com@gmail.com","Estimated reading time":"1 minute"},"schema":{"@context":"https:\/\/schema.org","@graph":[{"@type":"Article","@id":"https:\/\/dmcsrb.com\/kultura\/nastup-koprivice-i-prijatelja-na-septembarskim-danima\/#article","isPartOf":{"@id":"https:\/\/dmcsrb.com\/kultura\/nastup-koprivice-i-prijatelja-na-septembarskim-danima\/"},"author":{"name":"dmcsrbija.com@gmail.com","@id":"https:\/\/dmcsrb.com\/#\/schema\/person\/5c39170f12db1b8b457732d0b5c854e2"},"headline":"Nastup Koprivice i prijatelja na Septembarskim danima","datePublished":"2025-09-08T10:58:00+00:00","mainEntityOfPage":{"@id":"https:\/\/dmcsrb.com\/kultura\/nastup-koprivice-i-prijatelja-na-septembarskim-danima\/"},"wordCount":288,"commentCount":0,"image":{"@id":"https:\/\/dmcsrb.com\/kultura\/nastup-koprivice-i-prijatelja-na-septembarskim-danima\/#primaryimage"},"thumbnailUrl":"https:\/\/dmcsrb.com\/wp-content\/uploads\/2026\/01\/koprivica1-1.webp","keywords":["muzi\u010dko poetski","program"],"articleSection":["Kultura"],"inLanguage":"en-GB","potentialAction":[{"@type":"CommentAction","name":"Comment","target":["https:\/\/dmcsrb.com\/kultura\/nastup-koprivice-i-prijatelja-na-septembarskim-danima\/#respond"]}]},{"@type":"WebPage","@id":"https:\/\/dmcsrb.com\/kultura\/nastup-koprivice-i-prijatelja-na-septembarskim-danima\/","url":"https:\/\/dmcsrb.com\/kultura\/nastup-koprivice-i-prijatelja-na-septembarskim-danima\/","name":"Nastup Koprivice i prijatelja na Septembarskim danima - dmcsrb.com","isPartOf":{"@id":"https:\/\/dmcsrb.com\/#website"},"primaryImageOfPage":{"@id":"https:\/\/dmcsrb.com\/kultura\/nastup-koprivice-i-prijatelja-na-septembarskim-danima\/#primaryimage"},"image":{"@id":"https:\/\/dmcsrb.com\/kultura\/nastup-koprivice-i-prijatelja-na-septembarskim-danima\/#primaryimage"},"thumbnailUrl":"https:\/\/dmcsrb.com\/wp-content\/uploads\/2026\/01\/koprivica1-1.webp","datePublished":"2025-09-08T10:58:00+00:00","author":{"@id":"https:\/\/dmcsrb.com\/#\/schema\/person\/5c39170f12db1b8b457732d0b5c854e2"},"breadcrumb":{"@id":"https:\/\/dmcsrb.com\/kultura\/nastup-koprivice-i-prijatelja-na-septembarskim-danima\/#breadcrumb"},"inLanguage":"en-GB","potentialAction":[{"@type":"ReadAction","target":["https:\/\/dmcsrb.com\/kultura\/nastup-koprivice-i-prijatelja-na-septembarskim-danima\/"]}]},{"@type":"ImageObject","inLanguage":"en-GB","@id":"https:\/\/dmcsrb.com\/kultura\/nastup-koprivice-i-prijatelja-na-septembarskim-danima\/#primaryimage","url":"https:\/\/dmcsrb.com\/wp-content\/uploads\/2026\/01\/koprivica1-1.webp","contentUrl":"https:\/\/dmcsrb.com\/wp-content\/uploads\/2026\/01\/koprivica1-1.webp","width":527,"height":620},{"@type":"BreadcrumbList","@id":"https:\/\/dmcsrb.com\/kultura\/nastup-koprivice-i-prijatelja-na-septembarskim-danima\/#breadcrumb","itemListElement":[{"@type":"ListItem","position":1,"name":"Home","item":"https:\/\/dmcsrb.com\/"},{"@type":"ListItem","position":2,"name":"Nastup Koprivice i prijatelja na Septembarskim danima"}]},{"@type":"WebSite","@id":"https:\/\/dmcsrb.com\/#website","url":"https:\/\/dmcsrb.com\/","name":"dmcsrb.com","description":"","potentialAction":[{"@type":"SearchAction","target":{"@type":"EntryPoint","urlTemplate":"https:\/\/dmcsrb.com\/?s={search_term_string}"},"query-input":{"@type":"PropertyValueSpecification","valueRequired":true,"valueName":"search_term_string"}}],"inLanguage":"en-GB"},{"@type":"Person","@id":"https:\/\/dmcsrb.com\/#\/schema\/person\/5c39170f12db1b8b457732d0b5c854e2","name":"dmcsrbija.com@gmail.com","image":{"@type":"ImageObject","inLanguage":"en-GB","@id":"https:\/\/dmcsrb.com\/#\/schema\/person\/image\/","url":"https:\/\/secure.gravatar.com\/avatar\/68592660ad6347fad0fb587f8d5d8f1a7b44961362f56e4f2cd524feb87e9069?s=96&d=mm&r=g","contentUrl":"https:\/\/secure.gravatar.com\/avatar\/68592660ad6347fad0fb587f8d5d8f1a7b44961362f56e4f2cd524feb87e9069?s=96&d=mm&r=g","caption":"dmcsrbija.com@gmail.com"},"sameAs":["https:\/\/dmcsrb.com"],"url":"https:\/\/dmcsrb.com\/en\/author\/dmcsrbija-comgmail-com\/"}]}},"_links":{"self":[{"href":"https:\/\/dmcsrb.com\/en\/wp-json\/wp\/v2\/posts\/950894","targetHints":{"allow":["GET"]}}],"collection":[{"href":"https:\/\/dmcsrb.com\/en\/wp-json\/wp\/v2\/posts"}],"about":[{"href":"https:\/\/dmcsrb.com\/en\/wp-json\/wp\/v2\/types\/post"}],"author":[{"embeddable":true,"href":"https:\/\/dmcsrb.com\/en\/wp-json\/wp\/v2\/users\/1"}],"replies":[{"embeddable":true,"href":"https:\/\/dmcsrb.com\/en\/wp-json\/wp\/v2\/comments?post=950894"}],"version-history":[{"count":0,"href":"https:\/\/dmcsrb.com\/en\/wp-json\/wp\/v2\/posts\/950894\/revisions"}],"wp:featuredmedia":[{"embeddable":true,"href":"https:\/\/dmcsrb.com\/en\/wp-json\/wp\/v2\/media\/950895"}],"wp:attachment":[{"href":"https:\/\/dmcsrb.com\/en\/wp-json\/wp\/v2\/media?parent=950894"}],"wp:term":[{"taxonomy":"category","embeddable":true,"href":"https:\/\/dmcsrb.com\/en\/wp-json\/wp\/v2\/categories?post=950894"},{"taxonomy":"post_tag","embeddable":true,"href":"https:\/\/dmcsrb.com\/en\/wp-json\/wp\/v2\/tags?post=950894"},{"taxonomy":"naslovna","embeddable":true,"href":"https:\/\/dmcsrb.com\/en\/wp-json\/wp\/v2\/naslovna?post=950894"}],"curies":[{"name":"wp","href":"https:\/\/api.w.org\/{rel}","templated":true}]}}