{"id":950864,"date":"2025-09-08T12:55:00","date_gmt":"2025-09-08T10:55:00","guid":{"rendered":"https:\/\/dmcsrb.com\/uncategorized\/evropska-kuca-cemovsko-polje-od-divlje-deponije-do-uredjenog-javnog-prostora\/"},"modified":"2025-09-08T12:55:00","modified_gmt":"2025-09-08T10:55:00","slug":"evropska-kuca-cemovsko-polje-od-divlje-deponije-do-uredjenog-javnog-prostora","status":"publish","type":"post","link":"https:\/\/dmcsrb.com\/en\/drustvo\/evropska-kuca-cemovsko-polje-od-divlje-deponije-do-uredjenog-javnog-prostora\/","title":{"rendered":"Evropska ku\u0107a: \u0106emovsko polje \u2013 od divlje deponije do ure\u0111enog javnog prostora"},"content":{"rendered":"<p><\/p>\n\n\n\n<p><\/p>\n\n\n\n<p>Lokacija na \u0106emovskom polju, u blizini Sto\u010dne pijace, koja je nekada bila jedno od najve\u0107ih odlagali\u0161ta otpada u Podgorici, u potpunosti je transformisana, saop\u0161tili su iz Evropske ku\u0107e.<\/p>\n\n\n\n<p>Kako su naveli, u&nbsp;sklopu nacionalne ekolo\u0161ke kampanje \u201e\u010cuvaj da te \u010duva\u201c, sa ovog mjesta uklonjeno je \u010dak 650m3 otpada, \u0161to odgovara te\u017eini od 130 tona.<\/p>\n\n\n\n<p>\u201cNa mjestu gdje su donedavno bile gomile gra\u0111evinskog i kabastog otpada, sada se nalazi ure\u0111en javni prostor sa klupama. Kako bi se sprije\u010dilo ponovno formiranje divlje deponije, postavljeno je 15 nadzornih kamera kao i table upozorenja, dok \u0107e Komunalna policija i druge inspekcijske slu\u017ebe sprovoditi redovan nadzor. Parkovski mobilijar i nadzorne kamere donacija su kompanije Voli, jednog od partnera kampanje\u201d, dodaju u saop\u0161tenju.<\/p>\n\n\n\n<p>Iz Evropske ku\u0107e su naveli da su akciju \u010di\u0161\u0107enja podr\u017eali Delegacija Evropske unije u Crnoj Gori, Ministarstvo ekologije, odr\u017eivog razvoja i razvoja sjevera, Glavni grad Podgorica, Inicijativa Ozelenimo Crnu Goru, kao i kompanija Voli.<\/p>\n\n\n\n<p>\u201cVi\u0161e od stotinu volontera svih generacija pridru\u017eilo se akciji, pretvaraju\u0107i jednu od \u201ecrnih ta\u010daka\u201c grada u simbol zajedni\u0161tva i brige za \u017eivotnu sredinu. Ohrabrena ovim uspjehom, kampanja \u0107e pro\u0161iriti mre\u017eu kamera na druge kriti\u010dne ta\u010dke u \u0161irem podru\u010dju, kao i na Vrela Ribni\u010dka, gdje se i dalje bilje\u017ei spaljivanje otpadnih guma. \u0106emovsko polje sada pokazuje da se dugogodi\u0161nji problemi mogu rije\u0161iti zajedni\u010dkim snagama institucija, civilnog sektora, kompanija i gra\u0111ana \u2013 i mo\u017ee postati model za rje\u0161avanje drugih problemati\u010dnih lokacija u Podgorici i \u0161irom Crne Gore\u201d, saop\u0161tili su iz Evropske ku\u0107e.<\/p>\n\n\n\n<p>Podsje\u0107aju da je pokrenuta na Svjetski dan \u017eivotne sredine, 5. juna 2025. godine, kampanja \u201e\u010cuvaj da te \u010duva\u201c ve\u0107 okupila \u0161iroku koaliciju partnera iz dr\u017eavnih institucija, lokalnih samouprava, akademske zajednice, civilnog dru\u0161tva i dru\u0161tveno odgovornih kompanija. Cilj kampanje je ja\u010danje za\u0161tite \u017eivotne sredine kroz konkretne akcije i inspirisanje gra\u0111ana da li\u010dno doprinesu \u010distijem i zdravijem okru\u017eenju.<\/p>\n\n\n\n<p>\u201cKada zajednica poka\u017ee svoju snagu, deponija postaje ure\u0111eni javni prostor. \u010cuvaj da te \u010duva\u201d, zaklju\u010dili su iz Evropske ku\u0107e.<\/p>\n\n\n\n<figure class=\"wp-block-image\" id=\"attachment_2446467\"><img decoding=\"async\" src=\"https:\/\/www.cdm.me\/wp-content\/uploads\/2025\/09\/Photo-3.jpeg\" alt=\"Foto: Evropska ku\u0107a\" class=\"wp-image-2446467\"\/><figcaption class=\"wp-element-caption\">Foto: Evropska ku\u0107a<\/figcaption><\/figure>\n\n\n\n<p><\/p>","protected":false},"excerpt":{"rendered":"<p>Lokacija na \u0106emovskom polju, u blizini Sto\u010dne pijace, koja je nekada bila jedno od najve\u0107ih odlagali\u0161ta otpada u Podgorici, u potpunosti je transformisana, saop\u0161tili su iz Evropske ku\u0107e. Kako su naveli, u&nbsp;sklopu nacionalne ekolo\u0161ke kampanje \u201e\u010cuvaj da te \u010duva\u201c, sa ovog mjesta uklonjeno je \u010dak 650m3 otpada, \u0161to odgovara te\u017eini od 130 tona. \u201cNa mjestu [&hellip;]<\/p>\n","protected":false},"author":1,"featured_media":950865,"comment_status":"open","ping_status":"open","sticky":false,"template":"","format":"standard","meta":{"_acf_changed":false,"footnotes":""},"categories":[2],"tags":[7341,7342,7343],"naslovna":[],"class_list":["post-950864","post","type-post","status-publish","format-standard","has-post-thumbnail","hentry","category-drustvo","tag-cemovsko-polje","tag-divlja-deponija","tag-evropska-kuca"],"acf":[],"yoast_head":"<!-- This site is optimized with the Yoast SEO plugin v27.4 - https:\/\/yoast.com\/product\/yoast-seo-wordpress\/ -->\n<title>Evropska ku\u0107a: \u0106emovsko polje \u2013 od divlje deponije do ure\u0111enog javnog prostora - dmcsrb.com<\/title>\n<meta name=\"robots\" content=\"index, follow, max-snippet:-1, max-image-preview:large, max-video-preview:-1\" \/>\n<link rel=\"canonical\" href=\"https:\/\/dmcsrb.com\/en\/drustvo\/evropska-kuca-cemovsko-polje-od-divlje-deponije-do-uredjenog-javnog-prostora\/\" \/>\n<meta property=\"og:locale\" content=\"en_GB\" \/>\n<meta property=\"og:type\" content=\"article\" \/>\n<meta property=\"og:title\" content=\"Evropska ku\u0107a: \u0106emovsko polje \u2013 od divlje deponije do ure\u0111enog javnog prostora - dmcsrb.com\" \/>\n<meta property=\"og:description\" content=\"Lokacija na \u0106emovskom polju, u blizini Sto\u010dne pijace, koja je nekada bila jedno od najve\u0107ih odlagali\u0161ta otpada u Podgorici, u potpunosti je transformisana, saop\u0161tili su iz Evropske ku\u0107e. Kako su naveli, u&nbsp;sklopu nacionalne ekolo\u0161ke kampanje \u201e\u010cuvaj da te \u010duva\u201c, sa ovog mjesta uklonjeno je \u010dak 650m3 otpada, \u0161to odgovara te\u017eini od 130 tona. \u201cNa mjestu [&hellip;]\" \/>\n<meta property=\"og:url\" content=\"https:\/\/dmcsrb.com\/en\/drustvo\/evropska-kuca-cemovsko-polje-od-divlje-deponije-do-uredjenog-javnog-prostora\/\" \/>\n<meta property=\"og:site_name\" content=\"dmcsrb.com\" \/>\n<meta property=\"article:published_time\" content=\"2025-09-08T10:55:00+00:00\" \/>\n<meta property=\"og:image\" content=\"https:\/\/dmcsrb.com\/wp-content\/uploads\/2026\/01\/evrospka.webp\" \/>\n\t<meta property=\"og:image:width\" content=\"1000\" \/>\n\t<meta property=\"og:image:height\" content=\"555\" \/>\n\t<meta property=\"og:image:type\" content=\"image\/jpeg\" \/>\n<meta name=\"author\" content=\"dmcsrbija.com@gmail.com\" \/>\n<meta name=\"twitter:card\" content=\"summary_large_image\" \/>\n<meta name=\"twitter:label1\" content=\"Written by\" \/>\n\t<meta name=\"twitter:data1\" content=\"dmcsrbija.com@gmail.com\" \/>\n\t<meta name=\"twitter:label2\" content=\"Estimated reading time\" \/>\n\t<meta name=\"twitter:data2\" content=\"2 minutes\" \/>\n<script type=\"application\/ld+json\" class=\"yoast-schema-graph\">{\"@context\":\"https:\\\/\\\/schema.org\",\"@graph\":[{\"@type\":\"Article\",\"@id\":\"https:\\\/\\\/dmcsrb.com\\\/drustvo\\\/evropska-kuca-cemovsko-polje-od-divlje-deponije-do-uredjenog-javnog-prostora\\\/#article\",\"isPartOf\":{\"@id\":\"https:\\\/\\\/dmcsrb.com\\\/drustvo\\\/evropska-kuca-cemovsko-polje-od-divlje-deponije-do-uredjenog-javnog-prostora\\\/\"},\"author\":{\"name\":\"dmcsrbija.com@gmail.com\",\"@id\":\"https:\\\/\\\/dmcsrb.com\\\/#\\\/schema\\\/person\\\/5c39170f12db1b8b457732d0b5c854e2\"},\"headline\":\"Evropska ku\u0107a: \u0106emovsko polje \u2013 od divlje deponije do ure\u0111enog javnog prostora\",\"datePublished\":\"2025-09-08T10:55:00+00:00\",\"mainEntityOfPage\":{\"@id\":\"https:\\\/\\\/dmcsrb.com\\\/drustvo\\\/evropska-kuca-cemovsko-polje-od-divlje-deponije-do-uredjenog-javnog-prostora\\\/\"},\"wordCount\":379,\"commentCount\":0,\"image\":{\"@id\":\"https:\\\/\\\/dmcsrb.com\\\/drustvo\\\/evropska-kuca-cemovsko-polje-od-divlje-deponije-do-uredjenog-javnog-prostora\\\/#primaryimage\"},\"thumbnailUrl\":\"https:\\\/\\\/dmcsrb.com\\\/wp-content\\\/uploads\\\/2026\\\/01\\\/evrospka.webp\",\"keywords\":[\"\u0106emovsko polje\",\"divlja deponija\",\"Evropska ku\u0107a\"],\"articleSection\":[\"Dru\u0161tvo\"],\"inLanguage\":\"en-GB\",\"potentialAction\":[{\"@type\":\"CommentAction\",\"name\":\"Comment\",\"target\":[\"https:\\\/\\\/dmcsrb.com\\\/drustvo\\\/evropska-kuca-cemovsko-polje-od-divlje-deponije-do-uredjenog-javnog-prostora\\\/#respond\"]}]},{\"@type\":\"WebPage\",\"@id\":\"https:\\\/\\\/dmcsrb.com\\\/drustvo\\\/evropska-kuca-cemovsko-polje-od-divlje-deponije-do-uredjenog-javnog-prostora\\\/\",\"url\":\"https:\\\/\\\/dmcsrb.com\\\/drustvo\\\/evropska-kuca-cemovsko-polje-od-divlje-deponije-do-uredjenog-javnog-prostora\\\/\",\"name\":\"Evropska ku\u0107a: \u0106emovsko polje \u2013 od divlje deponije do ure\u0111enog javnog prostora - dmcsrb.com\",\"isPartOf\":{\"@id\":\"https:\\\/\\\/dmcsrb.com\\\/#website\"},\"primaryImageOfPage\":{\"@id\":\"https:\\\/\\\/dmcsrb.com\\\/drustvo\\\/evropska-kuca-cemovsko-polje-od-divlje-deponije-do-uredjenog-javnog-prostora\\\/#primaryimage\"},\"image\":{\"@id\":\"https:\\\/\\\/dmcsrb.com\\\/drustvo\\\/evropska-kuca-cemovsko-polje-od-divlje-deponije-do-uredjenog-javnog-prostora\\\/#primaryimage\"},\"thumbnailUrl\":\"https:\\\/\\\/dmcsrb.com\\\/wp-content\\\/uploads\\\/2026\\\/01\\\/evrospka.webp\",\"datePublished\":\"2025-09-08T10:55:00+00:00\",\"author\":{\"@id\":\"https:\\\/\\\/dmcsrb.com\\\/#\\\/schema\\\/person\\\/5c39170f12db1b8b457732d0b5c854e2\"},\"breadcrumb\":{\"@id\":\"https:\\\/\\\/dmcsrb.com\\\/drustvo\\\/evropska-kuca-cemovsko-polje-od-divlje-deponije-do-uredjenog-javnog-prostora\\\/#breadcrumb\"},\"inLanguage\":\"en-GB\",\"potentialAction\":[{\"@type\":\"ReadAction\",\"target\":[\"https:\\\/\\\/dmcsrb.com\\\/drustvo\\\/evropska-kuca-cemovsko-polje-od-divlje-deponije-do-uredjenog-javnog-prostora\\\/\"]}]},{\"@type\":\"ImageObject\",\"inLanguage\":\"en-GB\",\"@id\":\"https:\\\/\\\/dmcsrb.com\\\/drustvo\\\/evropska-kuca-cemovsko-polje-od-divlje-deponije-do-uredjenog-javnog-prostora\\\/#primaryimage\",\"url\":\"https:\\\/\\\/dmcsrb.com\\\/wp-content\\\/uploads\\\/2026\\\/01\\\/evrospka.webp\",\"contentUrl\":\"https:\\\/\\\/dmcsrb.com\\\/wp-content\\\/uploads\\\/2026\\\/01\\\/evrospka.webp\",\"width\":1000,\"height\":555},{\"@type\":\"BreadcrumbList\",\"@id\":\"https:\\\/\\\/dmcsrb.com\\\/drustvo\\\/evropska-kuca-cemovsko-polje-od-divlje-deponije-do-uredjenog-javnog-prostora\\\/#breadcrumb\",\"itemListElement\":[{\"@type\":\"ListItem\",\"position\":1,\"name\":\"Home\",\"item\":\"https:\\\/\\\/dmcsrb.com\\\/\"},{\"@type\":\"ListItem\",\"position\":2,\"name\":\"Evropska ku\u0107a: \u0106emovsko polje \u2013 od divlje deponije do ure\u0111enog javnog prostora\"}]},{\"@type\":\"WebSite\",\"@id\":\"https:\\\/\\\/dmcsrb.com\\\/#website\",\"url\":\"https:\\\/\\\/dmcsrb.com\\\/\",\"name\":\"dmcsrb.com\",\"description\":\"\",\"potentialAction\":[{\"@type\":\"SearchAction\",\"target\":{\"@type\":\"EntryPoint\",\"urlTemplate\":\"https:\\\/\\\/dmcsrb.com\\\/?s={search_term_string}\"},\"query-input\":{\"@type\":\"PropertyValueSpecification\",\"valueRequired\":true,\"valueName\":\"search_term_string\"}}],\"inLanguage\":\"en-GB\"},{\"@type\":\"Person\",\"@id\":\"https:\\\/\\\/dmcsrb.com\\\/#\\\/schema\\\/person\\\/5c39170f12db1b8b457732d0b5c854e2\",\"name\":\"dmcsrbija.com@gmail.com\",\"image\":{\"@type\":\"ImageObject\",\"inLanguage\":\"en-GB\",\"@id\":\"https:\\\/\\\/secure.gravatar.com\\\/avatar\\\/68592660ad6347fad0fb587f8d5d8f1a7b44961362f56e4f2cd524feb87e9069?s=96&d=mm&r=g\",\"url\":\"https:\\\/\\\/secure.gravatar.com\\\/avatar\\\/68592660ad6347fad0fb587f8d5d8f1a7b44961362f56e4f2cd524feb87e9069?s=96&d=mm&r=g\",\"contentUrl\":\"https:\\\/\\\/secure.gravatar.com\\\/avatar\\\/68592660ad6347fad0fb587f8d5d8f1a7b44961362f56e4f2cd524feb87e9069?s=96&d=mm&r=g\",\"caption\":\"dmcsrbija.com@gmail.com\"},\"sameAs\":[\"https:\\\/\\\/dmcsrb.com\"],\"url\":\"https:\\\/\\\/dmcsrb.com\\\/en\\\/author\\\/dmcsrbija-comgmail-com\\\/\"}]}<\/script>\n<!-- \/ Yoast SEO plugin. -->","yoast_head_json":{"title":"Evropska ku\u0107a: \u0106emovsko polje \u2013 od divlje deponije do ure\u0111enog javnog prostora - dmcsrb.com","robots":{"index":"index","follow":"follow","max-snippet":"max-snippet:-1","max-image-preview":"max-image-preview:large","max-video-preview":"max-video-preview:-1"},"canonical":"https:\/\/dmcsrb.com\/en\/drustvo\/evropska-kuca-cemovsko-polje-od-divlje-deponije-do-uredjenog-javnog-prostora\/","og_locale":"en_GB","og_type":"article","og_title":"Evropska ku\u0107a: \u0106emovsko polje \u2013 od divlje deponije do ure\u0111enog javnog prostora - dmcsrb.com","og_description":"Lokacija na \u0106emovskom polju, u blizini Sto\u010dne pijace, koja je nekada bila jedno od najve\u0107ih odlagali\u0161ta otpada u Podgorici, u potpunosti je transformisana, saop\u0161tili su iz Evropske ku\u0107e. Kako su naveli, u&nbsp;sklopu nacionalne ekolo\u0161ke kampanje \u201e\u010cuvaj da te \u010duva\u201c, sa ovog mjesta uklonjeno je \u010dak 650m3 otpada, \u0161to odgovara te\u017eini od 130 tona. \u201cNa mjestu [&hellip;]","og_url":"https:\/\/dmcsrb.com\/en\/drustvo\/evropska-kuca-cemovsko-polje-od-divlje-deponije-do-uredjenog-javnog-prostora\/","og_site_name":"dmcsrb.com","article_published_time":"2025-09-08T10:55:00+00:00","og_image":[{"width":1000,"height":555,"url":"https:\/\/dmcsrb.com\/wp-content\/uploads\/2026\/01\/evrospka.webp","type":"image\/jpeg"}],"author":"dmcsrbija.com@gmail.com","twitter_card":"summary_large_image","twitter_misc":{"Written by":"dmcsrbija.com@gmail.com","Estimated reading time":"2 minutes"},"schema":{"@context":"https:\/\/schema.org","@graph":[{"@type":"Article","@id":"https:\/\/dmcsrb.com\/drustvo\/evropska-kuca-cemovsko-polje-od-divlje-deponije-do-uredjenog-javnog-prostora\/#article","isPartOf":{"@id":"https:\/\/dmcsrb.com\/drustvo\/evropska-kuca-cemovsko-polje-od-divlje-deponije-do-uredjenog-javnog-prostora\/"},"author":{"name":"dmcsrbija.com@gmail.com","@id":"https:\/\/dmcsrb.com\/#\/schema\/person\/5c39170f12db1b8b457732d0b5c854e2"},"headline":"Evropska ku\u0107a: \u0106emovsko polje \u2013 od divlje deponije do ure\u0111enog javnog prostora","datePublished":"2025-09-08T10:55:00+00:00","mainEntityOfPage":{"@id":"https:\/\/dmcsrb.com\/drustvo\/evropska-kuca-cemovsko-polje-od-divlje-deponije-do-uredjenog-javnog-prostora\/"},"wordCount":379,"commentCount":0,"image":{"@id":"https:\/\/dmcsrb.com\/drustvo\/evropska-kuca-cemovsko-polje-od-divlje-deponije-do-uredjenog-javnog-prostora\/#primaryimage"},"thumbnailUrl":"https:\/\/dmcsrb.com\/wp-content\/uploads\/2026\/01\/evrospka.webp","keywords":["\u0106emovsko polje","divlja deponija","Evropska ku\u0107a"],"articleSection":["Dru\u0161tvo"],"inLanguage":"en-GB","potentialAction":[{"@type":"CommentAction","name":"Comment","target":["https:\/\/dmcsrb.com\/drustvo\/evropska-kuca-cemovsko-polje-od-divlje-deponije-do-uredjenog-javnog-prostora\/#respond"]}]},{"@type":"WebPage","@id":"https:\/\/dmcsrb.com\/drustvo\/evropska-kuca-cemovsko-polje-od-divlje-deponije-do-uredjenog-javnog-prostora\/","url":"https:\/\/dmcsrb.com\/drustvo\/evropska-kuca-cemovsko-polje-od-divlje-deponije-do-uredjenog-javnog-prostora\/","name":"Evropska ku\u0107a: \u0106emovsko polje \u2013 od divlje deponije do ure\u0111enog javnog prostora - dmcsrb.com","isPartOf":{"@id":"https:\/\/dmcsrb.com\/#website"},"primaryImageOfPage":{"@id":"https:\/\/dmcsrb.com\/drustvo\/evropska-kuca-cemovsko-polje-od-divlje-deponije-do-uredjenog-javnog-prostora\/#primaryimage"},"image":{"@id":"https:\/\/dmcsrb.com\/drustvo\/evropska-kuca-cemovsko-polje-od-divlje-deponije-do-uredjenog-javnog-prostora\/#primaryimage"},"thumbnailUrl":"https:\/\/dmcsrb.com\/wp-content\/uploads\/2026\/01\/evrospka.webp","datePublished":"2025-09-08T10:55:00+00:00","author":{"@id":"https:\/\/dmcsrb.com\/#\/schema\/person\/5c39170f12db1b8b457732d0b5c854e2"},"breadcrumb":{"@id":"https:\/\/dmcsrb.com\/drustvo\/evropska-kuca-cemovsko-polje-od-divlje-deponije-do-uredjenog-javnog-prostora\/#breadcrumb"},"inLanguage":"en-GB","potentialAction":[{"@type":"ReadAction","target":["https:\/\/dmcsrb.com\/drustvo\/evropska-kuca-cemovsko-polje-od-divlje-deponije-do-uredjenog-javnog-prostora\/"]}]},{"@type":"ImageObject","inLanguage":"en-GB","@id":"https:\/\/dmcsrb.com\/drustvo\/evropska-kuca-cemovsko-polje-od-divlje-deponije-do-uredjenog-javnog-prostora\/#primaryimage","url":"https:\/\/dmcsrb.com\/wp-content\/uploads\/2026\/01\/evrospka.webp","contentUrl":"https:\/\/dmcsrb.com\/wp-content\/uploads\/2026\/01\/evrospka.webp","width":1000,"height":555},{"@type":"BreadcrumbList","@id":"https:\/\/dmcsrb.com\/drustvo\/evropska-kuca-cemovsko-polje-od-divlje-deponije-do-uredjenog-javnog-prostora\/#breadcrumb","itemListElement":[{"@type":"ListItem","position":1,"name":"Home","item":"https:\/\/dmcsrb.com\/"},{"@type":"ListItem","position":2,"name":"Evropska ku\u0107a: \u0106emovsko polje \u2013 od divlje deponije do ure\u0111enog javnog prostora"}]},{"@type":"WebSite","@id":"https:\/\/dmcsrb.com\/#website","url":"https:\/\/dmcsrb.com\/","name":"dmcsrb.com","description":"","potentialAction":[{"@type":"SearchAction","target":{"@type":"EntryPoint","urlTemplate":"https:\/\/dmcsrb.com\/?s={search_term_string}"},"query-input":{"@type":"PropertyValueSpecification","valueRequired":true,"valueName":"search_term_string"}}],"inLanguage":"en-GB"},{"@type":"Person","@id":"https:\/\/dmcsrb.com\/#\/schema\/person\/5c39170f12db1b8b457732d0b5c854e2","name":"dmcsrbija.com@gmail.com","image":{"@type":"ImageObject","inLanguage":"en-GB","@id":"https:\/\/secure.gravatar.com\/avatar\/68592660ad6347fad0fb587f8d5d8f1a7b44961362f56e4f2cd524feb87e9069?s=96&d=mm&r=g","url":"https:\/\/secure.gravatar.com\/avatar\/68592660ad6347fad0fb587f8d5d8f1a7b44961362f56e4f2cd524feb87e9069?s=96&d=mm&r=g","contentUrl":"https:\/\/secure.gravatar.com\/avatar\/68592660ad6347fad0fb587f8d5d8f1a7b44961362f56e4f2cd524feb87e9069?s=96&d=mm&r=g","caption":"dmcsrbija.com@gmail.com"},"sameAs":["https:\/\/dmcsrb.com"],"url":"https:\/\/dmcsrb.com\/en\/author\/dmcsrbija-comgmail-com\/"}]}},"_links":{"self":[{"href":"https:\/\/dmcsrb.com\/en\/wp-json\/wp\/v2\/posts\/950864","targetHints":{"allow":["GET"]}}],"collection":[{"href":"https:\/\/dmcsrb.com\/en\/wp-json\/wp\/v2\/posts"}],"about":[{"href":"https:\/\/dmcsrb.com\/en\/wp-json\/wp\/v2\/types\/post"}],"author":[{"embeddable":true,"href":"https:\/\/dmcsrb.com\/en\/wp-json\/wp\/v2\/users\/1"}],"replies":[{"embeddable":true,"href":"https:\/\/dmcsrb.com\/en\/wp-json\/wp\/v2\/comments?post=950864"}],"version-history":[{"count":0,"href":"https:\/\/dmcsrb.com\/en\/wp-json\/wp\/v2\/posts\/950864\/revisions"}],"wp:featuredmedia":[{"embeddable":true,"href":"https:\/\/dmcsrb.com\/en\/wp-json\/wp\/v2\/media\/950865"}],"wp:attachment":[{"href":"https:\/\/dmcsrb.com\/en\/wp-json\/wp\/v2\/media?parent=950864"}],"wp:term":[{"taxonomy":"category","embeddable":true,"href":"https:\/\/dmcsrb.com\/en\/wp-json\/wp\/v2\/categories?post=950864"},{"taxonomy":"post_tag","embeddable":true,"href":"https:\/\/dmcsrb.com\/en\/wp-json\/wp\/v2\/tags?post=950864"},{"taxonomy":"naslovna","embeddable":true,"href":"https:\/\/dmcsrb.com\/en\/wp-json\/wp\/v2\/naslovna?post=950864"}],"curies":[{"name":"wp","href":"https:\/\/api.w.org\/{rel}","templated":true}]}}