{"id":950856,"date":"2025-09-08T12:05:00","date_gmt":"2025-09-08T10:05:00","guid":{"rendered":"https:\/\/dmcsrb.com\/uncategorized\/skupstina-nizom-aktivnosti-obiljezava-dan-ekoloske-drzave\/"},"modified":"2025-09-08T12:05:00","modified_gmt":"2025-09-08T10:05:00","slug":"skupstina-nizom-aktivnosti-obiljezava-dan-ekoloske-drzave","status":"publish","type":"post","link":"https:\/\/dmcsrb.com\/en\/drustvo\/skupstina-nizom-aktivnosti-obiljezava-dan-ekoloske-drzave\/","title":{"rendered":"Skup\u0161tina nizom aktivnosti obilje\u017eava Dan ekolo\u0161ke dr\u017eave"},"content":{"rendered":"<p><\/p>\n\n\n\n<p><\/p>\n\n\n\n<p><\/p>\n\n\n\n<p>\u201cProjekat podrazumijeva prikupljanje plasti\u010dnog otpada, koji \u0107e biti recikliran i iskori\u0161\u0107en za izradu korisnih predmeta za javne prostore putem savremenih 3D tehnologija\u201d, pojasnili su u saop\u0161tenju.<\/p>\n\n\n\n<p>Inicijativa \u0107e, kako su naveli, trajati od 9. do 20. septembra, a bi\u0107e obilje\u017eena sve\u010danim otvaranjima i panel diskusijama u tri crnogorska grada, uz prisustvo predsjednika op\u0161tina, poslanika Odbora za turizam, poljoprivredu, ekologiju i prostorno planiranje, \u010dlanova Zelene poslani\u010dke grupe, kao i partnera projekta.<\/p>\n\n\n\n<p>\u201cPrva u nizu aktivnosti, po\u010de\u0107e u utorak, 9. septembra u Mojkovcu (10.30 sati), kada \u0107e na Sportsko-rekreativnoj zoni \u2013 Pasarela (nekada\u0161nje Jalovi\u0161te), biti prezentovan kontejner za odlaganje plastike, a potom \u0107e uslijediti panel \u201eLjudska prava u kontekstu potreba lokalne zajednice\u201c, sa posebnom temom: \u201eZelena vizija Mojkovca izme\u0111u naslje\u0111a i mogu\u0107nosti \u2013 izazovi i \u0161anse ekolo\u0161ke Crne Gore\u201d\u201d, kazali su.<\/p>\n\n\n\n<figure class=\"wp-block-image\" id=\"attachment_2446399\"><img decoding=\"async\" src=\"https:\/\/www.cdm.me\/wp-content\/uploads\/2025\/09\/Agenda-Mojkovac.jpeg\" alt=\"\" class=\"wp-image-2446399\"\/><figcaption class=\"wp-element-caption\">Foto: Skup\u0161tina Crne Gore<\/figcaption><\/figure>\n\n\n\n<p>Skup \u0107e, kako su dodali, otvoriti predsjednik op\u0161tine Mojkovac&nbsp;<strong>Vesko Deli\u0107<\/strong>&nbsp; i generalni sekretar Skup\u0161tine&nbsp;<strong>Boban Stani\u0161i\u0107,&nbsp;<\/strong>nakon \u010dega \u0107e se obratiti predsjednik Odbora za turizam, poljoprivredu, ekologiju i prostorno planiranje<strong>&nbsp;<\/strong>i \u010dlan Zelene poslani\u010dke grupe&nbsp;<strong>Dejan \u0110urovi\u0107<\/strong>&nbsp; i redovni profesor Filozofskog fakulteta Univerziteta Crne Gore&nbsp;<strong>Milutin Lje\u0161evi\u0107<\/strong>.<\/p>\n\n\n\n<p>\u201cNakon Mojkovca, projektne aktivnosti i paneli bi\u0107e organizovani i u op\u0161tinama Danilovgrad (16. septembra) i Kotor (18. septembra), dok \u0107e zavr\u0161ni doga\u0111aj \u2013 centralni panel \u2013 biti odr\u017ean 20. septembra u Ulcinju\u201d, istakli su.<\/p>\n\n\n\n<p>Kako su zaklju\u010dili, partneri Skup\u0161tine u ovoj inicijativi su Ministarstvo ekologije, odr\u017eivog razvoja i razvoja sjevera, Ministarstvo prosvjete, nauke i inovacija, op\u0161tine Mojkovac, Danilovgrad i Kotor, preduze\u0107e Deponija d.o.o. Podgorica, doma\u0107i inovator \u201e3D soba\u201c, uz podr\u0161ku Programa Ujedinjenih nacija za razvoj (UNDP) u Crnoj Gori.<\/p>","protected":false},"excerpt":{"rendered":"<p>Povodom Dana ekolo\u0161ke dr\u017eave, 20. septembra, Skup\u0161tina Crne Gore pokre\u0107e pilot\u2013projekat kojim se gra\u0111ani podsti\u010du na aktivno u\u010de\u0161\u0107e u za\u0161titi \u017eivotne sredine.<\/p>","protected":false},"author":1,"featured_media":950857,"comment_status":"open","ping_status":"open","sticky":false,"template":"","format":"standard","meta":{"_acf_changed":false,"footnotes":""},"categories":[2],"tags":[7336,4014],"naslovna":[],"class_list":["post-950856","post","type-post","status-publish","format-standard","has-post-thumbnail","hentry","category-drustvo","tag-dan-ekoloske-drzave","tag-scg"],"acf":[],"yoast_head":"<!-- This site is optimized with the Yoast SEO plugin v27.4 - https:\/\/yoast.com\/product\/yoast-seo-wordpress\/ -->\n<title>Skup\u0161tina nizom aktivnosti obilje\u017eava Dan ekolo\u0161ke dr\u017eave - dmcsrb.com<\/title>\n<meta name=\"robots\" content=\"index, follow, max-snippet:-1, max-image-preview:large, max-video-preview:-1\" \/>\n<link rel=\"canonical\" href=\"https:\/\/dmcsrb.com\/en\/drustvo\/skupstina-nizom-aktivnosti-obiljezava-dan-ekoloske-drzave\/\" \/>\n<meta property=\"og:locale\" content=\"en_GB\" \/>\n<meta property=\"og:type\" content=\"article\" \/>\n<meta property=\"og:title\" content=\"Skup\u0161tina nizom aktivnosti obilje\u017eava Dan ekolo\u0161ke dr\u017eave - dmcsrb.com\" \/>\n<meta property=\"og:description\" content=\"Povodom Dana ekolo\u0161ke dr\u017eave, 20. septembra, Skup\u0161tina Crne Gore pokre\u0107e pilot\u2013projekat kojim se gra\u0111ani podsti\u010du na aktivno u\u010de\u0161\u0107e u za\u0161titi \u017eivotne sredine.\" \/>\n<meta property=\"og:url\" content=\"https:\/\/dmcsrb.com\/en\/drustvo\/skupstina-nizom-aktivnosti-obiljezava-dan-ekoloske-drzave\/\" \/>\n<meta property=\"og:site_name\" content=\"dmcsrb.com\" \/>\n<meta property=\"article:published_time\" content=\"2025-09-08T10:05:00+00:00\" \/>\n<meta property=\"og:image\" content=\"https:\/\/dmcsrb.com\/wp-content\/uploads\/2026\/01\/ekoloska-1.webp\" \/>\n\t<meta property=\"og:image:width\" content=\"1074\" \/>\n\t<meta property=\"og:image:height\" content=\"1600\" \/>\n\t<meta property=\"og:image:type\" content=\"image\/jpeg\" \/>\n<meta name=\"author\" content=\"dmcsrbija.com@gmail.com\" \/>\n<meta name=\"twitter:card\" content=\"summary_large_image\" \/>\n<meta name=\"twitter:label1\" content=\"Written by\" \/>\n\t<meta name=\"twitter:data1\" content=\"dmcsrbija.com@gmail.com\" \/>\n\t<meta name=\"twitter:label2\" content=\"Estimated reading time\" \/>\n\t<meta name=\"twitter:data2\" content=\"1 minute\" \/>\n<script type=\"application\/ld+json\" class=\"yoast-schema-graph\">{\"@context\":\"https:\\\/\\\/schema.org\",\"@graph\":[{\"@type\":\"Article\",\"@id\":\"https:\\\/\\\/dmcsrb.com\\\/drustvo\\\/skupstina-nizom-aktivnosti-obiljezava-dan-ekoloske-drzave\\\/#article\",\"isPartOf\":{\"@id\":\"https:\\\/\\\/dmcsrb.com\\\/drustvo\\\/skupstina-nizom-aktivnosti-obiljezava-dan-ekoloske-drzave\\\/\"},\"author\":{\"name\":\"dmcsrbija.com@gmail.com\",\"@id\":\"https:\\\/\\\/dmcsrb.com\\\/#\\\/schema\\\/person\\\/5c39170f12db1b8b457732d0b5c854e2\"},\"headline\":\"Skup\u0161tina nizom aktivnosti obilje\u017eava Dan ekolo\u0161ke dr\u017eave\",\"datePublished\":\"2025-09-08T10:05:00+00:00\",\"mainEntityOfPage\":{\"@id\":\"https:\\\/\\\/dmcsrb.com\\\/drustvo\\\/skupstina-nizom-aktivnosti-obiljezava-dan-ekoloske-drzave\\\/\"},\"wordCount\":304,\"commentCount\":0,\"image\":{\"@id\":\"https:\\\/\\\/dmcsrb.com\\\/drustvo\\\/skupstina-nizom-aktivnosti-obiljezava-dan-ekoloske-drzave\\\/#primaryimage\"},\"thumbnailUrl\":\"https:\\\/\\\/dmcsrb.com\\\/wp-content\\\/uploads\\\/2026\\\/01\\\/ekoloska-1.webp\",\"keywords\":[\"Dan ekolo\u0161ke dr\u017eave\",\"SCG\"],\"articleSection\":[\"Dru\u0161tvo\"],\"inLanguage\":\"en-GB\",\"potentialAction\":[{\"@type\":\"CommentAction\",\"name\":\"Comment\",\"target\":[\"https:\\\/\\\/dmcsrb.com\\\/drustvo\\\/skupstina-nizom-aktivnosti-obiljezava-dan-ekoloske-drzave\\\/#respond\"]}]},{\"@type\":\"WebPage\",\"@id\":\"https:\\\/\\\/dmcsrb.com\\\/drustvo\\\/skupstina-nizom-aktivnosti-obiljezava-dan-ekoloske-drzave\\\/\",\"url\":\"https:\\\/\\\/dmcsrb.com\\\/drustvo\\\/skupstina-nizom-aktivnosti-obiljezava-dan-ekoloske-drzave\\\/\",\"name\":\"Skup\u0161tina nizom aktivnosti obilje\u017eava Dan ekolo\u0161ke dr\u017eave - dmcsrb.com\",\"isPartOf\":{\"@id\":\"https:\\\/\\\/dmcsrb.com\\\/#website\"},\"primaryImageOfPage\":{\"@id\":\"https:\\\/\\\/dmcsrb.com\\\/drustvo\\\/skupstina-nizom-aktivnosti-obiljezava-dan-ekoloske-drzave\\\/#primaryimage\"},\"image\":{\"@id\":\"https:\\\/\\\/dmcsrb.com\\\/drustvo\\\/skupstina-nizom-aktivnosti-obiljezava-dan-ekoloske-drzave\\\/#primaryimage\"},\"thumbnailUrl\":\"https:\\\/\\\/dmcsrb.com\\\/wp-content\\\/uploads\\\/2026\\\/01\\\/ekoloska-1.webp\",\"datePublished\":\"2025-09-08T10:05:00+00:00\",\"author\":{\"@id\":\"https:\\\/\\\/dmcsrb.com\\\/#\\\/schema\\\/person\\\/5c39170f12db1b8b457732d0b5c854e2\"},\"breadcrumb\":{\"@id\":\"https:\\\/\\\/dmcsrb.com\\\/drustvo\\\/skupstina-nizom-aktivnosti-obiljezava-dan-ekoloske-drzave\\\/#breadcrumb\"},\"inLanguage\":\"en-GB\",\"potentialAction\":[{\"@type\":\"ReadAction\",\"target\":[\"https:\\\/\\\/dmcsrb.com\\\/drustvo\\\/skupstina-nizom-aktivnosti-obiljezava-dan-ekoloske-drzave\\\/\"]}]},{\"@type\":\"ImageObject\",\"inLanguage\":\"en-GB\",\"@id\":\"https:\\\/\\\/dmcsrb.com\\\/drustvo\\\/skupstina-nizom-aktivnosti-obiljezava-dan-ekoloske-drzave\\\/#primaryimage\",\"url\":\"https:\\\/\\\/dmcsrb.com\\\/wp-content\\\/uploads\\\/2026\\\/01\\\/ekoloska-1.webp\",\"contentUrl\":\"https:\\\/\\\/dmcsrb.com\\\/wp-content\\\/uploads\\\/2026\\\/01\\\/ekoloska-1.webp\",\"width\":1074,\"height\":1600},{\"@type\":\"BreadcrumbList\",\"@id\":\"https:\\\/\\\/dmcsrb.com\\\/drustvo\\\/skupstina-nizom-aktivnosti-obiljezava-dan-ekoloske-drzave\\\/#breadcrumb\",\"itemListElement\":[{\"@type\":\"ListItem\",\"position\":1,\"name\":\"Home\",\"item\":\"https:\\\/\\\/dmcsrb.com\\\/\"},{\"@type\":\"ListItem\",\"position\":2,\"name\":\"Skup\u0161tina nizom aktivnosti obilje\u017eava Dan ekolo\u0161ke dr\u017eave\"}]},{\"@type\":\"WebSite\",\"@id\":\"https:\\\/\\\/dmcsrb.com\\\/#website\",\"url\":\"https:\\\/\\\/dmcsrb.com\\\/\",\"name\":\"dmcsrb.com\",\"description\":\"\",\"potentialAction\":[{\"@type\":\"SearchAction\",\"target\":{\"@type\":\"EntryPoint\",\"urlTemplate\":\"https:\\\/\\\/dmcsrb.com\\\/?s={search_term_string}\"},\"query-input\":{\"@type\":\"PropertyValueSpecification\",\"valueRequired\":true,\"valueName\":\"search_term_string\"}}],\"inLanguage\":\"en-GB\"},{\"@type\":\"Person\",\"@id\":\"https:\\\/\\\/dmcsrb.com\\\/#\\\/schema\\\/person\\\/5c39170f12db1b8b457732d0b5c854e2\",\"name\":\"dmcsrbija.com@gmail.com\",\"image\":{\"@type\":\"ImageObject\",\"inLanguage\":\"en-GB\",\"@id\":\"https:\\\/\\\/secure.gravatar.com\\\/avatar\\\/68592660ad6347fad0fb587f8d5d8f1a7b44961362f56e4f2cd524feb87e9069?s=96&d=mm&r=g\",\"url\":\"https:\\\/\\\/secure.gravatar.com\\\/avatar\\\/68592660ad6347fad0fb587f8d5d8f1a7b44961362f56e4f2cd524feb87e9069?s=96&d=mm&r=g\",\"contentUrl\":\"https:\\\/\\\/secure.gravatar.com\\\/avatar\\\/68592660ad6347fad0fb587f8d5d8f1a7b44961362f56e4f2cd524feb87e9069?s=96&d=mm&r=g\",\"caption\":\"dmcsrbija.com@gmail.com\"},\"sameAs\":[\"https:\\\/\\\/dmcsrb.com\"],\"url\":\"https:\\\/\\\/dmcsrb.com\\\/en\\\/author\\\/dmcsrbija-comgmail-com\\\/\"}]}<\/script>\n<!-- \/ Yoast SEO plugin. -->","yoast_head_json":{"title":"Skup\u0161tina nizom aktivnosti obilje\u017eava Dan ekolo\u0161ke dr\u017eave - dmcsrb.com","robots":{"index":"index","follow":"follow","max-snippet":"max-snippet:-1","max-image-preview":"max-image-preview:large","max-video-preview":"max-video-preview:-1"},"canonical":"https:\/\/dmcsrb.com\/en\/drustvo\/skupstina-nizom-aktivnosti-obiljezava-dan-ekoloske-drzave\/","og_locale":"en_GB","og_type":"article","og_title":"Skup\u0161tina nizom aktivnosti obilje\u017eava Dan ekolo\u0161ke dr\u017eave - dmcsrb.com","og_description":"Povodom Dana ekolo\u0161ke dr\u017eave, 20. septembra, Skup\u0161tina Crne Gore pokre\u0107e pilot\u2013projekat kojim se gra\u0111ani podsti\u010du na aktivno u\u010de\u0161\u0107e u za\u0161titi \u017eivotne sredine.","og_url":"https:\/\/dmcsrb.com\/en\/drustvo\/skupstina-nizom-aktivnosti-obiljezava-dan-ekoloske-drzave\/","og_site_name":"dmcsrb.com","article_published_time":"2025-09-08T10:05:00+00:00","og_image":[{"width":1074,"height":1600,"url":"https:\/\/dmcsrb.com\/wp-content\/uploads\/2026\/01\/ekoloska-1.webp","type":"image\/jpeg"}],"author":"dmcsrbija.com@gmail.com","twitter_card":"summary_large_image","twitter_misc":{"Written by":"dmcsrbija.com@gmail.com","Estimated reading time":"1 minute"},"schema":{"@context":"https:\/\/schema.org","@graph":[{"@type":"Article","@id":"https:\/\/dmcsrb.com\/drustvo\/skupstina-nizom-aktivnosti-obiljezava-dan-ekoloske-drzave\/#article","isPartOf":{"@id":"https:\/\/dmcsrb.com\/drustvo\/skupstina-nizom-aktivnosti-obiljezava-dan-ekoloske-drzave\/"},"author":{"name":"dmcsrbija.com@gmail.com","@id":"https:\/\/dmcsrb.com\/#\/schema\/person\/5c39170f12db1b8b457732d0b5c854e2"},"headline":"Skup\u0161tina nizom aktivnosti obilje\u017eava Dan ekolo\u0161ke dr\u017eave","datePublished":"2025-09-08T10:05:00+00:00","mainEntityOfPage":{"@id":"https:\/\/dmcsrb.com\/drustvo\/skupstina-nizom-aktivnosti-obiljezava-dan-ekoloske-drzave\/"},"wordCount":304,"commentCount":0,"image":{"@id":"https:\/\/dmcsrb.com\/drustvo\/skupstina-nizom-aktivnosti-obiljezava-dan-ekoloske-drzave\/#primaryimage"},"thumbnailUrl":"https:\/\/dmcsrb.com\/wp-content\/uploads\/2026\/01\/ekoloska-1.webp","keywords":["Dan ekolo\u0161ke dr\u017eave","SCG"],"articleSection":["Dru\u0161tvo"],"inLanguage":"en-GB","potentialAction":[{"@type":"CommentAction","name":"Comment","target":["https:\/\/dmcsrb.com\/drustvo\/skupstina-nizom-aktivnosti-obiljezava-dan-ekoloske-drzave\/#respond"]}]},{"@type":"WebPage","@id":"https:\/\/dmcsrb.com\/drustvo\/skupstina-nizom-aktivnosti-obiljezava-dan-ekoloske-drzave\/","url":"https:\/\/dmcsrb.com\/drustvo\/skupstina-nizom-aktivnosti-obiljezava-dan-ekoloske-drzave\/","name":"Skup\u0161tina nizom aktivnosti obilje\u017eava Dan ekolo\u0161ke dr\u017eave - dmcsrb.com","isPartOf":{"@id":"https:\/\/dmcsrb.com\/#website"},"primaryImageOfPage":{"@id":"https:\/\/dmcsrb.com\/drustvo\/skupstina-nizom-aktivnosti-obiljezava-dan-ekoloske-drzave\/#primaryimage"},"image":{"@id":"https:\/\/dmcsrb.com\/drustvo\/skupstina-nizom-aktivnosti-obiljezava-dan-ekoloske-drzave\/#primaryimage"},"thumbnailUrl":"https:\/\/dmcsrb.com\/wp-content\/uploads\/2026\/01\/ekoloska-1.webp","datePublished":"2025-09-08T10:05:00+00:00","author":{"@id":"https:\/\/dmcsrb.com\/#\/schema\/person\/5c39170f12db1b8b457732d0b5c854e2"},"breadcrumb":{"@id":"https:\/\/dmcsrb.com\/drustvo\/skupstina-nizom-aktivnosti-obiljezava-dan-ekoloske-drzave\/#breadcrumb"},"inLanguage":"en-GB","potentialAction":[{"@type":"ReadAction","target":["https:\/\/dmcsrb.com\/drustvo\/skupstina-nizom-aktivnosti-obiljezava-dan-ekoloske-drzave\/"]}]},{"@type":"ImageObject","inLanguage":"en-GB","@id":"https:\/\/dmcsrb.com\/drustvo\/skupstina-nizom-aktivnosti-obiljezava-dan-ekoloske-drzave\/#primaryimage","url":"https:\/\/dmcsrb.com\/wp-content\/uploads\/2026\/01\/ekoloska-1.webp","contentUrl":"https:\/\/dmcsrb.com\/wp-content\/uploads\/2026\/01\/ekoloska-1.webp","width":1074,"height":1600},{"@type":"BreadcrumbList","@id":"https:\/\/dmcsrb.com\/drustvo\/skupstina-nizom-aktivnosti-obiljezava-dan-ekoloske-drzave\/#breadcrumb","itemListElement":[{"@type":"ListItem","position":1,"name":"Home","item":"https:\/\/dmcsrb.com\/"},{"@type":"ListItem","position":2,"name":"Skup\u0161tina nizom aktivnosti obilje\u017eava Dan ekolo\u0161ke dr\u017eave"}]},{"@type":"WebSite","@id":"https:\/\/dmcsrb.com\/#website","url":"https:\/\/dmcsrb.com\/","name":"dmcsrb.com","description":"","potentialAction":[{"@type":"SearchAction","target":{"@type":"EntryPoint","urlTemplate":"https:\/\/dmcsrb.com\/?s={search_term_string}"},"query-input":{"@type":"PropertyValueSpecification","valueRequired":true,"valueName":"search_term_string"}}],"inLanguage":"en-GB"},{"@type":"Person","@id":"https:\/\/dmcsrb.com\/#\/schema\/person\/5c39170f12db1b8b457732d0b5c854e2","name":"dmcsrbija.com@gmail.com","image":{"@type":"ImageObject","inLanguage":"en-GB","@id":"https:\/\/secure.gravatar.com\/avatar\/68592660ad6347fad0fb587f8d5d8f1a7b44961362f56e4f2cd524feb87e9069?s=96&d=mm&r=g","url":"https:\/\/secure.gravatar.com\/avatar\/68592660ad6347fad0fb587f8d5d8f1a7b44961362f56e4f2cd524feb87e9069?s=96&d=mm&r=g","contentUrl":"https:\/\/secure.gravatar.com\/avatar\/68592660ad6347fad0fb587f8d5d8f1a7b44961362f56e4f2cd524feb87e9069?s=96&d=mm&r=g","caption":"dmcsrbija.com@gmail.com"},"sameAs":["https:\/\/dmcsrb.com"],"url":"https:\/\/dmcsrb.com\/en\/author\/dmcsrbija-comgmail-com\/"}]}},"_links":{"self":[{"href":"https:\/\/dmcsrb.com\/en\/wp-json\/wp\/v2\/posts\/950856","targetHints":{"allow":["GET"]}}],"collection":[{"href":"https:\/\/dmcsrb.com\/en\/wp-json\/wp\/v2\/posts"}],"about":[{"href":"https:\/\/dmcsrb.com\/en\/wp-json\/wp\/v2\/types\/post"}],"author":[{"embeddable":true,"href":"https:\/\/dmcsrb.com\/en\/wp-json\/wp\/v2\/users\/1"}],"replies":[{"embeddable":true,"href":"https:\/\/dmcsrb.com\/en\/wp-json\/wp\/v2\/comments?post=950856"}],"version-history":[{"count":0,"href":"https:\/\/dmcsrb.com\/en\/wp-json\/wp\/v2\/posts\/950856\/revisions"}],"wp:featuredmedia":[{"embeddable":true,"href":"https:\/\/dmcsrb.com\/en\/wp-json\/wp\/v2\/media\/950857"}],"wp:attachment":[{"href":"https:\/\/dmcsrb.com\/en\/wp-json\/wp\/v2\/media?parent=950856"}],"wp:term":[{"taxonomy":"category","embeddable":true,"href":"https:\/\/dmcsrb.com\/en\/wp-json\/wp\/v2\/categories?post=950856"},{"taxonomy":"post_tag","embeddable":true,"href":"https:\/\/dmcsrb.com\/en\/wp-json\/wp\/v2\/tags?post=950856"},{"taxonomy":"naslovna","embeddable":true,"href":"https:\/\/dmcsrb.com\/en\/wp-json\/wp\/v2\/naslovna?post=950856"}],"curies":[{"name":"wp","href":"https:\/\/api.w.org\/{rel}","templated":true}]}}