{"id":950840,"date":"2025-09-08T09:17:18","date_gmt":"2025-09-08T07:17:18","guid":{"rendered":"https:\/\/dmcsrb.com\/uncategorized\/pucnjava-u-skadru-dvije-osobe-poginule-i-dvije-povrijedjene\/"},"modified":"2025-09-08T09:17:18","modified_gmt":"2025-09-08T07:17:18","slug":"pucnjava-u-skadru-dvije-osobe-poginule-i-dvije-povrijedjene","status":"publish","type":"post","link":"https:\/\/dmcsrb.com\/en\/hronika\/pucnjava-u-skadru-dvije-osobe-poginule-i-dvije-povrijedjene\/","title":{"rendered":"Pucnjava u Skadru: Dvije osobe poginule i dvije povrije\u0111ene"},"content":{"rendered":"<p><\/p>\n\n\n\n<p><\/p>\n\n\n\n<p><strong>E.V.<\/strong>&nbsp;(43), zadobio je te\u0161ke povrede i trenutno se nalazi pod nadzorom ljekara, dok je u pucnjavi&nbsp;<strong>M.K.<\/strong>&nbsp;(25), lak\u0161e povrije\u0111ena.<\/p>\n\n\n\n<p>Na licu mjesta preminuo je A.P. dok je u Regionalnoj bolnici u Skadru od posljedica ranjavanja preminuo L.K. (31).<\/p>\n\n\n\n<p>Policijske slu\u017ebe su odmah reagovale i zapo\u010dele potragu za po\u010diniocem. Nakon nekoliko minuta potjere, R.G. je uhap\u0161en, a policija je zaplijenila automatsku pu\u0161ku koju je koristio prilikom napada.<\/p>\n\n\n\n<p>Grupa istra\u017eitelja, pod nadzorom tu\u017eila\u0161tva, nastavlja rad na rasvjetljavanju svih okolnosti doga\u0111aja, saop\u0161tila je policija.<\/p>","protected":false},"excerpt":{"rendered":"<p>U naselju \u201c\u0106emalj Stafa\u201d u Skadru jutros je do\u0161lo do pucnjave u ba\u0161ti jednog lokala. Prema informacijama iz policije, sumnja se da je\u00a0R.G.\u00a0otvorio vatru, pri \u010demu su povrije\u0111ene dvije osobe, dok su jo\u0161 dvije izgubile \u017eivot, prenosi Reporteri.<\/p>","protected":false},"author":1,"featured_media":950841,"comment_status":"open","ping_status":"open","sticky":false,"template":"","format":"standard","meta":{"_acf_changed":false,"footnotes":""},"categories":[17],"tags":[2084,7332],"naslovna":[],"class_list":["post-950840","post","type-post","status-publish","format-standard","has-post-thumbnail","hentry","category-hronika","tag-pucnjava","tag-skadar"],"acf":[],"yoast_head":"<!-- This site is optimized with the Yoast SEO plugin v27.4 - https:\/\/yoast.com\/product\/yoast-seo-wordpress\/ -->\n<title>Pucnjava u Skadru: Dvije osobe poginule i dvije povrije\u0111ene - dmcsrb.com<\/title>\n<meta name=\"robots\" content=\"index, follow, max-snippet:-1, max-image-preview:large, max-video-preview:-1\" \/>\n<link rel=\"canonical\" href=\"https:\/\/dmcsrb.com\/en\/hronika\/pucnjava-u-skadru-dvije-osobe-poginule-i-dvije-povrijedjene\/\" \/>\n<meta property=\"og:locale\" content=\"en_GB\" \/>\n<meta property=\"og:type\" content=\"article\" \/>\n<meta property=\"og:title\" content=\"Pucnjava u Skadru: Dvije osobe poginule i dvije povrije\u0111ene - dmcsrb.com\" \/>\n<meta property=\"og:description\" content=\"U naselju \u201c\u0106emalj Stafa\u201d u Skadru jutros je do\u0161lo do pucnjave u ba\u0161ti jednog lokala. Prema informacijama iz policije, sumnja se da je\u00a0R.G.\u00a0otvorio vatru, pri \u010demu su povrije\u0111ene dvije osobe, dok su jo\u0161 dvije izgubile \u017eivot, prenosi Reporteri.\" \/>\n<meta property=\"og:url\" content=\"https:\/\/dmcsrb.com\/en\/hronika\/pucnjava-u-skadru-dvije-osobe-poginule-i-dvije-povrijedjene\/\" \/>\n<meta property=\"og:site_name\" content=\"dmcsrb.com\" \/>\n<meta property=\"article:published_time\" content=\"2025-09-08T07:17:18+00:00\" \/>\n<meta property=\"og:image\" content=\"https:\/\/dmcsrb.com\/wp-content\/uploads\/2026\/01\/skadar_6.webp\" \/>\n\t<meta property=\"og:image:width\" content=\"775\" \/>\n\t<meta property=\"og:image:height\" content=\"436\" \/>\n\t<meta property=\"og:image:type\" content=\"image\/jpeg\" \/>\n<meta name=\"author\" content=\"dmcsrbija.com@gmail.com\" \/>\n<meta name=\"twitter:card\" content=\"summary_large_image\" \/>\n<meta name=\"twitter:label1\" content=\"Written by\" \/>\n\t<meta name=\"twitter:data1\" content=\"dmcsrbija.com@gmail.com\" \/>\n\t<meta name=\"twitter:label2\" content=\"Estimated reading time\" \/>\n\t<meta name=\"twitter:data2\" content=\"1 minute\" \/>\n<script type=\"application\/ld+json\" class=\"yoast-schema-graph\">{\"@context\":\"https:\\\/\\\/schema.org\",\"@graph\":[{\"@type\":\"Article\",\"@id\":\"https:\\\/\\\/dmcsrb.com\\\/hronika\\\/pucnjava-u-skadru-dvije-osobe-poginule-i-dvije-povrijedjene\\\/#article\",\"isPartOf\":{\"@id\":\"https:\\\/\\\/dmcsrb.com\\\/hronika\\\/pucnjava-u-skadru-dvije-osobe-poginule-i-dvije-povrijedjene\\\/\"},\"author\":{\"name\":\"dmcsrbija.com@gmail.com\",\"@id\":\"https:\\\/\\\/dmcsrb.com\\\/#\\\/schema\\\/person\\\/5c39170f12db1b8b457732d0b5c854e2\"},\"headline\":\"Pucnjava u Skadru: Dvije osobe poginule i dvije povrije\u0111ene\",\"datePublished\":\"2025-09-08T07:17:18+00:00\",\"mainEntityOfPage\":{\"@id\":\"https:\\\/\\\/dmcsrb.com\\\/hronika\\\/pucnjava-u-skadru-dvije-osobe-poginule-i-dvije-povrijedjene\\\/\"},\"wordCount\":111,\"commentCount\":0,\"image\":{\"@id\":\"https:\\\/\\\/dmcsrb.com\\\/hronika\\\/pucnjava-u-skadru-dvije-osobe-poginule-i-dvije-povrijedjene\\\/#primaryimage\"},\"thumbnailUrl\":\"https:\\\/\\\/dmcsrb.com\\\/wp-content\\\/uploads\\\/2026\\\/01\\\/skadar_6.webp\",\"keywords\":[\"pucnjava\",\"skadar\"],\"articleSection\":[\"Hronika\"],\"inLanguage\":\"en-GB\",\"potentialAction\":[{\"@type\":\"CommentAction\",\"name\":\"Comment\",\"target\":[\"https:\\\/\\\/dmcsrb.com\\\/hronika\\\/pucnjava-u-skadru-dvije-osobe-poginule-i-dvije-povrijedjene\\\/#respond\"]}]},{\"@type\":\"WebPage\",\"@id\":\"https:\\\/\\\/dmcsrb.com\\\/hronika\\\/pucnjava-u-skadru-dvije-osobe-poginule-i-dvije-povrijedjene\\\/\",\"url\":\"https:\\\/\\\/dmcsrb.com\\\/hronika\\\/pucnjava-u-skadru-dvije-osobe-poginule-i-dvije-povrijedjene\\\/\",\"name\":\"Pucnjava u Skadru: Dvije osobe poginule i dvije povrije\u0111ene - dmcsrb.com\",\"isPartOf\":{\"@id\":\"https:\\\/\\\/dmcsrb.com\\\/#website\"},\"primaryImageOfPage\":{\"@id\":\"https:\\\/\\\/dmcsrb.com\\\/hronika\\\/pucnjava-u-skadru-dvije-osobe-poginule-i-dvije-povrijedjene\\\/#primaryimage\"},\"image\":{\"@id\":\"https:\\\/\\\/dmcsrb.com\\\/hronika\\\/pucnjava-u-skadru-dvije-osobe-poginule-i-dvije-povrijedjene\\\/#primaryimage\"},\"thumbnailUrl\":\"https:\\\/\\\/dmcsrb.com\\\/wp-content\\\/uploads\\\/2026\\\/01\\\/skadar_6.webp\",\"datePublished\":\"2025-09-08T07:17:18+00:00\",\"author\":{\"@id\":\"https:\\\/\\\/dmcsrb.com\\\/#\\\/schema\\\/person\\\/5c39170f12db1b8b457732d0b5c854e2\"},\"breadcrumb\":{\"@id\":\"https:\\\/\\\/dmcsrb.com\\\/hronika\\\/pucnjava-u-skadru-dvije-osobe-poginule-i-dvije-povrijedjene\\\/#breadcrumb\"},\"inLanguage\":\"en-GB\",\"potentialAction\":[{\"@type\":\"ReadAction\",\"target\":[\"https:\\\/\\\/dmcsrb.com\\\/hronika\\\/pucnjava-u-skadru-dvije-osobe-poginule-i-dvije-povrijedjene\\\/\"]}]},{\"@type\":\"ImageObject\",\"inLanguage\":\"en-GB\",\"@id\":\"https:\\\/\\\/dmcsrb.com\\\/hronika\\\/pucnjava-u-skadru-dvije-osobe-poginule-i-dvije-povrijedjene\\\/#primaryimage\",\"url\":\"https:\\\/\\\/dmcsrb.com\\\/wp-content\\\/uploads\\\/2026\\\/01\\\/skadar_6.webp\",\"contentUrl\":\"https:\\\/\\\/dmcsrb.com\\\/wp-content\\\/uploads\\\/2026\\\/01\\\/skadar_6.webp\",\"width\":775,\"height\":436},{\"@type\":\"BreadcrumbList\",\"@id\":\"https:\\\/\\\/dmcsrb.com\\\/hronika\\\/pucnjava-u-skadru-dvije-osobe-poginule-i-dvije-povrijedjene\\\/#breadcrumb\",\"itemListElement\":[{\"@type\":\"ListItem\",\"position\":1,\"name\":\"Home\",\"item\":\"https:\\\/\\\/dmcsrb.com\\\/\"},{\"@type\":\"ListItem\",\"position\":2,\"name\":\"Pucnjava u Skadru: Dvije osobe poginule i dvije povrije\u0111ene\"}]},{\"@type\":\"WebSite\",\"@id\":\"https:\\\/\\\/dmcsrb.com\\\/#website\",\"url\":\"https:\\\/\\\/dmcsrb.com\\\/\",\"name\":\"dmcsrb.com\",\"description\":\"\",\"potentialAction\":[{\"@type\":\"SearchAction\",\"target\":{\"@type\":\"EntryPoint\",\"urlTemplate\":\"https:\\\/\\\/dmcsrb.com\\\/?s={search_term_string}\"},\"query-input\":{\"@type\":\"PropertyValueSpecification\",\"valueRequired\":true,\"valueName\":\"search_term_string\"}}],\"inLanguage\":\"en-GB\"},{\"@type\":\"Person\",\"@id\":\"https:\\\/\\\/dmcsrb.com\\\/#\\\/schema\\\/person\\\/5c39170f12db1b8b457732d0b5c854e2\",\"name\":\"dmcsrbija.com@gmail.com\",\"image\":{\"@type\":\"ImageObject\",\"inLanguage\":\"en-GB\",\"@id\":\"https:\\\/\\\/secure.gravatar.com\\\/avatar\\\/68592660ad6347fad0fb587f8d5d8f1a7b44961362f56e4f2cd524feb87e9069?s=96&d=mm&r=g\",\"url\":\"https:\\\/\\\/secure.gravatar.com\\\/avatar\\\/68592660ad6347fad0fb587f8d5d8f1a7b44961362f56e4f2cd524feb87e9069?s=96&d=mm&r=g\",\"contentUrl\":\"https:\\\/\\\/secure.gravatar.com\\\/avatar\\\/68592660ad6347fad0fb587f8d5d8f1a7b44961362f56e4f2cd524feb87e9069?s=96&d=mm&r=g\",\"caption\":\"dmcsrbija.com@gmail.com\"},\"sameAs\":[\"https:\\\/\\\/dmcsrb.com\"],\"url\":\"https:\\\/\\\/dmcsrb.com\\\/en\\\/author\\\/dmcsrbija-comgmail-com\\\/\"}]}<\/script>\n<!-- \/ Yoast SEO plugin. -->","yoast_head_json":{"title":"Pucnjava u Skadru: Dvije osobe poginule i dvije povrije\u0111ene - dmcsrb.com","robots":{"index":"index","follow":"follow","max-snippet":"max-snippet:-1","max-image-preview":"max-image-preview:large","max-video-preview":"max-video-preview:-1"},"canonical":"https:\/\/dmcsrb.com\/en\/hronika\/pucnjava-u-skadru-dvije-osobe-poginule-i-dvije-povrijedjene\/","og_locale":"en_GB","og_type":"article","og_title":"Pucnjava u Skadru: Dvije osobe poginule i dvije povrije\u0111ene - dmcsrb.com","og_description":"U naselju \u201c\u0106emalj Stafa\u201d u Skadru jutros je do\u0161lo do pucnjave u ba\u0161ti jednog lokala. Prema informacijama iz policije, sumnja se da je\u00a0R.G.\u00a0otvorio vatru, pri \u010demu su povrije\u0111ene dvije osobe, dok su jo\u0161 dvije izgubile \u017eivot, prenosi Reporteri.","og_url":"https:\/\/dmcsrb.com\/en\/hronika\/pucnjava-u-skadru-dvije-osobe-poginule-i-dvije-povrijedjene\/","og_site_name":"dmcsrb.com","article_published_time":"2025-09-08T07:17:18+00:00","og_image":[{"width":775,"height":436,"url":"https:\/\/dmcsrb.com\/wp-content\/uploads\/2026\/01\/skadar_6.webp","type":"image\/jpeg"}],"author":"dmcsrbija.com@gmail.com","twitter_card":"summary_large_image","twitter_misc":{"Written by":"dmcsrbija.com@gmail.com","Estimated reading time":"1 minute"},"schema":{"@context":"https:\/\/schema.org","@graph":[{"@type":"Article","@id":"https:\/\/dmcsrb.com\/hronika\/pucnjava-u-skadru-dvije-osobe-poginule-i-dvije-povrijedjene\/#article","isPartOf":{"@id":"https:\/\/dmcsrb.com\/hronika\/pucnjava-u-skadru-dvije-osobe-poginule-i-dvije-povrijedjene\/"},"author":{"name":"dmcsrbija.com@gmail.com","@id":"https:\/\/dmcsrb.com\/#\/schema\/person\/5c39170f12db1b8b457732d0b5c854e2"},"headline":"Pucnjava u Skadru: Dvije osobe poginule i dvije povrije\u0111ene","datePublished":"2025-09-08T07:17:18+00:00","mainEntityOfPage":{"@id":"https:\/\/dmcsrb.com\/hronika\/pucnjava-u-skadru-dvije-osobe-poginule-i-dvije-povrijedjene\/"},"wordCount":111,"commentCount":0,"image":{"@id":"https:\/\/dmcsrb.com\/hronika\/pucnjava-u-skadru-dvije-osobe-poginule-i-dvije-povrijedjene\/#primaryimage"},"thumbnailUrl":"https:\/\/dmcsrb.com\/wp-content\/uploads\/2026\/01\/skadar_6.webp","keywords":["pucnjava","skadar"],"articleSection":["Hronika"],"inLanguage":"en-GB","potentialAction":[{"@type":"CommentAction","name":"Comment","target":["https:\/\/dmcsrb.com\/hronika\/pucnjava-u-skadru-dvije-osobe-poginule-i-dvije-povrijedjene\/#respond"]}]},{"@type":"WebPage","@id":"https:\/\/dmcsrb.com\/hronika\/pucnjava-u-skadru-dvije-osobe-poginule-i-dvije-povrijedjene\/","url":"https:\/\/dmcsrb.com\/hronika\/pucnjava-u-skadru-dvije-osobe-poginule-i-dvije-povrijedjene\/","name":"Pucnjava u Skadru: Dvije osobe poginule i dvije povrije\u0111ene - dmcsrb.com","isPartOf":{"@id":"https:\/\/dmcsrb.com\/#website"},"primaryImageOfPage":{"@id":"https:\/\/dmcsrb.com\/hronika\/pucnjava-u-skadru-dvije-osobe-poginule-i-dvije-povrijedjene\/#primaryimage"},"image":{"@id":"https:\/\/dmcsrb.com\/hronika\/pucnjava-u-skadru-dvije-osobe-poginule-i-dvije-povrijedjene\/#primaryimage"},"thumbnailUrl":"https:\/\/dmcsrb.com\/wp-content\/uploads\/2026\/01\/skadar_6.webp","datePublished":"2025-09-08T07:17:18+00:00","author":{"@id":"https:\/\/dmcsrb.com\/#\/schema\/person\/5c39170f12db1b8b457732d0b5c854e2"},"breadcrumb":{"@id":"https:\/\/dmcsrb.com\/hronika\/pucnjava-u-skadru-dvije-osobe-poginule-i-dvije-povrijedjene\/#breadcrumb"},"inLanguage":"en-GB","potentialAction":[{"@type":"ReadAction","target":["https:\/\/dmcsrb.com\/hronika\/pucnjava-u-skadru-dvije-osobe-poginule-i-dvije-povrijedjene\/"]}]},{"@type":"ImageObject","inLanguage":"en-GB","@id":"https:\/\/dmcsrb.com\/hronika\/pucnjava-u-skadru-dvije-osobe-poginule-i-dvije-povrijedjene\/#primaryimage","url":"https:\/\/dmcsrb.com\/wp-content\/uploads\/2026\/01\/skadar_6.webp","contentUrl":"https:\/\/dmcsrb.com\/wp-content\/uploads\/2026\/01\/skadar_6.webp","width":775,"height":436},{"@type":"BreadcrumbList","@id":"https:\/\/dmcsrb.com\/hronika\/pucnjava-u-skadru-dvije-osobe-poginule-i-dvije-povrijedjene\/#breadcrumb","itemListElement":[{"@type":"ListItem","position":1,"name":"Home","item":"https:\/\/dmcsrb.com\/"},{"@type":"ListItem","position":2,"name":"Pucnjava u Skadru: Dvije osobe poginule i dvije povrije\u0111ene"}]},{"@type":"WebSite","@id":"https:\/\/dmcsrb.com\/#website","url":"https:\/\/dmcsrb.com\/","name":"dmcsrb.com","description":"","potentialAction":[{"@type":"SearchAction","target":{"@type":"EntryPoint","urlTemplate":"https:\/\/dmcsrb.com\/?s={search_term_string}"},"query-input":{"@type":"PropertyValueSpecification","valueRequired":true,"valueName":"search_term_string"}}],"inLanguage":"en-GB"},{"@type":"Person","@id":"https:\/\/dmcsrb.com\/#\/schema\/person\/5c39170f12db1b8b457732d0b5c854e2","name":"dmcsrbija.com@gmail.com","image":{"@type":"ImageObject","inLanguage":"en-GB","@id":"https:\/\/secure.gravatar.com\/avatar\/68592660ad6347fad0fb587f8d5d8f1a7b44961362f56e4f2cd524feb87e9069?s=96&d=mm&r=g","url":"https:\/\/secure.gravatar.com\/avatar\/68592660ad6347fad0fb587f8d5d8f1a7b44961362f56e4f2cd524feb87e9069?s=96&d=mm&r=g","contentUrl":"https:\/\/secure.gravatar.com\/avatar\/68592660ad6347fad0fb587f8d5d8f1a7b44961362f56e4f2cd524feb87e9069?s=96&d=mm&r=g","caption":"dmcsrbija.com@gmail.com"},"sameAs":["https:\/\/dmcsrb.com"],"url":"https:\/\/dmcsrb.com\/en\/author\/dmcsrbija-comgmail-com\/"}]}},"_links":{"self":[{"href":"https:\/\/dmcsrb.com\/en\/wp-json\/wp\/v2\/posts\/950840","targetHints":{"allow":["GET"]}}],"collection":[{"href":"https:\/\/dmcsrb.com\/en\/wp-json\/wp\/v2\/posts"}],"about":[{"href":"https:\/\/dmcsrb.com\/en\/wp-json\/wp\/v2\/types\/post"}],"author":[{"embeddable":true,"href":"https:\/\/dmcsrb.com\/en\/wp-json\/wp\/v2\/users\/1"}],"replies":[{"embeddable":true,"href":"https:\/\/dmcsrb.com\/en\/wp-json\/wp\/v2\/comments?post=950840"}],"version-history":[{"count":0,"href":"https:\/\/dmcsrb.com\/en\/wp-json\/wp\/v2\/posts\/950840\/revisions"}],"wp:featuredmedia":[{"embeddable":true,"href":"https:\/\/dmcsrb.com\/en\/wp-json\/wp\/v2\/media\/950841"}],"wp:attachment":[{"href":"https:\/\/dmcsrb.com\/en\/wp-json\/wp\/v2\/media?parent=950840"}],"wp:term":[{"taxonomy":"category","embeddable":true,"href":"https:\/\/dmcsrb.com\/en\/wp-json\/wp\/v2\/categories?post=950840"},{"taxonomy":"post_tag","embeddable":true,"href":"https:\/\/dmcsrb.com\/en\/wp-json\/wp\/v2\/tags?post=950840"},{"taxonomy":"naslovna","embeddable":true,"href":"https:\/\/dmcsrb.com\/en\/wp-json\/wp\/v2\/naslovna?post=950840"}],"curies":[{"name":"wp","href":"https:\/\/api.w.org\/{rel}","templated":true}]}}