{"id":950802,"date":"2025-09-08T06:10:00","date_gmt":"2025-09-08T04:10:00","guid":{"rendered":"https:\/\/dmcsrb.com\/uncategorized\/blokirani-dug-na-racunima-crnogorskih-preduzeca-premasio-milijardu-i-po-eura\/"},"modified":"2025-09-08T06:10:00","modified_gmt":"2025-09-08T04:10:00","slug":"blokirani-dug-na-racunima-crnogorskih-preduzeca-premasio-milijardu-i-po-eura","status":"publish","type":"post","link":"https:\/\/dmcsrb.com\/en\/ekonomija\/blokirani-dug-na-racunima-crnogorskih-preduzeca-premasio-milijardu-i-po-eura\/","title":{"rendered":"Blokirani dug na ra\u010dunima crnogorskih preduze\u0107a prema\u0161io milijardu i po eura"},"content":{"rendered":"<p>U Crnoj Gori je na kraju decembra 2020. godine u blokadi bilo 18.850 preduze\u0107a i preduzetnika. Ukupan iznos duga na osnovu kojeg su blokirani ra\u010duni na kraju 2020. godine je iznosio 771,21 milion eura.<\/p>\n\n\n\n<p><strong>Izazovi<\/strong><\/p>\n\n\n\n<p>Predsjednik skup\u0161tinskog odbora za ekonomiju, finansije i bud\u017eet i poslanik Socijaldemokrata (SD) Boris Mugo\u0161a ukazuje da je nelikvidnost privrednih subjekata jedan od najozbiljnijih izazova na\u0161e ekonomije.<\/p>\n\n\n\n<p>\u201cU odnosu na kraj 2020. godine je broj blokiranih firmi i preduzetnika uve\u0107an za vi\u0161e od 2.200, a iznos blokiranog duga je dupliran. Tako\u0111e, manja preduze\u0107a, koja su osnova privrede jer \u010dine 93 odsto ukupnog broja preduze\u0107a i zapo\u0161ljavaju oko 39 odsto radne snage, u posljednjih \u0161est godina posluju sa gubicima, dok je njihov kapital danas za \u010detvrtinu (25 odsto) manji nego 2019. godine\u201d, kazao je Mugo\u0161a Pobjedi.<\/p>\n\n\n\n<p>On je podsjetio da ve\u0107 du\u017ee vrijeme predla\u017ee konkretne mjere u cilju pobolj\u0161anja likvidnosti crnogorskih preduze\u0107a.<\/p>\n\n\n\n<p>\u201cOsim povoljne kreditne podr\u0161ke, potrebno je u kontinuitetu raditi na smanjenju (para)fiskaliteta; zatim pre\u0107i na model pla\u0107anja poreza na dodatu vrijednost (PDV) po napla\u0107enoj, a ne izdatoj fakturi (mi smo predlagali taj koncept, ali nije imao podr\u0161ku u parlamentu); primijeniti institut multilateralne kompenzacije odnosno prebijanja obaveza i potra\u017eivanja izme\u0111u vi\u0161e privrednih subjekata; bolje i dosljednije primjenjivati antimonopolske politike; kontrolisati rokove izmirenja nov\u010danih obaveza u cilju eliminisanja prakse \u201ebesplatnog kreditiranja\u201c pojedinih privrednih aktera od dobavlja\u010da i podr\u0161ke privrednim subjektima koji su pred ga\u0161enjem usljed problema naplate potra\u017eivanja nastalih metodom prisiljavanja na nerazumno duge rokove pla\u0107anja\u201d, naveo je Mugo\u0161a.<\/p>\n\n\n\n<p>On smatra da je crnogorskoj ekonomiji nasu\u0161no potrebna ozbiljna strategija razvoja koja \u0107e za period od narednih desetak godina jasno definisati neophodne strukturne reforme koje \u0107e doprinijeti njenoj diversifikaciji, unapre\u0111enju njene likvidnosti, konkurentnosti i produktivnosti.<\/p>\n\n\n\n<p>\u201cPodsje\u0107am i da dva puta ove godine vlast nije prihvatila prijedlog na\u0161eg poslani\u010dkog kluba da se za dva miliona eura pove\u0107a iznos u bud\u017eetu za unapre\u0111enje konkurentnosti na\u0161e privrede, koji se na\u017ealost iz godine u godinu procentualno u bud\u017eetu smanjuje u odnosu na teku\u0107e prihode (sa blizu \u0161est miliona prije nekoliko godina smanjena na manje od \u010detiri miliona eura). Za navedeni iznos od dva miliona eura smo predlo\u017eili da se smanji stavka u bud\u017eetu namijenjena konsultantskim uslugama koja je sa 34 miliona eura u 2024. predvi\u0111ena na \u010dak 46 miliona u bud\u017eetu za ovu godinu\u201d, saop\u0161tio je Mugo\u0161a.<\/p>\n\n\n\n<p><strong>Ste\u010daj i likvidacija<\/strong><\/p>\n\n\n\n<p>Ekonomski analiti\u010dar&nbsp;Davor Doki\u0107&nbsp;navodi da broj blokiranih kompanija najbolje odslikava stanje privrede u Crnoj Gori.<\/p>\n\n\n\n<p>\u201cBroj blokiranih preduze\u0107a raste iz godine u godinu i to pokazuje da stanje u na\u0161oj privredi nije dobro\u201d, ocijenio je Doki\u0107 za Pobjedu.<\/p>\n\n\n\n<p>On smatra i da sistem sprovo\u0111enja ste\u010daja i likvidacije predugo traje.<\/p>\n\n\n\n<p>\u201cMoralo bi se osmisliti neko novo zakonsko rje\u0161enje kako bi te firme, koje de fakto postoje samo na papiru, bile uga\u0161ene na neki vrlo jednostavan na\u010din. Tako bi se prepolovio broj ovih firmi koje su sad u blokadi\u201d, rekao je Doki\u0107.<\/p>\n\n\n\n<p>Prema njegovim rije\u010dima, morale bi se donijeti neke podsticajne mjere za privredu.<\/p>\n\n\n\n<p>\u201cVlada se bavi nekim stvarima koje su u su\u0161tini populisti\u010dke i vi\u0161e slu\u017ee za prikupljanje politi\u010dkih poena nego za stvaranje zdravog ambijenta u privredi. Vladin cilj je osvajanje izbora, a zadatak treba da joj bude stvaranje privredne atmosfere u kojoj mogu svi dobro da rade, svi da zara\u0111uju i da na taj na\u010din Crna Gora pove\u0107ava BDP i da ima visoku stopu privrednog rasta\u201d, poru\u010dio je Doki\u0107.<\/p>\n\n\n\n<p>On je ukazao da blokada ra\u010duna izaziva lan\u010danu reakciju i uti\u010de na rad drugih kompanija koje nijesu u blokadi.<\/p>\n\n\n\n<p>\u201cTa potra\u017eivanja su onda nenaplativa, jer jednostavno vi kada poku\u0161avate da od blokirane kompanije naplatite ne\u0161to \u0161to se vam duguje dolazite u situaciju da je to nenaplativo i onda se taj lanac pove\u0107ava pogotovo ako je to neko ve\u0107e preduze\u0107e koje ima ozbiljniji promet preko ra\u010duna i zapo\u0161ljava vi\u0161e ljudi. Ve\u0107e blokirano preduze\u0107e automatski vu\u010de i vi\u0161e paralelnih veza u privredi, tako da \u0161to je ve\u0107e preduze\u0107e blokirano, to je ve\u0107a \u0161teta za crnogorsku ekonomiju\u201d, kazao je Doki\u0107.<\/p>\n\n\n\n<p>Govore\u0107i o poslovnom ambijentu, Doki\u0107 je podsjetio da je dr\u017eava u prethodnom periodu radikalno smanjila poreze i doprinose na zarade zaposlenih.<\/p>\n\n\n\n<p>\u201cDr\u017eava ne smije da ide ni milimetar dalje u tom smanjivanju jer \u0107e se pojaviti i ve\u0107 se pojavila rupa u Fondu PIO od nekih 400 miliona eura. Jednostavno, vi ne smijete vi\u0161e da smanjite obaveze koja preduze\u0107a imaju po osnovu poreza i doprinosa na li\u010dne dohotke\u201d, rekao je Doki\u0107.<\/p>\n\n\n\n<p>On je naveo i da je stopa poreza na dobit me\u0111u najni\u017eima u Evropi.<\/p>\n\n\n\n<p>\u201cTo su dobre stvari crnogorske ekonomije. I to privla\u010di ljude da otvaraju firme. Ali na\u0161 klju\u010dni problem je u nedostatku doma\u0107ih banaka. Banke gledaju isklju\u010divo i jedino profit i njih ni\u0161ta drugo ne intresuje. Njih interesuje da novac koji su plasirali naplate i to je to. Nemaju osje\u0107aj za razvoj nekih drugih stvari, tako da bi se kroz dr\u017eavnu Razvojnu banku mogla pogurati prije svega poljoprivreda, mala i srednja preduze\u0107a i sve ostale grane koje su negdje u Crnoj Gori zapostavljene\u201d, saop\u0161tio je Doki\u0107.<\/p>\n\n\n\n<p>Prema podacima CBCG, posljednjeg dana avgusta u blokadi su bila 21.103 izvr\u0161na du\u017enika \u0161to je u odnosu na kraj jula, kad su u blokadi bila 21.024 izvr\u0161na du\u017enika, vi\u0161e za 0,38 odsto.<\/p>\n\n\n\n<p>Ukupan iznos duga po osnovu koga je izvr\u0161eno blokiranje ra\u010duna izvr\u0161nih du\u017enika iznosio je 1,52 milijarde eura \u0161to je u odnosu na kraj jula, kada je dug iznosio 1,49 milijardi eura, vi\u0161e za 1,75 odsto.<\/p>\n\n\n\n<p>Od ukupnog iznosa duga na privredne subjekte odnosi se 1,49 milijardi eura \u0161to je u odnosu na posljednji dan jula, kada je dug iznosio 1,46 milijardi eura, vi\u0161e za 1,78 odsto.<\/p>\n\n\n\n<p><strong>Koncentracija duga<\/strong><\/p>\n\n\n\n<p>Iz vrhovne monetarne institucije su napomenuli da je na kraju avgusta koncentracija duga bila relativno velika, tako da je na primjer, deset najve\u0107ih blokiranih preduze\u0107a, odnosno 0,05 odsto od ukupno evidentiranih du\u017enika, u\u010destvovalo sa 35,21 odsto u ukupnom iznosu blokade, \u0161to zna\u010di da je njihova blokada iznosila 534,6 miliona eura.<\/p>\n\n\n\n<p>Prema podacima CBCG, 50 najve\u0107ih blokiranih privrednih subjekata, koji \u010dine 0,24 odsto od ukupno evidentiranih du\u017enika, u\u010destvovalo je 54,15 odsto u ukupnom iznosu blokade, \u0161to zna\u010di da je njihova blokada iznosila 822,15 miliona eura.<\/p>\n\n\n\n<p>Avgustovski podaci CBCG pokazuju da je u neprekidnoj blokadi do jedne godine bio 1.291 izvr\u0161ni du\u017enik \u010dija blokada je iznosila 34,96 miliona eura \u0161to \u010dini 2,3 odsto ukupnog iznosa blokade, dok je du\u017ee od godinu bilo u blokadi 19.812 izvr\u0161nih du\u017enika sa iznosom blokade od 1,48 milijardi eura \u0161to \u010dini 97,70 odsto ukupnog iznosa blokade.<\/p>\n\n\n\n<p>U skladu sa Zakonom o platnom prometu, obaveza CBCG je da objavljuje podatke u vezi sa postupkom prinudne naplate i to nazive kompanija, odnosno preduzetnika, njihove mati\u010dne brojeve, iznose blokade ra\u010duna i broj dana neprekidnog trajanja blokade.<\/p>\n\n\n\n<p><\/p>","protected":false},"excerpt":{"rendered":"<p>Broj blokiranih firmi i preduzetnika je uve\u0107an za vi\u0161e od 2.200 u odnosu na kraj 2020. godine, a iznos blokiranog duga je dupliran i uve\u0107an za gotovo 750 miliona eura. U Crnoj Gori je, prema najnovijim podacima Centralne banke (CBCG), na kraju avgusta bilo 21.103 preduze\u0107a sa blokiranim ra\u010dunima, dok je ukupan iznos duga na osnovu kojeg su blokirani ra\u010duni \u2013 1,52 milijarde eura, pi\u0161e Pobjeda.<\/p>","protected":false},"author":1,"featured_media":909287,"comment_status":"open","ping_status":"open","sticky":false,"template":"","format":"standard","meta":{"_acf_changed":false,"footnotes":""},"categories":[27],"tags":[95,7317,6303],"naslovna":[],"class_list":["post-950802","post","type-post","status-publish","format-standard","has-post-thumbnail","hentry","category-ekonomija","tag-crna-gora","tag-firma","tag-stecaj"],"acf":[],"yoast_head":"<!-- This site is optimized with the Yoast SEO plugin v27.4 - https:\/\/yoast.com\/product\/yoast-seo-wordpress\/ -->\n<title>Blokirani dug na ra\u010dunima crnogorskih preduze\u0107a prema\u0161io milijardu i po eura - dmcsrb.com<\/title>\n<meta name=\"robots\" content=\"index, follow, max-snippet:-1, max-image-preview:large, max-video-preview:-1\" \/>\n<link rel=\"canonical\" href=\"https:\/\/dmcsrb.com\/en\/ekonomija\/blokirani-dug-na-racunima-crnogorskih-preduzeca-premasio-milijardu-i-po-eura\/\" \/>\n<meta property=\"og:locale\" content=\"en_GB\" \/>\n<meta property=\"og:type\" content=\"article\" \/>\n<meta property=\"og:title\" content=\"Blokirani dug na ra\u010dunima crnogorskih preduze\u0107a prema\u0161io milijardu i po eura - dmcsrb.com\" \/>\n<meta property=\"og:description\" content=\"Broj blokiranih firmi i preduzetnika je uve\u0107an za vi\u0161e od 2.200 u odnosu na kraj 2020. godine, a iznos blokiranog duga je dupliran i uve\u0107an za gotovo 750 miliona eura. U Crnoj Gori je, prema najnovijim podacima Centralne banke (CBCG), na kraju avgusta bilo 21.103 preduze\u0107a sa blokiranim ra\u010dunima, dok je ukupan iznos duga na osnovu kojeg su blokirani ra\u010duni \u2013 1,52 milijarde eura, pi\u0161e Pobjeda.\" \/>\n<meta property=\"og:url\" content=\"https:\/\/dmcsrb.com\/en\/ekonomija\/blokirani-dug-na-racunima-crnogorskih-preduzeca-premasio-milijardu-i-po-eura\/\" \/>\n<meta property=\"og:site_name\" content=\"dmcsrb.com\" \/>\n<meta property=\"article:published_time\" content=\"2025-09-08T04:10:00+00:00\" \/>\n<meta property=\"og:image\" content=\"https:\/\/dmcsrb.com\/wp-content\/uploads\/2026\/01\/989041_euro-novacjpg_506x900-1.jpg\" \/>\n\t<meta property=\"og:image:width\" content=\"720\" \/>\n\t<meta property=\"og:image:height\" content=\"405\" \/>\n\t<meta property=\"og:image:type\" content=\"image\/jpeg\" \/>\n<meta name=\"author\" content=\"dmcsrbija.com@gmail.com\" \/>\n<meta name=\"twitter:card\" content=\"summary_large_image\" \/>\n<meta name=\"twitter:label1\" content=\"Written by\" \/>\n\t<meta name=\"twitter:data1\" content=\"dmcsrbija.com@gmail.com\" \/>\n\t<meta name=\"twitter:label2\" content=\"Estimated reading time\" \/>\n\t<meta name=\"twitter:data2\" content=\"6 minutes\" \/>\n<script type=\"application\/ld+json\" class=\"yoast-schema-graph\">{\"@context\":\"https:\\\/\\\/schema.org\",\"@graph\":[{\"@type\":\"Article\",\"@id\":\"https:\\\/\\\/dmcsrb.com\\\/ekonomija\\\/blokirani-dug-na-racunima-crnogorskih-preduzeca-premasio-milijardu-i-po-eura\\\/#article\",\"isPartOf\":{\"@id\":\"https:\\\/\\\/dmcsrb.com\\\/ekonomija\\\/blokirani-dug-na-racunima-crnogorskih-preduzeca-premasio-milijardu-i-po-eura\\\/\"},\"author\":{\"name\":\"dmcsrbija.com@gmail.com\",\"@id\":\"https:\\\/\\\/dmcsrb.com\\\/#\\\/schema\\\/person\\\/5c39170f12db1b8b457732d0b5c854e2\"},\"headline\":\"Blokirani dug na ra\u010dunima crnogorskih preduze\u0107a prema\u0161io milijardu i po eura\",\"datePublished\":\"2025-09-08T04:10:00+00:00\",\"mainEntityOfPage\":{\"@id\":\"https:\\\/\\\/dmcsrb.com\\\/ekonomija\\\/blokirani-dug-na-racunima-crnogorskih-preduzeca-premasio-milijardu-i-po-eura\\\/\"},\"wordCount\":1203,\"commentCount\":0,\"image\":{\"@id\":\"https:\\\/\\\/dmcsrb.com\\\/ekonomija\\\/blokirani-dug-na-racunima-crnogorskih-preduzeca-premasio-milijardu-i-po-eura\\\/#primaryimage\"},\"thumbnailUrl\":\"https:\\\/\\\/dmcsrb.com\\\/wp-content\\\/uploads\\\/2026\\\/01\\\/989041_euro-novacjpg_506x900-1.jpg\",\"keywords\":[\"Crna Gora\",\"firma\",\"Ste\u010daj\"],\"articleSection\":[\"Ekonomija\"],\"inLanguage\":\"en-GB\",\"potentialAction\":[{\"@type\":\"CommentAction\",\"name\":\"Comment\",\"target\":[\"https:\\\/\\\/dmcsrb.com\\\/ekonomija\\\/blokirani-dug-na-racunima-crnogorskih-preduzeca-premasio-milijardu-i-po-eura\\\/#respond\"]}]},{\"@type\":\"WebPage\",\"@id\":\"https:\\\/\\\/dmcsrb.com\\\/ekonomija\\\/blokirani-dug-na-racunima-crnogorskih-preduzeca-premasio-milijardu-i-po-eura\\\/\",\"url\":\"https:\\\/\\\/dmcsrb.com\\\/ekonomija\\\/blokirani-dug-na-racunima-crnogorskih-preduzeca-premasio-milijardu-i-po-eura\\\/\",\"name\":\"Blokirani dug na ra\u010dunima crnogorskih preduze\u0107a prema\u0161io milijardu i po eura - dmcsrb.com\",\"isPartOf\":{\"@id\":\"https:\\\/\\\/dmcsrb.com\\\/#website\"},\"primaryImageOfPage\":{\"@id\":\"https:\\\/\\\/dmcsrb.com\\\/ekonomija\\\/blokirani-dug-na-racunima-crnogorskih-preduzeca-premasio-milijardu-i-po-eura\\\/#primaryimage\"},\"image\":{\"@id\":\"https:\\\/\\\/dmcsrb.com\\\/ekonomija\\\/blokirani-dug-na-racunima-crnogorskih-preduzeca-premasio-milijardu-i-po-eura\\\/#primaryimage\"},\"thumbnailUrl\":\"https:\\\/\\\/dmcsrb.com\\\/wp-content\\\/uploads\\\/2026\\\/01\\\/989041_euro-novacjpg_506x900-1.jpg\",\"datePublished\":\"2025-09-08T04:10:00+00:00\",\"author\":{\"@id\":\"https:\\\/\\\/dmcsrb.com\\\/#\\\/schema\\\/person\\\/5c39170f12db1b8b457732d0b5c854e2\"},\"breadcrumb\":{\"@id\":\"https:\\\/\\\/dmcsrb.com\\\/ekonomija\\\/blokirani-dug-na-racunima-crnogorskih-preduzeca-premasio-milijardu-i-po-eura\\\/#breadcrumb\"},\"inLanguage\":\"en-GB\",\"potentialAction\":[{\"@type\":\"ReadAction\",\"target\":[\"https:\\\/\\\/dmcsrb.com\\\/ekonomija\\\/blokirani-dug-na-racunima-crnogorskih-preduzeca-premasio-milijardu-i-po-eura\\\/\"]}]},{\"@type\":\"ImageObject\",\"inLanguage\":\"en-GB\",\"@id\":\"https:\\\/\\\/dmcsrb.com\\\/ekonomija\\\/blokirani-dug-na-racunima-crnogorskih-preduzeca-premasio-milijardu-i-po-eura\\\/#primaryimage\",\"url\":\"https:\\\/\\\/dmcsrb.com\\\/wp-content\\\/uploads\\\/2026\\\/01\\\/989041_euro-novacjpg_506x900-1.jpg\",\"contentUrl\":\"https:\\\/\\\/dmcsrb.com\\\/wp-content\\\/uploads\\\/2026\\\/01\\\/989041_euro-novacjpg_506x900-1.jpg\",\"width\":720,\"height\":405},{\"@type\":\"BreadcrumbList\",\"@id\":\"https:\\\/\\\/dmcsrb.com\\\/ekonomija\\\/blokirani-dug-na-racunima-crnogorskih-preduzeca-premasio-milijardu-i-po-eura\\\/#breadcrumb\",\"itemListElement\":[{\"@type\":\"ListItem\",\"position\":1,\"name\":\"Home\",\"item\":\"https:\\\/\\\/dmcsrb.com\\\/\"},{\"@type\":\"ListItem\",\"position\":2,\"name\":\"Blokirani dug na ra\u010dunima crnogorskih preduze\u0107a prema\u0161io milijardu i po eura\"}]},{\"@type\":\"WebSite\",\"@id\":\"https:\\\/\\\/dmcsrb.com\\\/#website\",\"url\":\"https:\\\/\\\/dmcsrb.com\\\/\",\"name\":\"dmcsrb.com\",\"description\":\"\",\"potentialAction\":[{\"@type\":\"SearchAction\",\"target\":{\"@type\":\"EntryPoint\",\"urlTemplate\":\"https:\\\/\\\/dmcsrb.com\\\/?s={search_term_string}\"},\"query-input\":{\"@type\":\"PropertyValueSpecification\",\"valueRequired\":true,\"valueName\":\"search_term_string\"}}],\"inLanguage\":\"en-GB\"},{\"@type\":\"Person\",\"@id\":\"https:\\\/\\\/dmcsrb.com\\\/#\\\/schema\\\/person\\\/5c39170f12db1b8b457732d0b5c854e2\",\"name\":\"dmcsrbija.com@gmail.com\",\"image\":{\"@type\":\"ImageObject\",\"inLanguage\":\"en-GB\",\"@id\":\"https:\\\/\\\/secure.gravatar.com\\\/avatar\\\/68592660ad6347fad0fb587f8d5d8f1a7b44961362f56e4f2cd524feb87e9069?s=96&d=mm&r=g\",\"url\":\"https:\\\/\\\/secure.gravatar.com\\\/avatar\\\/68592660ad6347fad0fb587f8d5d8f1a7b44961362f56e4f2cd524feb87e9069?s=96&d=mm&r=g\",\"contentUrl\":\"https:\\\/\\\/secure.gravatar.com\\\/avatar\\\/68592660ad6347fad0fb587f8d5d8f1a7b44961362f56e4f2cd524feb87e9069?s=96&d=mm&r=g\",\"caption\":\"dmcsrbija.com@gmail.com\"},\"sameAs\":[\"https:\\\/\\\/dmcsrb.com\"],\"url\":\"https:\\\/\\\/dmcsrb.com\\\/en\\\/author\\\/dmcsrbija-comgmail-com\\\/\"}]}<\/script>\n<!-- \/ Yoast SEO plugin. -->","yoast_head_json":{"title":"Blokirani dug na ra\u010dunima crnogorskih preduze\u0107a prema\u0161io milijardu i po eura - dmcsrb.com","robots":{"index":"index","follow":"follow","max-snippet":"max-snippet:-1","max-image-preview":"max-image-preview:large","max-video-preview":"max-video-preview:-1"},"canonical":"https:\/\/dmcsrb.com\/en\/ekonomija\/blokirani-dug-na-racunima-crnogorskih-preduzeca-premasio-milijardu-i-po-eura\/","og_locale":"en_GB","og_type":"article","og_title":"Blokirani dug na ra\u010dunima crnogorskih preduze\u0107a prema\u0161io milijardu i po eura - dmcsrb.com","og_description":"Broj blokiranih firmi i preduzetnika je uve\u0107an za vi\u0161e od 2.200 u odnosu na kraj 2020. godine, a iznos blokiranog duga je dupliran i uve\u0107an za gotovo 750 miliona eura. U Crnoj Gori je, prema najnovijim podacima Centralne banke (CBCG), na kraju avgusta bilo 21.103 preduze\u0107a sa blokiranim ra\u010dunima, dok je ukupan iznos duga na osnovu kojeg su blokirani ra\u010duni \u2013 1,52 milijarde eura, pi\u0161e Pobjeda.","og_url":"https:\/\/dmcsrb.com\/en\/ekonomija\/blokirani-dug-na-racunima-crnogorskih-preduzeca-premasio-milijardu-i-po-eura\/","og_site_name":"dmcsrb.com","article_published_time":"2025-09-08T04:10:00+00:00","og_image":[{"width":720,"height":405,"url":"https:\/\/dmcsrb.com\/wp-content\/uploads\/2026\/01\/989041_euro-novacjpg_506x900-1.jpg","type":"image\/jpeg"}],"author":"dmcsrbija.com@gmail.com","twitter_card":"summary_large_image","twitter_misc":{"Written by":"dmcsrbija.com@gmail.com","Estimated reading time":"6 minutes"},"schema":{"@context":"https:\/\/schema.org","@graph":[{"@type":"Article","@id":"https:\/\/dmcsrb.com\/ekonomija\/blokirani-dug-na-racunima-crnogorskih-preduzeca-premasio-milijardu-i-po-eura\/#article","isPartOf":{"@id":"https:\/\/dmcsrb.com\/ekonomija\/blokirani-dug-na-racunima-crnogorskih-preduzeca-premasio-milijardu-i-po-eura\/"},"author":{"name":"dmcsrbija.com@gmail.com","@id":"https:\/\/dmcsrb.com\/#\/schema\/person\/5c39170f12db1b8b457732d0b5c854e2"},"headline":"Blokirani dug na ra\u010dunima crnogorskih preduze\u0107a prema\u0161io milijardu i po eura","datePublished":"2025-09-08T04:10:00+00:00","mainEntityOfPage":{"@id":"https:\/\/dmcsrb.com\/ekonomija\/blokirani-dug-na-racunima-crnogorskih-preduzeca-premasio-milijardu-i-po-eura\/"},"wordCount":1203,"commentCount":0,"image":{"@id":"https:\/\/dmcsrb.com\/ekonomija\/blokirani-dug-na-racunima-crnogorskih-preduzeca-premasio-milijardu-i-po-eura\/#primaryimage"},"thumbnailUrl":"https:\/\/dmcsrb.com\/wp-content\/uploads\/2026\/01\/989041_euro-novacjpg_506x900-1.jpg","keywords":["Crna Gora","firma","Ste\u010daj"],"articleSection":["Ekonomija"],"inLanguage":"en-GB","potentialAction":[{"@type":"CommentAction","name":"Comment","target":["https:\/\/dmcsrb.com\/ekonomija\/blokirani-dug-na-racunima-crnogorskih-preduzeca-premasio-milijardu-i-po-eura\/#respond"]}]},{"@type":"WebPage","@id":"https:\/\/dmcsrb.com\/ekonomija\/blokirani-dug-na-racunima-crnogorskih-preduzeca-premasio-milijardu-i-po-eura\/","url":"https:\/\/dmcsrb.com\/ekonomija\/blokirani-dug-na-racunima-crnogorskih-preduzeca-premasio-milijardu-i-po-eura\/","name":"Blokirani dug na ra\u010dunima crnogorskih preduze\u0107a prema\u0161io milijardu i po eura - dmcsrb.com","isPartOf":{"@id":"https:\/\/dmcsrb.com\/#website"},"primaryImageOfPage":{"@id":"https:\/\/dmcsrb.com\/ekonomija\/blokirani-dug-na-racunima-crnogorskih-preduzeca-premasio-milijardu-i-po-eura\/#primaryimage"},"image":{"@id":"https:\/\/dmcsrb.com\/ekonomija\/blokirani-dug-na-racunima-crnogorskih-preduzeca-premasio-milijardu-i-po-eura\/#primaryimage"},"thumbnailUrl":"https:\/\/dmcsrb.com\/wp-content\/uploads\/2026\/01\/989041_euro-novacjpg_506x900-1.jpg","datePublished":"2025-09-08T04:10:00+00:00","author":{"@id":"https:\/\/dmcsrb.com\/#\/schema\/person\/5c39170f12db1b8b457732d0b5c854e2"},"breadcrumb":{"@id":"https:\/\/dmcsrb.com\/ekonomija\/blokirani-dug-na-racunima-crnogorskih-preduzeca-premasio-milijardu-i-po-eura\/#breadcrumb"},"inLanguage":"en-GB","potentialAction":[{"@type":"ReadAction","target":["https:\/\/dmcsrb.com\/ekonomija\/blokirani-dug-na-racunima-crnogorskih-preduzeca-premasio-milijardu-i-po-eura\/"]}]},{"@type":"ImageObject","inLanguage":"en-GB","@id":"https:\/\/dmcsrb.com\/ekonomija\/blokirani-dug-na-racunima-crnogorskih-preduzeca-premasio-milijardu-i-po-eura\/#primaryimage","url":"https:\/\/dmcsrb.com\/wp-content\/uploads\/2026\/01\/989041_euro-novacjpg_506x900-1.jpg","contentUrl":"https:\/\/dmcsrb.com\/wp-content\/uploads\/2026\/01\/989041_euro-novacjpg_506x900-1.jpg","width":720,"height":405},{"@type":"BreadcrumbList","@id":"https:\/\/dmcsrb.com\/ekonomija\/blokirani-dug-na-racunima-crnogorskih-preduzeca-premasio-milijardu-i-po-eura\/#breadcrumb","itemListElement":[{"@type":"ListItem","position":1,"name":"Home","item":"https:\/\/dmcsrb.com\/"},{"@type":"ListItem","position":2,"name":"Blokirani dug na ra\u010dunima crnogorskih preduze\u0107a prema\u0161io milijardu i po eura"}]},{"@type":"WebSite","@id":"https:\/\/dmcsrb.com\/#website","url":"https:\/\/dmcsrb.com\/","name":"dmcsrb.com","description":"","potentialAction":[{"@type":"SearchAction","target":{"@type":"EntryPoint","urlTemplate":"https:\/\/dmcsrb.com\/?s={search_term_string}"},"query-input":{"@type":"PropertyValueSpecification","valueRequired":true,"valueName":"search_term_string"}}],"inLanguage":"en-GB"},{"@type":"Person","@id":"https:\/\/dmcsrb.com\/#\/schema\/person\/5c39170f12db1b8b457732d0b5c854e2","name":"dmcsrbija.com@gmail.com","image":{"@type":"ImageObject","inLanguage":"en-GB","@id":"https:\/\/secure.gravatar.com\/avatar\/68592660ad6347fad0fb587f8d5d8f1a7b44961362f56e4f2cd524feb87e9069?s=96&d=mm&r=g","url":"https:\/\/secure.gravatar.com\/avatar\/68592660ad6347fad0fb587f8d5d8f1a7b44961362f56e4f2cd524feb87e9069?s=96&d=mm&r=g","contentUrl":"https:\/\/secure.gravatar.com\/avatar\/68592660ad6347fad0fb587f8d5d8f1a7b44961362f56e4f2cd524feb87e9069?s=96&d=mm&r=g","caption":"dmcsrbija.com@gmail.com"},"sameAs":["https:\/\/dmcsrb.com"],"url":"https:\/\/dmcsrb.com\/en\/author\/dmcsrbija-comgmail-com\/"}]}},"_links":{"self":[{"href":"https:\/\/dmcsrb.com\/en\/wp-json\/wp\/v2\/posts\/950802","targetHints":{"allow":["GET"]}}],"collection":[{"href":"https:\/\/dmcsrb.com\/en\/wp-json\/wp\/v2\/posts"}],"about":[{"href":"https:\/\/dmcsrb.com\/en\/wp-json\/wp\/v2\/types\/post"}],"author":[{"embeddable":true,"href":"https:\/\/dmcsrb.com\/en\/wp-json\/wp\/v2\/users\/1"}],"replies":[{"embeddable":true,"href":"https:\/\/dmcsrb.com\/en\/wp-json\/wp\/v2\/comments?post=950802"}],"version-history":[{"count":0,"href":"https:\/\/dmcsrb.com\/en\/wp-json\/wp\/v2\/posts\/950802\/revisions"}],"wp:featuredmedia":[{"embeddable":true,"href":"https:\/\/dmcsrb.com\/en\/wp-json\/wp\/v2\/media\/909287"}],"wp:attachment":[{"href":"https:\/\/dmcsrb.com\/en\/wp-json\/wp\/v2\/media?parent=950802"}],"wp:term":[{"taxonomy":"category","embeddable":true,"href":"https:\/\/dmcsrb.com\/en\/wp-json\/wp\/v2\/categories?post=950802"},{"taxonomy":"post_tag","embeddable":true,"href":"https:\/\/dmcsrb.com\/en\/wp-json\/wp\/v2\/tags?post=950802"},{"taxonomy":"naslovna","embeddable":true,"href":"https:\/\/dmcsrb.com\/en\/wp-json\/wp\/v2\/naslovna?post=950802"}],"curies":[{"name":"wp","href":"https:\/\/api.w.org\/{rel}","templated":true}]}}