{"id":950766,"date":"2025-09-07T18:54:00","date_gmt":"2025-09-07T16:54:00","guid":{"rendered":"https:\/\/dmcsrb.com\/uncategorized\/zavrsen-skup-na-belvederu-belveder-bio-i-ostao-simbol-zajednistva-i-otpora\/"},"modified":"2025-09-07T18:54:00","modified_gmt":"2025-09-07T16:54:00","slug":"zavrsen-skup-na-belvederu-belveder-bio-i-ostao-simbol-zajednistva-i-otpora","status":"publish","type":"post","link":"https:\/\/dmcsrb.com\/en\/drustvo\/zavrsen-skup-na-belvederu-belveder-bio-i-ostao-simbol-zajednistva-i-otpora\/","title":{"rendered":"Zavr\u0161en skup na Belvederu: &#8220;Belveder bio i ostao simbol zajedni\u0161tva i otpora&#8221;"},"content":{"rendered":"<p><\/p>\n\n\n\n<p>&#8220;Na Belvederu nijesmo branili samo sebe i Cetinje, ve\u0107 i \u010ditavu Crnu Goru. Do\u0107i \u0107emo do istine o onome \u0161to se de\u0161avalo te no\u0107i, o komandama da se cijeli grad zasuje suzavcem, o gumenim mecima, o la\u017eima da smo mi napadali policiju. Du\u017eni smo to i \u017ertvama cetinjskih masakara i njihovim porodicama koje svakog dana tra\u017ee pravdu. Kako su oni stajali sa nama na Belvederu, staja\u0107emo i mi sa njima, gdje god bude trebalo&#8221;, poru\u010dila je urednica M portala Danica Nikoli\u0107.<\/p>\n\n\n\n<p>Alek Barovi\u0107 kazao je da su do\u0161li da odaju po\u010dast Belvederu od prije \u010detiri godine, ali i Belvederu od prije devedeset godina, jer je ovaj drugi samo nastavak onog prvog.<\/p>\n\n\n\n<p>&#8220;Do\u0161li smo i da se pod\u015betimo kako je to kad nas okupi sloga i \u010dista ljubav prema dr\u017eavi. Kako je to kad se Crnogorci skupe pod svoj barjak. Onda nam niko ne mo\u017ee ni\u0161ta, a spram nas su sve sile male i ni\u0161tavne. Ajmo da se skupimo opet. Ajmo da na\u0161oj lov\u0107enskoj misli na\u0161a sloga da krila. Ajde da se okupimo svi zajedno, oko jedne ideje i jednoga cilja, a na\u0161a ideja i na\u0161 cilj su samo crnogorstvo i Crna Gora&#8221;, kazao je Barovi\u0107.<\/p>\n\n\n\n<p>Rajo \u010celebi\u0107 je poru\u010dio da je ponosan \u0161to mo\u017ee pozdraviti sve gra\u0111ane Crne Gore, bez obzira na vjeru i nacionalnost, nagla\u0161avaju\u0107i da je \u201eCrna Gora majka svih svojih sinova i k\u0107eri\u201c.<\/p>\n\n\n\n<p>&#8220;Pozdravljam sve one kojima je Crna Gora majka, zbog koje se raduju, pjevaju i pla\u010du. Ali pozdravljam i one druge, koje je iz iste majke iznjedrila, a koji je ne vole i poni\u017eavaju&#8221;, kazao je \u010celebi\u0107, dodaju\u0107i da im to slu\u017ei na \u010dast.<\/p>","protected":false},"excerpt":{"rendered":"<p>,,Cetinje pamti, Crna Gora pamti\u201c, naziv je skupa koji je odr\u017ean na platou pred Biljardom, povodom obilje\u017eavanja \u010detvrte godi\u0161njice od protesta na Belvederu, zbog ustoli\u010denja Mitropolita crnogorsko-primorskog Joanikija. Skup je po\u010deo minutom \u0107utanja za 22 \u017ertve dva masakra u Prijestonici, kao i zbog smrti vojnika prilikom ga\u0161enja po\u017eara u Ku\u010dima. Sa skupa je poru\u010deno da je Belveder bio i ostao simbol zajedni\u0161tva i otpora.<\/p>","protected":false},"author":1,"featured_media":950767,"comment_status":"open","ping_status":"open","sticky":false,"template":"","format":"standard","meta":{"_acf_changed":false,"footnotes":""},"categories":[2],"tags":[7291,7292],"naslovna":[],"class_list":["post-950766","post","type-post","status-publish","format-standard","has-post-thumbnail","hentry","category-drustvo","tag-belveder","tag-skup"],"acf":[],"yoast_head":"<!-- This site is optimized with the Yoast SEO plugin v27.4 - https:\/\/yoast.com\/product\/yoast-seo-wordpress\/ -->\n<title>Zavr\u0161en skup na Belvederu: &quot;Belveder bio i ostao simbol zajedni\u0161tva i otpora&quot; - dmcsrb.com<\/title>\n<meta name=\"robots\" content=\"index, follow, max-snippet:-1, max-image-preview:large, max-video-preview:-1\" \/>\n<link rel=\"canonical\" href=\"https:\/\/dmcsrb.com\/en\/drustvo\/zavrsen-skup-na-belvederu-belveder-bio-i-ostao-simbol-zajednistva-i-otpora\/\" \/>\n<meta property=\"og:locale\" content=\"en_GB\" \/>\n<meta property=\"og:type\" content=\"article\" \/>\n<meta property=\"og:title\" content=\"Zavr\u0161en skup na Belvederu: &quot;Belveder bio i ostao simbol zajedni\u0161tva i otpora&quot; - dmcsrb.com\" \/>\n<meta property=\"og:description\" content=\",,Cetinje pamti, Crna Gora pamti\u201c, naziv je skupa koji je odr\u017ean na platou pred Biljardom, povodom obilje\u017eavanja \u010detvrte godi\u0161njice od protesta na Belvederu, zbog ustoli\u010denja Mitropolita crnogorsko-primorskog Joanikija. Skup je po\u010deo minutom \u0107utanja za 22 \u017ertve dva masakra u Prijestonici, kao i zbog smrti vojnika prilikom ga\u0161enja po\u017eara u Ku\u010dima. Sa skupa je poru\u010deno da je Belveder bio i ostao simbol zajedni\u0161tva i otpora.\" \/>\n<meta property=\"og:url\" content=\"https:\/\/dmcsrb.com\/en\/drustvo\/zavrsen-skup-na-belvederu-belveder-bio-i-ostao-simbol-zajednistva-i-otpora\/\" \/>\n<meta property=\"og:site_name\" content=\"dmcsrb.com\" \/>\n<meta property=\"article:published_time\" content=\"2025-09-07T16:54:00+00:00\" \/>\n<meta property=\"og:image\" content=\"https:\/\/dmcsrb.com\/wp-content\/uploads\/2026\/01\/Capture-19-3.webp\" \/>\n\t<meta property=\"og:image:width\" content=\"934\" \/>\n\t<meta property=\"og:image:height\" content=\"469\" \/>\n\t<meta property=\"og:image:type\" content=\"image\/jpeg\" \/>\n<meta name=\"author\" content=\"dmcsrbija.com@gmail.com\" \/>\n<meta name=\"twitter:card\" content=\"summary_large_image\" \/>\n<meta name=\"twitter:label1\" content=\"Written by\" \/>\n\t<meta name=\"twitter:data1\" content=\"dmcsrbija.com@gmail.com\" \/>\n\t<meta name=\"twitter:label2\" content=\"Estimated reading time\" \/>\n\t<meta name=\"twitter:data2\" content=\"1 minute\" \/>\n<script type=\"application\/ld+json\" class=\"yoast-schema-graph\">{\"@context\":\"https:\\\/\\\/schema.org\",\"@graph\":[{\"@type\":\"Article\",\"@id\":\"https:\\\/\\\/dmcsrb.com\\\/drustvo\\\/zavrsen-skup-na-belvederu-belveder-bio-i-ostao-simbol-zajednistva-i-otpora\\\/#article\",\"isPartOf\":{\"@id\":\"https:\\\/\\\/dmcsrb.com\\\/drustvo\\\/zavrsen-skup-na-belvederu-belveder-bio-i-ostao-simbol-zajednistva-i-otpora\\\/\"},\"author\":{\"name\":\"dmcsrbija.com@gmail.com\",\"@id\":\"https:\\\/\\\/dmcsrb.com\\\/#\\\/schema\\\/person\\\/5c39170f12db1b8b457732d0b5c854e2\"},\"headline\":\"Zavr\u0161en skup na Belvederu: &#8220;Belveder bio i ostao simbol zajedni\u0161tva i otpora&#8221;\",\"datePublished\":\"2025-09-07T16:54:00+00:00\",\"mainEntityOfPage\":{\"@id\":\"https:\\\/\\\/dmcsrb.com\\\/drustvo\\\/zavrsen-skup-na-belvederu-belveder-bio-i-ostao-simbol-zajednistva-i-otpora\\\/\"},\"wordCount\":313,\"commentCount\":0,\"image\":{\"@id\":\"https:\\\/\\\/dmcsrb.com\\\/drustvo\\\/zavrsen-skup-na-belvederu-belveder-bio-i-ostao-simbol-zajednistva-i-otpora\\\/#primaryimage\"},\"thumbnailUrl\":\"https:\\\/\\\/dmcsrb.com\\\/wp-content\\\/uploads\\\/2026\\\/01\\\/Capture-19-3.webp\",\"keywords\":[\"belveder\",\"Skup\"],\"articleSection\":[\"Dru\u0161tvo\"],\"inLanguage\":\"en-GB\",\"potentialAction\":[{\"@type\":\"CommentAction\",\"name\":\"Comment\",\"target\":[\"https:\\\/\\\/dmcsrb.com\\\/drustvo\\\/zavrsen-skup-na-belvederu-belveder-bio-i-ostao-simbol-zajednistva-i-otpora\\\/#respond\"]}]},{\"@type\":\"WebPage\",\"@id\":\"https:\\\/\\\/dmcsrb.com\\\/drustvo\\\/zavrsen-skup-na-belvederu-belveder-bio-i-ostao-simbol-zajednistva-i-otpora\\\/\",\"url\":\"https:\\\/\\\/dmcsrb.com\\\/drustvo\\\/zavrsen-skup-na-belvederu-belveder-bio-i-ostao-simbol-zajednistva-i-otpora\\\/\",\"name\":\"Zavr\u0161en skup na Belvederu: \\\"Belveder bio i ostao simbol zajedni\u0161tva i otpora\\\" - dmcsrb.com\",\"isPartOf\":{\"@id\":\"https:\\\/\\\/dmcsrb.com\\\/#website\"},\"primaryImageOfPage\":{\"@id\":\"https:\\\/\\\/dmcsrb.com\\\/drustvo\\\/zavrsen-skup-na-belvederu-belveder-bio-i-ostao-simbol-zajednistva-i-otpora\\\/#primaryimage\"},\"image\":{\"@id\":\"https:\\\/\\\/dmcsrb.com\\\/drustvo\\\/zavrsen-skup-na-belvederu-belveder-bio-i-ostao-simbol-zajednistva-i-otpora\\\/#primaryimage\"},\"thumbnailUrl\":\"https:\\\/\\\/dmcsrb.com\\\/wp-content\\\/uploads\\\/2026\\\/01\\\/Capture-19-3.webp\",\"datePublished\":\"2025-09-07T16:54:00+00:00\",\"author\":{\"@id\":\"https:\\\/\\\/dmcsrb.com\\\/#\\\/schema\\\/person\\\/5c39170f12db1b8b457732d0b5c854e2\"},\"breadcrumb\":{\"@id\":\"https:\\\/\\\/dmcsrb.com\\\/drustvo\\\/zavrsen-skup-na-belvederu-belveder-bio-i-ostao-simbol-zajednistva-i-otpora\\\/#breadcrumb\"},\"inLanguage\":\"en-GB\",\"potentialAction\":[{\"@type\":\"ReadAction\",\"target\":[\"https:\\\/\\\/dmcsrb.com\\\/drustvo\\\/zavrsen-skup-na-belvederu-belveder-bio-i-ostao-simbol-zajednistva-i-otpora\\\/\"]}]},{\"@type\":\"ImageObject\",\"inLanguage\":\"en-GB\",\"@id\":\"https:\\\/\\\/dmcsrb.com\\\/drustvo\\\/zavrsen-skup-na-belvederu-belveder-bio-i-ostao-simbol-zajednistva-i-otpora\\\/#primaryimage\",\"url\":\"https:\\\/\\\/dmcsrb.com\\\/wp-content\\\/uploads\\\/2026\\\/01\\\/Capture-19-3.webp\",\"contentUrl\":\"https:\\\/\\\/dmcsrb.com\\\/wp-content\\\/uploads\\\/2026\\\/01\\\/Capture-19-3.webp\",\"width\":934,\"height\":469},{\"@type\":\"BreadcrumbList\",\"@id\":\"https:\\\/\\\/dmcsrb.com\\\/drustvo\\\/zavrsen-skup-na-belvederu-belveder-bio-i-ostao-simbol-zajednistva-i-otpora\\\/#breadcrumb\",\"itemListElement\":[{\"@type\":\"ListItem\",\"position\":1,\"name\":\"Home\",\"item\":\"https:\\\/\\\/dmcsrb.com\\\/\"},{\"@type\":\"ListItem\",\"position\":2,\"name\":\"Zavr\u0161en skup na Belvederu: &#8220;Belveder bio i ostao simbol zajedni\u0161tva i otpora&#8221;\"}]},{\"@type\":\"WebSite\",\"@id\":\"https:\\\/\\\/dmcsrb.com\\\/#website\",\"url\":\"https:\\\/\\\/dmcsrb.com\\\/\",\"name\":\"dmcsrb.com\",\"description\":\"\",\"potentialAction\":[{\"@type\":\"SearchAction\",\"target\":{\"@type\":\"EntryPoint\",\"urlTemplate\":\"https:\\\/\\\/dmcsrb.com\\\/?s={search_term_string}\"},\"query-input\":{\"@type\":\"PropertyValueSpecification\",\"valueRequired\":true,\"valueName\":\"search_term_string\"}}],\"inLanguage\":\"en-GB\"},{\"@type\":\"Person\",\"@id\":\"https:\\\/\\\/dmcsrb.com\\\/#\\\/schema\\\/person\\\/5c39170f12db1b8b457732d0b5c854e2\",\"name\":\"dmcsrbija.com@gmail.com\",\"image\":{\"@type\":\"ImageObject\",\"inLanguage\":\"en-GB\",\"@id\":\"https:\\\/\\\/secure.gravatar.com\\\/avatar\\\/68592660ad6347fad0fb587f8d5d8f1a7b44961362f56e4f2cd524feb87e9069?s=96&d=mm&r=g\",\"url\":\"https:\\\/\\\/secure.gravatar.com\\\/avatar\\\/68592660ad6347fad0fb587f8d5d8f1a7b44961362f56e4f2cd524feb87e9069?s=96&d=mm&r=g\",\"contentUrl\":\"https:\\\/\\\/secure.gravatar.com\\\/avatar\\\/68592660ad6347fad0fb587f8d5d8f1a7b44961362f56e4f2cd524feb87e9069?s=96&d=mm&r=g\",\"caption\":\"dmcsrbija.com@gmail.com\"},\"sameAs\":[\"https:\\\/\\\/dmcsrb.com\"],\"url\":\"https:\\\/\\\/dmcsrb.com\\\/en\\\/author\\\/dmcsrbija-comgmail-com\\\/\"}]}<\/script>\n<!-- \/ Yoast SEO plugin. -->","yoast_head_json":{"title":"Zavr\u0161en skup na Belvederu: \"Belveder bio i ostao simbol zajedni\u0161tva i otpora\" - dmcsrb.com","robots":{"index":"index","follow":"follow","max-snippet":"max-snippet:-1","max-image-preview":"max-image-preview:large","max-video-preview":"max-video-preview:-1"},"canonical":"https:\/\/dmcsrb.com\/en\/drustvo\/zavrsen-skup-na-belvederu-belveder-bio-i-ostao-simbol-zajednistva-i-otpora\/","og_locale":"en_GB","og_type":"article","og_title":"Zavr\u0161en skup na Belvederu: \"Belveder bio i ostao simbol zajedni\u0161tva i otpora\" - dmcsrb.com","og_description":",,Cetinje pamti, Crna Gora pamti\u201c, naziv je skupa koji je odr\u017ean na platou pred Biljardom, povodom obilje\u017eavanja \u010detvrte godi\u0161njice od protesta na Belvederu, zbog ustoli\u010denja Mitropolita crnogorsko-primorskog Joanikija. Skup je po\u010deo minutom \u0107utanja za 22 \u017ertve dva masakra u Prijestonici, kao i zbog smrti vojnika prilikom ga\u0161enja po\u017eara u Ku\u010dima. Sa skupa je poru\u010deno da je Belveder bio i ostao simbol zajedni\u0161tva i otpora.","og_url":"https:\/\/dmcsrb.com\/en\/drustvo\/zavrsen-skup-na-belvederu-belveder-bio-i-ostao-simbol-zajednistva-i-otpora\/","og_site_name":"dmcsrb.com","article_published_time":"2025-09-07T16:54:00+00:00","og_image":[{"width":934,"height":469,"url":"https:\/\/dmcsrb.com\/wp-content\/uploads\/2026\/01\/Capture-19-3.webp","type":"image\/jpeg"}],"author":"dmcsrbija.com@gmail.com","twitter_card":"summary_large_image","twitter_misc":{"Written by":"dmcsrbija.com@gmail.com","Estimated reading time":"1 minute"},"schema":{"@context":"https:\/\/schema.org","@graph":[{"@type":"Article","@id":"https:\/\/dmcsrb.com\/drustvo\/zavrsen-skup-na-belvederu-belveder-bio-i-ostao-simbol-zajednistva-i-otpora\/#article","isPartOf":{"@id":"https:\/\/dmcsrb.com\/drustvo\/zavrsen-skup-na-belvederu-belveder-bio-i-ostao-simbol-zajednistva-i-otpora\/"},"author":{"name":"dmcsrbija.com@gmail.com","@id":"https:\/\/dmcsrb.com\/#\/schema\/person\/5c39170f12db1b8b457732d0b5c854e2"},"headline":"Zavr\u0161en skup na Belvederu: &#8220;Belveder bio i ostao simbol zajedni\u0161tva i otpora&#8221;","datePublished":"2025-09-07T16:54:00+00:00","mainEntityOfPage":{"@id":"https:\/\/dmcsrb.com\/drustvo\/zavrsen-skup-na-belvederu-belveder-bio-i-ostao-simbol-zajednistva-i-otpora\/"},"wordCount":313,"commentCount":0,"image":{"@id":"https:\/\/dmcsrb.com\/drustvo\/zavrsen-skup-na-belvederu-belveder-bio-i-ostao-simbol-zajednistva-i-otpora\/#primaryimage"},"thumbnailUrl":"https:\/\/dmcsrb.com\/wp-content\/uploads\/2026\/01\/Capture-19-3.webp","keywords":["belveder","Skup"],"articleSection":["Dru\u0161tvo"],"inLanguage":"en-GB","potentialAction":[{"@type":"CommentAction","name":"Comment","target":["https:\/\/dmcsrb.com\/drustvo\/zavrsen-skup-na-belvederu-belveder-bio-i-ostao-simbol-zajednistva-i-otpora\/#respond"]}]},{"@type":"WebPage","@id":"https:\/\/dmcsrb.com\/drustvo\/zavrsen-skup-na-belvederu-belveder-bio-i-ostao-simbol-zajednistva-i-otpora\/","url":"https:\/\/dmcsrb.com\/drustvo\/zavrsen-skup-na-belvederu-belveder-bio-i-ostao-simbol-zajednistva-i-otpora\/","name":"Zavr\u0161en skup na Belvederu: \"Belveder bio i ostao simbol zajedni\u0161tva i otpora\" - dmcsrb.com","isPartOf":{"@id":"https:\/\/dmcsrb.com\/#website"},"primaryImageOfPage":{"@id":"https:\/\/dmcsrb.com\/drustvo\/zavrsen-skup-na-belvederu-belveder-bio-i-ostao-simbol-zajednistva-i-otpora\/#primaryimage"},"image":{"@id":"https:\/\/dmcsrb.com\/drustvo\/zavrsen-skup-na-belvederu-belveder-bio-i-ostao-simbol-zajednistva-i-otpora\/#primaryimage"},"thumbnailUrl":"https:\/\/dmcsrb.com\/wp-content\/uploads\/2026\/01\/Capture-19-3.webp","datePublished":"2025-09-07T16:54:00+00:00","author":{"@id":"https:\/\/dmcsrb.com\/#\/schema\/person\/5c39170f12db1b8b457732d0b5c854e2"},"breadcrumb":{"@id":"https:\/\/dmcsrb.com\/drustvo\/zavrsen-skup-na-belvederu-belveder-bio-i-ostao-simbol-zajednistva-i-otpora\/#breadcrumb"},"inLanguage":"en-GB","potentialAction":[{"@type":"ReadAction","target":["https:\/\/dmcsrb.com\/drustvo\/zavrsen-skup-na-belvederu-belveder-bio-i-ostao-simbol-zajednistva-i-otpora\/"]}]},{"@type":"ImageObject","inLanguage":"en-GB","@id":"https:\/\/dmcsrb.com\/drustvo\/zavrsen-skup-na-belvederu-belveder-bio-i-ostao-simbol-zajednistva-i-otpora\/#primaryimage","url":"https:\/\/dmcsrb.com\/wp-content\/uploads\/2026\/01\/Capture-19-3.webp","contentUrl":"https:\/\/dmcsrb.com\/wp-content\/uploads\/2026\/01\/Capture-19-3.webp","width":934,"height":469},{"@type":"BreadcrumbList","@id":"https:\/\/dmcsrb.com\/drustvo\/zavrsen-skup-na-belvederu-belveder-bio-i-ostao-simbol-zajednistva-i-otpora\/#breadcrumb","itemListElement":[{"@type":"ListItem","position":1,"name":"Home","item":"https:\/\/dmcsrb.com\/"},{"@type":"ListItem","position":2,"name":"Zavr\u0161en skup na Belvederu: &#8220;Belveder bio i ostao simbol zajedni\u0161tva i otpora&#8221;"}]},{"@type":"WebSite","@id":"https:\/\/dmcsrb.com\/#website","url":"https:\/\/dmcsrb.com\/","name":"dmcsrb.com","description":"","potentialAction":[{"@type":"SearchAction","target":{"@type":"EntryPoint","urlTemplate":"https:\/\/dmcsrb.com\/?s={search_term_string}"},"query-input":{"@type":"PropertyValueSpecification","valueRequired":true,"valueName":"search_term_string"}}],"inLanguage":"en-GB"},{"@type":"Person","@id":"https:\/\/dmcsrb.com\/#\/schema\/person\/5c39170f12db1b8b457732d0b5c854e2","name":"dmcsrbija.com@gmail.com","image":{"@type":"ImageObject","inLanguage":"en-GB","@id":"https:\/\/secure.gravatar.com\/avatar\/68592660ad6347fad0fb587f8d5d8f1a7b44961362f56e4f2cd524feb87e9069?s=96&d=mm&r=g","url":"https:\/\/secure.gravatar.com\/avatar\/68592660ad6347fad0fb587f8d5d8f1a7b44961362f56e4f2cd524feb87e9069?s=96&d=mm&r=g","contentUrl":"https:\/\/secure.gravatar.com\/avatar\/68592660ad6347fad0fb587f8d5d8f1a7b44961362f56e4f2cd524feb87e9069?s=96&d=mm&r=g","caption":"dmcsrbija.com@gmail.com"},"sameAs":["https:\/\/dmcsrb.com"],"url":"https:\/\/dmcsrb.com\/en\/author\/dmcsrbija-comgmail-com\/"}]}},"_links":{"self":[{"href":"https:\/\/dmcsrb.com\/en\/wp-json\/wp\/v2\/posts\/950766","targetHints":{"allow":["GET"]}}],"collection":[{"href":"https:\/\/dmcsrb.com\/en\/wp-json\/wp\/v2\/posts"}],"about":[{"href":"https:\/\/dmcsrb.com\/en\/wp-json\/wp\/v2\/types\/post"}],"author":[{"embeddable":true,"href":"https:\/\/dmcsrb.com\/en\/wp-json\/wp\/v2\/users\/1"}],"replies":[{"embeddable":true,"href":"https:\/\/dmcsrb.com\/en\/wp-json\/wp\/v2\/comments?post=950766"}],"version-history":[{"count":0,"href":"https:\/\/dmcsrb.com\/en\/wp-json\/wp\/v2\/posts\/950766\/revisions"}],"wp:featuredmedia":[{"embeddable":true,"href":"https:\/\/dmcsrb.com\/en\/wp-json\/wp\/v2\/media\/950767"}],"wp:attachment":[{"href":"https:\/\/dmcsrb.com\/en\/wp-json\/wp\/v2\/media?parent=950766"}],"wp:term":[{"taxonomy":"category","embeddable":true,"href":"https:\/\/dmcsrb.com\/en\/wp-json\/wp\/v2\/categories?post=950766"},{"taxonomy":"post_tag","embeddable":true,"href":"https:\/\/dmcsrb.com\/en\/wp-json\/wp\/v2\/tags?post=950766"},{"taxonomy":"naslovna","embeddable":true,"href":"https:\/\/dmcsrb.com\/en\/wp-json\/wp\/v2\/naslovna?post=950766"}],"curies":[{"name":"wp","href":"https:\/\/api.w.org\/{rel}","templated":true}]}}