{"id":950757,"date":"2025-09-07T18:02:11","date_gmt":"2025-09-07T16:02:11","guid":{"rendered":"https:\/\/dmcsrb.com\/uncategorized\/bojana-popovic-nemamo-fond-utakmica-da-budemo-u-igrackoj-formi\/"},"modified":"2025-09-07T18:02:11","modified_gmt":"2025-09-07T16:02:11","slug":"bojana-popovic-nemamo-fond-utakmica-da-budemo-u-igrackoj-formi","status":"publish","type":"post","link":"https:\/\/dmcsrb.com\/en\/sport\/bojana-popovic-nemamo-fond-utakmica-da-budemo-u-igrackoj-formi\/","title":{"rendered":"Bojana Popovi\u0107: Nemamo fond utakmica da budemo u igra\u010dkoj formi"},"content":{"rendered":"<p>Podgori\u010danke su na startu Lige \u0161ampiona pora\u017eene u tijesnoj utakmici od Debrecina u \u201eMora\u010di\u201c sa 25:24.<\/p>\n\n\n\n<p>\u201eFizi\u010dki te\u0161ka utakmica, znali smo da \u0107e tako da bude. Od februara nismo igrali utakmicu ovakvog tipa, da znamo \u0161ta nas \u010deka. Ve\u0107ina igra\u010dica je osjetila umor, nemamo fond utakmica da budemo u igra\u010dkoj formi. Onda smo tokom utakmice morali da rotiramo sa izmjenama, \u0161to se osjetilo na terenu. Neke \u0161anse nismo realizovale kada se lomila utakmica. Te zicere ne smijemo da proma\u0161ujemo. Fizi\u010dki smo izgubili utakmicu, jer se osjetilo da Debrecin ima dvije postave, da fizi\u010dki mo\u017ee da iznese utakmicu, a mi to nismo mogli\u201c, kazala je nakon me\u010da Popovi\u0107.<\/p>\n\n\n\n<figure class=\"wp-block-embed is-type-wp-embed is-provider-gradski-portal wp-block-embed-gradski-portal\"><div class=\"wp-block-embed__wrapper\">\nhttps:\/\/gradski.me\/poraz-na-otvaranju-nove-sezone-debrecin-odnio-bodove-iz-morace\/\n<\/div><\/figure>\n\n\n\n<p>Na kraju je presudila fizi\u010dka snaga Ma\u0111arica.<\/p>\n\n\n\n<p>\u201eVe\u0107ina igra\u010dica mora bolje da bude sa fokusom i koncentracijom \u2013 i u realizaciji i u nekim takti\u010dkim situacijama, gdje moramo da znamo \u0161ta radimo. Idemo dalje \u2013 fizi\u010dki je utakmica izgubljena, Debrecin je bio fizi\u010dki dominantniji i to nismo mogli da pratimo\u201c, dodala je legendarna rukometa\u0161ica.<\/p>\n\n\n\n<p>Za sedam dana Budu\u0107nost \u0107e gostovati norve\u0161kom Storhamaru.<\/p>","protected":false},"excerpt":{"rendered":"<p>Nedostaju utakmice rukometa\u0161icama OTP Group Budu\u0107nosti da budu u pravoj formi, smatra trenerica Bojana Popovi\u0107.<\/p>","protected":false},"author":1,"featured_media":950758,"comment_status":"open","ping_status":"open","sticky":false,"template":"","format":"standard","meta":{"_acf_changed":false,"footnotes":""},"categories":[148],"tags":[7007,7180,6013,1901],"naslovna":[],"class_list":["post-950757","post","type-post","status-publish","format-standard","has-post-thumbnail","hentry","category-sport","tag-bojana-popovic","tag-debrecin","tag-ehf-liga-sampiona","tag-zrk-otp-group-buducnost"],"acf":[],"yoast_head":"<!-- This site is optimized with the Yoast SEO plugin v27.4 - https:\/\/yoast.com\/product\/yoast-seo-wordpress\/ -->\n<title>Bojana Popovi\u0107: Nemamo fond utakmica da budemo u igra\u010dkoj formi - dmcsrb.com<\/title>\n<meta name=\"robots\" content=\"index, follow, max-snippet:-1, max-image-preview:large, max-video-preview:-1\" \/>\n<link rel=\"canonical\" href=\"https:\/\/dmcsrb.com\/en\/sport\/bojana-popovic-nemamo-fond-utakmica-da-budemo-u-igrackoj-formi\/\" \/>\n<meta property=\"og:locale\" content=\"en_GB\" \/>\n<meta property=\"og:type\" content=\"article\" \/>\n<meta property=\"og:title\" content=\"Bojana Popovi\u0107: Nemamo fond utakmica da budemo u igra\u010dkoj formi - dmcsrb.com\" \/>\n<meta property=\"og:description\" content=\"Nedostaju utakmice rukometa\u0161icama OTP Group Budu\u0107nosti da budu u pravoj formi, smatra trenerica Bojana Popovi\u0107.\" \/>\n<meta property=\"og:url\" content=\"https:\/\/dmcsrb.com\/en\/sport\/bojana-popovic-nemamo-fond-utakmica-da-budemo-u-igrackoj-formi\/\" \/>\n<meta property=\"og:site_name\" content=\"dmcsrb.com\" \/>\n<meta property=\"article:published_time\" content=\"2025-09-07T16:02:11+00:00\" \/>\n<meta property=\"og:image\" content=\"https:\/\/dmcsrb.com\/wp-content\/uploads\/2026\/01\/Bojana-Popovic-Dejan-Starcevic.webp\" \/>\n\t<meta property=\"og:image:width\" content=\"1000\" \/>\n\t<meta property=\"og:image:height\" content=\"666\" \/>\n\t<meta property=\"og:image:type\" content=\"image\/jpeg\" \/>\n<meta name=\"author\" content=\"dmcsrbija.com@gmail.com\" \/>\n<meta name=\"twitter:card\" content=\"summary_large_image\" \/>\n<meta name=\"twitter:label1\" content=\"Written by\" \/>\n\t<meta name=\"twitter:data1\" content=\"dmcsrbija.com@gmail.com\" \/>\n\t<meta name=\"twitter:label2\" content=\"Estimated reading time\" \/>\n\t<meta name=\"twitter:data2\" content=\"1 minute\" \/>\n<script type=\"application\/ld+json\" class=\"yoast-schema-graph\">{\"@context\":\"https:\\\/\\\/schema.org\",\"@graph\":[{\"@type\":\"Article\",\"@id\":\"https:\\\/\\\/dmcsrb.com\\\/sport\\\/bojana-popovic-nemamo-fond-utakmica-da-budemo-u-igrackoj-formi\\\/#article\",\"isPartOf\":{\"@id\":\"https:\\\/\\\/dmcsrb.com\\\/sport\\\/bojana-popovic-nemamo-fond-utakmica-da-budemo-u-igrackoj-formi\\\/\"},\"author\":{\"name\":\"dmcsrbija.com@gmail.com\",\"@id\":\"https:\\\/\\\/dmcsrb.com\\\/#\\\/schema\\\/person\\\/5c39170f12db1b8b457732d0b5c854e2\"},\"headline\":\"Bojana Popovi\u0107: Nemamo fond utakmica da budemo u igra\u010dkoj formi\",\"datePublished\":\"2025-09-07T16:02:11+00:00\",\"mainEntityOfPage\":{\"@id\":\"https:\\\/\\\/dmcsrb.com\\\/sport\\\/bojana-popovic-nemamo-fond-utakmica-da-budemo-u-igrackoj-formi\\\/\"},\"wordCount\":204,\"commentCount\":0,\"image\":{\"@id\":\"https:\\\/\\\/dmcsrb.com\\\/sport\\\/bojana-popovic-nemamo-fond-utakmica-da-budemo-u-igrackoj-formi\\\/#primaryimage\"},\"thumbnailUrl\":\"https:\\\/\\\/dmcsrb.com\\\/wp-content\\\/uploads\\\/2026\\\/01\\\/Bojana-Popovic-Dejan-Starcevic.webp\",\"keywords\":[\"Bojana Popovi\u0107\",\"Debrecin\",\"EHF Liga \u0161ampiona\",\"\u017dRK OTP Group Budu\u0107nost\"],\"articleSection\":[\"Sport\"],\"inLanguage\":\"en-GB\",\"potentialAction\":[{\"@type\":\"CommentAction\",\"name\":\"Comment\",\"target\":[\"https:\\\/\\\/dmcsrb.com\\\/sport\\\/bojana-popovic-nemamo-fond-utakmica-da-budemo-u-igrackoj-formi\\\/#respond\"]}]},{\"@type\":\"WebPage\",\"@id\":\"https:\\\/\\\/dmcsrb.com\\\/sport\\\/bojana-popovic-nemamo-fond-utakmica-da-budemo-u-igrackoj-formi\\\/\",\"url\":\"https:\\\/\\\/dmcsrb.com\\\/sport\\\/bojana-popovic-nemamo-fond-utakmica-da-budemo-u-igrackoj-formi\\\/\",\"name\":\"Bojana Popovi\u0107: Nemamo fond utakmica da budemo u igra\u010dkoj formi - dmcsrb.com\",\"isPartOf\":{\"@id\":\"https:\\\/\\\/dmcsrb.com\\\/#website\"},\"primaryImageOfPage\":{\"@id\":\"https:\\\/\\\/dmcsrb.com\\\/sport\\\/bojana-popovic-nemamo-fond-utakmica-da-budemo-u-igrackoj-formi\\\/#primaryimage\"},\"image\":{\"@id\":\"https:\\\/\\\/dmcsrb.com\\\/sport\\\/bojana-popovic-nemamo-fond-utakmica-da-budemo-u-igrackoj-formi\\\/#primaryimage\"},\"thumbnailUrl\":\"https:\\\/\\\/dmcsrb.com\\\/wp-content\\\/uploads\\\/2026\\\/01\\\/Bojana-Popovic-Dejan-Starcevic.webp\",\"datePublished\":\"2025-09-07T16:02:11+00:00\",\"author\":{\"@id\":\"https:\\\/\\\/dmcsrb.com\\\/#\\\/schema\\\/person\\\/5c39170f12db1b8b457732d0b5c854e2\"},\"breadcrumb\":{\"@id\":\"https:\\\/\\\/dmcsrb.com\\\/sport\\\/bojana-popovic-nemamo-fond-utakmica-da-budemo-u-igrackoj-formi\\\/#breadcrumb\"},\"inLanguage\":\"en-GB\",\"potentialAction\":[{\"@type\":\"ReadAction\",\"target\":[\"https:\\\/\\\/dmcsrb.com\\\/sport\\\/bojana-popovic-nemamo-fond-utakmica-da-budemo-u-igrackoj-formi\\\/\"]}]},{\"@type\":\"ImageObject\",\"inLanguage\":\"en-GB\",\"@id\":\"https:\\\/\\\/dmcsrb.com\\\/sport\\\/bojana-popovic-nemamo-fond-utakmica-da-budemo-u-igrackoj-formi\\\/#primaryimage\",\"url\":\"https:\\\/\\\/dmcsrb.com\\\/wp-content\\\/uploads\\\/2026\\\/01\\\/Bojana-Popovic-Dejan-Starcevic.webp\",\"contentUrl\":\"https:\\\/\\\/dmcsrb.com\\\/wp-content\\\/uploads\\\/2026\\\/01\\\/Bojana-Popovic-Dejan-Starcevic.webp\",\"width\":1000,\"height\":666},{\"@type\":\"BreadcrumbList\",\"@id\":\"https:\\\/\\\/dmcsrb.com\\\/sport\\\/bojana-popovic-nemamo-fond-utakmica-da-budemo-u-igrackoj-formi\\\/#breadcrumb\",\"itemListElement\":[{\"@type\":\"ListItem\",\"position\":1,\"name\":\"Home\",\"item\":\"https:\\\/\\\/dmcsrb.com\\\/\"},{\"@type\":\"ListItem\",\"position\":2,\"name\":\"Bojana Popovi\u0107: Nemamo fond utakmica da budemo u igra\u010dkoj formi\"}]},{\"@type\":\"WebSite\",\"@id\":\"https:\\\/\\\/dmcsrb.com\\\/#website\",\"url\":\"https:\\\/\\\/dmcsrb.com\\\/\",\"name\":\"dmcsrb.com\",\"description\":\"\",\"potentialAction\":[{\"@type\":\"SearchAction\",\"target\":{\"@type\":\"EntryPoint\",\"urlTemplate\":\"https:\\\/\\\/dmcsrb.com\\\/?s={search_term_string}\"},\"query-input\":{\"@type\":\"PropertyValueSpecification\",\"valueRequired\":true,\"valueName\":\"search_term_string\"}}],\"inLanguage\":\"en-GB\"},{\"@type\":\"Person\",\"@id\":\"https:\\\/\\\/dmcsrb.com\\\/#\\\/schema\\\/person\\\/5c39170f12db1b8b457732d0b5c854e2\",\"name\":\"dmcsrbija.com@gmail.com\",\"image\":{\"@type\":\"ImageObject\",\"inLanguage\":\"en-GB\",\"@id\":\"https:\\\/\\\/secure.gravatar.com\\\/avatar\\\/68592660ad6347fad0fb587f8d5d8f1a7b44961362f56e4f2cd524feb87e9069?s=96&d=mm&r=g\",\"url\":\"https:\\\/\\\/secure.gravatar.com\\\/avatar\\\/68592660ad6347fad0fb587f8d5d8f1a7b44961362f56e4f2cd524feb87e9069?s=96&d=mm&r=g\",\"contentUrl\":\"https:\\\/\\\/secure.gravatar.com\\\/avatar\\\/68592660ad6347fad0fb587f8d5d8f1a7b44961362f56e4f2cd524feb87e9069?s=96&d=mm&r=g\",\"caption\":\"dmcsrbija.com@gmail.com\"},\"sameAs\":[\"https:\\\/\\\/dmcsrb.com\"],\"url\":\"https:\\\/\\\/dmcsrb.com\\\/en\\\/author\\\/dmcsrbija-comgmail-com\\\/\"}]}<\/script>\n<!-- \/ Yoast SEO plugin. -->","yoast_head_json":{"title":"Bojana Popovi\u0107: Nemamo fond utakmica da budemo u igra\u010dkoj formi - dmcsrb.com","robots":{"index":"index","follow":"follow","max-snippet":"max-snippet:-1","max-image-preview":"max-image-preview:large","max-video-preview":"max-video-preview:-1"},"canonical":"https:\/\/dmcsrb.com\/en\/sport\/bojana-popovic-nemamo-fond-utakmica-da-budemo-u-igrackoj-formi\/","og_locale":"en_GB","og_type":"article","og_title":"Bojana Popovi\u0107: Nemamo fond utakmica da budemo u igra\u010dkoj formi - dmcsrb.com","og_description":"Nedostaju utakmice rukometa\u0161icama OTP Group Budu\u0107nosti da budu u pravoj formi, smatra trenerica Bojana Popovi\u0107.","og_url":"https:\/\/dmcsrb.com\/en\/sport\/bojana-popovic-nemamo-fond-utakmica-da-budemo-u-igrackoj-formi\/","og_site_name":"dmcsrb.com","article_published_time":"2025-09-07T16:02:11+00:00","og_image":[{"width":1000,"height":666,"url":"https:\/\/dmcsrb.com\/wp-content\/uploads\/2026\/01\/Bojana-Popovic-Dejan-Starcevic.webp","type":"image\/jpeg"}],"author":"dmcsrbija.com@gmail.com","twitter_card":"summary_large_image","twitter_misc":{"Written by":"dmcsrbija.com@gmail.com","Estimated reading time":"1 minute"},"schema":{"@context":"https:\/\/schema.org","@graph":[{"@type":"Article","@id":"https:\/\/dmcsrb.com\/sport\/bojana-popovic-nemamo-fond-utakmica-da-budemo-u-igrackoj-formi\/#article","isPartOf":{"@id":"https:\/\/dmcsrb.com\/sport\/bojana-popovic-nemamo-fond-utakmica-da-budemo-u-igrackoj-formi\/"},"author":{"name":"dmcsrbija.com@gmail.com","@id":"https:\/\/dmcsrb.com\/#\/schema\/person\/5c39170f12db1b8b457732d0b5c854e2"},"headline":"Bojana Popovi\u0107: Nemamo fond utakmica da budemo u igra\u010dkoj formi","datePublished":"2025-09-07T16:02:11+00:00","mainEntityOfPage":{"@id":"https:\/\/dmcsrb.com\/sport\/bojana-popovic-nemamo-fond-utakmica-da-budemo-u-igrackoj-formi\/"},"wordCount":204,"commentCount":0,"image":{"@id":"https:\/\/dmcsrb.com\/sport\/bojana-popovic-nemamo-fond-utakmica-da-budemo-u-igrackoj-formi\/#primaryimage"},"thumbnailUrl":"https:\/\/dmcsrb.com\/wp-content\/uploads\/2026\/01\/Bojana-Popovic-Dejan-Starcevic.webp","keywords":["Bojana Popovi\u0107","Debrecin","EHF Liga \u0161ampiona","\u017dRK OTP Group Budu\u0107nost"],"articleSection":["Sport"],"inLanguage":"en-GB","potentialAction":[{"@type":"CommentAction","name":"Comment","target":["https:\/\/dmcsrb.com\/sport\/bojana-popovic-nemamo-fond-utakmica-da-budemo-u-igrackoj-formi\/#respond"]}]},{"@type":"WebPage","@id":"https:\/\/dmcsrb.com\/sport\/bojana-popovic-nemamo-fond-utakmica-da-budemo-u-igrackoj-formi\/","url":"https:\/\/dmcsrb.com\/sport\/bojana-popovic-nemamo-fond-utakmica-da-budemo-u-igrackoj-formi\/","name":"Bojana Popovi\u0107: Nemamo fond utakmica da budemo u igra\u010dkoj formi - dmcsrb.com","isPartOf":{"@id":"https:\/\/dmcsrb.com\/#website"},"primaryImageOfPage":{"@id":"https:\/\/dmcsrb.com\/sport\/bojana-popovic-nemamo-fond-utakmica-da-budemo-u-igrackoj-formi\/#primaryimage"},"image":{"@id":"https:\/\/dmcsrb.com\/sport\/bojana-popovic-nemamo-fond-utakmica-da-budemo-u-igrackoj-formi\/#primaryimage"},"thumbnailUrl":"https:\/\/dmcsrb.com\/wp-content\/uploads\/2026\/01\/Bojana-Popovic-Dejan-Starcevic.webp","datePublished":"2025-09-07T16:02:11+00:00","author":{"@id":"https:\/\/dmcsrb.com\/#\/schema\/person\/5c39170f12db1b8b457732d0b5c854e2"},"breadcrumb":{"@id":"https:\/\/dmcsrb.com\/sport\/bojana-popovic-nemamo-fond-utakmica-da-budemo-u-igrackoj-formi\/#breadcrumb"},"inLanguage":"en-GB","potentialAction":[{"@type":"ReadAction","target":["https:\/\/dmcsrb.com\/sport\/bojana-popovic-nemamo-fond-utakmica-da-budemo-u-igrackoj-formi\/"]}]},{"@type":"ImageObject","inLanguage":"en-GB","@id":"https:\/\/dmcsrb.com\/sport\/bojana-popovic-nemamo-fond-utakmica-da-budemo-u-igrackoj-formi\/#primaryimage","url":"https:\/\/dmcsrb.com\/wp-content\/uploads\/2026\/01\/Bojana-Popovic-Dejan-Starcevic.webp","contentUrl":"https:\/\/dmcsrb.com\/wp-content\/uploads\/2026\/01\/Bojana-Popovic-Dejan-Starcevic.webp","width":1000,"height":666},{"@type":"BreadcrumbList","@id":"https:\/\/dmcsrb.com\/sport\/bojana-popovic-nemamo-fond-utakmica-da-budemo-u-igrackoj-formi\/#breadcrumb","itemListElement":[{"@type":"ListItem","position":1,"name":"Home","item":"https:\/\/dmcsrb.com\/"},{"@type":"ListItem","position":2,"name":"Bojana Popovi\u0107: Nemamo fond utakmica da budemo u igra\u010dkoj formi"}]},{"@type":"WebSite","@id":"https:\/\/dmcsrb.com\/#website","url":"https:\/\/dmcsrb.com\/","name":"dmcsrb.com","description":"","potentialAction":[{"@type":"SearchAction","target":{"@type":"EntryPoint","urlTemplate":"https:\/\/dmcsrb.com\/?s={search_term_string}"},"query-input":{"@type":"PropertyValueSpecification","valueRequired":true,"valueName":"search_term_string"}}],"inLanguage":"en-GB"},{"@type":"Person","@id":"https:\/\/dmcsrb.com\/#\/schema\/person\/5c39170f12db1b8b457732d0b5c854e2","name":"dmcsrbija.com@gmail.com","image":{"@type":"ImageObject","inLanguage":"en-GB","@id":"https:\/\/secure.gravatar.com\/avatar\/68592660ad6347fad0fb587f8d5d8f1a7b44961362f56e4f2cd524feb87e9069?s=96&d=mm&r=g","url":"https:\/\/secure.gravatar.com\/avatar\/68592660ad6347fad0fb587f8d5d8f1a7b44961362f56e4f2cd524feb87e9069?s=96&d=mm&r=g","contentUrl":"https:\/\/secure.gravatar.com\/avatar\/68592660ad6347fad0fb587f8d5d8f1a7b44961362f56e4f2cd524feb87e9069?s=96&d=mm&r=g","caption":"dmcsrbija.com@gmail.com"},"sameAs":["https:\/\/dmcsrb.com"],"url":"https:\/\/dmcsrb.com\/en\/author\/dmcsrbija-comgmail-com\/"}]}},"_links":{"self":[{"href":"https:\/\/dmcsrb.com\/en\/wp-json\/wp\/v2\/posts\/950757","targetHints":{"allow":["GET"]}}],"collection":[{"href":"https:\/\/dmcsrb.com\/en\/wp-json\/wp\/v2\/posts"}],"about":[{"href":"https:\/\/dmcsrb.com\/en\/wp-json\/wp\/v2\/types\/post"}],"author":[{"embeddable":true,"href":"https:\/\/dmcsrb.com\/en\/wp-json\/wp\/v2\/users\/1"}],"replies":[{"embeddable":true,"href":"https:\/\/dmcsrb.com\/en\/wp-json\/wp\/v2\/comments?post=950757"}],"version-history":[{"count":0,"href":"https:\/\/dmcsrb.com\/en\/wp-json\/wp\/v2\/posts\/950757\/revisions"}],"wp:featuredmedia":[{"embeddable":true,"href":"https:\/\/dmcsrb.com\/en\/wp-json\/wp\/v2\/media\/950758"}],"wp:attachment":[{"href":"https:\/\/dmcsrb.com\/en\/wp-json\/wp\/v2\/media?parent=950757"}],"wp:term":[{"taxonomy":"category","embeddable":true,"href":"https:\/\/dmcsrb.com\/en\/wp-json\/wp\/v2\/categories?post=950757"},{"taxonomy":"post_tag","embeddable":true,"href":"https:\/\/dmcsrb.com\/en\/wp-json\/wp\/v2\/tags?post=950757"},{"taxonomy":"naslovna","embeddable":true,"href":"https:\/\/dmcsrb.com\/en\/wp-json\/wp\/v2\/naslovna?post=950757"}],"curies":[{"name":"wp","href":"https:\/\/api.w.org\/{rel}","templated":true}]}}