{"id":950747,"date":"2025-09-07T05:13:00","date_gmt":"2025-09-07T03:13:00","guid":{"rendered":"https:\/\/dmcsrb.com\/uncategorized\/video-lakovic-djeci-sa-autizmom-i-njihovim-porodicama-uskraceni-minimalni-uslovi-za-dostojanstven-zivot\/"},"modified":"2025-09-07T05:13:00","modified_gmt":"2025-09-07T03:13:00","slug":"video-lakovic-djeci-sa-autizmom-i-njihovim-porodicama-uskraceni-minimalni-uslovi-za-dostojanstven-zivot","status":"publish","type":"post","link":"https:\/\/dmcsrb.com\/en\/drustvo\/video-lakovic-djeci-sa-autizmom-i-njihovim-porodicama-uskraceni-minimalni-uslovi-za-dostojanstven-zivot\/","title":{"rendered":"(VIDEO) Lakovi\u0107: Djeci sa autizmom i njihovim porodicama uskra\u0107eni minimalni uslovi za dostojanstven \u017eivot"},"content":{"rendered":"<p><\/p>\n\n\n\n<p>,,\u0160to se ti\u010de dnevnog boravka u Podgorici,&nbsp;to je maltene nemogu\u0107e organizovati zbog prostornih kapaciteta, zbog manjka kadra s kojima se raspola\u017ee i zbog toga \u0161to taj dnevni centar raspola\u017ee samo sa 20 mjesta, \u0161to je na grad od 200 ili vi\u0161e hiljada stanovnika jako malo. Vi\u0161e puta, evo ve\u0107 godinama upozoravamo i apelujemo da se krene u izgradnju novog dnevnog centara kako bi se svi ti problemi rije\u0161ili.&nbsp;Nude nam se neko rje\u0161enja koja nisu adekvatna za na\u0161u djecu i ina\u010de za osobe sa autizom i sa te\u0161ko\u0107enjem u razvoju. Pozdravio bih izjavu sekretara za socijalno staranje Ve\u0161ovi\u0107a koji je izjavio da rje\u0161enje treba da se tra\u017eiti u temelju. I to je pravi put\u201d, poru\u010dio je Lakovi\u0107.<\/p>\n\n\n\n<p>Roditelji nagla\u0161avaju da se djeca sa autizmom i njihove porodice stavljaju u izuzetno te\u017eak polo\u017eaj, jer im se uskra\u0107uju minimalni uslovi za dostojanstven \u017eivot i inkluziju. Oni pozivaju dr\u017eavu, resorna ministarstva i lokalne samouprave da preuzmu svoj dio odgovornosti i obezbijede djeci iz spektra autizma jednaka prava i podr\u0161ku u obrazovnom sistemu.<\/p>\n\n\n\n<p>,,Kad \u010dujemo pri\u010du o promjeni sistema, mi odmah znamo da od toga nema ni\u0161ta iz prostog razloga jer mi nemamo sistem. Mi tra\u017eimo uspostavljanje sistema, ne njegovih dijelova, ne puko prepisivanje zakona da bi se prilagodili standardima Evropske unije,&nbsp;a onda da ti zakoni stoje mrtvo u osnovnom papiru,&nbsp;nego da se jedan put realno sagleda slika kapaciteta sa kojima raspola\u017eemo i da krenemo u izgradnju institucija i sistema paralelno, kako bi ta\u010dno znali agendu, \u0161to za koliko vremena dobijamo i \u0161to dobijaju djeca, roditelji i ostala lica sa invaliditetom.&nbsp;Ovako, na ovaj na\u010din kako je kod nas postavljen,&nbsp;bojim se da se zadovoljava samo neka forma, a da je su\u0161tina daleko, daleko, daleko od te forme.\u201d<\/p>\n\n\n\n<p>Roditelji najavljuju protest ispred Vlade Crne Gore 19. septembra, jer nadle\u017ene institucije nijesu obezbijedile dovoljno prilago\u0111ene uslove za djecu, a ve\u0107ina zahtjeva je, kako isti\u010de Lakovi\u0107,&nbsp;ostala neispunjena .<\/p>\n\n\n\n<p>,,Iskren da budem, neke smo odgovore dobili. Jesmo li zadovoljni sa tim rje\u0161enjima koje smo dobili? Djelimi\u010dno jesmo, ali gro zahtjeva je ostao isti. Problemi se samo gomilaju, skrivaju se pod tepih. Negdje smo stekli utisak da je Vlada, da su ministri mislili da su nas zadovoljili sa tim i da smo se umirili. Ne, nismo se umirili. Samo smo ih \u010dekali da vidimo \u0161to \u0107e da preduzmu. Ovdje je do\u0161lo vrijeme da mora da po\u010dne da se radi. Ko ne\u0107e da radi da ponese svoj dio odgovornosti, ima i drugih ministarstava, hvala Bogu, Vlada je bogata sa tim ministarstvima, pa neka im daju neke druge pozicije za koje su stru\u010dniji, a nek se batale ovoga posla i nek se late posla koji znaju da rade. Posto ovaj o\u010digledno ne znaju&#8221;, kazao je Lakovi\u0107.<\/p>\n\n\n\n<p>Novi apel roditelja djece iz spektra autizma mo\u017eda \u0107e kona\u010dno osvijestiti dr\u017eavu i sistem o hitnoj potrebi za konkretnim rje\u0161enjima, zaklju\u010dio je Lakovi\u0107 .<\/p>\n\n\n\n<figure class=\"wp-block-embed is-type-video is-provider-youtube wp-block-embed-youtube wp-embed-aspect-16-9 wp-has-aspect-ratio\"><div class=\"wp-block-embed__wrapper\">\n<iframe loading=\"lazy\" title=\"Lakovi\u0107: Djeci sa autizmom i njihovim porodicama uskra\u0107eni minimalni uslovi za dostojanstven \u017eivot\" width=\"500\" height=\"281\" src=\"https:\/\/www.youtube.com\/embed\/TxqVVvLBX6k?feature=oembed\" frameborder=\"0\" allow=\"accelerometer; autoplay; clipboard-write; encrypted-media; gyroscope; picture-in-picture; web-share\" referrerpolicy=\"strict-origin-when-cross-origin\" allowfullscreen><\/iframe>\n<\/div><\/figure>","protected":false},"excerpt":{"rendered":"<p>Djeca iz spektra autizma u Podgorici nemaju obezbije\u0111en produ\u017eeni dnevni boravak, osim u\u010denika \u0161kole \u201e1. jun\u201c, specijalizovane za djecu sa pote\u0161ko\u0107ama u razvoju. Ova ustanova produ\u017eeni boravak organizuje isklju\u010divo za svoje \u0111ake, dok u ostalim osnovnim \u0161kolama \u2014 iako postoje uslovi \u2014 produ\u017eeni boravak se omogu\u0107ava samo u\u010denicima prvog razreda i to zajedno sa djecom urednog razvoja, navodi za Gradsku roditelj djeteta iz spektra autizma Goran Lakovi\u0107.<\/p>","protected":false},"author":1,"featured_media":950748,"comment_status":"open","ping_status":"open","sticky":false,"template":"","format":"standard","meta":{"_acf_changed":false,"footnotes":""},"categories":[2],"tags":[7271,7272,7273,7274,7275],"naslovna":[],"class_list":["post-950747","post","type-post","status-publish","format-standard","has-post-thumbnail","hentry","category-drustvo","tag-djeca-sa-autizmom","tag-dostojanstven-zivot","tag-minimalni-uslovi","tag-porodice","tag-tezak-polozaj"],"acf":[],"yoast_head":"<!-- This site is optimized with the Yoast SEO plugin v27.0 - https:\/\/yoast.com\/product\/yoast-seo-wordpress\/ -->\n<title>(VIDEO) Lakovi\u0107: Djeci sa autizmom i njihovim porodicama uskra\u0107eni minimalni uslovi za dostojanstven \u017eivot - dmcsrb.com<\/title>\n<meta name=\"robots\" content=\"index, follow, max-snippet:-1, max-image-preview:large, max-video-preview:-1\" \/>\n<link rel=\"canonical\" href=\"https:\/\/dmcsrb.com\/en\/drustvo\/video-lakovic-djeci-sa-autizmom-i-njihovim-porodicama-uskraceni-minimalni-uslovi-za-dostojanstven-zivot\/\" \/>\n<meta property=\"og:locale\" content=\"en_GB\" \/>\n<meta property=\"og:type\" content=\"article\" \/>\n<meta property=\"og:title\" content=\"(VIDEO) Lakovi\u0107: Djeci sa autizmom i njihovim porodicama uskra\u0107eni minimalni uslovi za dostojanstven \u017eivot - dmcsrb.com\" \/>\n<meta property=\"og:description\" content=\"Djeca iz spektra autizma u Podgorici nemaju obezbije\u0111en produ\u017eeni dnevni boravak, osim u\u010denika \u0161kole \u201e1. jun\u201c, specijalizovane za djecu sa pote\u0161ko\u0107ama u razvoju. Ova ustanova produ\u017eeni boravak organizuje isklju\u010divo za svoje \u0111ake, dok u ostalim osnovnim \u0161kolama \u2014 iako postoje uslovi \u2014 produ\u017eeni boravak se omogu\u0107ava samo u\u010denicima prvog razreda i to zajedno sa djecom urednog razvoja, navodi za Gradsku roditelj djeteta iz spektra autizma Goran Lakovi\u0107.\" \/>\n<meta property=\"og:url\" content=\"https:\/\/dmcsrb.com\/en\/drustvo\/video-lakovic-djeci-sa-autizmom-i-njihovim-porodicama-uskraceni-minimalni-uslovi-za-dostojanstven-zivot\/\" \/>\n<meta property=\"og:site_name\" content=\"dmcsrb.com\" \/>\n<meta property=\"article:published_time\" content=\"2025-09-07T03:13:00+00:00\" \/>\n<meta property=\"og:image\" content=\"https:\/\/dmcsrb.com\/wp-content\/uploads\/2026\/01\/Capture-15-3.webp\" \/>\n\t<meta property=\"og:image:width\" content=\"1848\" \/>\n\t<meta property=\"og:image:height\" content=\"893\" \/>\n\t<meta property=\"og:image:type\" content=\"image\/jpeg\" \/>\n<meta name=\"author\" content=\"dmcsrbija.com@gmail.com\" \/>\n<meta name=\"twitter:card\" content=\"summary_large_image\" \/>\n<meta name=\"twitter:label1\" content=\"Written by\" \/>\n\t<meta name=\"twitter:data1\" content=\"dmcsrbija.com@gmail.com\" \/>\n\t<meta name=\"twitter:label2\" content=\"Estimated reading time\" \/>\n\t<meta name=\"twitter:data2\" content=\"3 minutes\" \/>\n<script type=\"application\/ld+json\" class=\"yoast-schema-graph\">{\"@context\":\"https:\/\/schema.org\",\"@graph\":[{\"@type\":\"Article\",\"@id\":\"https:\/\/dmcsrb.com\/drustvo\/video-lakovic-djeci-sa-autizmom-i-njihovim-porodicama-uskraceni-minimalni-uslovi-za-dostojanstven-zivot\/#article\",\"isPartOf\":{\"@id\":\"https:\/\/dmcsrb.com\/drustvo\/video-lakovic-djeci-sa-autizmom-i-njihovim-porodicama-uskraceni-minimalni-uslovi-za-dostojanstven-zivot\/\"},\"author\":{\"name\":\"dmcsrbija.com@gmail.com\",\"@id\":\"https:\/\/dmcsrb.com\/#\/schema\/person\/5c39170f12db1b8b457732d0b5c854e2\"},\"headline\":\"(VIDEO) Lakovi\u0107: Djeci sa autizmom i njihovim porodicama uskra\u0107eni minimalni uslovi za dostojanstven \u017eivot\",\"datePublished\":\"2025-09-07T03:13:00+00:00\",\"mainEntityOfPage\":{\"@id\":\"https:\/\/dmcsrb.com\/drustvo\/video-lakovic-djeci-sa-autizmom-i-njihovim-porodicama-uskraceni-minimalni-uslovi-za-dostojanstven-zivot\/\"},\"wordCount\":542,\"commentCount\":0,\"image\":{\"@id\":\"https:\/\/dmcsrb.com\/drustvo\/video-lakovic-djeci-sa-autizmom-i-njihovim-porodicama-uskraceni-minimalni-uslovi-za-dostojanstven-zivot\/#primaryimage\"},\"thumbnailUrl\":\"https:\/\/dmcsrb.com\/wp-content\/uploads\/2026\/01\/Capture-15-3.webp\",\"keywords\":[\"djeca sa autizmom\",\"dostojanstven \u017eivot\",\"Minimalni uslovi\",\"porodice\",\"Te\u017eak polo\u017eaj\"],\"articleSection\":[\"Dru\u0161tvo\"],\"inLanguage\":\"en-GB\",\"potentialAction\":[{\"@type\":\"CommentAction\",\"name\":\"Comment\",\"target\":[\"https:\/\/dmcsrb.com\/drustvo\/video-lakovic-djeci-sa-autizmom-i-njihovim-porodicama-uskraceni-minimalni-uslovi-za-dostojanstven-zivot\/#respond\"]}]},{\"@type\":\"WebPage\",\"@id\":\"https:\/\/dmcsrb.com\/drustvo\/video-lakovic-djeci-sa-autizmom-i-njihovim-porodicama-uskraceni-minimalni-uslovi-za-dostojanstven-zivot\/\",\"url\":\"https:\/\/dmcsrb.com\/drustvo\/video-lakovic-djeci-sa-autizmom-i-njihovim-porodicama-uskraceni-minimalni-uslovi-za-dostojanstven-zivot\/\",\"name\":\"(VIDEO) Lakovi\u0107: Djeci sa autizmom i njihovim porodicama uskra\u0107eni minimalni uslovi za dostojanstven \u017eivot - dmcsrb.com\",\"isPartOf\":{\"@id\":\"https:\/\/dmcsrb.com\/#website\"},\"primaryImageOfPage\":{\"@id\":\"https:\/\/dmcsrb.com\/drustvo\/video-lakovic-djeci-sa-autizmom-i-njihovim-porodicama-uskraceni-minimalni-uslovi-za-dostojanstven-zivot\/#primaryimage\"},\"image\":{\"@id\":\"https:\/\/dmcsrb.com\/drustvo\/video-lakovic-djeci-sa-autizmom-i-njihovim-porodicama-uskraceni-minimalni-uslovi-za-dostojanstven-zivot\/#primaryimage\"},\"thumbnailUrl\":\"https:\/\/dmcsrb.com\/wp-content\/uploads\/2026\/01\/Capture-15-3.webp\",\"datePublished\":\"2025-09-07T03:13:00+00:00\",\"author\":{\"@id\":\"https:\/\/dmcsrb.com\/#\/schema\/person\/5c39170f12db1b8b457732d0b5c854e2\"},\"breadcrumb\":{\"@id\":\"https:\/\/dmcsrb.com\/drustvo\/video-lakovic-djeci-sa-autizmom-i-njihovim-porodicama-uskraceni-minimalni-uslovi-za-dostojanstven-zivot\/#breadcrumb\"},\"inLanguage\":\"en-GB\",\"potentialAction\":[{\"@type\":\"ReadAction\",\"target\":[\"https:\/\/dmcsrb.com\/drustvo\/video-lakovic-djeci-sa-autizmom-i-njihovim-porodicama-uskraceni-minimalni-uslovi-za-dostojanstven-zivot\/\"]}]},{\"@type\":\"ImageObject\",\"inLanguage\":\"en-GB\",\"@id\":\"https:\/\/dmcsrb.com\/drustvo\/video-lakovic-djeci-sa-autizmom-i-njihovim-porodicama-uskraceni-minimalni-uslovi-za-dostojanstven-zivot\/#primaryimage\",\"url\":\"https:\/\/dmcsrb.com\/wp-content\/uploads\/2026\/01\/Capture-15-3.webp\",\"contentUrl\":\"https:\/\/dmcsrb.com\/wp-content\/uploads\/2026\/01\/Capture-15-3.webp\",\"width\":1848,\"height\":893},{\"@type\":\"BreadcrumbList\",\"@id\":\"https:\/\/dmcsrb.com\/drustvo\/video-lakovic-djeci-sa-autizmom-i-njihovim-porodicama-uskraceni-minimalni-uslovi-za-dostojanstven-zivot\/#breadcrumb\",\"itemListElement\":[{\"@type\":\"ListItem\",\"position\":1,\"name\":\"Home\",\"item\":\"https:\/\/dmcsrb.com\/\"},{\"@type\":\"ListItem\",\"position\":2,\"name\":\"(VIDEO) Lakovi\u0107: Djeci sa autizmom i njihovim porodicama uskra\u0107eni minimalni uslovi za dostojanstven \u017eivot\"}]},{\"@type\":\"WebSite\",\"@id\":\"https:\/\/dmcsrb.com\/#website\",\"url\":\"https:\/\/dmcsrb.com\/\",\"name\":\"dmcsrb.com\",\"description\":\"\",\"potentialAction\":[{\"@type\":\"SearchAction\",\"target\":{\"@type\":\"EntryPoint\",\"urlTemplate\":\"https:\/\/dmcsrb.com\/?s={search_term_string}\"},\"query-input\":{\"@type\":\"PropertyValueSpecification\",\"valueRequired\":true,\"valueName\":\"search_term_string\"}}],\"inLanguage\":\"en-GB\"},{\"@type\":\"Person\",\"@id\":\"https:\/\/dmcsrb.com\/#\/schema\/person\/5c39170f12db1b8b457732d0b5c854e2\",\"name\":\"dmcsrbija.com@gmail.com\",\"image\":{\"@type\":\"ImageObject\",\"inLanguage\":\"en-GB\",\"@id\":\"https:\/\/dmcsrb.com\/#\/schema\/person\/image\/\",\"url\":\"https:\/\/secure.gravatar.com\/avatar\/68592660ad6347fad0fb587f8d5d8f1a7b44961362f56e4f2cd524feb87e9069?s=96&d=mm&r=g\",\"contentUrl\":\"https:\/\/secure.gravatar.com\/avatar\/68592660ad6347fad0fb587f8d5d8f1a7b44961362f56e4f2cd524feb87e9069?s=96&d=mm&r=g\",\"caption\":\"dmcsrbija.com@gmail.com\"},\"sameAs\":[\"https:\/\/dmcsrb.com\"],\"url\":\"https:\/\/dmcsrb.com\/en\/author\/dmcsrbija-comgmail-com\/\"}]}<\/script>\n<!-- \/ Yoast SEO plugin. -->","yoast_head_json":{"title":"(VIDEO) Lakovi\u0107: Djeci sa autizmom i njihovim porodicama uskra\u0107eni minimalni uslovi za dostojanstven \u017eivot - dmcsrb.com","robots":{"index":"index","follow":"follow","max-snippet":"max-snippet:-1","max-image-preview":"max-image-preview:large","max-video-preview":"max-video-preview:-1"},"canonical":"https:\/\/dmcsrb.com\/en\/drustvo\/video-lakovic-djeci-sa-autizmom-i-njihovim-porodicama-uskraceni-minimalni-uslovi-za-dostojanstven-zivot\/","og_locale":"en_GB","og_type":"article","og_title":"(VIDEO) Lakovi\u0107: Djeci sa autizmom i njihovim porodicama uskra\u0107eni minimalni uslovi za dostojanstven \u017eivot - dmcsrb.com","og_description":"Djeca iz spektra autizma u Podgorici nemaju obezbije\u0111en produ\u017eeni dnevni boravak, osim u\u010denika \u0161kole \u201e1. jun\u201c, specijalizovane za djecu sa pote\u0161ko\u0107ama u razvoju. Ova ustanova produ\u017eeni boravak organizuje isklju\u010divo za svoje \u0111ake, dok u ostalim osnovnim \u0161kolama \u2014 iako postoje uslovi \u2014 produ\u017eeni boravak se omogu\u0107ava samo u\u010denicima prvog razreda i to zajedno sa djecom urednog razvoja, navodi za Gradsku roditelj djeteta iz spektra autizma Goran Lakovi\u0107.","og_url":"https:\/\/dmcsrb.com\/en\/drustvo\/video-lakovic-djeci-sa-autizmom-i-njihovim-porodicama-uskraceni-minimalni-uslovi-za-dostojanstven-zivot\/","og_site_name":"dmcsrb.com","article_published_time":"2025-09-07T03:13:00+00:00","og_image":[{"width":1848,"height":893,"url":"https:\/\/dmcsrb.com\/wp-content\/uploads\/2026\/01\/Capture-15-3.webp","type":"image\/jpeg"}],"author":"dmcsrbija.com@gmail.com","twitter_card":"summary_large_image","twitter_misc":{"Written by":"dmcsrbija.com@gmail.com","Estimated reading time":"3 minutes"},"schema":{"@context":"https:\/\/schema.org","@graph":[{"@type":"Article","@id":"https:\/\/dmcsrb.com\/drustvo\/video-lakovic-djeci-sa-autizmom-i-njihovim-porodicama-uskraceni-minimalni-uslovi-za-dostojanstven-zivot\/#article","isPartOf":{"@id":"https:\/\/dmcsrb.com\/drustvo\/video-lakovic-djeci-sa-autizmom-i-njihovim-porodicama-uskraceni-minimalni-uslovi-za-dostojanstven-zivot\/"},"author":{"name":"dmcsrbija.com@gmail.com","@id":"https:\/\/dmcsrb.com\/#\/schema\/person\/5c39170f12db1b8b457732d0b5c854e2"},"headline":"(VIDEO) Lakovi\u0107: Djeci sa autizmom i njihovim porodicama uskra\u0107eni minimalni uslovi za dostojanstven \u017eivot","datePublished":"2025-09-07T03:13:00+00:00","mainEntityOfPage":{"@id":"https:\/\/dmcsrb.com\/drustvo\/video-lakovic-djeci-sa-autizmom-i-njihovim-porodicama-uskraceni-minimalni-uslovi-za-dostojanstven-zivot\/"},"wordCount":542,"commentCount":0,"image":{"@id":"https:\/\/dmcsrb.com\/drustvo\/video-lakovic-djeci-sa-autizmom-i-njihovim-porodicama-uskraceni-minimalni-uslovi-za-dostojanstven-zivot\/#primaryimage"},"thumbnailUrl":"https:\/\/dmcsrb.com\/wp-content\/uploads\/2026\/01\/Capture-15-3.webp","keywords":["djeca sa autizmom","dostojanstven \u017eivot","Minimalni uslovi","porodice","Te\u017eak polo\u017eaj"],"articleSection":["Dru\u0161tvo"],"inLanguage":"en-GB","potentialAction":[{"@type":"CommentAction","name":"Comment","target":["https:\/\/dmcsrb.com\/drustvo\/video-lakovic-djeci-sa-autizmom-i-njihovim-porodicama-uskraceni-minimalni-uslovi-za-dostojanstven-zivot\/#respond"]}]},{"@type":"WebPage","@id":"https:\/\/dmcsrb.com\/drustvo\/video-lakovic-djeci-sa-autizmom-i-njihovim-porodicama-uskraceni-minimalni-uslovi-za-dostojanstven-zivot\/","url":"https:\/\/dmcsrb.com\/drustvo\/video-lakovic-djeci-sa-autizmom-i-njihovim-porodicama-uskraceni-minimalni-uslovi-za-dostojanstven-zivot\/","name":"(VIDEO) Lakovi\u0107: Djeci sa autizmom i njihovim porodicama uskra\u0107eni minimalni uslovi za dostojanstven \u017eivot - dmcsrb.com","isPartOf":{"@id":"https:\/\/dmcsrb.com\/#website"},"primaryImageOfPage":{"@id":"https:\/\/dmcsrb.com\/drustvo\/video-lakovic-djeci-sa-autizmom-i-njihovim-porodicama-uskraceni-minimalni-uslovi-za-dostojanstven-zivot\/#primaryimage"},"image":{"@id":"https:\/\/dmcsrb.com\/drustvo\/video-lakovic-djeci-sa-autizmom-i-njihovim-porodicama-uskraceni-minimalni-uslovi-za-dostojanstven-zivot\/#primaryimage"},"thumbnailUrl":"https:\/\/dmcsrb.com\/wp-content\/uploads\/2026\/01\/Capture-15-3.webp","datePublished":"2025-09-07T03:13:00+00:00","author":{"@id":"https:\/\/dmcsrb.com\/#\/schema\/person\/5c39170f12db1b8b457732d0b5c854e2"},"breadcrumb":{"@id":"https:\/\/dmcsrb.com\/drustvo\/video-lakovic-djeci-sa-autizmom-i-njihovim-porodicama-uskraceni-minimalni-uslovi-za-dostojanstven-zivot\/#breadcrumb"},"inLanguage":"en-GB","potentialAction":[{"@type":"ReadAction","target":["https:\/\/dmcsrb.com\/drustvo\/video-lakovic-djeci-sa-autizmom-i-njihovim-porodicama-uskraceni-minimalni-uslovi-za-dostojanstven-zivot\/"]}]},{"@type":"ImageObject","inLanguage":"en-GB","@id":"https:\/\/dmcsrb.com\/drustvo\/video-lakovic-djeci-sa-autizmom-i-njihovim-porodicama-uskraceni-minimalni-uslovi-za-dostojanstven-zivot\/#primaryimage","url":"https:\/\/dmcsrb.com\/wp-content\/uploads\/2026\/01\/Capture-15-3.webp","contentUrl":"https:\/\/dmcsrb.com\/wp-content\/uploads\/2026\/01\/Capture-15-3.webp","width":1848,"height":893},{"@type":"BreadcrumbList","@id":"https:\/\/dmcsrb.com\/drustvo\/video-lakovic-djeci-sa-autizmom-i-njihovim-porodicama-uskraceni-minimalni-uslovi-za-dostojanstven-zivot\/#breadcrumb","itemListElement":[{"@type":"ListItem","position":1,"name":"Home","item":"https:\/\/dmcsrb.com\/"},{"@type":"ListItem","position":2,"name":"(VIDEO) Lakovi\u0107: Djeci sa autizmom i njihovim porodicama uskra\u0107eni minimalni uslovi za dostojanstven \u017eivot"}]},{"@type":"WebSite","@id":"https:\/\/dmcsrb.com\/#website","url":"https:\/\/dmcsrb.com\/","name":"dmcsrb.com","description":"","potentialAction":[{"@type":"SearchAction","target":{"@type":"EntryPoint","urlTemplate":"https:\/\/dmcsrb.com\/?s={search_term_string}"},"query-input":{"@type":"PropertyValueSpecification","valueRequired":true,"valueName":"search_term_string"}}],"inLanguage":"en-GB"},{"@type":"Person","@id":"https:\/\/dmcsrb.com\/#\/schema\/person\/5c39170f12db1b8b457732d0b5c854e2","name":"dmcsrbija.com@gmail.com","image":{"@type":"ImageObject","inLanguage":"en-GB","@id":"https:\/\/dmcsrb.com\/#\/schema\/person\/image\/","url":"https:\/\/secure.gravatar.com\/avatar\/68592660ad6347fad0fb587f8d5d8f1a7b44961362f56e4f2cd524feb87e9069?s=96&d=mm&r=g","contentUrl":"https:\/\/secure.gravatar.com\/avatar\/68592660ad6347fad0fb587f8d5d8f1a7b44961362f56e4f2cd524feb87e9069?s=96&d=mm&r=g","caption":"dmcsrbija.com@gmail.com"},"sameAs":["https:\/\/dmcsrb.com"],"url":"https:\/\/dmcsrb.com\/en\/author\/dmcsrbija-comgmail-com\/"}]}},"_links":{"self":[{"href":"https:\/\/dmcsrb.com\/en\/wp-json\/wp\/v2\/posts\/950747","targetHints":{"allow":["GET"]}}],"collection":[{"href":"https:\/\/dmcsrb.com\/en\/wp-json\/wp\/v2\/posts"}],"about":[{"href":"https:\/\/dmcsrb.com\/en\/wp-json\/wp\/v2\/types\/post"}],"author":[{"embeddable":true,"href":"https:\/\/dmcsrb.com\/en\/wp-json\/wp\/v2\/users\/1"}],"replies":[{"embeddable":true,"href":"https:\/\/dmcsrb.com\/en\/wp-json\/wp\/v2\/comments?post=950747"}],"version-history":[{"count":0,"href":"https:\/\/dmcsrb.com\/en\/wp-json\/wp\/v2\/posts\/950747\/revisions"}],"wp:featuredmedia":[{"embeddable":true,"href":"https:\/\/dmcsrb.com\/en\/wp-json\/wp\/v2\/media\/950748"}],"wp:attachment":[{"href":"https:\/\/dmcsrb.com\/en\/wp-json\/wp\/v2\/media?parent=950747"}],"wp:term":[{"taxonomy":"category","embeddable":true,"href":"https:\/\/dmcsrb.com\/en\/wp-json\/wp\/v2\/categories?post=950747"},{"taxonomy":"post_tag","embeddable":true,"href":"https:\/\/dmcsrb.com\/en\/wp-json\/wp\/v2\/tags?post=950747"},{"taxonomy":"naslovna","embeddable":true,"href":"https:\/\/dmcsrb.com\/en\/wp-json\/wp\/v2\/naslovna?post=950747"}],"curies":[{"name":"wp","href":"https:\/\/api.w.org\/{rel}","templated":true}]}}