{"id":950741,"date":"2025-09-07T17:40:00","date_gmt":"2025-09-07T15:40:00","guid":{"rendered":"https:\/\/dmcsrb.com\/uncategorized\/cudesni-doncic-odveo-sloveniju-u-cetvrtfinale-eurobasketa\/"},"modified":"2025-09-07T17:40:00","modified_gmt":"2025-09-07T15:40:00","slug":"cudesni-doncic-odveo-sloveniju-u-cetvrtfinale-eurobasketa","status":"publish","type":"post","link":"https:\/\/dmcsrb.com\/en\/sport\/cudesni-doncic-odveo-sloveniju-u-cetvrtfinale-eurobasketa\/","title":{"rendered":"\u010cudesni Don\u010di\u0107 odveo Sloveniju u \u010detvrtfinale Eurobasketa"},"content":{"rendered":"<p>Don\u010di\u0107 je u prvoj \u010detvrtini postigao \u010dak 22 poena od ukupno 29 Slovenije, koja je poslije uvodnih 10 minuta imala 18 poena vi\u0161ka &#8211; 29:11. Italijani su poveli 4:0, ali onda je uslijedio Lukin \u0161ou-tajm i serija &#8220;zmaj\u010deka&#8221; 15:0 za prvu dvocifrenu prednost na me\u010du &#8211; 15:4. Pri\u0161li su &#8220;azuri&#8221; na 15:9, ali samo za kratko, jer je Don\u010di\u0107 vezao 10 poena za 25:9.<\/p>\n\n\n\n<figure class=\"wp-block-embed is-type-rich is-provider-twitter wp-block-embed-twitter\"><div class=\"wp-block-embed__wrapper\">\n<blockquote class=\"twitter-tweet\" data-width=\"500\" data-dnt=\"true\"><p lang=\"en\" dir=\"ltr\">Imagine waking up knowing you&#39;ll have to guard Luka Doncic.<br><br>Luka has 22 in the first quarter.<a href=\"https:\/\/twitter.com\/hashtag\/EuroBasket?src=hash&amp;ref_src=twsrc%5Etfw\">#EuroBasket<\/a> | <a href=\"https:\/\/twitter.com\/hashtag\/MakeYourMark?src=hash&amp;ref_src=twsrc%5Etfw\">#MakeYourMark<\/a> <a href=\"https:\/\/t.co\/3rfC6HlQ4r\">pic.twitter.com\/3rfC6HlQ4r<\/a><\/p>&mdash; FIBA EuroBasket (@EuroBasket) <a href=\"https:\/\/twitter.com\/EuroBasket\/status\/1964718959770362189?ref_src=twsrc%5Etfw\">September 7, 2025<\/a><\/blockquote><script async src=\"https:\/\/platform.twitter.com\/widgets.js\" charset=\"utf-8\"><\/script>\n<\/div><\/figure>\n\n\n\n<p>Ko\u0161arka\u0161 LA Lejkersa oti\u0161ao je u svla\u010dionicu nakon prve dionice, kao da je osjetio neki bol u nozi, a Italijani su po\u010deli da poga\u0111aju spolja, prije svih Marko Spisu i Simone Fontekio koji je ubacio \u010dak tri trojke. Don\u010di\u0107 se vratio i odmah nastavio tamo gdje je stao u prvoj dionici. Raspucali su se i jedni i drugi, sipali su trojke, a Italijani su poslije trojke Alesandra Pajole pri\u0161li na 45:38 i iskoristili period ne\u0161to slabije igre rivala koji je izgubio nekoliko lopti u kratkom intervalu. Ipak, Slovenija je oti\u0161la na veliki odmor sa dvocifrenom razlikom nakon \u0161to je Don\u010di\u0107 pogodio oba bacanja za njegovih 30 poena (50:40). <\/p>\n\n\n\n<p>Slovenija je odr\u017eavala dvocifrenu razliku tokom tre\u0107eg perioda, prije svega zahvaljuju\u0107i odli\u010dnoj roli Klemena Prepeli\u010da i Alena Omi\u0107a, a Italijane je u ovom periodu koliko-toliko u igri dr\u017eao Fontekio. <\/p>\n\n\n\n<figure class=\"wp-block-embed is-type-rich is-provider-twitter wp-block-embed-twitter\"><div class=\"wp-block-embed__wrapper\">\n<blockquote class=\"twitter-tweet\" data-width=\"500\" data-dnt=\"true\"><p lang=\"en\" dir=\"ltr\">FONTECCHIO TIME. <br><br>20 points for Simone and Italy are right back in this.<a href=\"https:\/\/twitter.com\/hashtag\/EuroBasket?src=hash&amp;ref_src=twsrc%5Etfw\">#EuroBasket<\/a> <a href=\"https:\/\/t.co\/MiaBCFad8g\">pic.twitter.com\/MiaBCFad8g<\/a><\/p>&mdash; FIBA EuroBasket (@EuroBasket) <a href=\"https:\/\/twitter.com\/EuroBasket\/status\/1964732558395969651?ref_src=twsrc%5Etfw\">September 7, 2025<\/a><\/blockquote><script async src=\"https:\/\/platform.twitter.com\/widgets.js\" charset=\"utf-8\"><\/script>\n<\/div><\/figure>\n\n\n\n<p>U odlu\u010duju\u0107i period &#8220;zmaj\u010deki&#8221; su u\u0161li sa ogromnih plus 16, ali nije se predavao tim ekscentri\u010dnog stru\u010dnjaka \u0110anmarka Ponceka koji je serijom 12:0 pri\u0161ao na 78:77 nakon novih poena Fontekija, nepuna dva minuta prije kraja. Prethodno je Italija pri rezultatu 78:75 proma\u0161ila dva napada da izjedna\u010di. <\/p>\n\n\n\n<figure class=\"wp-block-embed is-type-rich is-provider-twitter wp-block-embed-twitter\"><div class=\"wp-block-embed__wrapper\">\n<blockquote class=\"twitter-tweet\" data-width=\"500\" data-dnt=\"true\"><p lang=\"en\" dir=\"ltr\">Fontecchio with a TOUGH bucket and this is a 1-point game \ud83e\udd2f<a href=\"https:\/\/twitter.com\/hashtag\/EuroBasket?src=hash&amp;ref_src=twsrc%5Etfw\">#EuroBasket<\/a> <a href=\"https:\/\/t.co\/yyveOYzEkj\">pic.twitter.com\/yyveOYzEkj<\/a><\/p>&mdash; FIBA EuroBasket (@EuroBasket) <a href=\"https:\/\/twitter.com\/EuroBasket\/status\/1964740865101795454?ref_src=twsrc%5Etfw\">September 7, 2025<\/a><\/blockquote><script async src=\"https:\/\/platform.twitter.com\/widgets.js\" charset=\"utf-8\"><\/script>\n<\/div><\/figure>\n\n\n\n<p>Me\u0111utim, do kraja &#8220;azuri&#8221; nisu uspjeli ni\u0161ta da pogode, Slovenija se konsolidovala u odbrani, a Don\u010di\u0107 je sa nekoliko penala zape\u010datio sudbinu rivala&#8230;<\/p>\n\n\n\n<p>Dakle, Don\u010di\u0107 je postigao 42 poena, uz 10 skokova. Donekle ga je ispratio Klemen Prepeli\u010d sa 11. <\/p>\n\n\n\n<p>Na drugoj strani odsko\u010dio je Simone Fontekio sa 22 poena. Dvocifreni su bili jo\u0161 Saliju Nijang (12) i Danilo Galinari (10) koji je odigrao posljednji me\u010d u dresu sa dr\u017eavnim grbom. <\/p>\n\n\n\n<p>Posljednji \u010detvrtfinalni par bi\u0107e poznat ve\u010deras nakon \u0161to svoj me\u010d zavr\u0161e Gr\u010dka i Izrael. Pobjednika ovog me\u010da \u010deka Litvanija. <\/p>\n\n\n\n<p>REZULTATI (1\/8 finala)<\/p>\n\n\n\n<p><strong>Subota<\/strong><\/p>\n\n\n\n<p>Turska \u2013 \u0160vedska 85:79<\/p>\n\n\n\n<p>Njema\u010dka \u2013 Portugal 85:58<\/p>\n\n\n\n<p>Litvanija \u2013 Letonija 88:79<\/p>\n\n\n\n<p>Srbija \u2013 Finska 86:92<\/p>\n\n\n\n<p><strong>Nedjelja<\/strong><\/p>\n\n\n\n<p>Poljska \u2013 Bosna i Hercegovina 80:72<\/p>\n\n\n\n<p>Francuska \u2013 Gruzija 70:80<\/p>\n\n\n\n<p>Italija \u2013 Slovenija 77:84<\/p>\n\n\n\n<p>Gr\u010dka \u2013 Izrael (20.45h)<\/p>","protected":false},"excerpt":{"rendered":"<p>Ta\u010dno polovinu poena svoje ekipe ubacio je \u010dudesni Luka Don\u010di\u0107 i odveo Sloveniju u \u010detvrtfinale Eurobasketa \u2013 izabranici selektora Aleksandra Sekuli\u0107a sru\u0161ili su Italiju (84:77) i zakazali veliki okr\u0161aj s Njema\u010dkom.<\/p>","protected":false},"author":1,"featured_media":950742,"comment_status":"open","ping_status":"open","sticky":false,"template":"","format":"standard","meta":{"_acf_changed":false,"footnotes":""},"categories":[148],"tags":[6462,5595,6503,6471],"naslovna":[],"class_list":["post-950741","post","type-post","status-publish","format-standard","has-post-thumbnail","hentry","category-sport","tag-eurobasket-2025","tag-luka-doncic","tag-muska-kosarkaska-reprezentacija-italije","tag-muska-kosarkaska-reprezentacija-slovenije"],"acf":[],"yoast_head":"<!-- This site is optimized with the Yoast SEO plugin v27.0 - https:\/\/yoast.com\/product\/yoast-seo-wordpress\/ -->\n<title>\u010cudesni Don\u010di\u0107 odveo Sloveniju u \u010detvrtfinale Eurobasketa - dmcsrb.com<\/title>\n<meta name=\"robots\" content=\"index, follow, max-snippet:-1, max-image-preview:large, max-video-preview:-1\" \/>\n<link rel=\"canonical\" href=\"https:\/\/dmcsrb.com\/en\/sport\/cudesni-doncic-odveo-sloveniju-u-cetvrtfinale-eurobasketa\/\" \/>\n<meta property=\"og:locale\" content=\"en_GB\" \/>\n<meta property=\"og:type\" content=\"article\" \/>\n<meta property=\"og:title\" content=\"\u010cudesni Don\u010di\u0107 odveo Sloveniju u \u010detvrtfinale Eurobasketa - dmcsrb.com\" \/>\n<meta property=\"og:description\" content=\"Ta\u010dno polovinu poena svoje ekipe ubacio je \u010dudesni Luka Don\u010di\u0107 i odveo Sloveniju u \u010detvrtfinale Eurobasketa \u2013 izabranici selektora Aleksandra Sekuli\u0107a sru\u0161ili su Italiju (84:77) i zakazali veliki okr\u0161aj s Njema\u010dkom.\" \/>\n<meta property=\"og:url\" content=\"https:\/\/dmcsrb.com\/en\/sport\/cudesni-doncic-odveo-sloveniju-u-cetvrtfinale-eurobasketa\/\" \/>\n<meta property=\"og:site_name\" content=\"dmcsrb.com\" \/>\n<meta property=\"article:published_time\" content=\"2025-09-07T15:40:00+00:00\" \/>\n<meta property=\"og:image\" content=\"https:\/\/dmcsrb.com\/wp-content\/uploads\/2026\/01\/Doncic-protiv-Italije-FIBA.webp\" \/>\n\t<meta property=\"og:image:width\" content=\"2400\" \/>\n\t<meta property=\"og:image:height\" content=\"1600\" \/>\n\t<meta property=\"og:image:type\" content=\"image\/webp\" \/>\n<meta name=\"author\" content=\"dmcsrbija.com@gmail.com\" \/>\n<meta name=\"twitter:card\" content=\"summary_large_image\" \/>\n<meta name=\"twitter:label1\" content=\"Written by\" \/>\n\t<meta name=\"twitter:data1\" content=\"dmcsrbija.com@gmail.com\" \/>\n\t<meta name=\"twitter:label2\" content=\"Estimated reading time\" \/>\n\t<meta name=\"twitter:data2\" content=\"2 minutes\" \/>\n<script type=\"application\/ld+json\" class=\"yoast-schema-graph\">{\"@context\":\"https:\/\/schema.org\",\"@graph\":[{\"@type\":\"Article\",\"@id\":\"https:\/\/dmcsrb.com\/sport\/cudesni-doncic-odveo-sloveniju-u-cetvrtfinale-eurobasketa\/#article\",\"isPartOf\":{\"@id\":\"https:\/\/dmcsrb.com\/sport\/cudesni-doncic-odveo-sloveniju-u-cetvrtfinale-eurobasketa\/\"},\"author\":{\"name\":\"dmcsrbija.com@gmail.com\",\"@id\":\"https:\/\/dmcsrb.com\/#\/schema\/person\/5c39170f12db1b8b457732d0b5c854e2\"},\"headline\":\"\u010cudesni Don\u010di\u0107 odveo Sloveniju u \u010detvrtfinale Eurobasketa\",\"datePublished\":\"2025-09-07T15:40:00+00:00\",\"mainEntityOfPage\":{\"@id\":\"https:\/\/dmcsrb.com\/sport\/cudesni-doncic-odveo-sloveniju-u-cetvrtfinale-eurobasketa\/\"},\"wordCount\":405,\"commentCount\":0,\"image\":{\"@id\":\"https:\/\/dmcsrb.com\/sport\/cudesni-doncic-odveo-sloveniju-u-cetvrtfinale-eurobasketa\/#primaryimage\"},\"thumbnailUrl\":\"https:\/\/dmcsrb.com\/wp-content\/uploads\/2026\/01\/Doncic-protiv-Italije-FIBA.webp\",\"keywords\":[\"Eurobasket 2025\",\"Luka Don\u010di\u0107\",\"Mu\u0161ka ko\u0161arka\u0161ka reprezentacija Italije\",\"Mu\u0161ka ko\u0161arka\u0161ka reprezentacija Slovenije\"],\"articleSection\":[\"Sport\"],\"inLanguage\":\"en-GB\",\"potentialAction\":[{\"@type\":\"CommentAction\",\"name\":\"Comment\",\"target\":[\"https:\/\/dmcsrb.com\/sport\/cudesni-doncic-odveo-sloveniju-u-cetvrtfinale-eurobasketa\/#respond\"]}]},{\"@type\":\"WebPage\",\"@id\":\"https:\/\/dmcsrb.com\/sport\/cudesni-doncic-odveo-sloveniju-u-cetvrtfinale-eurobasketa\/\",\"url\":\"https:\/\/dmcsrb.com\/sport\/cudesni-doncic-odveo-sloveniju-u-cetvrtfinale-eurobasketa\/\",\"name\":\"\u010cudesni Don\u010di\u0107 odveo Sloveniju u \u010detvrtfinale Eurobasketa - dmcsrb.com\",\"isPartOf\":{\"@id\":\"https:\/\/dmcsrb.com\/#website\"},\"primaryImageOfPage\":{\"@id\":\"https:\/\/dmcsrb.com\/sport\/cudesni-doncic-odveo-sloveniju-u-cetvrtfinale-eurobasketa\/#primaryimage\"},\"image\":{\"@id\":\"https:\/\/dmcsrb.com\/sport\/cudesni-doncic-odveo-sloveniju-u-cetvrtfinale-eurobasketa\/#primaryimage\"},\"thumbnailUrl\":\"https:\/\/dmcsrb.com\/wp-content\/uploads\/2026\/01\/Doncic-protiv-Italije-FIBA.webp\",\"datePublished\":\"2025-09-07T15:40:00+00:00\",\"author\":{\"@id\":\"https:\/\/dmcsrb.com\/#\/schema\/person\/5c39170f12db1b8b457732d0b5c854e2\"},\"breadcrumb\":{\"@id\":\"https:\/\/dmcsrb.com\/sport\/cudesni-doncic-odveo-sloveniju-u-cetvrtfinale-eurobasketa\/#breadcrumb\"},\"inLanguage\":\"en-GB\",\"potentialAction\":[{\"@type\":\"ReadAction\",\"target\":[\"https:\/\/dmcsrb.com\/sport\/cudesni-doncic-odveo-sloveniju-u-cetvrtfinale-eurobasketa\/\"]}]},{\"@type\":\"ImageObject\",\"inLanguage\":\"en-GB\",\"@id\":\"https:\/\/dmcsrb.com\/sport\/cudesni-doncic-odveo-sloveniju-u-cetvrtfinale-eurobasketa\/#primaryimage\",\"url\":\"https:\/\/dmcsrb.com\/wp-content\/uploads\/2026\/01\/Doncic-protiv-Italije-FIBA.webp\",\"contentUrl\":\"https:\/\/dmcsrb.com\/wp-content\/uploads\/2026\/01\/Doncic-protiv-Italije-FIBA.webp\",\"width\":2400,\"height\":1600},{\"@type\":\"BreadcrumbList\",\"@id\":\"https:\/\/dmcsrb.com\/sport\/cudesni-doncic-odveo-sloveniju-u-cetvrtfinale-eurobasketa\/#breadcrumb\",\"itemListElement\":[{\"@type\":\"ListItem\",\"position\":1,\"name\":\"Home\",\"item\":\"https:\/\/dmcsrb.com\/\"},{\"@type\":\"ListItem\",\"position\":2,\"name\":\"\u010cudesni Don\u010di\u0107 odveo Sloveniju u \u010detvrtfinale Eurobasketa\"}]},{\"@type\":\"WebSite\",\"@id\":\"https:\/\/dmcsrb.com\/#website\",\"url\":\"https:\/\/dmcsrb.com\/\",\"name\":\"dmcsrb.com\",\"description\":\"\",\"potentialAction\":[{\"@type\":\"SearchAction\",\"target\":{\"@type\":\"EntryPoint\",\"urlTemplate\":\"https:\/\/dmcsrb.com\/?s={search_term_string}\"},\"query-input\":{\"@type\":\"PropertyValueSpecification\",\"valueRequired\":true,\"valueName\":\"search_term_string\"}}],\"inLanguage\":\"en-GB\"},{\"@type\":\"Person\",\"@id\":\"https:\/\/dmcsrb.com\/#\/schema\/person\/5c39170f12db1b8b457732d0b5c854e2\",\"name\":\"dmcsrbija.com@gmail.com\",\"image\":{\"@type\":\"ImageObject\",\"inLanguage\":\"en-GB\",\"@id\":\"https:\/\/dmcsrb.com\/#\/schema\/person\/image\/\",\"url\":\"https:\/\/secure.gravatar.com\/avatar\/68592660ad6347fad0fb587f8d5d8f1a7b44961362f56e4f2cd524feb87e9069?s=96&d=mm&r=g\",\"contentUrl\":\"https:\/\/secure.gravatar.com\/avatar\/68592660ad6347fad0fb587f8d5d8f1a7b44961362f56e4f2cd524feb87e9069?s=96&d=mm&r=g\",\"caption\":\"dmcsrbija.com@gmail.com\"},\"sameAs\":[\"https:\/\/dmcsrb.com\"],\"url\":\"https:\/\/dmcsrb.com\/en\/author\/dmcsrbija-comgmail-com\/\"}]}<\/script>\n<!-- \/ Yoast SEO plugin. -->","yoast_head_json":{"title":"\u010cudesni Don\u010di\u0107 odveo Sloveniju u \u010detvrtfinale Eurobasketa - dmcsrb.com","robots":{"index":"index","follow":"follow","max-snippet":"max-snippet:-1","max-image-preview":"max-image-preview:large","max-video-preview":"max-video-preview:-1"},"canonical":"https:\/\/dmcsrb.com\/en\/sport\/cudesni-doncic-odveo-sloveniju-u-cetvrtfinale-eurobasketa\/","og_locale":"en_GB","og_type":"article","og_title":"\u010cudesni Don\u010di\u0107 odveo Sloveniju u \u010detvrtfinale Eurobasketa - dmcsrb.com","og_description":"Ta\u010dno polovinu poena svoje ekipe ubacio je \u010dudesni Luka Don\u010di\u0107 i odveo Sloveniju u \u010detvrtfinale Eurobasketa \u2013 izabranici selektora Aleksandra Sekuli\u0107a sru\u0161ili su Italiju (84:77) i zakazali veliki okr\u0161aj s Njema\u010dkom.","og_url":"https:\/\/dmcsrb.com\/en\/sport\/cudesni-doncic-odveo-sloveniju-u-cetvrtfinale-eurobasketa\/","og_site_name":"dmcsrb.com","article_published_time":"2025-09-07T15:40:00+00:00","og_image":[{"width":2400,"height":1600,"url":"https:\/\/dmcsrb.com\/wp-content\/uploads\/2026\/01\/Doncic-protiv-Italije-FIBA.webp","type":"image\/webp"}],"author":"dmcsrbija.com@gmail.com","twitter_card":"summary_large_image","twitter_misc":{"Written by":"dmcsrbija.com@gmail.com","Estimated reading time":"2 minutes"},"schema":{"@context":"https:\/\/schema.org","@graph":[{"@type":"Article","@id":"https:\/\/dmcsrb.com\/sport\/cudesni-doncic-odveo-sloveniju-u-cetvrtfinale-eurobasketa\/#article","isPartOf":{"@id":"https:\/\/dmcsrb.com\/sport\/cudesni-doncic-odveo-sloveniju-u-cetvrtfinale-eurobasketa\/"},"author":{"name":"dmcsrbija.com@gmail.com","@id":"https:\/\/dmcsrb.com\/#\/schema\/person\/5c39170f12db1b8b457732d0b5c854e2"},"headline":"\u010cudesni Don\u010di\u0107 odveo Sloveniju u \u010detvrtfinale Eurobasketa","datePublished":"2025-09-07T15:40:00+00:00","mainEntityOfPage":{"@id":"https:\/\/dmcsrb.com\/sport\/cudesni-doncic-odveo-sloveniju-u-cetvrtfinale-eurobasketa\/"},"wordCount":405,"commentCount":0,"image":{"@id":"https:\/\/dmcsrb.com\/sport\/cudesni-doncic-odveo-sloveniju-u-cetvrtfinale-eurobasketa\/#primaryimage"},"thumbnailUrl":"https:\/\/dmcsrb.com\/wp-content\/uploads\/2026\/01\/Doncic-protiv-Italije-FIBA.webp","keywords":["Eurobasket 2025","Luka Don\u010di\u0107","Mu\u0161ka ko\u0161arka\u0161ka reprezentacija Italije","Mu\u0161ka ko\u0161arka\u0161ka reprezentacija Slovenije"],"articleSection":["Sport"],"inLanguage":"en-GB","potentialAction":[{"@type":"CommentAction","name":"Comment","target":["https:\/\/dmcsrb.com\/sport\/cudesni-doncic-odveo-sloveniju-u-cetvrtfinale-eurobasketa\/#respond"]}]},{"@type":"WebPage","@id":"https:\/\/dmcsrb.com\/sport\/cudesni-doncic-odveo-sloveniju-u-cetvrtfinale-eurobasketa\/","url":"https:\/\/dmcsrb.com\/sport\/cudesni-doncic-odveo-sloveniju-u-cetvrtfinale-eurobasketa\/","name":"\u010cudesni Don\u010di\u0107 odveo Sloveniju u \u010detvrtfinale Eurobasketa - dmcsrb.com","isPartOf":{"@id":"https:\/\/dmcsrb.com\/#website"},"primaryImageOfPage":{"@id":"https:\/\/dmcsrb.com\/sport\/cudesni-doncic-odveo-sloveniju-u-cetvrtfinale-eurobasketa\/#primaryimage"},"image":{"@id":"https:\/\/dmcsrb.com\/sport\/cudesni-doncic-odveo-sloveniju-u-cetvrtfinale-eurobasketa\/#primaryimage"},"thumbnailUrl":"https:\/\/dmcsrb.com\/wp-content\/uploads\/2026\/01\/Doncic-protiv-Italije-FIBA.webp","datePublished":"2025-09-07T15:40:00+00:00","author":{"@id":"https:\/\/dmcsrb.com\/#\/schema\/person\/5c39170f12db1b8b457732d0b5c854e2"},"breadcrumb":{"@id":"https:\/\/dmcsrb.com\/sport\/cudesni-doncic-odveo-sloveniju-u-cetvrtfinale-eurobasketa\/#breadcrumb"},"inLanguage":"en-GB","potentialAction":[{"@type":"ReadAction","target":["https:\/\/dmcsrb.com\/sport\/cudesni-doncic-odveo-sloveniju-u-cetvrtfinale-eurobasketa\/"]}]},{"@type":"ImageObject","inLanguage":"en-GB","@id":"https:\/\/dmcsrb.com\/sport\/cudesni-doncic-odveo-sloveniju-u-cetvrtfinale-eurobasketa\/#primaryimage","url":"https:\/\/dmcsrb.com\/wp-content\/uploads\/2026\/01\/Doncic-protiv-Italije-FIBA.webp","contentUrl":"https:\/\/dmcsrb.com\/wp-content\/uploads\/2026\/01\/Doncic-protiv-Italije-FIBA.webp","width":2400,"height":1600},{"@type":"BreadcrumbList","@id":"https:\/\/dmcsrb.com\/sport\/cudesni-doncic-odveo-sloveniju-u-cetvrtfinale-eurobasketa\/#breadcrumb","itemListElement":[{"@type":"ListItem","position":1,"name":"Home","item":"https:\/\/dmcsrb.com\/"},{"@type":"ListItem","position":2,"name":"\u010cudesni Don\u010di\u0107 odveo Sloveniju u \u010detvrtfinale Eurobasketa"}]},{"@type":"WebSite","@id":"https:\/\/dmcsrb.com\/#website","url":"https:\/\/dmcsrb.com\/","name":"dmcsrb.com","description":"","potentialAction":[{"@type":"SearchAction","target":{"@type":"EntryPoint","urlTemplate":"https:\/\/dmcsrb.com\/?s={search_term_string}"},"query-input":{"@type":"PropertyValueSpecification","valueRequired":true,"valueName":"search_term_string"}}],"inLanguage":"en-GB"},{"@type":"Person","@id":"https:\/\/dmcsrb.com\/#\/schema\/person\/5c39170f12db1b8b457732d0b5c854e2","name":"dmcsrbija.com@gmail.com","image":{"@type":"ImageObject","inLanguage":"en-GB","@id":"https:\/\/dmcsrb.com\/#\/schema\/person\/image\/","url":"https:\/\/secure.gravatar.com\/avatar\/68592660ad6347fad0fb587f8d5d8f1a7b44961362f56e4f2cd524feb87e9069?s=96&d=mm&r=g","contentUrl":"https:\/\/secure.gravatar.com\/avatar\/68592660ad6347fad0fb587f8d5d8f1a7b44961362f56e4f2cd524feb87e9069?s=96&d=mm&r=g","caption":"dmcsrbija.com@gmail.com"},"sameAs":["https:\/\/dmcsrb.com"],"url":"https:\/\/dmcsrb.com\/en\/author\/dmcsrbija-comgmail-com\/"}]}},"_links":{"self":[{"href":"https:\/\/dmcsrb.com\/en\/wp-json\/wp\/v2\/posts\/950741","targetHints":{"allow":["GET"]}}],"collection":[{"href":"https:\/\/dmcsrb.com\/en\/wp-json\/wp\/v2\/posts"}],"about":[{"href":"https:\/\/dmcsrb.com\/en\/wp-json\/wp\/v2\/types\/post"}],"author":[{"embeddable":true,"href":"https:\/\/dmcsrb.com\/en\/wp-json\/wp\/v2\/users\/1"}],"replies":[{"embeddable":true,"href":"https:\/\/dmcsrb.com\/en\/wp-json\/wp\/v2\/comments?post=950741"}],"version-history":[{"count":0,"href":"https:\/\/dmcsrb.com\/en\/wp-json\/wp\/v2\/posts\/950741\/revisions"}],"wp:featuredmedia":[{"embeddable":true,"href":"https:\/\/dmcsrb.com\/en\/wp-json\/wp\/v2\/media\/950742"}],"wp:attachment":[{"href":"https:\/\/dmcsrb.com\/en\/wp-json\/wp\/v2\/media?parent=950741"}],"wp:term":[{"taxonomy":"category","embeddable":true,"href":"https:\/\/dmcsrb.com\/en\/wp-json\/wp\/v2\/categories?post=950741"},{"taxonomy":"post_tag","embeddable":true,"href":"https:\/\/dmcsrb.com\/en\/wp-json\/wp\/v2\/tags?post=950741"},{"taxonomy":"naslovna","embeddable":true,"href":"https:\/\/dmcsrb.com\/en\/wp-json\/wp\/v2\/naslovna?post=950741"}],"curies":[{"name":"wp","href":"https:\/\/api.w.org\/{rel}","templated":true}]}}