{"id":950728,"date":"2025-09-07T16:26:00","date_gmt":"2025-09-07T14:26:00","guid":{"rendered":"https:\/\/dmcsrb.com\/uncategorized\/camac-s-migrantima-udario-u-brod-turske-obalske-straze-petoro-poginulih\/"},"modified":"2025-09-07T16:26:00","modified_gmt":"2025-09-07T14:26:00","slug":"camac-s-migrantima-udario-u-brod-turske-obalske-straze-petoro-poginulih","status":"publish","type":"post","link":"https:\/\/dmcsrb.com\/en\/svijet\/camac-s-migrantima-udario-u-brod-turske-obalske-straze-petoro-poginulih\/","title":{"rendered":"\u010camac s migrantima udario u brod turske obalske stra\u017ee, petoro poginulih"},"content":{"rendered":"<p><\/p>\n\n\n\n<p>U saop\u0161tenju se dodaje da je u toku potraga za nestalom osobom.<\/p>\n\n\n\n<p>Kancelarija guvernera je navela da je gliser sa 34 migranta i jednim krijum\u010darem ljudi udario u brod obalske stra\u017ee kod Badavuta u okrugu Ajvalik, prenosi N1.<\/p>\n\n\n\n<p>&#8220;Kao rezultat operacija potrage i spasavanja u regiji, utvr\u0111eno je da je pet osoba koje su pale u more izgubilo \u017eivot. Jedna \u017eena je te\u0161ko povrije\u0111ena i preba\u010dena u bolnicu&#8221;, navodi se u saop\u0161tenju.<\/p>\n\n\n\n<p>Tu\u017eila\u0161tvo u Ajvaliku pokrenulo je istragu o ovom doga\u0111aju.<\/p>\n\n\n\n<p>Egejsko more je \u010desta tranzitna ruta za migrante koji poku\u0161avaju da pre\u0111u iz sjeverne Afrike i sa Bliskog istoka u Evropu.<\/p>","protected":false},"excerpt":{"rendered":"<p>Najmanje pet osoba je poginulo, a jedna je te\u0161ko povrije\u0111ena kada je \u010damac sa migrantima udario u brod turske obalske stra\u017ee kod sjeverozapadne obale Turske, saop\u0161teno je iz kancelarije lokalnog guvernera.<\/p>","protected":false},"author":1,"featured_media":950729,"comment_status":"open","ping_status":"open","sticky":false,"template":"","format":"standard","meta":{"_acf_changed":false,"footnotes":""},"categories":[144],"tags":[1580,7249,5511,7250],"naslovna":[],"class_list":["post-950728","post","type-post","status-publish","format-standard","has-post-thumbnail","hentry","category-svijet","tag-brod","tag-camac-s-migrantima","tag-poginuli","tag-turska-obalska-straza"],"acf":[],"yoast_head":"<!-- This site is optimized with the Yoast SEO plugin v27.0 - https:\/\/yoast.com\/product\/yoast-seo-wordpress\/ -->\n<title>\u010camac s migrantima udario u brod turske obalske stra\u017ee, petoro poginulih - dmcsrb.com<\/title>\n<meta name=\"robots\" content=\"index, follow, max-snippet:-1, max-image-preview:large, max-video-preview:-1\" \/>\n<link rel=\"canonical\" href=\"https:\/\/dmcsrb.com\/en\/svijet\/camac-s-migrantima-udario-u-brod-turske-obalske-straze-petoro-poginulih\/\" \/>\n<meta property=\"og:locale\" content=\"en_GB\" \/>\n<meta property=\"og:type\" content=\"article\" \/>\n<meta property=\"og:title\" content=\"\u010camac s migrantima udario u brod turske obalske stra\u017ee, petoro poginulih - dmcsrb.com\" \/>\n<meta property=\"og:description\" content=\"Najmanje pet osoba je poginulo, a jedna je te\u0161ko povrije\u0111ena kada je \u010damac sa migrantima udario u brod turske obalske stra\u017ee kod sjeverozapadne obale Turske, saop\u0161teno je iz kancelarije lokalnog guvernera.\" \/>\n<meta property=\"og:url\" content=\"https:\/\/dmcsrb.com\/en\/svijet\/camac-s-migrantima-udario-u-brod-turske-obalske-straze-petoro-poginulih\/\" \/>\n<meta property=\"og:site_name\" content=\"dmcsrb.com\" \/>\n<meta property=\"article:published_time\" content=\"2025-09-07T14:26:00+00:00\" \/>\n<meta property=\"og:image\" content=\"https:\/\/dmcsrb.com\/wp-content\/uploads\/2026\/01\/9a720bee-b3ee-4ee5-b4c5-161d23d9b4e0_cx0_cy9_cw0_w408_r1_s.webp\" \/>\n\t<meta property=\"og:image:width\" content=\"408\" \/>\n\t<meta property=\"og:image:height\" content=\"230\" \/>\n\t<meta property=\"og:image:type\" content=\"image\/jpeg\" \/>\n<meta name=\"author\" content=\"dmcsrbija.com@gmail.com\" \/>\n<meta name=\"twitter:card\" content=\"summary_large_image\" \/>\n<meta name=\"twitter:label1\" content=\"Written by\" \/>\n\t<meta name=\"twitter:data1\" content=\"dmcsrbija.com@gmail.com\" \/>\n\t<meta name=\"twitter:label2\" content=\"Estimated reading time\" \/>\n\t<meta name=\"twitter:data2\" content=\"1 minute\" \/>\n<script type=\"application\/ld+json\" class=\"yoast-schema-graph\">{\"@context\":\"https:\/\/schema.org\",\"@graph\":[{\"@type\":\"Article\",\"@id\":\"https:\/\/dmcsrb.com\/svijet\/camac-s-migrantima-udario-u-brod-turske-obalske-straze-petoro-poginulih\/#article\",\"isPartOf\":{\"@id\":\"https:\/\/dmcsrb.com\/svijet\/camac-s-migrantima-udario-u-brod-turske-obalske-straze-petoro-poginulih\/\"},\"author\":{\"name\":\"dmcsrbija.com@gmail.com\",\"@id\":\"https:\/\/dmcsrb.com\/#\/schema\/person\/5c39170f12db1b8b457732d0b5c854e2\"},\"headline\":\"\u010camac s migrantima udario u brod turske obalske stra\u017ee, petoro poginulih\",\"datePublished\":\"2025-09-07T14:26:00+00:00\",\"mainEntityOfPage\":{\"@id\":\"https:\/\/dmcsrb.com\/svijet\/camac-s-migrantima-udario-u-brod-turske-obalske-straze-petoro-poginulih\/\"},\"wordCount\":126,\"commentCount\":0,\"image\":{\"@id\":\"https:\/\/dmcsrb.com\/svijet\/camac-s-migrantima-udario-u-brod-turske-obalske-straze-petoro-poginulih\/#primaryimage\"},\"thumbnailUrl\":\"https:\/\/dmcsrb.com\/wp-content\/uploads\/2026\/01\/9a720bee-b3ee-4ee5-b4c5-161d23d9b4e0_cx0_cy9_cw0_w408_r1_s.webp\",\"keywords\":[\"brod\",\"\u010camac s migrantima\",\"poginuli\",\"Turska obalska stra\u017ea\"],\"articleSection\":[\"Svijet\"],\"inLanguage\":\"en-GB\",\"potentialAction\":[{\"@type\":\"CommentAction\",\"name\":\"Comment\",\"target\":[\"https:\/\/dmcsrb.com\/svijet\/camac-s-migrantima-udario-u-brod-turske-obalske-straze-petoro-poginulih\/#respond\"]}]},{\"@type\":\"WebPage\",\"@id\":\"https:\/\/dmcsrb.com\/svijet\/camac-s-migrantima-udario-u-brod-turske-obalske-straze-petoro-poginulih\/\",\"url\":\"https:\/\/dmcsrb.com\/svijet\/camac-s-migrantima-udario-u-brod-turske-obalske-straze-petoro-poginulih\/\",\"name\":\"\u010camac s migrantima udario u brod turske obalske stra\u017ee, petoro poginulih - dmcsrb.com\",\"isPartOf\":{\"@id\":\"https:\/\/dmcsrb.com\/#website\"},\"primaryImageOfPage\":{\"@id\":\"https:\/\/dmcsrb.com\/svijet\/camac-s-migrantima-udario-u-brod-turske-obalske-straze-petoro-poginulih\/#primaryimage\"},\"image\":{\"@id\":\"https:\/\/dmcsrb.com\/svijet\/camac-s-migrantima-udario-u-brod-turske-obalske-straze-petoro-poginulih\/#primaryimage\"},\"thumbnailUrl\":\"https:\/\/dmcsrb.com\/wp-content\/uploads\/2026\/01\/9a720bee-b3ee-4ee5-b4c5-161d23d9b4e0_cx0_cy9_cw0_w408_r1_s.webp\",\"datePublished\":\"2025-09-07T14:26:00+00:00\",\"author\":{\"@id\":\"https:\/\/dmcsrb.com\/#\/schema\/person\/5c39170f12db1b8b457732d0b5c854e2\"},\"breadcrumb\":{\"@id\":\"https:\/\/dmcsrb.com\/svijet\/camac-s-migrantima-udario-u-brod-turske-obalske-straze-petoro-poginulih\/#breadcrumb\"},\"inLanguage\":\"en-GB\",\"potentialAction\":[{\"@type\":\"ReadAction\",\"target\":[\"https:\/\/dmcsrb.com\/svijet\/camac-s-migrantima-udario-u-brod-turske-obalske-straze-petoro-poginulih\/\"]}]},{\"@type\":\"ImageObject\",\"inLanguage\":\"en-GB\",\"@id\":\"https:\/\/dmcsrb.com\/svijet\/camac-s-migrantima-udario-u-brod-turske-obalske-straze-petoro-poginulih\/#primaryimage\",\"url\":\"https:\/\/dmcsrb.com\/wp-content\/uploads\/2026\/01\/9a720bee-b3ee-4ee5-b4c5-161d23d9b4e0_cx0_cy9_cw0_w408_r1_s.webp\",\"contentUrl\":\"https:\/\/dmcsrb.com\/wp-content\/uploads\/2026\/01\/9a720bee-b3ee-4ee5-b4c5-161d23d9b4e0_cx0_cy9_cw0_w408_r1_s.webp\",\"width\":408,\"height\":230},{\"@type\":\"BreadcrumbList\",\"@id\":\"https:\/\/dmcsrb.com\/svijet\/camac-s-migrantima-udario-u-brod-turske-obalske-straze-petoro-poginulih\/#breadcrumb\",\"itemListElement\":[{\"@type\":\"ListItem\",\"position\":1,\"name\":\"Home\",\"item\":\"https:\/\/dmcsrb.com\/\"},{\"@type\":\"ListItem\",\"position\":2,\"name\":\"\u010camac s migrantima udario u brod turske obalske stra\u017ee, petoro poginulih\"}]},{\"@type\":\"WebSite\",\"@id\":\"https:\/\/dmcsrb.com\/#website\",\"url\":\"https:\/\/dmcsrb.com\/\",\"name\":\"dmcsrb.com\",\"description\":\"\",\"potentialAction\":[{\"@type\":\"SearchAction\",\"target\":{\"@type\":\"EntryPoint\",\"urlTemplate\":\"https:\/\/dmcsrb.com\/?s={search_term_string}\"},\"query-input\":{\"@type\":\"PropertyValueSpecification\",\"valueRequired\":true,\"valueName\":\"search_term_string\"}}],\"inLanguage\":\"en-GB\"},{\"@type\":\"Person\",\"@id\":\"https:\/\/dmcsrb.com\/#\/schema\/person\/5c39170f12db1b8b457732d0b5c854e2\",\"name\":\"dmcsrbija.com@gmail.com\",\"image\":{\"@type\":\"ImageObject\",\"inLanguage\":\"en-GB\",\"@id\":\"https:\/\/dmcsrb.com\/#\/schema\/person\/image\/\",\"url\":\"https:\/\/secure.gravatar.com\/avatar\/68592660ad6347fad0fb587f8d5d8f1a7b44961362f56e4f2cd524feb87e9069?s=96&d=mm&r=g\",\"contentUrl\":\"https:\/\/secure.gravatar.com\/avatar\/68592660ad6347fad0fb587f8d5d8f1a7b44961362f56e4f2cd524feb87e9069?s=96&d=mm&r=g\",\"caption\":\"dmcsrbija.com@gmail.com\"},\"sameAs\":[\"https:\/\/dmcsrb.com\"],\"url\":\"https:\/\/dmcsrb.com\/en\/author\/dmcsrbija-comgmail-com\/\"}]}<\/script>\n<!-- \/ Yoast SEO plugin. -->","yoast_head_json":{"title":"\u010camac s migrantima udario u brod turske obalske stra\u017ee, petoro poginulih - dmcsrb.com","robots":{"index":"index","follow":"follow","max-snippet":"max-snippet:-1","max-image-preview":"max-image-preview:large","max-video-preview":"max-video-preview:-1"},"canonical":"https:\/\/dmcsrb.com\/en\/svijet\/camac-s-migrantima-udario-u-brod-turske-obalske-straze-petoro-poginulih\/","og_locale":"en_GB","og_type":"article","og_title":"\u010camac s migrantima udario u brod turske obalske stra\u017ee, petoro poginulih - dmcsrb.com","og_description":"Najmanje pet osoba je poginulo, a jedna je te\u0161ko povrije\u0111ena kada je \u010damac sa migrantima udario u brod turske obalske stra\u017ee kod sjeverozapadne obale Turske, saop\u0161teno je iz kancelarije lokalnog guvernera.","og_url":"https:\/\/dmcsrb.com\/en\/svijet\/camac-s-migrantima-udario-u-brod-turske-obalske-straze-petoro-poginulih\/","og_site_name":"dmcsrb.com","article_published_time":"2025-09-07T14:26:00+00:00","og_image":[{"width":408,"height":230,"url":"https:\/\/dmcsrb.com\/wp-content\/uploads\/2026\/01\/9a720bee-b3ee-4ee5-b4c5-161d23d9b4e0_cx0_cy9_cw0_w408_r1_s.webp","type":"image\/jpeg"}],"author":"dmcsrbija.com@gmail.com","twitter_card":"summary_large_image","twitter_misc":{"Written by":"dmcsrbija.com@gmail.com","Estimated reading time":"1 minute"},"schema":{"@context":"https:\/\/schema.org","@graph":[{"@type":"Article","@id":"https:\/\/dmcsrb.com\/svijet\/camac-s-migrantima-udario-u-brod-turske-obalske-straze-petoro-poginulih\/#article","isPartOf":{"@id":"https:\/\/dmcsrb.com\/svijet\/camac-s-migrantima-udario-u-brod-turske-obalske-straze-petoro-poginulih\/"},"author":{"name":"dmcsrbija.com@gmail.com","@id":"https:\/\/dmcsrb.com\/#\/schema\/person\/5c39170f12db1b8b457732d0b5c854e2"},"headline":"\u010camac s migrantima udario u brod turske obalske stra\u017ee, petoro poginulih","datePublished":"2025-09-07T14:26:00+00:00","mainEntityOfPage":{"@id":"https:\/\/dmcsrb.com\/svijet\/camac-s-migrantima-udario-u-brod-turske-obalske-straze-petoro-poginulih\/"},"wordCount":126,"commentCount":0,"image":{"@id":"https:\/\/dmcsrb.com\/svijet\/camac-s-migrantima-udario-u-brod-turske-obalske-straze-petoro-poginulih\/#primaryimage"},"thumbnailUrl":"https:\/\/dmcsrb.com\/wp-content\/uploads\/2026\/01\/9a720bee-b3ee-4ee5-b4c5-161d23d9b4e0_cx0_cy9_cw0_w408_r1_s.webp","keywords":["brod","\u010camac s migrantima","poginuli","Turska obalska stra\u017ea"],"articleSection":["Svijet"],"inLanguage":"en-GB","potentialAction":[{"@type":"CommentAction","name":"Comment","target":["https:\/\/dmcsrb.com\/svijet\/camac-s-migrantima-udario-u-brod-turske-obalske-straze-petoro-poginulih\/#respond"]}]},{"@type":"WebPage","@id":"https:\/\/dmcsrb.com\/svijet\/camac-s-migrantima-udario-u-brod-turske-obalske-straze-petoro-poginulih\/","url":"https:\/\/dmcsrb.com\/svijet\/camac-s-migrantima-udario-u-brod-turske-obalske-straze-petoro-poginulih\/","name":"\u010camac s migrantima udario u brod turske obalske stra\u017ee, petoro poginulih - dmcsrb.com","isPartOf":{"@id":"https:\/\/dmcsrb.com\/#website"},"primaryImageOfPage":{"@id":"https:\/\/dmcsrb.com\/svijet\/camac-s-migrantima-udario-u-brod-turske-obalske-straze-petoro-poginulih\/#primaryimage"},"image":{"@id":"https:\/\/dmcsrb.com\/svijet\/camac-s-migrantima-udario-u-brod-turske-obalske-straze-petoro-poginulih\/#primaryimage"},"thumbnailUrl":"https:\/\/dmcsrb.com\/wp-content\/uploads\/2026\/01\/9a720bee-b3ee-4ee5-b4c5-161d23d9b4e0_cx0_cy9_cw0_w408_r1_s.webp","datePublished":"2025-09-07T14:26:00+00:00","author":{"@id":"https:\/\/dmcsrb.com\/#\/schema\/person\/5c39170f12db1b8b457732d0b5c854e2"},"breadcrumb":{"@id":"https:\/\/dmcsrb.com\/svijet\/camac-s-migrantima-udario-u-brod-turske-obalske-straze-petoro-poginulih\/#breadcrumb"},"inLanguage":"en-GB","potentialAction":[{"@type":"ReadAction","target":["https:\/\/dmcsrb.com\/svijet\/camac-s-migrantima-udario-u-brod-turske-obalske-straze-petoro-poginulih\/"]}]},{"@type":"ImageObject","inLanguage":"en-GB","@id":"https:\/\/dmcsrb.com\/svijet\/camac-s-migrantima-udario-u-brod-turske-obalske-straze-petoro-poginulih\/#primaryimage","url":"https:\/\/dmcsrb.com\/wp-content\/uploads\/2026\/01\/9a720bee-b3ee-4ee5-b4c5-161d23d9b4e0_cx0_cy9_cw0_w408_r1_s.webp","contentUrl":"https:\/\/dmcsrb.com\/wp-content\/uploads\/2026\/01\/9a720bee-b3ee-4ee5-b4c5-161d23d9b4e0_cx0_cy9_cw0_w408_r1_s.webp","width":408,"height":230},{"@type":"BreadcrumbList","@id":"https:\/\/dmcsrb.com\/svijet\/camac-s-migrantima-udario-u-brod-turske-obalske-straze-petoro-poginulih\/#breadcrumb","itemListElement":[{"@type":"ListItem","position":1,"name":"Home","item":"https:\/\/dmcsrb.com\/"},{"@type":"ListItem","position":2,"name":"\u010camac s migrantima udario u brod turske obalske stra\u017ee, petoro poginulih"}]},{"@type":"WebSite","@id":"https:\/\/dmcsrb.com\/#website","url":"https:\/\/dmcsrb.com\/","name":"dmcsrb.com","description":"","potentialAction":[{"@type":"SearchAction","target":{"@type":"EntryPoint","urlTemplate":"https:\/\/dmcsrb.com\/?s={search_term_string}"},"query-input":{"@type":"PropertyValueSpecification","valueRequired":true,"valueName":"search_term_string"}}],"inLanguage":"en-GB"},{"@type":"Person","@id":"https:\/\/dmcsrb.com\/#\/schema\/person\/5c39170f12db1b8b457732d0b5c854e2","name":"dmcsrbija.com@gmail.com","image":{"@type":"ImageObject","inLanguage":"en-GB","@id":"https:\/\/dmcsrb.com\/#\/schema\/person\/image\/","url":"https:\/\/secure.gravatar.com\/avatar\/68592660ad6347fad0fb587f8d5d8f1a7b44961362f56e4f2cd524feb87e9069?s=96&d=mm&r=g","contentUrl":"https:\/\/secure.gravatar.com\/avatar\/68592660ad6347fad0fb587f8d5d8f1a7b44961362f56e4f2cd524feb87e9069?s=96&d=mm&r=g","caption":"dmcsrbija.com@gmail.com"},"sameAs":["https:\/\/dmcsrb.com"],"url":"https:\/\/dmcsrb.com\/en\/author\/dmcsrbija-comgmail-com\/"}]}},"_links":{"self":[{"href":"https:\/\/dmcsrb.com\/en\/wp-json\/wp\/v2\/posts\/950728","targetHints":{"allow":["GET"]}}],"collection":[{"href":"https:\/\/dmcsrb.com\/en\/wp-json\/wp\/v2\/posts"}],"about":[{"href":"https:\/\/dmcsrb.com\/en\/wp-json\/wp\/v2\/types\/post"}],"author":[{"embeddable":true,"href":"https:\/\/dmcsrb.com\/en\/wp-json\/wp\/v2\/users\/1"}],"replies":[{"embeddable":true,"href":"https:\/\/dmcsrb.com\/en\/wp-json\/wp\/v2\/comments?post=950728"}],"version-history":[{"count":0,"href":"https:\/\/dmcsrb.com\/en\/wp-json\/wp\/v2\/posts\/950728\/revisions"}],"wp:featuredmedia":[{"embeddable":true,"href":"https:\/\/dmcsrb.com\/en\/wp-json\/wp\/v2\/media\/950729"}],"wp:attachment":[{"href":"https:\/\/dmcsrb.com\/en\/wp-json\/wp\/v2\/media?parent=950728"}],"wp:term":[{"taxonomy":"category","embeddable":true,"href":"https:\/\/dmcsrb.com\/en\/wp-json\/wp\/v2\/categories?post=950728"},{"taxonomy":"post_tag","embeddable":true,"href":"https:\/\/dmcsrb.com\/en\/wp-json\/wp\/v2\/tags?post=950728"},{"taxonomy":"naslovna","embeddable":true,"href":"https:\/\/dmcsrb.com\/en\/wp-json\/wp\/v2\/naslovna?post=950728"}],"curies":[{"name":"wp","href":"https:\/\/api.w.org\/{rel}","templated":true}]}}