{"id":950719,"date":"2025-09-07T14:50:00","date_gmt":"2025-09-07T12:50:00","guid":{"rendered":"https:\/\/dmcsrb.com\/uncategorized\/ljeto-jos-nije-zavrseno-kakve-su-cijene-smjestaja-u-crnoj-gori-u-septembru\/"},"modified":"2025-09-07T14:50:00","modified_gmt":"2025-09-07T12:50:00","slug":"ljeto-jos-nije-zavrseno-kakve-su-cijene-smjestaja-u-crnoj-gori-u-septembru","status":"publish","type":"post","link":"https:\/\/dmcsrb.com\/en\/ekonomija\/ljeto-jos-nije-zavrseno-kakve-su-cijene-smjestaja-u-crnoj-gori-u-septembru\/","title":{"rendered":"Ljeto jo\u0161 nije zavr\u0161eno: Kakve su cijene smje\u0161taja u Crnoj Gori u septembru"},"content":{"rendered":"<p><\/p>\n\n\n\n<p>Temperature na primorju u septembru su i dalje prijatno visoke, more toplo, a sunce dovoljno jako da sve miri\u0161e na ljeto, ali bez nesnosnih vru\u0107ina. Za mnoge turiste upravo je mir ono \u0161to septembar \u010dini posebnim. Pla\u017ee postaju prostranije, restorani dostupniji, a doma\u0107ini spremniji da sa gostima podijele neku zanimljivu pri\u010du. Hoteli i apartmani \u010desto nude povoljnije cijene, pa je odmor kvalitetniji, ali i pristupa\u010dniji.<\/p>\n\n\n\n<p>Uz to, septembar je i mjesec festivala, \u0161to putovanje pretvara u spoj u\u017eivanja u prirodi i otkrivanju lokalne kulture.<\/p>\n\n\n\n<p>Sad kada je mnogo prijatnije jer je vrelina popustila, idealno je vrijeme za aktivan odmor \u2013 planinarenje, obilazak istorijskih lokaliteta ili istra\u017eivanje skrivenih uvala.<\/p>\n\n\n\n<p>Sve to \u010dini da ljetovanje u septembru bude manje turisti\u010dki stereotip, a vi\u0161e li\u010dno iskustvo.<\/p>\n\n\n\n<p><strong>Cijene smje\u0161taja u Crnoj Gori u septembru<\/strong><\/p>\n\n\n\n<p>U Herceg Novom u periodu postsezone u hotelskom smje\u0161taju cijene se kre\u0107u od 67 eura (cijena no\u0107enja za dvije osobe).<\/p>\n\n\n\n<p>U privatnom smje\u0161taju cijene apartmana se kre\u0107u od 35 eura (no\u0107enje za dvije osobe), dok su cijene soba od 10 do 20 eura po osobi.<\/p>\n\n\n\n<p>U zavisnosti od kategorije hotela cijene variraju, a do 12 godina starosti djeca imaju i posebne povoljnosti prilikom pla\u0107anja.<\/p>\n\n\n\n<p>Za restorane cijena obroka za dvije osobe (hrana i pi\u0107e) ide od 25 eura.<\/p>\n\n\n\n<p>U Kotoru privatni smje\u0161taj u apartmanima je od 50 eura.<\/p>\n\n\n\n<p>Hoteli su od 50 eura, a hosteli od 15.<\/p>\n\n\n\n<p>U Baru u postsezoni u hotelskom smje\u0161taju cijene se kre\u0107u od 20 eura pa navi\u0161e po osobi, u zavisnosti od kategorizacije i lokacije smje\u0161taja.<\/p>\n\n\n\n<p>Pritom, septembar u Crnoj Gori zna\u010di i raznovrsne doga\u0111aje i aktivnosti, od muzike, preko sporta, gastronomije do kulturnih de\u0161avanja.<\/p>\n\n\n\n<p>U Baru \u0107e se u septembru odr\u017eati Festival gro\u017e\u0111a, a organizovana je i tradicionalna Spi\u010danska no\u0107, doga\u0111aji koji spajaju lokalnu kuhinju, muziku i obi\u010daje, dok Kotor u istom periodu nudi Boke\u0161ki triatlon, izazov za ljubitelje adrenalina, ali i Filmski festival \u201eUhvati film\u201c.<\/p>\n\n\n\n<p>Ljubitelji muzike mogu u\u017eivati u festivalu Tivat World Music koji okuplja doma\u0107e i me\u0111unarodne izvo\u0111a\u010de, a u Herceg Novom posjetioci mogu u\u017eivati u Strip festivalu i takmi\u010denju Big Game Fishing.<\/p>\n\n\n\n<p>U Budvi je septembar mjesec muzike, sporta i gastronomije: Petrovac D\u017eez festival, Fe\u0161ta od ru\u0161tula i Budva Sport&amp;Art festival kombinuju muzi\u010dke nastupe, kreativne radionice i sportske doga\u0111aje, dok \u0107e se u oktobru odr\u017eati tradicionalne manifestacije Dani \u0161iruna i Petrova\u010dka lignjada.<\/p>\n\n\n\n<p>Sve popularnija manifestacija \u201cLjeto u Prijestonici\u201d na Cetinju traja\u0107e do kraja septembra, sa bogatim muzi\u010dkim, kulturnim i zabavnim programom.<\/p>\n\n\n\n<p>A za one koji tra\u017ee mir u prirodi, Crna Gora nudi brojne mogu\u0107nosti za planinarenje, biciklizam, vo\u017enju kajakom, zip line ili istra\u017eivanje nacionalnih parkova.<\/p>","protected":false},"excerpt":{"rendered":"<p>Septembar na Jadranu posebno je omiljen me\u0111u onima koji \u017eele vi\u0161e od klasi\u010dnog ljetovanja. Tada su julske i avgustovske gu\u017eve pro\u0161lost, obala di\u0161e punim plu\u0107ima i pokazuje svoju autenti\u010dnu stranu. A koliko taj ugo\u0111aj ko\u0161ta u Crnoj Gori?<\/p>","protected":false},"author":1,"featured_media":950720,"comment_status":"open","ping_status":"open","sticky":false,"template":"","format":"standard","meta":{"_acf_changed":false,"footnotes":""},"categories":[27],"tags":[7243,95,1176,7244],"naslovna":[],"class_list":["post-950719","post","type-post","status-publish","format-standard","has-post-thumbnail","hentry","category-ekonomija","tag-cijene-smjestaja","tag-crna-gora","tag-ljeto","tag-septembar"],"acf":[],"yoast_head":"<!-- This site is optimized with the Yoast SEO plugin v27.0 - https:\/\/yoast.com\/product\/yoast-seo-wordpress\/ -->\n<title>Ljeto jo\u0161 nije zavr\u0161eno: Kakve su cijene smje\u0161taja u Crnoj Gori u septembru - dmcsrb.com<\/title>\n<meta name=\"robots\" content=\"index, follow, max-snippet:-1, max-image-preview:large, max-video-preview:-1\" \/>\n<link rel=\"canonical\" href=\"https:\/\/dmcsrb.com\/en\/ekonomija\/ljeto-jos-nije-zavrseno-kakve-su-cijene-smjestaja-u-crnoj-gori-u-septembru\/\" \/>\n<meta property=\"og:locale\" content=\"en_GB\" \/>\n<meta property=\"og:type\" content=\"article\" \/>\n<meta property=\"og:title\" content=\"Ljeto jo\u0161 nije zavr\u0161eno: Kakve su cijene smje\u0161taja u Crnoj Gori u septembru - dmcsrb.com\" \/>\n<meta property=\"og:description\" content=\"Septembar na Jadranu posebno je omiljen me\u0111u onima koji \u017eele vi\u0161e od klasi\u010dnog ljetovanja. Tada su julske i avgustovske gu\u017eve pro\u0161lost, obala di\u0161e punim plu\u0107ima i pokazuje svoju autenti\u010dnu stranu. A koliko taj ugo\u0111aj ko\u0161ta u Crnoj Gori?\" \/>\n<meta property=\"og:url\" content=\"https:\/\/dmcsrb.com\/en\/ekonomija\/ljeto-jos-nije-zavrseno-kakve-su-cijene-smjestaja-u-crnoj-gori-u-septembru\/\" \/>\n<meta property=\"og:site_name\" content=\"dmcsrb.com\" \/>\n<meta property=\"article:published_time\" content=\"2025-09-07T12:50:00+00:00\" \/>\n<meta property=\"og:image\" content=\"https:\/\/dmcsrb.com\/wp-content\/uploads\/2026\/01\/turizam-plaza-turisti-696x522-1.webp\" \/>\n\t<meta property=\"og:image:width\" content=\"696\" \/>\n\t<meta property=\"og:image:height\" content=\"522\" \/>\n\t<meta property=\"og:image:type\" content=\"image\/jpeg\" \/>\n<meta name=\"author\" content=\"dmcsrbija.com@gmail.com\" \/>\n<meta name=\"twitter:card\" content=\"summary_large_image\" \/>\n<meta name=\"twitter:label1\" content=\"Written by\" \/>\n\t<meta name=\"twitter:data1\" content=\"dmcsrbija.com@gmail.com\" \/>\n\t<meta name=\"twitter:label2\" content=\"Estimated reading time\" \/>\n\t<meta name=\"twitter:data2\" content=\"2 minutes\" \/>\n<script type=\"application\/ld+json\" class=\"yoast-schema-graph\">{\"@context\":\"https:\/\/schema.org\",\"@graph\":[{\"@type\":\"Article\",\"@id\":\"https:\/\/dmcsrb.com\/ekonomija\/ljeto-jos-nije-zavrseno-kakve-su-cijene-smjestaja-u-crnoj-gori-u-septembru\/#article\",\"isPartOf\":{\"@id\":\"https:\/\/dmcsrb.com\/ekonomija\/ljeto-jos-nije-zavrseno-kakve-su-cijene-smjestaja-u-crnoj-gori-u-septembru\/\"},\"author\":{\"name\":\"dmcsrbija.com@gmail.com\",\"@id\":\"https:\/\/dmcsrb.com\/#\/schema\/person\/5c39170f12db1b8b457732d0b5c854e2\"},\"headline\":\"Ljeto jo\u0161 nije zavr\u0161eno: Kakve su cijene smje\u0161taja u Crnoj Gori u septembru\",\"datePublished\":\"2025-09-07T12:50:00+00:00\",\"mainEntityOfPage\":{\"@id\":\"https:\/\/dmcsrb.com\/ekonomija\/ljeto-jos-nije-zavrseno-kakve-su-cijene-smjestaja-u-crnoj-gori-u-septembru\/\"},\"wordCount\":485,\"commentCount\":0,\"image\":{\"@id\":\"https:\/\/dmcsrb.com\/ekonomija\/ljeto-jos-nije-zavrseno-kakve-su-cijene-smjestaja-u-crnoj-gori-u-septembru\/#primaryimage\"},\"thumbnailUrl\":\"https:\/\/dmcsrb.com\/wp-content\/uploads\/2026\/01\/turizam-plaza-turisti-696x522-1.webp\",\"keywords\":[\"Cijene smje\u0161taja\",\"Crna Gora\",\"ljeto\",\"septembar\"],\"articleSection\":[\"Ekonomija\"],\"inLanguage\":\"en-GB\",\"potentialAction\":[{\"@type\":\"CommentAction\",\"name\":\"Comment\",\"target\":[\"https:\/\/dmcsrb.com\/ekonomija\/ljeto-jos-nije-zavrseno-kakve-su-cijene-smjestaja-u-crnoj-gori-u-septembru\/#respond\"]}]},{\"@type\":\"WebPage\",\"@id\":\"https:\/\/dmcsrb.com\/ekonomija\/ljeto-jos-nije-zavrseno-kakve-su-cijene-smjestaja-u-crnoj-gori-u-septembru\/\",\"url\":\"https:\/\/dmcsrb.com\/ekonomija\/ljeto-jos-nije-zavrseno-kakve-su-cijene-smjestaja-u-crnoj-gori-u-septembru\/\",\"name\":\"Ljeto jo\u0161 nije zavr\u0161eno: Kakve su cijene smje\u0161taja u Crnoj Gori u septembru - dmcsrb.com\",\"isPartOf\":{\"@id\":\"https:\/\/dmcsrb.com\/#website\"},\"primaryImageOfPage\":{\"@id\":\"https:\/\/dmcsrb.com\/ekonomija\/ljeto-jos-nije-zavrseno-kakve-su-cijene-smjestaja-u-crnoj-gori-u-septembru\/#primaryimage\"},\"image\":{\"@id\":\"https:\/\/dmcsrb.com\/ekonomija\/ljeto-jos-nije-zavrseno-kakve-su-cijene-smjestaja-u-crnoj-gori-u-septembru\/#primaryimage\"},\"thumbnailUrl\":\"https:\/\/dmcsrb.com\/wp-content\/uploads\/2026\/01\/turizam-plaza-turisti-696x522-1.webp\",\"datePublished\":\"2025-09-07T12:50:00+00:00\",\"author\":{\"@id\":\"https:\/\/dmcsrb.com\/#\/schema\/person\/5c39170f12db1b8b457732d0b5c854e2\"},\"breadcrumb\":{\"@id\":\"https:\/\/dmcsrb.com\/ekonomija\/ljeto-jos-nije-zavrseno-kakve-su-cijene-smjestaja-u-crnoj-gori-u-septembru\/#breadcrumb\"},\"inLanguage\":\"en-GB\",\"potentialAction\":[{\"@type\":\"ReadAction\",\"target\":[\"https:\/\/dmcsrb.com\/ekonomija\/ljeto-jos-nije-zavrseno-kakve-su-cijene-smjestaja-u-crnoj-gori-u-septembru\/\"]}]},{\"@type\":\"ImageObject\",\"inLanguage\":\"en-GB\",\"@id\":\"https:\/\/dmcsrb.com\/ekonomija\/ljeto-jos-nije-zavrseno-kakve-su-cijene-smjestaja-u-crnoj-gori-u-septembru\/#primaryimage\",\"url\":\"https:\/\/dmcsrb.com\/wp-content\/uploads\/2026\/01\/turizam-plaza-turisti-696x522-1.webp\",\"contentUrl\":\"https:\/\/dmcsrb.com\/wp-content\/uploads\/2026\/01\/turizam-plaza-turisti-696x522-1.webp\",\"width\":696,\"height\":522},{\"@type\":\"BreadcrumbList\",\"@id\":\"https:\/\/dmcsrb.com\/ekonomija\/ljeto-jos-nije-zavrseno-kakve-su-cijene-smjestaja-u-crnoj-gori-u-septembru\/#breadcrumb\",\"itemListElement\":[{\"@type\":\"ListItem\",\"position\":1,\"name\":\"Home\",\"item\":\"https:\/\/dmcsrb.com\/\"},{\"@type\":\"ListItem\",\"position\":2,\"name\":\"Ljeto jo\u0161 nije zavr\u0161eno: Kakve su cijene smje\u0161taja u Crnoj Gori u septembru\"}]},{\"@type\":\"WebSite\",\"@id\":\"https:\/\/dmcsrb.com\/#website\",\"url\":\"https:\/\/dmcsrb.com\/\",\"name\":\"dmcsrb.com\",\"description\":\"\",\"potentialAction\":[{\"@type\":\"SearchAction\",\"target\":{\"@type\":\"EntryPoint\",\"urlTemplate\":\"https:\/\/dmcsrb.com\/?s={search_term_string}\"},\"query-input\":{\"@type\":\"PropertyValueSpecification\",\"valueRequired\":true,\"valueName\":\"search_term_string\"}}],\"inLanguage\":\"en-GB\"},{\"@type\":\"Person\",\"@id\":\"https:\/\/dmcsrb.com\/#\/schema\/person\/5c39170f12db1b8b457732d0b5c854e2\",\"name\":\"dmcsrbija.com@gmail.com\",\"image\":{\"@type\":\"ImageObject\",\"inLanguage\":\"en-GB\",\"@id\":\"https:\/\/dmcsrb.com\/#\/schema\/person\/image\/\",\"url\":\"https:\/\/secure.gravatar.com\/avatar\/68592660ad6347fad0fb587f8d5d8f1a7b44961362f56e4f2cd524feb87e9069?s=96&d=mm&r=g\",\"contentUrl\":\"https:\/\/secure.gravatar.com\/avatar\/68592660ad6347fad0fb587f8d5d8f1a7b44961362f56e4f2cd524feb87e9069?s=96&d=mm&r=g\",\"caption\":\"dmcsrbija.com@gmail.com\"},\"sameAs\":[\"https:\/\/dmcsrb.com\"],\"url\":\"https:\/\/dmcsrb.com\/en\/author\/dmcsrbija-comgmail-com\/\"}]}<\/script>\n<!-- \/ Yoast SEO plugin. -->","yoast_head_json":{"title":"Ljeto jo\u0161 nije zavr\u0161eno: Kakve su cijene smje\u0161taja u Crnoj Gori u septembru - dmcsrb.com","robots":{"index":"index","follow":"follow","max-snippet":"max-snippet:-1","max-image-preview":"max-image-preview:large","max-video-preview":"max-video-preview:-1"},"canonical":"https:\/\/dmcsrb.com\/en\/ekonomija\/ljeto-jos-nije-zavrseno-kakve-su-cijene-smjestaja-u-crnoj-gori-u-septembru\/","og_locale":"en_GB","og_type":"article","og_title":"Ljeto jo\u0161 nije zavr\u0161eno: Kakve su cijene smje\u0161taja u Crnoj Gori u septembru - dmcsrb.com","og_description":"Septembar na Jadranu posebno je omiljen me\u0111u onima koji \u017eele vi\u0161e od klasi\u010dnog ljetovanja. Tada su julske i avgustovske gu\u017eve pro\u0161lost, obala di\u0161e punim plu\u0107ima i pokazuje svoju autenti\u010dnu stranu. A koliko taj ugo\u0111aj ko\u0161ta u Crnoj Gori?","og_url":"https:\/\/dmcsrb.com\/en\/ekonomija\/ljeto-jos-nije-zavrseno-kakve-su-cijene-smjestaja-u-crnoj-gori-u-septembru\/","og_site_name":"dmcsrb.com","article_published_time":"2025-09-07T12:50:00+00:00","og_image":[{"width":696,"height":522,"url":"https:\/\/dmcsrb.com\/wp-content\/uploads\/2026\/01\/turizam-plaza-turisti-696x522-1.webp","type":"image\/jpeg"}],"author":"dmcsrbija.com@gmail.com","twitter_card":"summary_large_image","twitter_misc":{"Written by":"dmcsrbija.com@gmail.com","Estimated reading time":"2 minutes"},"schema":{"@context":"https:\/\/schema.org","@graph":[{"@type":"Article","@id":"https:\/\/dmcsrb.com\/ekonomija\/ljeto-jos-nije-zavrseno-kakve-su-cijene-smjestaja-u-crnoj-gori-u-septembru\/#article","isPartOf":{"@id":"https:\/\/dmcsrb.com\/ekonomija\/ljeto-jos-nije-zavrseno-kakve-su-cijene-smjestaja-u-crnoj-gori-u-septembru\/"},"author":{"name":"dmcsrbija.com@gmail.com","@id":"https:\/\/dmcsrb.com\/#\/schema\/person\/5c39170f12db1b8b457732d0b5c854e2"},"headline":"Ljeto jo\u0161 nije zavr\u0161eno: Kakve su cijene smje\u0161taja u Crnoj Gori u septembru","datePublished":"2025-09-07T12:50:00+00:00","mainEntityOfPage":{"@id":"https:\/\/dmcsrb.com\/ekonomija\/ljeto-jos-nije-zavrseno-kakve-su-cijene-smjestaja-u-crnoj-gori-u-septembru\/"},"wordCount":485,"commentCount":0,"image":{"@id":"https:\/\/dmcsrb.com\/ekonomija\/ljeto-jos-nije-zavrseno-kakve-su-cijene-smjestaja-u-crnoj-gori-u-septembru\/#primaryimage"},"thumbnailUrl":"https:\/\/dmcsrb.com\/wp-content\/uploads\/2026\/01\/turizam-plaza-turisti-696x522-1.webp","keywords":["Cijene smje\u0161taja","Crna Gora","ljeto","septembar"],"articleSection":["Ekonomija"],"inLanguage":"en-GB","potentialAction":[{"@type":"CommentAction","name":"Comment","target":["https:\/\/dmcsrb.com\/ekonomija\/ljeto-jos-nije-zavrseno-kakve-su-cijene-smjestaja-u-crnoj-gori-u-septembru\/#respond"]}]},{"@type":"WebPage","@id":"https:\/\/dmcsrb.com\/ekonomija\/ljeto-jos-nije-zavrseno-kakve-su-cijene-smjestaja-u-crnoj-gori-u-septembru\/","url":"https:\/\/dmcsrb.com\/ekonomija\/ljeto-jos-nije-zavrseno-kakve-su-cijene-smjestaja-u-crnoj-gori-u-septembru\/","name":"Ljeto jo\u0161 nije zavr\u0161eno: Kakve su cijene smje\u0161taja u Crnoj Gori u septembru - dmcsrb.com","isPartOf":{"@id":"https:\/\/dmcsrb.com\/#website"},"primaryImageOfPage":{"@id":"https:\/\/dmcsrb.com\/ekonomija\/ljeto-jos-nije-zavrseno-kakve-su-cijene-smjestaja-u-crnoj-gori-u-septembru\/#primaryimage"},"image":{"@id":"https:\/\/dmcsrb.com\/ekonomija\/ljeto-jos-nije-zavrseno-kakve-su-cijene-smjestaja-u-crnoj-gori-u-septembru\/#primaryimage"},"thumbnailUrl":"https:\/\/dmcsrb.com\/wp-content\/uploads\/2026\/01\/turizam-plaza-turisti-696x522-1.webp","datePublished":"2025-09-07T12:50:00+00:00","author":{"@id":"https:\/\/dmcsrb.com\/#\/schema\/person\/5c39170f12db1b8b457732d0b5c854e2"},"breadcrumb":{"@id":"https:\/\/dmcsrb.com\/ekonomija\/ljeto-jos-nije-zavrseno-kakve-su-cijene-smjestaja-u-crnoj-gori-u-septembru\/#breadcrumb"},"inLanguage":"en-GB","potentialAction":[{"@type":"ReadAction","target":["https:\/\/dmcsrb.com\/ekonomija\/ljeto-jos-nije-zavrseno-kakve-su-cijene-smjestaja-u-crnoj-gori-u-septembru\/"]}]},{"@type":"ImageObject","inLanguage":"en-GB","@id":"https:\/\/dmcsrb.com\/ekonomija\/ljeto-jos-nije-zavrseno-kakve-su-cijene-smjestaja-u-crnoj-gori-u-septembru\/#primaryimage","url":"https:\/\/dmcsrb.com\/wp-content\/uploads\/2026\/01\/turizam-plaza-turisti-696x522-1.webp","contentUrl":"https:\/\/dmcsrb.com\/wp-content\/uploads\/2026\/01\/turizam-plaza-turisti-696x522-1.webp","width":696,"height":522},{"@type":"BreadcrumbList","@id":"https:\/\/dmcsrb.com\/ekonomija\/ljeto-jos-nije-zavrseno-kakve-su-cijene-smjestaja-u-crnoj-gori-u-septembru\/#breadcrumb","itemListElement":[{"@type":"ListItem","position":1,"name":"Home","item":"https:\/\/dmcsrb.com\/"},{"@type":"ListItem","position":2,"name":"Ljeto jo\u0161 nije zavr\u0161eno: Kakve su cijene smje\u0161taja u Crnoj Gori u septembru"}]},{"@type":"WebSite","@id":"https:\/\/dmcsrb.com\/#website","url":"https:\/\/dmcsrb.com\/","name":"dmcsrb.com","description":"","potentialAction":[{"@type":"SearchAction","target":{"@type":"EntryPoint","urlTemplate":"https:\/\/dmcsrb.com\/?s={search_term_string}"},"query-input":{"@type":"PropertyValueSpecification","valueRequired":true,"valueName":"search_term_string"}}],"inLanguage":"en-GB"},{"@type":"Person","@id":"https:\/\/dmcsrb.com\/#\/schema\/person\/5c39170f12db1b8b457732d0b5c854e2","name":"dmcsrbija.com@gmail.com","image":{"@type":"ImageObject","inLanguage":"en-GB","@id":"https:\/\/dmcsrb.com\/#\/schema\/person\/image\/","url":"https:\/\/secure.gravatar.com\/avatar\/68592660ad6347fad0fb587f8d5d8f1a7b44961362f56e4f2cd524feb87e9069?s=96&d=mm&r=g","contentUrl":"https:\/\/secure.gravatar.com\/avatar\/68592660ad6347fad0fb587f8d5d8f1a7b44961362f56e4f2cd524feb87e9069?s=96&d=mm&r=g","caption":"dmcsrbija.com@gmail.com"},"sameAs":["https:\/\/dmcsrb.com"],"url":"https:\/\/dmcsrb.com\/en\/author\/dmcsrbija-comgmail-com\/"}]}},"_links":{"self":[{"href":"https:\/\/dmcsrb.com\/en\/wp-json\/wp\/v2\/posts\/950719","targetHints":{"allow":["GET"]}}],"collection":[{"href":"https:\/\/dmcsrb.com\/en\/wp-json\/wp\/v2\/posts"}],"about":[{"href":"https:\/\/dmcsrb.com\/en\/wp-json\/wp\/v2\/types\/post"}],"author":[{"embeddable":true,"href":"https:\/\/dmcsrb.com\/en\/wp-json\/wp\/v2\/users\/1"}],"replies":[{"embeddable":true,"href":"https:\/\/dmcsrb.com\/en\/wp-json\/wp\/v2\/comments?post=950719"}],"version-history":[{"count":0,"href":"https:\/\/dmcsrb.com\/en\/wp-json\/wp\/v2\/posts\/950719\/revisions"}],"wp:featuredmedia":[{"embeddable":true,"href":"https:\/\/dmcsrb.com\/en\/wp-json\/wp\/v2\/media\/950720"}],"wp:attachment":[{"href":"https:\/\/dmcsrb.com\/en\/wp-json\/wp\/v2\/media?parent=950719"}],"wp:term":[{"taxonomy":"category","embeddable":true,"href":"https:\/\/dmcsrb.com\/en\/wp-json\/wp\/v2\/categories?post=950719"},{"taxonomy":"post_tag","embeddable":true,"href":"https:\/\/dmcsrb.com\/en\/wp-json\/wp\/v2\/tags?post=950719"},{"taxonomy":"naslovna","embeddable":true,"href":"https:\/\/dmcsrb.com\/en\/wp-json\/wp\/v2\/naslovna?post=950719"}],"curies":[{"name":"wp","href":"https:\/\/api.w.org\/{rel}","templated":true}]}}