{"id":950670,"date":"2025-09-07T10:21:13","date_gmt":"2025-09-07T08:21:13","guid":{"rendered":"https:\/\/dmcsrb.com\/uncategorized\/poginuo-mladic-na-magistralnom-putu-podgorica-kolasin\/"},"modified":"2025-09-07T10:21:13","modified_gmt":"2025-09-07T08:21:13","slug":"poginuo-mladic-na-magistralnom-putu-podgorica-kolasin","status":"publish","type":"post","link":"https:\/\/dmcsrb.com\/en\/hronika\/poginuo-mladic-na-magistralnom-putu-podgorica-kolasin\/","title":{"rendered":"Poginuo mladi\u0107 na magistralnom putu Podgorica &#8211; Kola\u0161in"},"content":{"rendered":"<p><\/p>\n\n\n\n<p>Kako je saop\u0161teno iz OKC-a nesre\u0107a se dogodila jutros oko 2 sata i 18 minuta kada je do\u0161lo do prevrtanja jednog putni\u010dkog vozila.<\/p>\n\n\n\n<p>Iz policije nijesu mogli da nam ka\u017eu vi\u0161e detalja i informacija, kao ni da li je u udesu u\u010destvovalo vi\u0161e vozila.<\/p>","protected":false},"excerpt":{"rendered":"<p>Na magistralnom putu Podgorica &#8211; Kola\u0161in, u mjestu Bio\u010de, sino\u0107 je do\u0161lo do saobra\u0107ajne nesre\u0107e u kojoj je poginuo D.R (19), kazali su Gradskom portalu iz OKC-a Uprave policije.<\/p>","protected":false},"author":1,"featured_media":909183,"comment_status":"open","ping_status":"open","sticky":false,"template":"","format":"standard","meta":{"_acf_changed":false,"footnotes":""},"categories":[17],"tags":[7212,3801,72],"naslovna":[],"class_list":["post-950670","post","type-post","status-publish","format-standard","has-post-thumbnail","hentry","category-hronika","tag-put-podgorica-kolasin","tag-saobracajna-nesreca","tag-uprava-policije"],"acf":[],"yoast_head":"<!-- This site is optimized with the Yoast SEO plugin v27.4 - https:\/\/yoast.com\/product\/yoast-seo-wordpress\/ -->\n<title>Poginuo mladi\u0107 na magistralnom putu Podgorica - Kola\u0161in - dmcsrb.com<\/title>\n<meta name=\"robots\" content=\"index, follow, max-snippet:-1, max-image-preview:large, max-video-preview:-1\" \/>\n<link rel=\"canonical\" href=\"https:\/\/dmcsrb.com\/en\/hronika\/poginuo-mladic-na-magistralnom-putu-podgorica-kolasin\/\" \/>\n<meta property=\"og:locale\" content=\"en_GB\" \/>\n<meta property=\"og:type\" content=\"article\" \/>\n<meta property=\"og:title\" content=\"Poginuo mladi\u0107 na magistralnom putu Podgorica - Kola\u0161in - dmcsrb.com\" \/>\n<meta property=\"og:description\" content=\"Na magistralnom putu Podgorica - Kola\u0161in, u mjestu Bio\u010de, sino\u0107 je do\u0161lo do saobra\u0107ajne nesre\u0107e u kojoj je poginuo D.R (19), kazali su Gradskom portalu iz OKC-a Uprave policije.\" \/>\n<meta property=\"og:url\" content=\"https:\/\/dmcsrb.com\/en\/hronika\/poginuo-mladic-na-magistralnom-putu-podgorica-kolasin\/\" \/>\n<meta property=\"og:site_name\" content=\"dmcsrb.com\" \/>\n<meta property=\"article:published_time\" content=\"2025-09-07T08:21:13+00:00\" \/>\n<meta property=\"og:image\" content=\"https:\/\/dmcsrb.com\/wp-content\/uploads\/2026\/01\/Policija-Crne-Gore-1-foto-Vlada-CG.jpg\" \/>\n\t<meta property=\"og:image:width\" content=\"1022\" \/>\n\t<meta property=\"og:image:height\" content=\"640\" \/>\n\t<meta property=\"og:image:type\" content=\"image\/jpeg\" \/>\n<meta name=\"author\" content=\"dmcsrbija.com@gmail.com\" \/>\n<meta name=\"twitter:card\" content=\"summary_large_image\" \/>\n<meta name=\"twitter:label1\" content=\"Written by\" \/>\n\t<meta name=\"twitter:data1\" content=\"dmcsrbija.com@gmail.com\" \/>\n<script type=\"application\/ld+json\" class=\"yoast-schema-graph\">{\"@context\":\"https:\\\/\\\/schema.org\",\"@graph\":[{\"@type\":\"Article\",\"@id\":\"https:\\\/\\\/dmcsrb.com\\\/hronika\\\/poginuo-mladic-na-magistralnom-putu-podgorica-kolasin\\\/#article\",\"isPartOf\":{\"@id\":\"https:\\\/\\\/dmcsrb.com\\\/hronika\\\/poginuo-mladic-na-magistralnom-putu-podgorica-kolasin\\\/\"},\"author\":{\"name\":\"dmcsrbija.com@gmail.com\",\"@id\":\"https:\\\/\\\/dmcsrb.com\\\/#\\\/schema\\\/person\\\/5c39170f12db1b8b457732d0b5c854e2\"},\"headline\":\"Poginuo mladi\u0107 na magistralnom putu Podgorica &#8211; Kola\u0161in\",\"datePublished\":\"2025-09-07T08:21:13+00:00\",\"mainEntityOfPage\":{\"@id\":\"https:\\\/\\\/dmcsrb.com\\\/hronika\\\/poginuo-mladic-na-magistralnom-putu-podgorica-kolasin\\\/\"},\"wordCount\":59,\"commentCount\":0,\"image\":{\"@id\":\"https:\\\/\\\/dmcsrb.com\\\/hronika\\\/poginuo-mladic-na-magistralnom-putu-podgorica-kolasin\\\/#primaryimage\"},\"thumbnailUrl\":\"https:\\\/\\\/dmcsrb.com\\\/wp-content\\\/uploads\\\/2026\\\/01\\\/Policija-Crne-Gore-1-foto-Vlada-CG.jpg\",\"keywords\":[\"Put Podgorica - Kola\u0161in\",\"saobra\u0107ajna nesre\u0107a\",\"Uprava policije\"],\"articleSection\":[\"Hronika\"],\"inLanguage\":\"en-GB\",\"potentialAction\":[{\"@type\":\"CommentAction\",\"name\":\"Comment\",\"target\":[\"https:\\\/\\\/dmcsrb.com\\\/hronika\\\/poginuo-mladic-na-magistralnom-putu-podgorica-kolasin\\\/#respond\"]}]},{\"@type\":\"WebPage\",\"@id\":\"https:\\\/\\\/dmcsrb.com\\\/hronika\\\/poginuo-mladic-na-magistralnom-putu-podgorica-kolasin\\\/\",\"url\":\"https:\\\/\\\/dmcsrb.com\\\/hronika\\\/poginuo-mladic-na-magistralnom-putu-podgorica-kolasin\\\/\",\"name\":\"Poginuo mladi\u0107 na magistralnom putu Podgorica - Kola\u0161in - dmcsrb.com\",\"isPartOf\":{\"@id\":\"https:\\\/\\\/dmcsrb.com\\\/#website\"},\"primaryImageOfPage\":{\"@id\":\"https:\\\/\\\/dmcsrb.com\\\/hronika\\\/poginuo-mladic-na-magistralnom-putu-podgorica-kolasin\\\/#primaryimage\"},\"image\":{\"@id\":\"https:\\\/\\\/dmcsrb.com\\\/hronika\\\/poginuo-mladic-na-magistralnom-putu-podgorica-kolasin\\\/#primaryimage\"},\"thumbnailUrl\":\"https:\\\/\\\/dmcsrb.com\\\/wp-content\\\/uploads\\\/2026\\\/01\\\/Policija-Crne-Gore-1-foto-Vlada-CG.jpg\",\"datePublished\":\"2025-09-07T08:21:13+00:00\",\"author\":{\"@id\":\"https:\\\/\\\/dmcsrb.com\\\/#\\\/schema\\\/person\\\/5c39170f12db1b8b457732d0b5c854e2\"},\"breadcrumb\":{\"@id\":\"https:\\\/\\\/dmcsrb.com\\\/hronika\\\/poginuo-mladic-na-magistralnom-putu-podgorica-kolasin\\\/#breadcrumb\"},\"inLanguage\":\"en-GB\",\"potentialAction\":[{\"@type\":\"ReadAction\",\"target\":[\"https:\\\/\\\/dmcsrb.com\\\/hronika\\\/poginuo-mladic-na-magistralnom-putu-podgorica-kolasin\\\/\"]}]},{\"@type\":\"ImageObject\",\"inLanguage\":\"en-GB\",\"@id\":\"https:\\\/\\\/dmcsrb.com\\\/hronika\\\/poginuo-mladic-na-magistralnom-putu-podgorica-kolasin\\\/#primaryimage\",\"url\":\"https:\\\/\\\/dmcsrb.com\\\/wp-content\\\/uploads\\\/2026\\\/01\\\/Policija-Crne-Gore-1-foto-Vlada-CG.jpg\",\"contentUrl\":\"https:\\\/\\\/dmcsrb.com\\\/wp-content\\\/uploads\\\/2026\\\/01\\\/Policija-Crne-Gore-1-foto-Vlada-CG.jpg\",\"width\":1022,\"height\":640},{\"@type\":\"BreadcrumbList\",\"@id\":\"https:\\\/\\\/dmcsrb.com\\\/hronika\\\/poginuo-mladic-na-magistralnom-putu-podgorica-kolasin\\\/#breadcrumb\",\"itemListElement\":[{\"@type\":\"ListItem\",\"position\":1,\"name\":\"Home\",\"item\":\"https:\\\/\\\/dmcsrb.com\\\/\"},{\"@type\":\"ListItem\",\"position\":2,\"name\":\"Poginuo mladi\u0107 na magistralnom putu Podgorica &#8211; Kola\u0161in\"}]},{\"@type\":\"WebSite\",\"@id\":\"https:\\\/\\\/dmcsrb.com\\\/#website\",\"url\":\"https:\\\/\\\/dmcsrb.com\\\/\",\"name\":\"dmcsrb.com\",\"description\":\"\",\"potentialAction\":[{\"@type\":\"SearchAction\",\"target\":{\"@type\":\"EntryPoint\",\"urlTemplate\":\"https:\\\/\\\/dmcsrb.com\\\/?s={search_term_string}\"},\"query-input\":{\"@type\":\"PropertyValueSpecification\",\"valueRequired\":true,\"valueName\":\"search_term_string\"}}],\"inLanguage\":\"en-GB\"},{\"@type\":\"Person\",\"@id\":\"https:\\\/\\\/dmcsrb.com\\\/#\\\/schema\\\/person\\\/5c39170f12db1b8b457732d0b5c854e2\",\"name\":\"dmcsrbija.com@gmail.com\",\"image\":{\"@type\":\"ImageObject\",\"inLanguage\":\"en-GB\",\"@id\":\"https:\\\/\\\/secure.gravatar.com\\\/avatar\\\/68592660ad6347fad0fb587f8d5d8f1a7b44961362f56e4f2cd524feb87e9069?s=96&d=mm&r=g\",\"url\":\"https:\\\/\\\/secure.gravatar.com\\\/avatar\\\/68592660ad6347fad0fb587f8d5d8f1a7b44961362f56e4f2cd524feb87e9069?s=96&d=mm&r=g\",\"contentUrl\":\"https:\\\/\\\/secure.gravatar.com\\\/avatar\\\/68592660ad6347fad0fb587f8d5d8f1a7b44961362f56e4f2cd524feb87e9069?s=96&d=mm&r=g\",\"caption\":\"dmcsrbija.com@gmail.com\"},\"sameAs\":[\"https:\\\/\\\/dmcsrb.com\"],\"url\":\"https:\\\/\\\/dmcsrb.com\\\/en\\\/author\\\/dmcsrbija-comgmail-com\\\/\"}]}<\/script>\n<!-- \/ Yoast SEO plugin. -->","yoast_head_json":{"title":"Poginuo mladi\u0107 na magistralnom putu Podgorica - Kola\u0161in - dmcsrb.com","robots":{"index":"index","follow":"follow","max-snippet":"max-snippet:-1","max-image-preview":"max-image-preview:large","max-video-preview":"max-video-preview:-1"},"canonical":"https:\/\/dmcsrb.com\/en\/hronika\/poginuo-mladic-na-magistralnom-putu-podgorica-kolasin\/","og_locale":"en_GB","og_type":"article","og_title":"Poginuo mladi\u0107 na magistralnom putu Podgorica - Kola\u0161in - dmcsrb.com","og_description":"Na magistralnom putu Podgorica - Kola\u0161in, u mjestu Bio\u010de, sino\u0107 je do\u0161lo do saobra\u0107ajne nesre\u0107e u kojoj je poginuo D.R (19), kazali su Gradskom portalu iz OKC-a Uprave policije.","og_url":"https:\/\/dmcsrb.com\/en\/hronika\/poginuo-mladic-na-magistralnom-putu-podgorica-kolasin\/","og_site_name":"dmcsrb.com","article_published_time":"2025-09-07T08:21:13+00:00","og_image":[{"width":1022,"height":640,"url":"https:\/\/dmcsrb.com\/wp-content\/uploads\/2026\/01\/Policija-Crne-Gore-1-foto-Vlada-CG.jpg","type":"image\/jpeg"}],"author":"dmcsrbija.com@gmail.com","twitter_card":"summary_large_image","twitter_misc":{"Written by":"dmcsrbija.com@gmail.com"},"schema":{"@context":"https:\/\/schema.org","@graph":[{"@type":"Article","@id":"https:\/\/dmcsrb.com\/hronika\/poginuo-mladic-na-magistralnom-putu-podgorica-kolasin\/#article","isPartOf":{"@id":"https:\/\/dmcsrb.com\/hronika\/poginuo-mladic-na-magistralnom-putu-podgorica-kolasin\/"},"author":{"name":"dmcsrbija.com@gmail.com","@id":"https:\/\/dmcsrb.com\/#\/schema\/person\/5c39170f12db1b8b457732d0b5c854e2"},"headline":"Poginuo mladi\u0107 na magistralnom putu Podgorica &#8211; Kola\u0161in","datePublished":"2025-09-07T08:21:13+00:00","mainEntityOfPage":{"@id":"https:\/\/dmcsrb.com\/hronika\/poginuo-mladic-na-magistralnom-putu-podgorica-kolasin\/"},"wordCount":59,"commentCount":0,"image":{"@id":"https:\/\/dmcsrb.com\/hronika\/poginuo-mladic-na-magistralnom-putu-podgorica-kolasin\/#primaryimage"},"thumbnailUrl":"https:\/\/dmcsrb.com\/wp-content\/uploads\/2026\/01\/Policija-Crne-Gore-1-foto-Vlada-CG.jpg","keywords":["Put Podgorica - Kola\u0161in","saobra\u0107ajna nesre\u0107a","Uprava policije"],"articleSection":["Hronika"],"inLanguage":"en-GB","potentialAction":[{"@type":"CommentAction","name":"Comment","target":["https:\/\/dmcsrb.com\/hronika\/poginuo-mladic-na-magistralnom-putu-podgorica-kolasin\/#respond"]}]},{"@type":"WebPage","@id":"https:\/\/dmcsrb.com\/hronika\/poginuo-mladic-na-magistralnom-putu-podgorica-kolasin\/","url":"https:\/\/dmcsrb.com\/hronika\/poginuo-mladic-na-magistralnom-putu-podgorica-kolasin\/","name":"Poginuo mladi\u0107 na magistralnom putu Podgorica - Kola\u0161in - dmcsrb.com","isPartOf":{"@id":"https:\/\/dmcsrb.com\/#website"},"primaryImageOfPage":{"@id":"https:\/\/dmcsrb.com\/hronika\/poginuo-mladic-na-magistralnom-putu-podgorica-kolasin\/#primaryimage"},"image":{"@id":"https:\/\/dmcsrb.com\/hronika\/poginuo-mladic-na-magistralnom-putu-podgorica-kolasin\/#primaryimage"},"thumbnailUrl":"https:\/\/dmcsrb.com\/wp-content\/uploads\/2026\/01\/Policija-Crne-Gore-1-foto-Vlada-CG.jpg","datePublished":"2025-09-07T08:21:13+00:00","author":{"@id":"https:\/\/dmcsrb.com\/#\/schema\/person\/5c39170f12db1b8b457732d0b5c854e2"},"breadcrumb":{"@id":"https:\/\/dmcsrb.com\/hronika\/poginuo-mladic-na-magistralnom-putu-podgorica-kolasin\/#breadcrumb"},"inLanguage":"en-GB","potentialAction":[{"@type":"ReadAction","target":["https:\/\/dmcsrb.com\/hronika\/poginuo-mladic-na-magistralnom-putu-podgorica-kolasin\/"]}]},{"@type":"ImageObject","inLanguage":"en-GB","@id":"https:\/\/dmcsrb.com\/hronika\/poginuo-mladic-na-magistralnom-putu-podgorica-kolasin\/#primaryimage","url":"https:\/\/dmcsrb.com\/wp-content\/uploads\/2026\/01\/Policija-Crne-Gore-1-foto-Vlada-CG.jpg","contentUrl":"https:\/\/dmcsrb.com\/wp-content\/uploads\/2026\/01\/Policija-Crne-Gore-1-foto-Vlada-CG.jpg","width":1022,"height":640},{"@type":"BreadcrumbList","@id":"https:\/\/dmcsrb.com\/hronika\/poginuo-mladic-na-magistralnom-putu-podgorica-kolasin\/#breadcrumb","itemListElement":[{"@type":"ListItem","position":1,"name":"Home","item":"https:\/\/dmcsrb.com\/"},{"@type":"ListItem","position":2,"name":"Poginuo mladi\u0107 na magistralnom putu Podgorica &#8211; Kola\u0161in"}]},{"@type":"WebSite","@id":"https:\/\/dmcsrb.com\/#website","url":"https:\/\/dmcsrb.com\/","name":"dmcsrb.com","description":"","potentialAction":[{"@type":"SearchAction","target":{"@type":"EntryPoint","urlTemplate":"https:\/\/dmcsrb.com\/?s={search_term_string}"},"query-input":{"@type":"PropertyValueSpecification","valueRequired":true,"valueName":"search_term_string"}}],"inLanguage":"en-GB"},{"@type":"Person","@id":"https:\/\/dmcsrb.com\/#\/schema\/person\/5c39170f12db1b8b457732d0b5c854e2","name":"dmcsrbija.com@gmail.com","image":{"@type":"ImageObject","inLanguage":"en-GB","@id":"https:\/\/secure.gravatar.com\/avatar\/68592660ad6347fad0fb587f8d5d8f1a7b44961362f56e4f2cd524feb87e9069?s=96&d=mm&r=g","url":"https:\/\/secure.gravatar.com\/avatar\/68592660ad6347fad0fb587f8d5d8f1a7b44961362f56e4f2cd524feb87e9069?s=96&d=mm&r=g","contentUrl":"https:\/\/secure.gravatar.com\/avatar\/68592660ad6347fad0fb587f8d5d8f1a7b44961362f56e4f2cd524feb87e9069?s=96&d=mm&r=g","caption":"dmcsrbija.com@gmail.com"},"sameAs":["https:\/\/dmcsrb.com"],"url":"https:\/\/dmcsrb.com\/en\/author\/dmcsrbija-comgmail-com\/"}]}},"_links":{"self":[{"href":"https:\/\/dmcsrb.com\/en\/wp-json\/wp\/v2\/posts\/950670","targetHints":{"allow":["GET"]}}],"collection":[{"href":"https:\/\/dmcsrb.com\/en\/wp-json\/wp\/v2\/posts"}],"about":[{"href":"https:\/\/dmcsrb.com\/en\/wp-json\/wp\/v2\/types\/post"}],"author":[{"embeddable":true,"href":"https:\/\/dmcsrb.com\/en\/wp-json\/wp\/v2\/users\/1"}],"replies":[{"embeddable":true,"href":"https:\/\/dmcsrb.com\/en\/wp-json\/wp\/v2\/comments?post=950670"}],"version-history":[{"count":0,"href":"https:\/\/dmcsrb.com\/en\/wp-json\/wp\/v2\/posts\/950670\/revisions"}],"wp:featuredmedia":[{"embeddable":true,"href":"https:\/\/dmcsrb.com\/en\/wp-json\/wp\/v2\/media\/909183"}],"wp:attachment":[{"href":"https:\/\/dmcsrb.com\/en\/wp-json\/wp\/v2\/media?parent=950670"}],"wp:term":[{"taxonomy":"category","embeddable":true,"href":"https:\/\/dmcsrb.com\/en\/wp-json\/wp\/v2\/categories?post=950670"},{"taxonomy":"post_tag","embeddable":true,"href":"https:\/\/dmcsrb.com\/en\/wp-json\/wp\/v2\/tags?post=950670"},{"taxonomy":"naslovna","embeddable":true,"href":"https:\/\/dmcsrb.com\/en\/wp-json\/wp\/v2\/naslovna?post=950670"}],"curies":[{"name":"wp","href":"https:\/\/api.w.org\/{rel}","templated":true}]}}