{"id":950659,"date":"2025-09-07T09:14:00","date_gmt":"2025-09-07T07:14:00","guid":{"rendered":"https:\/\/dmcsrb.com\/uncategorized\/aktivni-odmor-i-pjesacenje-voznja-camcima-kajacima-i-biciklima-i-ukusi-domace-hrane-obiljezeli-dan-np-durmitor\/"},"modified":"2025-09-07T09:14:00","modified_gmt":"2025-09-07T07:14:00","slug":"aktivni-odmor-i-pjesacenje-voznja-camcima-kajacima-i-biciklima-i-ukusi-domace-hrane-obiljezeli-dan-np-durmitor","status":"publish","type":"post","link":"https:\/\/dmcsrb.com\/en\/drustvo\/aktivni-odmor-i-pjesacenje-voznja-camcima-kajacima-i-biciklima-i-ukusi-domace-hrane-obiljezeli-dan-np-durmitor\/","title":{"rendered":"Aktivni odmor i pje\u0161a\u010denje, vo\u017enja \u010damcima, kajacima i biciklima i ukusi doma\u0107e hrane obilje\u017eeli Dan NP Durmitor"},"content":{"rendered":"<p><\/p>\n\n\n\n<p><\/p>\n\n\n\n<p>Grupa od ukupno \u0161ezdeset u\u010desnika promotivno-interpretativne ture \u201eU zagrljaju \u0161ume i tri jezera \u2013 put u ti\u0161inu prirode\u201f, trideset u\u010denika JU Srednje mje\u0161ovite \u0161kole \u02ee17.septembar\u02ee sa \u017dabljaka u pratnji direktorice i profesora \u0161kole, i isto toliko zaljubljenika u prirodu iz nekoliko gradova, provela je prijatno vrijeme u pje\u0161a\u010denju i obilasku Crnog, Zminjeg i Barnog jezera. Prolaze\u0107i krivudavim \u0161umskim predjelima, uz pri\u010du o njihovim najva\u017enijim vrijednostima i informativne table Nacionalnog parka, imali su priliku da saznaju vi\u0161e o biljnom i \u017eivotinjskom svijetu ovih \u2032gorskih o\u010diju\u2032. Po zavr\u0161etku pje\u0161a\u010denja, u\u010desnici ture u\u017eivali su i u dobrim ukusima doma\u0107e hrane pripremljene na tradicionalni na\u010din.<\/p>\n\n\n\n<figure class=\"wp-block-image size-large\"><img decoding=\"async\" src=\"https:\/\/gradski.me\/wp-content\/uploads\/2025\/09\/thumbnail_NP-Durmitor-UNESCO-podrucje-1024x768.jpg\" alt=\"\" class=\"wp-image-828829\"\/><\/figure>\n\n\n\n<p>&#8220;Svjesni ljepote prirode koja krasi NP Durmitor i zna\u010daja o\u010duvanja njegovih vrijednosti, u\u010desnici promotivnog doga\u0111aja zahvalili su se organizatorima i direktoru NP Peru Popovi\u0107u, na dobrodo\u0161lici i lijepo osmi\u0161ljenom danu&#8221;, saop\u0161teno je iz Nacionalnih parkova Crne Gore.<\/p>\n\n\n\n<figure class=\"wp-block-image size-large is-resized\"><img decoding=\"async\" src=\"https:\/\/gradski.me\/wp-content\/uploads\/2025\/09\/thumbnail_Voznja-camcima-i-kajacima-na-Crnom-jezeru-1-768x1024.jpg\" alt=\"\" class=\"wp-image-828832\" style=\"width:544px;height:auto\"\/><\/figure>\n\n\n\n<p>Pored aktivnog odmora, ovaj dan u za\u0161ti\u0107enoj prirodi bila je prilika da se posjetioci podsjete vrijednosti Nacionalnog parka koji je osnovan prije 73 godina. Istaknuto je da je zbog prirodnih rijetkosti, o\u010duvane flore i faune, ambijentalnih i kulturno-istorijskih vrijednosti, 6. septembra 1980. godine, UNESCO donio odluku o upisu NP Durmitor u Spisak svjetske kulturne i prirodne ba\u0161tine. Rijeka Tara sa svojim kanjonom, 1977. godine je uvr\u0161tena u Listu rezervata biosfere za o\u010duvanje i istra\u017eivanje ekosistema u okviru UNESCO programa \u201e\u010covjek i biosfera\u201d (M&amp;B).<\/p>\n\n\n\n<p>&#8220;I tokom narednih mjeseci posjetite NP Durmitor i do\u017eivite ljepotu svjetske prirodne i kulturne ba\u0161tine. Brojni planinski vrhovi preko 2.000 metara, 18 ledni\u010dkih jezera, \u010detinarske \u0161ume \u010dija su stabla stara i preko 400 godina, odu\u0161evi\u0107e vas bogatstvom biodiverziteta. Dobro do\u0161li&#8221;, naveli su iz NPCG.<\/p>\n\n\n\n<figure class=\"wp-block-image size-large\"><img decoding=\"async\" src=\"https:\/\/gradski.me\/wp-content\/uploads\/2025\/09\/Voznja-vozicem-dio-promotivnog-dana-1024x768.jpg\" alt=\"\" class=\"wp-image-828831\"\/><\/figure>\n\n\n\n<p><\/p>","protected":false},"excerpt":{"rendered":"<p>Aktivni odmor u jedinstvenom ambijentu za\u0161ti\u0107enog prirodnog podru\u010dja, pje\u0161a\u010denje, dvo\u010dasovna besplatna vo\u017enja \u010damcima i kajacima, kao i degustacija doma\u0107e hrane, obilje\u017eili su Dan Nacionalnog parka Durmitor &#8211; 6. septembar koji su ove godine zajedno organizovali Nacionalni parkovi Crne Gore u saradnji sa Turisti\u010dkom organizacijom \u017dabljaka.<\/p>","protected":false},"author":1,"featured_media":950660,"comment_status":"open","ping_status":"open","sticky":false,"template":"","format":"standard","meta":{"_acf_changed":false,"footnotes":""},"categories":[2],"tags":[7202,7203],"naslovna":[],"class_list":["post-950659","post","type-post","status-publish","format-standard","has-post-thumbnail","hentry","category-drustvo","tag-dan-np-durmitor","tag-nacionalni-parkovi-crne-gore"],"acf":[],"yoast_head":"<!-- This site is optimized with the Yoast SEO plugin v27.4 - https:\/\/yoast.com\/product\/yoast-seo-wordpress\/ -->\n<title>Aktivni odmor i pje\u0161a\u010denje, vo\u017enja \u010damcima, kajacima i biciklima i ukusi doma\u0107e hrane obilje\u017eeli Dan NP Durmitor - dmcsrb.com<\/title>\n<meta name=\"robots\" content=\"index, follow, max-snippet:-1, max-image-preview:large, max-video-preview:-1\" \/>\n<link rel=\"canonical\" href=\"https:\/\/dmcsrb.com\/en\/drustvo\/aktivni-odmor-i-pjesacenje-voznja-camcima-kajacima-i-biciklima-i-ukusi-domace-hrane-obiljezeli-dan-np-durmitor\/\" \/>\n<meta property=\"og:locale\" content=\"en_GB\" \/>\n<meta property=\"og:type\" content=\"article\" \/>\n<meta property=\"og:title\" content=\"Aktivni odmor i pje\u0161a\u010denje, vo\u017enja \u010damcima, kajacima i biciklima i ukusi doma\u0107e hrane obilje\u017eeli Dan NP Durmitor - dmcsrb.com\" \/>\n<meta property=\"og:description\" content=\"Aktivni odmor u jedinstvenom ambijentu za\u0161ti\u0107enog prirodnog podru\u010dja, pje\u0161a\u010denje, dvo\u010dasovna besplatna vo\u017enja \u010damcima i kajacima, kao i degustacija doma\u0107e hrane, obilje\u017eili su Dan Nacionalnog parka Durmitor - 6. septembar koji su ove godine zajedno organizovali Nacionalni parkovi Crne Gore u saradnji sa Turisti\u010dkom organizacijom \u017dabljaka.\" \/>\n<meta property=\"og:url\" content=\"https:\/\/dmcsrb.com\/en\/drustvo\/aktivni-odmor-i-pjesacenje-voznja-camcima-kajacima-i-biciklima-i-ukusi-domace-hrane-obiljezeli-dan-np-durmitor\/\" \/>\n<meta property=\"og:site_name\" content=\"dmcsrb.com\" \/>\n<meta property=\"article:published_time\" content=\"2025-09-07T07:14:00+00:00\" \/>\n<meta property=\"og:image\" content=\"https:\/\/dmcsrb.com\/wp-content\/uploads\/2026\/01\/nacionalni-park-durmitor-foto-npcg.webp\" \/>\n\t<meta property=\"og:image:width\" content=\"727\" \/>\n\t<meta property=\"og:image:height\" content=\"515\" \/>\n\t<meta property=\"og:image:type\" content=\"image\/jpeg\" \/>\n<meta name=\"author\" content=\"dmcsrbija.com@gmail.com\" \/>\n<meta name=\"twitter:card\" content=\"summary_large_image\" \/>\n<meta name=\"twitter:label1\" content=\"Written by\" \/>\n\t<meta name=\"twitter:data1\" content=\"dmcsrbija.com@gmail.com\" \/>\n\t<meta name=\"twitter:label2\" content=\"Estimated reading time\" \/>\n\t<meta name=\"twitter:data2\" content=\"1 minute\" \/>\n<script type=\"application\/ld+json\" class=\"yoast-schema-graph\">{\"@context\":\"https:\\\/\\\/schema.org\",\"@graph\":[{\"@type\":\"Article\",\"@id\":\"https:\\\/\\\/dmcsrb.com\\\/drustvo\\\/aktivni-odmor-i-pjesacenje-voznja-camcima-kajacima-i-biciklima-i-ukusi-domace-hrane-obiljezeli-dan-np-durmitor\\\/#article\",\"isPartOf\":{\"@id\":\"https:\\\/\\\/dmcsrb.com\\\/drustvo\\\/aktivni-odmor-i-pjesacenje-voznja-camcima-kajacima-i-biciklima-i-ukusi-domace-hrane-obiljezeli-dan-np-durmitor\\\/\"},\"author\":{\"name\":\"dmcsrbija.com@gmail.com\",\"@id\":\"https:\\\/\\\/dmcsrb.com\\\/#\\\/schema\\\/person\\\/5c39170f12db1b8b457732d0b5c854e2\"},\"headline\":\"Aktivni odmor i pje\u0161a\u010denje, vo\u017enja \u010damcima, kajacima i biciklima i ukusi doma\u0107e hrane obilje\u017eeli Dan NP Durmitor\",\"datePublished\":\"2025-09-07T07:14:00+00:00\",\"mainEntityOfPage\":{\"@id\":\"https:\\\/\\\/dmcsrb.com\\\/drustvo\\\/aktivni-odmor-i-pjesacenje-voznja-camcima-kajacima-i-biciklima-i-ukusi-domace-hrane-obiljezeli-dan-np-durmitor\\\/\"},\"wordCount\":320,\"commentCount\":0,\"image\":{\"@id\":\"https:\\\/\\\/dmcsrb.com\\\/drustvo\\\/aktivni-odmor-i-pjesacenje-voznja-camcima-kajacima-i-biciklima-i-ukusi-domace-hrane-obiljezeli-dan-np-durmitor\\\/#primaryimage\"},\"thumbnailUrl\":\"https:\\\/\\\/dmcsrb.com\\\/wp-content\\\/uploads\\\/2026\\\/01\\\/nacionalni-park-durmitor-foto-npcg.webp\",\"keywords\":[\"Dan NP Durmitor\",\"Nacionalni parkovi Crne Gore\"],\"articleSection\":[\"Dru\u0161tvo\"],\"inLanguage\":\"en-GB\",\"potentialAction\":[{\"@type\":\"CommentAction\",\"name\":\"Comment\",\"target\":[\"https:\\\/\\\/dmcsrb.com\\\/drustvo\\\/aktivni-odmor-i-pjesacenje-voznja-camcima-kajacima-i-biciklima-i-ukusi-domace-hrane-obiljezeli-dan-np-durmitor\\\/#respond\"]}]},{\"@type\":\"WebPage\",\"@id\":\"https:\\\/\\\/dmcsrb.com\\\/drustvo\\\/aktivni-odmor-i-pjesacenje-voznja-camcima-kajacima-i-biciklima-i-ukusi-domace-hrane-obiljezeli-dan-np-durmitor\\\/\",\"url\":\"https:\\\/\\\/dmcsrb.com\\\/drustvo\\\/aktivni-odmor-i-pjesacenje-voznja-camcima-kajacima-i-biciklima-i-ukusi-domace-hrane-obiljezeli-dan-np-durmitor\\\/\",\"name\":\"Aktivni odmor i pje\u0161a\u010denje, vo\u017enja \u010damcima, kajacima i biciklima i ukusi doma\u0107e hrane obilje\u017eeli Dan NP Durmitor - dmcsrb.com\",\"isPartOf\":{\"@id\":\"https:\\\/\\\/dmcsrb.com\\\/#website\"},\"primaryImageOfPage\":{\"@id\":\"https:\\\/\\\/dmcsrb.com\\\/drustvo\\\/aktivni-odmor-i-pjesacenje-voznja-camcima-kajacima-i-biciklima-i-ukusi-domace-hrane-obiljezeli-dan-np-durmitor\\\/#primaryimage\"},\"image\":{\"@id\":\"https:\\\/\\\/dmcsrb.com\\\/drustvo\\\/aktivni-odmor-i-pjesacenje-voznja-camcima-kajacima-i-biciklima-i-ukusi-domace-hrane-obiljezeli-dan-np-durmitor\\\/#primaryimage\"},\"thumbnailUrl\":\"https:\\\/\\\/dmcsrb.com\\\/wp-content\\\/uploads\\\/2026\\\/01\\\/nacionalni-park-durmitor-foto-npcg.webp\",\"datePublished\":\"2025-09-07T07:14:00+00:00\",\"author\":{\"@id\":\"https:\\\/\\\/dmcsrb.com\\\/#\\\/schema\\\/person\\\/5c39170f12db1b8b457732d0b5c854e2\"},\"breadcrumb\":{\"@id\":\"https:\\\/\\\/dmcsrb.com\\\/drustvo\\\/aktivni-odmor-i-pjesacenje-voznja-camcima-kajacima-i-biciklima-i-ukusi-domace-hrane-obiljezeli-dan-np-durmitor\\\/#breadcrumb\"},\"inLanguage\":\"en-GB\",\"potentialAction\":[{\"@type\":\"ReadAction\",\"target\":[\"https:\\\/\\\/dmcsrb.com\\\/drustvo\\\/aktivni-odmor-i-pjesacenje-voznja-camcima-kajacima-i-biciklima-i-ukusi-domace-hrane-obiljezeli-dan-np-durmitor\\\/\"]}]},{\"@type\":\"ImageObject\",\"inLanguage\":\"en-GB\",\"@id\":\"https:\\\/\\\/dmcsrb.com\\\/drustvo\\\/aktivni-odmor-i-pjesacenje-voznja-camcima-kajacima-i-biciklima-i-ukusi-domace-hrane-obiljezeli-dan-np-durmitor\\\/#primaryimage\",\"url\":\"https:\\\/\\\/dmcsrb.com\\\/wp-content\\\/uploads\\\/2026\\\/01\\\/nacionalni-park-durmitor-foto-npcg.webp\",\"contentUrl\":\"https:\\\/\\\/dmcsrb.com\\\/wp-content\\\/uploads\\\/2026\\\/01\\\/nacionalni-park-durmitor-foto-npcg.webp\",\"width\":727,\"height\":515},{\"@type\":\"BreadcrumbList\",\"@id\":\"https:\\\/\\\/dmcsrb.com\\\/drustvo\\\/aktivni-odmor-i-pjesacenje-voznja-camcima-kajacima-i-biciklima-i-ukusi-domace-hrane-obiljezeli-dan-np-durmitor\\\/#breadcrumb\",\"itemListElement\":[{\"@type\":\"ListItem\",\"position\":1,\"name\":\"Home\",\"item\":\"https:\\\/\\\/dmcsrb.com\\\/\"},{\"@type\":\"ListItem\",\"position\":2,\"name\":\"Aktivni odmor i pje\u0161a\u010denje, vo\u017enja \u010damcima, kajacima i biciklima i ukusi doma\u0107e hrane obilje\u017eeli Dan NP Durmitor\"}]},{\"@type\":\"WebSite\",\"@id\":\"https:\\\/\\\/dmcsrb.com\\\/#website\",\"url\":\"https:\\\/\\\/dmcsrb.com\\\/\",\"name\":\"dmcsrb.com\",\"description\":\"\",\"potentialAction\":[{\"@type\":\"SearchAction\",\"target\":{\"@type\":\"EntryPoint\",\"urlTemplate\":\"https:\\\/\\\/dmcsrb.com\\\/?s={search_term_string}\"},\"query-input\":{\"@type\":\"PropertyValueSpecification\",\"valueRequired\":true,\"valueName\":\"search_term_string\"}}],\"inLanguage\":\"en-GB\"},{\"@type\":\"Person\",\"@id\":\"https:\\\/\\\/dmcsrb.com\\\/#\\\/schema\\\/person\\\/5c39170f12db1b8b457732d0b5c854e2\",\"name\":\"dmcsrbija.com@gmail.com\",\"image\":{\"@type\":\"ImageObject\",\"inLanguage\":\"en-GB\",\"@id\":\"https:\\\/\\\/secure.gravatar.com\\\/avatar\\\/68592660ad6347fad0fb587f8d5d8f1a7b44961362f56e4f2cd524feb87e9069?s=96&d=mm&r=g\",\"url\":\"https:\\\/\\\/secure.gravatar.com\\\/avatar\\\/68592660ad6347fad0fb587f8d5d8f1a7b44961362f56e4f2cd524feb87e9069?s=96&d=mm&r=g\",\"contentUrl\":\"https:\\\/\\\/secure.gravatar.com\\\/avatar\\\/68592660ad6347fad0fb587f8d5d8f1a7b44961362f56e4f2cd524feb87e9069?s=96&d=mm&r=g\",\"caption\":\"dmcsrbija.com@gmail.com\"},\"sameAs\":[\"https:\\\/\\\/dmcsrb.com\"],\"url\":\"https:\\\/\\\/dmcsrb.com\\\/en\\\/author\\\/dmcsrbija-comgmail-com\\\/\"}]}<\/script>\n<!-- \/ Yoast SEO plugin. -->","yoast_head_json":{"title":"Aktivni odmor i pje\u0161a\u010denje, vo\u017enja \u010damcima, kajacima i biciklima i ukusi doma\u0107e hrane obilje\u017eeli Dan NP Durmitor - dmcsrb.com","robots":{"index":"index","follow":"follow","max-snippet":"max-snippet:-1","max-image-preview":"max-image-preview:large","max-video-preview":"max-video-preview:-1"},"canonical":"https:\/\/dmcsrb.com\/en\/drustvo\/aktivni-odmor-i-pjesacenje-voznja-camcima-kajacima-i-biciklima-i-ukusi-domace-hrane-obiljezeli-dan-np-durmitor\/","og_locale":"en_GB","og_type":"article","og_title":"Aktivni odmor i pje\u0161a\u010denje, vo\u017enja \u010damcima, kajacima i biciklima i ukusi doma\u0107e hrane obilje\u017eeli Dan NP Durmitor - dmcsrb.com","og_description":"Aktivni odmor u jedinstvenom ambijentu za\u0161ti\u0107enog prirodnog podru\u010dja, pje\u0161a\u010denje, dvo\u010dasovna besplatna vo\u017enja \u010damcima i kajacima, kao i degustacija doma\u0107e hrane, obilje\u017eili su Dan Nacionalnog parka Durmitor - 6. septembar koji su ove godine zajedno organizovali Nacionalni parkovi Crne Gore u saradnji sa Turisti\u010dkom organizacijom \u017dabljaka.","og_url":"https:\/\/dmcsrb.com\/en\/drustvo\/aktivni-odmor-i-pjesacenje-voznja-camcima-kajacima-i-biciklima-i-ukusi-domace-hrane-obiljezeli-dan-np-durmitor\/","og_site_name":"dmcsrb.com","article_published_time":"2025-09-07T07:14:00+00:00","og_image":[{"width":727,"height":515,"url":"https:\/\/dmcsrb.com\/wp-content\/uploads\/2026\/01\/nacionalni-park-durmitor-foto-npcg.webp","type":"image\/jpeg"}],"author":"dmcsrbija.com@gmail.com","twitter_card":"summary_large_image","twitter_misc":{"Written by":"dmcsrbija.com@gmail.com","Estimated reading time":"1 minute"},"schema":{"@context":"https:\/\/schema.org","@graph":[{"@type":"Article","@id":"https:\/\/dmcsrb.com\/drustvo\/aktivni-odmor-i-pjesacenje-voznja-camcima-kajacima-i-biciklima-i-ukusi-domace-hrane-obiljezeli-dan-np-durmitor\/#article","isPartOf":{"@id":"https:\/\/dmcsrb.com\/drustvo\/aktivni-odmor-i-pjesacenje-voznja-camcima-kajacima-i-biciklima-i-ukusi-domace-hrane-obiljezeli-dan-np-durmitor\/"},"author":{"name":"dmcsrbija.com@gmail.com","@id":"https:\/\/dmcsrb.com\/#\/schema\/person\/5c39170f12db1b8b457732d0b5c854e2"},"headline":"Aktivni odmor i pje\u0161a\u010denje, vo\u017enja \u010damcima, kajacima i biciklima i ukusi doma\u0107e hrane obilje\u017eeli Dan NP Durmitor","datePublished":"2025-09-07T07:14:00+00:00","mainEntityOfPage":{"@id":"https:\/\/dmcsrb.com\/drustvo\/aktivni-odmor-i-pjesacenje-voznja-camcima-kajacima-i-biciklima-i-ukusi-domace-hrane-obiljezeli-dan-np-durmitor\/"},"wordCount":320,"commentCount":0,"image":{"@id":"https:\/\/dmcsrb.com\/drustvo\/aktivni-odmor-i-pjesacenje-voznja-camcima-kajacima-i-biciklima-i-ukusi-domace-hrane-obiljezeli-dan-np-durmitor\/#primaryimage"},"thumbnailUrl":"https:\/\/dmcsrb.com\/wp-content\/uploads\/2026\/01\/nacionalni-park-durmitor-foto-npcg.webp","keywords":["Dan NP Durmitor","Nacionalni parkovi Crne Gore"],"articleSection":["Dru\u0161tvo"],"inLanguage":"en-GB","potentialAction":[{"@type":"CommentAction","name":"Comment","target":["https:\/\/dmcsrb.com\/drustvo\/aktivni-odmor-i-pjesacenje-voznja-camcima-kajacima-i-biciklima-i-ukusi-domace-hrane-obiljezeli-dan-np-durmitor\/#respond"]}]},{"@type":"WebPage","@id":"https:\/\/dmcsrb.com\/drustvo\/aktivni-odmor-i-pjesacenje-voznja-camcima-kajacima-i-biciklima-i-ukusi-domace-hrane-obiljezeli-dan-np-durmitor\/","url":"https:\/\/dmcsrb.com\/drustvo\/aktivni-odmor-i-pjesacenje-voznja-camcima-kajacima-i-biciklima-i-ukusi-domace-hrane-obiljezeli-dan-np-durmitor\/","name":"Aktivni odmor i pje\u0161a\u010denje, vo\u017enja \u010damcima, kajacima i biciklima i ukusi doma\u0107e hrane obilje\u017eeli Dan NP Durmitor - dmcsrb.com","isPartOf":{"@id":"https:\/\/dmcsrb.com\/#website"},"primaryImageOfPage":{"@id":"https:\/\/dmcsrb.com\/drustvo\/aktivni-odmor-i-pjesacenje-voznja-camcima-kajacima-i-biciklima-i-ukusi-domace-hrane-obiljezeli-dan-np-durmitor\/#primaryimage"},"image":{"@id":"https:\/\/dmcsrb.com\/drustvo\/aktivni-odmor-i-pjesacenje-voznja-camcima-kajacima-i-biciklima-i-ukusi-domace-hrane-obiljezeli-dan-np-durmitor\/#primaryimage"},"thumbnailUrl":"https:\/\/dmcsrb.com\/wp-content\/uploads\/2026\/01\/nacionalni-park-durmitor-foto-npcg.webp","datePublished":"2025-09-07T07:14:00+00:00","author":{"@id":"https:\/\/dmcsrb.com\/#\/schema\/person\/5c39170f12db1b8b457732d0b5c854e2"},"breadcrumb":{"@id":"https:\/\/dmcsrb.com\/drustvo\/aktivni-odmor-i-pjesacenje-voznja-camcima-kajacima-i-biciklima-i-ukusi-domace-hrane-obiljezeli-dan-np-durmitor\/#breadcrumb"},"inLanguage":"en-GB","potentialAction":[{"@type":"ReadAction","target":["https:\/\/dmcsrb.com\/drustvo\/aktivni-odmor-i-pjesacenje-voznja-camcima-kajacima-i-biciklima-i-ukusi-domace-hrane-obiljezeli-dan-np-durmitor\/"]}]},{"@type":"ImageObject","inLanguage":"en-GB","@id":"https:\/\/dmcsrb.com\/drustvo\/aktivni-odmor-i-pjesacenje-voznja-camcima-kajacima-i-biciklima-i-ukusi-domace-hrane-obiljezeli-dan-np-durmitor\/#primaryimage","url":"https:\/\/dmcsrb.com\/wp-content\/uploads\/2026\/01\/nacionalni-park-durmitor-foto-npcg.webp","contentUrl":"https:\/\/dmcsrb.com\/wp-content\/uploads\/2026\/01\/nacionalni-park-durmitor-foto-npcg.webp","width":727,"height":515},{"@type":"BreadcrumbList","@id":"https:\/\/dmcsrb.com\/drustvo\/aktivni-odmor-i-pjesacenje-voznja-camcima-kajacima-i-biciklima-i-ukusi-domace-hrane-obiljezeli-dan-np-durmitor\/#breadcrumb","itemListElement":[{"@type":"ListItem","position":1,"name":"Home","item":"https:\/\/dmcsrb.com\/"},{"@type":"ListItem","position":2,"name":"Aktivni odmor i pje\u0161a\u010denje, vo\u017enja \u010damcima, kajacima i biciklima i ukusi doma\u0107e hrane obilje\u017eeli Dan NP Durmitor"}]},{"@type":"WebSite","@id":"https:\/\/dmcsrb.com\/#website","url":"https:\/\/dmcsrb.com\/","name":"dmcsrb.com","description":"","potentialAction":[{"@type":"SearchAction","target":{"@type":"EntryPoint","urlTemplate":"https:\/\/dmcsrb.com\/?s={search_term_string}"},"query-input":{"@type":"PropertyValueSpecification","valueRequired":true,"valueName":"search_term_string"}}],"inLanguage":"en-GB"},{"@type":"Person","@id":"https:\/\/dmcsrb.com\/#\/schema\/person\/5c39170f12db1b8b457732d0b5c854e2","name":"dmcsrbija.com@gmail.com","image":{"@type":"ImageObject","inLanguage":"en-GB","@id":"https:\/\/secure.gravatar.com\/avatar\/68592660ad6347fad0fb587f8d5d8f1a7b44961362f56e4f2cd524feb87e9069?s=96&d=mm&r=g","url":"https:\/\/secure.gravatar.com\/avatar\/68592660ad6347fad0fb587f8d5d8f1a7b44961362f56e4f2cd524feb87e9069?s=96&d=mm&r=g","contentUrl":"https:\/\/secure.gravatar.com\/avatar\/68592660ad6347fad0fb587f8d5d8f1a7b44961362f56e4f2cd524feb87e9069?s=96&d=mm&r=g","caption":"dmcsrbija.com@gmail.com"},"sameAs":["https:\/\/dmcsrb.com"],"url":"https:\/\/dmcsrb.com\/en\/author\/dmcsrbija-comgmail-com\/"}]}},"_links":{"self":[{"href":"https:\/\/dmcsrb.com\/en\/wp-json\/wp\/v2\/posts\/950659","targetHints":{"allow":["GET"]}}],"collection":[{"href":"https:\/\/dmcsrb.com\/en\/wp-json\/wp\/v2\/posts"}],"about":[{"href":"https:\/\/dmcsrb.com\/en\/wp-json\/wp\/v2\/types\/post"}],"author":[{"embeddable":true,"href":"https:\/\/dmcsrb.com\/en\/wp-json\/wp\/v2\/users\/1"}],"replies":[{"embeddable":true,"href":"https:\/\/dmcsrb.com\/en\/wp-json\/wp\/v2\/comments?post=950659"}],"version-history":[{"count":0,"href":"https:\/\/dmcsrb.com\/en\/wp-json\/wp\/v2\/posts\/950659\/revisions"}],"wp:featuredmedia":[{"embeddable":true,"href":"https:\/\/dmcsrb.com\/en\/wp-json\/wp\/v2\/media\/950660"}],"wp:attachment":[{"href":"https:\/\/dmcsrb.com\/en\/wp-json\/wp\/v2\/media?parent=950659"}],"wp:term":[{"taxonomy":"category","embeddable":true,"href":"https:\/\/dmcsrb.com\/en\/wp-json\/wp\/v2\/categories?post=950659"},{"taxonomy":"post_tag","embeddable":true,"href":"https:\/\/dmcsrb.com\/en\/wp-json\/wp\/v2\/tags?post=950659"},{"taxonomy":"naslovna","embeddable":true,"href":"https:\/\/dmcsrb.com\/en\/wp-json\/wp\/v2\/naslovna?post=950659"}],"curies":[{"name":"wp","href":"https:\/\/api.w.org\/{rel}","templated":true}]}}