{"id":950657,"date":"2025-09-07T09:01:00","date_gmt":"2025-09-07T07:01:00","guid":{"rendered":"https:\/\/dmcsrb.com\/uncategorized\/nvo-eko-tim-opstina-pljevlja-da-uvazi-stav-struke-i-volju-gradjana-u-vezi-parka-prirode-gornji-tok-rijeke-cehotine\/"},"modified":"2025-09-07T09:01:00","modified_gmt":"2025-09-07T07:01:00","slug":"nvo-eko-tim-opstina-pljevlja-da-uvazi-stav-struke-i-volju-gradjana-u-vezi-parka-prirode-gornji-tok-rijeke-cehotine","status":"publish","type":"post","link":"https:\/\/dmcsrb.com\/en\/drustvo\/nvo-eko-tim-opstina-pljevlja-da-uvazi-stav-struke-i-volju-gradjana-u-vezi-parka-prirode-gornji-tok-rijeke-cehotine\/","title":{"rendered":"NVO Eko-tim: Op\u0161tina Pljevlja da uva\u017ei stav struke i volju gra\u0111ana u vezi Parka prirode \u201cGornji tok rijeke \u0106ehotine\u201d"},"content":{"rendered":"<p><\/p>\n\n\n\n<p>Iz ove organizacije navode da javnosti treba predstaviti ta\u010dne i stru\u010dne \u010dinjenice.<\/p>\n\n\n\n<p>&#8220;Zakon o vodama i Zakon o za\u0161titi prirode nijesu suprotstavljeni, ve\u0107 se me\u0111usobno dopunjuju i osigurava se vi\u0161eslojna za\u0161tita. Jedan \u0161titi kvalitet vode kroz zone sanitarne za\u0161tite, a drugi \u0161titi prostor u cjelini. Upravo suprotno onome \u0161to tvrdi Op\u0161tina, praksa u Crnoj Gori jasno pokazuje da ovi re\u017eimi za\u0161tite funkcioni\u0161u zajedno. Najbolji primjer je izvori\u0161te \u201eBolje Sestre\u201c, glavno izvori\u0161te Regionalnog vodovoda, koje se nalazi unutar Nacionalnog parka Skadarsko jezero. Za ovo izvori\u0161te su progla\u0161ene zone sanitarne za\u0161tite u skladu sa Zakonom o vodama, a istovremeno u\u017eiva najvi\u0161i stepen za\u0161tite prirode kroz re\u017eim nacionalnog parka. Dakle, ako nacionalni park i zone sanitarne za\u0161tite funkcioni\u0161u zajedno, za\u0161to bi to bilo nemogu\u0107e u slu\u010daju Parka prirode u Pljevljima&#8221;, pitaju se iz NVO Eko-tim.<\/p>\n\n\n\n<p>Akumulacija Otilovi\u0107i, kako dalje navode, dodatno potvr\u0111uje potrebu za ovakvim pristupom.<\/p>\n\n\n\n<p>&#8220;Rije\u010d je o vje\u0161ta\u010dkoj akumulaciji, a ne prirodnom izvori\u0161tu, pa se voda ionako mora tretirati prije upotrebe. Rijeka koja je pregra\u0111ena da bi akumulacija nastala je linearni ekosistem, \u0161to zna\u010di da za\u0161tita mora obuhvatiti \u010ditav uzvodni tok, a ne samo neposrednu zonu oko akumulacije. Ako se \u017eeli dugoro\u010dno obezbijediti kvalitet vode, neophodno je sprije\u010diti zaga\u0111enja koja dolaze uzvodno. To je upravo ono \u0161to Park prirode omogu\u0107ava&#8221;, poru\u010duju iz ove organizacije i dodaju:<\/p>\n\n\n\n<p>&#8220;Trenutno stanje na podru\u010dju gornjeg toka \u0106ehotine je zapravo potpuno liberalno, nema upravljanja, nema reda, rizici od zaga\u0111enja su ve\u0107 prisutni, a Op\u0161tina Pljevlja godinama ne preduzima ni\u0161ta da to stanje promijeni. Nakon \u0161to se proglasi Park prirode donosi se Plan upravljanja koji jasno propisuje dozvoljene i zabranjene aktivnosti, pa \u0107e se prvi put uvesti red i kontrola. Sve aktivnosti koje bi mogle da ugroze kvalitet vode ili prirodne vrijednosti bi\u0107e precizno zabranjene&#8221;.<\/p>\n\n\n\n<p>Iz NVO Eko-tim ka\u017eu da nije slu\u010dajno \u0161to je progla\u0161enje Parka prirode predvi\u0111eno svim planskim dokumentima \u2013 od Prostornog plana Crne Gore, preko lokalnog PUP-a, pa do sektorskih strategija.<\/p>\n\n\n\n<p>&#8220;Nije realno vjerovati da su svi stru\u010dnjaci koji su izra\u0111ivali te dokumente previdjeli ne\u0161to \u0161to bi moglo ugroziti vodoizvori\u0161te. Naprotiv, oni su polazili od toga da se zakonski re\u017eimi za\u0161tite me\u0111usobno dopunjuju. Uostalom, i tada\u0161nje resorno Ministarstvo je ve\u0107 dalo saglasnost na predlog odluke o progla\u0161enju Parka prirode. Da je zaista postojao bilo kakav pravni konflikt izme\u0111u Zakona o vodama i Zakona o za\u0161titi prirode, takva saglasnost nikada ne bi bila izdata. Valja naglasiti i da se radi o podru\u010dju koje je ve\u0107 identifikovano kao budu\u0107e Natura 2000 podru\u010dje. To zna\u010di da Crna Gora ima me\u0111unarodnu obavezu da ga za\u0161titi, i odlaganje te za\u0161tite samo \u0161teti interesima gra\u0111ana Pljevalja i dr\u017eave u cjelini. Zato je jasno da progla\u0161enje Parka prirode \u201eGornji tok rijeke \u0106ehotine\u201c nije prijetnja za\u0161titi vode, ve\u0107 njena nadogradnja. Ako se iskreno \u017eeli za\u0161tita akumulacije Otilovi\u0107i i kvalitetnog vodosnabdijevanja, onda je jedino logi\u010dno rje\u0161enje da se hitno uspostave i zone sanitarne za\u0161tite i Park prirode, a ne da se gra\u0111ani zbunjuju neta\u010dnim tvrdnjama. Na kraju, posebno je va\u017eno naglasiti da gra\u0111ani Pljevalja \u017eele svoj prvi Park prirode, \u0161to su jasno potvrdili kroz info dane o Parku prirode koji su se ovog ljeta odr\u017eali u Pljevljima u organizaciji Eko-tima&#8221;, kazali su iz NVO Eko-tim.<\/p>","protected":false},"excerpt":{"rendered":"<p>Tvrdnja Op\u0161tine Pljevlja da progla\u0161enje Parka prirode \u201eGornji tok rijeke \u0106ehotine\u201c nije u skladu sa Zakonom o vodama je stru\u010dno i pravno neutemeljena, ocijenili su iz NVO Eko-tim, a povodom nedavnih navoda iz Op\u0161tine da progla\u0161enje Parka prirode \u201eGornji tok rijeke \u0106ehotine\u201c nije u skladu sa za\u0161titom vodoizvori\u0161ta Otilovi\u0107i.<\/p>","protected":false},"author":1,"featured_media":950658,"comment_status":"open","ping_status":"open","sticky":false,"template":"","format":"standard","meta":{"_acf_changed":false,"footnotes":""},"categories":[2],"tags":[2806,3250,7201],"naslovna":[],"class_list":["post-950657","post","type-post","status-publish","format-standard","has-post-thumbnail","hentry","category-drustvo","tag-eko-tim-2","tag-opstina-pljevlja","tag-park-prirode-gorinji-tok-rijeke-cehotine"],"acf":[],"yoast_head":"<!-- This site is optimized with the Yoast SEO plugin v27.4 - https:\/\/yoast.com\/product\/yoast-seo-wordpress\/ -->\n<title>NVO Eko-tim: Op\u0161tina Pljevlja da uva\u017ei stav struke i volju gra\u0111ana u vezi Parka prirode \u201cGornji tok rijeke \u0106ehotine\u201d - dmcsrb.com<\/title>\n<meta name=\"robots\" content=\"index, follow, max-snippet:-1, max-image-preview:large, max-video-preview:-1\" \/>\n<link rel=\"canonical\" href=\"https:\/\/dmcsrb.com\/en\/drustvo\/nvo-eko-tim-opstina-pljevlja-da-uvazi-stav-struke-i-volju-gradjana-u-vezi-parka-prirode-gornji-tok-rijeke-cehotine\/\" \/>\n<meta property=\"og:locale\" content=\"en_GB\" \/>\n<meta property=\"og:type\" content=\"article\" \/>\n<meta property=\"og:title\" content=\"NVO Eko-tim: Op\u0161tina Pljevlja da uva\u017ei stav struke i volju gra\u0111ana u vezi Parka prirode \u201cGornji tok rijeke \u0106ehotine\u201d - dmcsrb.com\" \/>\n<meta property=\"og:description\" content=\"Tvrdnja Op\u0161tine Pljevlja da progla\u0161enje Parka prirode \u201eGornji tok rijeke \u0106ehotine\u201c nije u skladu sa Zakonom o vodama je stru\u010dno i pravno neutemeljena, ocijenili su iz NVO Eko-tim, a povodom nedavnih navoda iz Op\u0161tine da progla\u0161enje Parka prirode \u201eGornji tok rijeke \u0106ehotine\u201c nije u skladu sa za\u0161titom vodoizvori\u0161ta Otilovi\u0107i.\" \/>\n<meta property=\"og:url\" content=\"https:\/\/dmcsrb.com\/en\/drustvo\/nvo-eko-tim-opstina-pljevlja-da-uvazi-stav-struke-i-volju-gradjana-u-vezi-parka-prirode-gornji-tok-rijeke-cehotine\/\" \/>\n<meta property=\"og:site_name\" content=\"dmcsrb.com\" \/>\n<meta property=\"article:published_time\" content=\"2025-09-07T07:01:00+00:00\" \/>\n<meta property=\"og:image\" content=\"https:\/\/dmcsrb.com\/wp-content\/uploads\/2026\/01\/Cehotina-foto-eko-tim.webp\" \/>\n\t<meta property=\"og:image:width\" content=\"1130\" \/>\n\t<meta property=\"og:image:height\" content=\"712\" \/>\n\t<meta property=\"og:image:type\" content=\"image\/jpeg\" \/>\n<meta name=\"author\" content=\"dmcsrbija.com@gmail.com\" \/>\n<meta name=\"twitter:card\" content=\"summary_large_image\" \/>\n<meta name=\"twitter:label1\" content=\"Written by\" \/>\n\t<meta name=\"twitter:data1\" content=\"dmcsrbija.com@gmail.com\" \/>\n\t<meta name=\"twitter:label2\" content=\"Estimated reading time\" \/>\n\t<meta name=\"twitter:data2\" content=\"3 minutes\" \/>\n<script type=\"application\/ld+json\" class=\"yoast-schema-graph\">{\"@context\":\"https:\\\/\\\/schema.org\",\"@graph\":[{\"@type\":\"Article\",\"@id\":\"https:\\\/\\\/dmcsrb.com\\\/drustvo\\\/nvo-eko-tim-opstina-pljevlja-da-uvazi-stav-struke-i-volju-gradjana-u-vezi-parka-prirode-gornji-tok-rijeke-cehotine\\\/#article\",\"isPartOf\":{\"@id\":\"https:\\\/\\\/dmcsrb.com\\\/drustvo\\\/nvo-eko-tim-opstina-pljevlja-da-uvazi-stav-struke-i-volju-gradjana-u-vezi-parka-prirode-gornji-tok-rijeke-cehotine\\\/\"},\"author\":{\"name\":\"dmcsrbija.com@gmail.com\",\"@id\":\"https:\\\/\\\/dmcsrb.com\\\/#\\\/schema\\\/person\\\/5c39170f12db1b8b457732d0b5c854e2\"},\"headline\":\"NVO Eko-tim: Op\u0161tina Pljevlja da uva\u017ei stav struke i volju gra\u0111ana u vezi Parka prirode \u201cGornji tok rijeke \u0106ehotine\u201d\",\"datePublished\":\"2025-09-07T07:01:00+00:00\",\"mainEntityOfPage\":{\"@id\":\"https:\\\/\\\/dmcsrb.com\\\/drustvo\\\/nvo-eko-tim-opstina-pljevlja-da-uvazi-stav-struke-i-volju-gradjana-u-vezi-parka-prirode-gornji-tok-rijeke-cehotine\\\/\"},\"wordCount\":621,\"commentCount\":0,\"image\":{\"@id\":\"https:\\\/\\\/dmcsrb.com\\\/drustvo\\\/nvo-eko-tim-opstina-pljevlja-da-uvazi-stav-struke-i-volju-gradjana-u-vezi-parka-prirode-gornji-tok-rijeke-cehotine\\\/#primaryimage\"},\"thumbnailUrl\":\"https:\\\/\\\/dmcsrb.com\\\/wp-content\\\/uploads\\\/2026\\\/01\\\/Cehotina-foto-eko-tim.webp\",\"keywords\":[\"Eko-tim\",\"Op\u0161tina Pljevlja\",\"Park prirode \\\"Gorinji tok rijeke \u0106ehotine\\\"\"],\"articleSection\":[\"Dru\u0161tvo\"],\"inLanguage\":\"en-GB\",\"potentialAction\":[{\"@type\":\"CommentAction\",\"name\":\"Comment\",\"target\":[\"https:\\\/\\\/dmcsrb.com\\\/drustvo\\\/nvo-eko-tim-opstina-pljevlja-da-uvazi-stav-struke-i-volju-gradjana-u-vezi-parka-prirode-gornji-tok-rijeke-cehotine\\\/#respond\"]}]},{\"@type\":\"WebPage\",\"@id\":\"https:\\\/\\\/dmcsrb.com\\\/drustvo\\\/nvo-eko-tim-opstina-pljevlja-da-uvazi-stav-struke-i-volju-gradjana-u-vezi-parka-prirode-gornji-tok-rijeke-cehotine\\\/\",\"url\":\"https:\\\/\\\/dmcsrb.com\\\/drustvo\\\/nvo-eko-tim-opstina-pljevlja-da-uvazi-stav-struke-i-volju-gradjana-u-vezi-parka-prirode-gornji-tok-rijeke-cehotine\\\/\",\"name\":\"NVO Eko-tim: Op\u0161tina Pljevlja da uva\u017ei stav struke i volju gra\u0111ana u vezi Parka prirode \u201cGornji tok rijeke \u0106ehotine\u201d - dmcsrb.com\",\"isPartOf\":{\"@id\":\"https:\\\/\\\/dmcsrb.com\\\/#website\"},\"primaryImageOfPage\":{\"@id\":\"https:\\\/\\\/dmcsrb.com\\\/drustvo\\\/nvo-eko-tim-opstina-pljevlja-da-uvazi-stav-struke-i-volju-gradjana-u-vezi-parka-prirode-gornji-tok-rijeke-cehotine\\\/#primaryimage\"},\"image\":{\"@id\":\"https:\\\/\\\/dmcsrb.com\\\/drustvo\\\/nvo-eko-tim-opstina-pljevlja-da-uvazi-stav-struke-i-volju-gradjana-u-vezi-parka-prirode-gornji-tok-rijeke-cehotine\\\/#primaryimage\"},\"thumbnailUrl\":\"https:\\\/\\\/dmcsrb.com\\\/wp-content\\\/uploads\\\/2026\\\/01\\\/Cehotina-foto-eko-tim.webp\",\"datePublished\":\"2025-09-07T07:01:00+00:00\",\"author\":{\"@id\":\"https:\\\/\\\/dmcsrb.com\\\/#\\\/schema\\\/person\\\/5c39170f12db1b8b457732d0b5c854e2\"},\"breadcrumb\":{\"@id\":\"https:\\\/\\\/dmcsrb.com\\\/drustvo\\\/nvo-eko-tim-opstina-pljevlja-da-uvazi-stav-struke-i-volju-gradjana-u-vezi-parka-prirode-gornji-tok-rijeke-cehotine\\\/#breadcrumb\"},\"inLanguage\":\"en-GB\",\"potentialAction\":[{\"@type\":\"ReadAction\",\"target\":[\"https:\\\/\\\/dmcsrb.com\\\/drustvo\\\/nvo-eko-tim-opstina-pljevlja-da-uvazi-stav-struke-i-volju-gradjana-u-vezi-parka-prirode-gornji-tok-rijeke-cehotine\\\/\"]}]},{\"@type\":\"ImageObject\",\"inLanguage\":\"en-GB\",\"@id\":\"https:\\\/\\\/dmcsrb.com\\\/drustvo\\\/nvo-eko-tim-opstina-pljevlja-da-uvazi-stav-struke-i-volju-gradjana-u-vezi-parka-prirode-gornji-tok-rijeke-cehotine\\\/#primaryimage\",\"url\":\"https:\\\/\\\/dmcsrb.com\\\/wp-content\\\/uploads\\\/2026\\\/01\\\/Cehotina-foto-eko-tim.webp\",\"contentUrl\":\"https:\\\/\\\/dmcsrb.com\\\/wp-content\\\/uploads\\\/2026\\\/01\\\/Cehotina-foto-eko-tim.webp\",\"width\":1130,\"height\":712},{\"@type\":\"BreadcrumbList\",\"@id\":\"https:\\\/\\\/dmcsrb.com\\\/drustvo\\\/nvo-eko-tim-opstina-pljevlja-da-uvazi-stav-struke-i-volju-gradjana-u-vezi-parka-prirode-gornji-tok-rijeke-cehotine\\\/#breadcrumb\",\"itemListElement\":[{\"@type\":\"ListItem\",\"position\":1,\"name\":\"Home\",\"item\":\"https:\\\/\\\/dmcsrb.com\\\/\"},{\"@type\":\"ListItem\",\"position\":2,\"name\":\"NVO Eko-tim: Op\u0161tina Pljevlja da uva\u017ei stav struke i volju gra\u0111ana u vezi Parka prirode \u201cGornji tok rijeke \u0106ehotine\u201d\"}]},{\"@type\":\"WebSite\",\"@id\":\"https:\\\/\\\/dmcsrb.com\\\/#website\",\"url\":\"https:\\\/\\\/dmcsrb.com\\\/\",\"name\":\"dmcsrb.com\",\"description\":\"\",\"potentialAction\":[{\"@type\":\"SearchAction\",\"target\":{\"@type\":\"EntryPoint\",\"urlTemplate\":\"https:\\\/\\\/dmcsrb.com\\\/?s={search_term_string}\"},\"query-input\":{\"@type\":\"PropertyValueSpecification\",\"valueRequired\":true,\"valueName\":\"search_term_string\"}}],\"inLanguage\":\"en-GB\"},{\"@type\":\"Person\",\"@id\":\"https:\\\/\\\/dmcsrb.com\\\/#\\\/schema\\\/person\\\/5c39170f12db1b8b457732d0b5c854e2\",\"name\":\"dmcsrbija.com@gmail.com\",\"image\":{\"@type\":\"ImageObject\",\"inLanguage\":\"en-GB\",\"@id\":\"https:\\\/\\\/secure.gravatar.com\\\/avatar\\\/68592660ad6347fad0fb587f8d5d8f1a7b44961362f56e4f2cd524feb87e9069?s=96&d=mm&r=g\",\"url\":\"https:\\\/\\\/secure.gravatar.com\\\/avatar\\\/68592660ad6347fad0fb587f8d5d8f1a7b44961362f56e4f2cd524feb87e9069?s=96&d=mm&r=g\",\"contentUrl\":\"https:\\\/\\\/secure.gravatar.com\\\/avatar\\\/68592660ad6347fad0fb587f8d5d8f1a7b44961362f56e4f2cd524feb87e9069?s=96&d=mm&r=g\",\"caption\":\"dmcsrbija.com@gmail.com\"},\"sameAs\":[\"https:\\\/\\\/dmcsrb.com\"],\"url\":\"https:\\\/\\\/dmcsrb.com\\\/en\\\/author\\\/dmcsrbija-comgmail-com\\\/\"}]}<\/script>\n<!-- \/ Yoast SEO plugin. -->","yoast_head_json":{"title":"NVO Eko-tim: Op\u0161tina Pljevlja da uva\u017ei stav struke i volju gra\u0111ana u vezi Parka prirode \u201cGornji tok rijeke \u0106ehotine\u201d - dmcsrb.com","robots":{"index":"index","follow":"follow","max-snippet":"max-snippet:-1","max-image-preview":"max-image-preview:large","max-video-preview":"max-video-preview:-1"},"canonical":"https:\/\/dmcsrb.com\/en\/drustvo\/nvo-eko-tim-opstina-pljevlja-da-uvazi-stav-struke-i-volju-gradjana-u-vezi-parka-prirode-gornji-tok-rijeke-cehotine\/","og_locale":"en_GB","og_type":"article","og_title":"NVO Eko-tim: Op\u0161tina Pljevlja da uva\u017ei stav struke i volju gra\u0111ana u vezi Parka prirode \u201cGornji tok rijeke \u0106ehotine\u201d - dmcsrb.com","og_description":"Tvrdnja Op\u0161tine Pljevlja da progla\u0161enje Parka prirode \u201eGornji tok rijeke \u0106ehotine\u201c nije u skladu sa Zakonom o vodama je stru\u010dno i pravno neutemeljena, ocijenili su iz NVO Eko-tim, a povodom nedavnih navoda iz Op\u0161tine da progla\u0161enje Parka prirode \u201eGornji tok rijeke \u0106ehotine\u201c nije u skladu sa za\u0161titom vodoizvori\u0161ta Otilovi\u0107i.","og_url":"https:\/\/dmcsrb.com\/en\/drustvo\/nvo-eko-tim-opstina-pljevlja-da-uvazi-stav-struke-i-volju-gradjana-u-vezi-parka-prirode-gornji-tok-rijeke-cehotine\/","og_site_name":"dmcsrb.com","article_published_time":"2025-09-07T07:01:00+00:00","og_image":[{"width":1130,"height":712,"url":"https:\/\/dmcsrb.com\/wp-content\/uploads\/2026\/01\/Cehotina-foto-eko-tim.webp","type":"image\/jpeg"}],"author":"dmcsrbija.com@gmail.com","twitter_card":"summary_large_image","twitter_misc":{"Written by":"dmcsrbija.com@gmail.com","Estimated reading time":"3 minutes"},"schema":{"@context":"https:\/\/schema.org","@graph":[{"@type":"Article","@id":"https:\/\/dmcsrb.com\/drustvo\/nvo-eko-tim-opstina-pljevlja-da-uvazi-stav-struke-i-volju-gradjana-u-vezi-parka-prirode-gornji-tok-rijeke-cehotine\/#article","isPartOf":{"@id":"https:\/\/dmcsrb.com\/drustvo\/nvo-eko-tim-opstina-pljevlja-da-uvazi-stav-struke-i-volju-gradjana-u-vezi-parka-prirode-gornji-tok-rijeke-cehotine\/"},"author":{"name":"dmcsrbija.com@gmail.com","@id":"https:\/\/dmcsrb.com\/#\/schema\/person\/5c39170f12db1b8b457732d0b5c854e2"},"headline":"NVO Eko-tim: Op\u0161tina Pljevlja da uva\u017ei stav struke i volju gra\u0111ana u vezi Parka prirode \u201cGornji tok rijeke \u0106ehotine\u201d","datePublished":"2025-09-07T07:01:00+00:00","mainEntityOfPage":{"@id":"https:\/\/dmcsrb.com\/drustvo\/nvo-eko-tim-opstina-pljevlja-da-uvazi-stav-struke-i-volju-gradjana-u-vezi-parka-prirode-gornji-tok-rijeke-cehotine\/"},"wordCount":621,"commentCount":0,"image":{"@id":"https:\/\/dmcsrb.com\/drustvo\/nvo-eko-tim-opstina-pljevlja-da-uvazi-stav-struke-i-volju-gradjana-u-vezi-parka-prirode-gornji-tok-rijeke-cehotine\/#primaryimage"},"thumbnailUrl":"https:\/\/dmcsrb.com\/wp-content\/uploads\/2026\/01\/Cehotina-foto-eko-tim.webp","keywords":["Eko-tim","Op\u0161tina Pljevlja","Park prirode \"Gorinji tok rijeke \u0106ehotine\""],"articleSection":["Dru\u0161tvo"],"inLanguage":"en-GB","potentialAction":[{"@type":"CommentAction","name":"Comment","target":["https:\/\/dmcsrb.com\/drustvo\/nvo-eko-tim-opstina-pljevlja-da-uvazi-stav-struke-i-volju-gradjana-u-vezi-parka-prirode-gornji-tok-rijeke-cehotine\/#respond"]}]},{"@type":"WebPage","@id":"https:\/\/dmcsrb.com\/drustvo\/nvo-eko-tim-opstina-pljevlja-da-uvazi-stav-struke-i-volju-gradjana-u-vezi-parka-prirode-gornji-tok-rijeke-cehotine\/","url":"https:\/\/dmcsrb.com\/drustvo\/nvo-eko-tim-opstina-pljevlja-da-uvazi-stav-struke-i-volju-gradjana-u-vezi-parka-prirode-gornji-tok-rijeke-cehotine\/","name":"NVO Eko-tim: Op\u0161tina Pljevlja da uva\u017ei stav struke i volju gra\u0111ana u vezi Parka prirode \u201cGornji tok rijeke \u0106ehotine\u201d - dmcsrb.com","isPartOf":{"@id":"https:\/\/dmcsrb.com\/#website"},"primaryImageOfPage":{"@id":"https:\/\/dmcsrb.com\/drustvo\/nvo-eko-tim-opstina-pljevlja-da-uvazi-stav-struke-i-volju-gradjana-u-vezi-parka-prirode-gornji-tok-rijeke-cehotine\/#primaryimage"},"image":{"@id":"https:\/\/dmcsrb.com\/drustvo\/nvo-eko-tim-opstina-pljevlja-da-uvazi-stav-struke-i-volju-gradjana-u-vezi-parka-prirode-gornji-tok-rijeke-cehotine\/#primaryimage"},"thumbnailUrl":"https:\/\/dmcsrb.com\/wp-content\/uploads\/2026\/01\/Cehotina-foto-eko-tim.webp","datePublished":"2025-09-07T07:01:00+00:00","author":{"@id":"https:\/\/dmcsrb.com\/#\/schema\/person\/5c39170f12db1b8b457732d0b5c854e2"},"breadcrumb":{"@id":"https:\/\/dmcsrb.com\/drustvo\/nvo-eko-tim-opstina-pljevlja-da-uvazi-stav-struke-i-volju-gradjana-u-vezi-parka-prirode-gornji-tok-rijeke-cehotine\/#breadcrumb"},"inLanguage":"en-GB","potentialAction":[{"@type":"ReadAction","target":["https:\/\/dmcsrb.com\/drustvo\/nvo-eko-tim-opstina-pljevlja-da-uvazi-stav-struke-i-volju-gradjana-u-vezi-parka-prirode-gornji-tok-rijeke-cehotine\/"]}]},{"@type":"ImageObject","inLanguage":"en-GB","@id":"https:\/\/dmcsrb.com\/drustvo\/nvo-eko-tim-opstina-pljevlja-da-uvazi-stav-struke-i-volju-gradjana-u-vezi-parka-prirode-gornji-tok-rijeke-cehotine\/#primaryimage","url":"https:\/\/dmcsrb.com\/wp-content\/uploads\/2026\/01\/Cehotina-foto-eko-tim.webp","contentUrl":"https:\/\/dmcsrb.com\/wp-content\/uploads\/2026\/01\/Cehotina-foto-eko-tim.webp","width":1130,"height":712},{"@type":"BreadcrumbList","@id":"https:\/\/dmcsrb.com\/drustvo\/nvo-eko-tim-opstina-pljevlja-da-uvazi-stav-struke-i-volju-gradjana-u-vezi-parka-prirode-gornji-tok-rijeke-cehotine\/#breadcrumb","itemListElement":[{"@type":"ListItem","position":1,"name":"Home","item":"https:\/\/dmcsrb.com\/"},{"@type":"ListItem","position":2,"name":"NVO Eko-tim: Op\u0161tina Pljevlja da uva\u017ei stav struke i volju gra\u0111ana u vezi Parka prirode \u201cGornji tok rijeke \u0106ehotine\u201d"}]},{"@type":"WebSite","@id":"https:\/\/dmcsrb.com\/#website","url":"https:\/\/dmcsrb.com\/","name":"dmcsrb.com","description":"","potentialAction":[{"@type":"SearchAction","target":{"@type":"EntryPoint","urlTemplate":"https:\/\/dmcsrb.com\/?s={search_term_string}"},"query-input":{"@type":"PropertyValueSpecification","valueRequired":true,"valueName":"search_term_string"}}],"inLanguage":"en-GB"},{"@type":"Person","@id":"https:\/\/dmcsrb.com\/#\/schema\/person\/5c39170f12db1b8b457732d0b5c854e2","name":"dmcsrbija.com@gmail.com","image":{"@type":"ImageObject","inLanguage":"en-GB","@id":"https:\/\/secure.gravatar.com\/avatar\/68592660ad6347fad0fb587f8d5d8f1a7b44961362f56e4f2cd524feb87e9069?s=96&d=mm&r=g","url":"https:\/\/secure.gravatar.com\/avatar\/68592660ad6347fad0fb587f8d5d8f1a7b44961362f56e4f2cd524feb87e9069?s=96&d=mm&r=g","contentUrl":"https:\/\/secure.gravatar.com\/avatar\/68592660ad6347fad0fb587f8d5d8f1a7b44961362f56e4f2cd524feb87e9069?s=96&d=mm&r=g","caption":"dmcsrbija.com@gmail.com"},"sameAs":["https:\/\/dmcsrb.com"],"url":"https:\/\/dmcsrb.com\/en\/author\/dmcsrbija-comgmail-com\/"}]}},"_links":{"self":[{"href":"https:\/\/dmcsrb.com\/en\/wp-json\/wp\/v2\/posts\/950657","targetHints":{"allow":["GET"]}}],"collection":[{"href":"https:\/\/dmcsrb.com\/en\/wp-json\/wp\/v2\/posts"}],"about":[{"href":"https:\/\/dmcsrb.com\/en\/wp-json\/wp\/v2\/types\/post"}],"author":[{"embeddable":true,"href":"https:\/\/dmcsrb.com\/en\/wp-json\/wp\/v2\/users\/1"}],"replies":[{"embeddable":true,"href":"https:\/\/dmcsrb.com\/en\/wp-json\/wp\/v2\/comments?post=950657"}],"version-history":[{"count":0,"href":"https:\/\/dmcsrb.com\/en\/wp-json\/wp\/v2\/posts\/950657\/revisions"}],"wp:featuredmedia":[{"embeddable":true,"href":"https:\/\/dmcsrb.com\/en\/wp-json\/wp\/v2\/media\/950658"}],"wp:attachment":[{"href":"https:\/\/dmcsrb.com\/en\/wp-json\/wp\/v2\/media?parent=950657"}],"wp:term":[{"taxonomy":"category","embeddable":true,"href":"https:\/\/dmcsrb.com\/en\/wp-json\/wp\/v2\/categories?post=950657"},{"taxonomy":"post_tag","embeddable":true,"href":"https:\/\/dmcsrb.com\/en\/wp-json\/wp\/v2\/tags?post=950657"},{"taxonomy":"naslovna","embeddable":true,"href":"https:\/\/dmcsrb.com\/en\/wp-json\/wp\/v2\/naslovna?post=950657"}],"curies":[{"name":"wp","href":"https:\/\/api.w.org\/{rel}","templated":true}]}}