{"id":950624,"date":"2025-09-07T06:10:00","date_gmt":"2025-09-07T04:10:00","guid":{"rendered":"https:\/\/dmcsrb.com\/uncategorized\/jubilarno-30-ucesce-u-eliti-rukometasice-buducnosti-na-premijeri-docekuju-debrecin\/"},"modified":"2025-09-07T06:10:00","modified_gmt":"2025-09-07T04:10:00","slug":"jubilarno-30-ucesce-u-eliti-rukometasice-buducnosti-na-premijeri-docekuju-debrecin","status":"publish","type":"post","link":"https:\/\/dmcsrb.com\/en\/sport\/jubilarno-30-ucesce-u-eliti-rukometasice-buducnosti-na-premijeri-docekuju-debrecin\/","title":{"rendered":"Jubilarno 30. u\u010de\u0161\u0107e u eliti: Rukometa\u0161ice Budu\u0107nosti na premijeri do\u010dekuju Debrecin"},"content":{"rendered":"<p>Trenerica Podgori\u010danki, Bojana Popovi\u0107\u00a0je istakla da njen tim s nestrpljenjem \u010deka po\u010detak, iako je put do ove ta\u010dke bio sve samo ne jednostavan.<\/p>\n\n\n\n<p>&#8211;\u00a0Pro\u0161li smo kroz turbulentan period, ali nas ni\u0161ta ne\u0107e remetiti da nastavimo da radimo vrijedno. Velika pauza je iza nas, jer od februara nismo igrali takmi\u010darske me\u010deve na najvi\u0161em nivou. Debrecin je vrlo organizovana ekipa, igra\u010dice se odli\u010dno poznaju i ve\u0107 su pokazale kvalitet pobjedama nad \u0110erom i Ferencvaro\u0161em. Odmah na startu nas \u010deka te\u017eak me\u010d\u00a0&#8211; rekla je Bojana.<\/p>\n\n\n\n<p>Ambicija Budu\u0107nosti je da se domogne nokaut faze Lige \u0161ampiona.<\/p>\n\n\n\n<p>&#8211;\u00a0U pripremnom periodu smo pokazali disciplinu i koncentraciju, ali na\u0161i sparing partneri nisu bili na nivou timova iz Lige \u0161ampiona. Tek sada \u0107emo da vidimo kako stojimo\u00a0&#8211; dodala je legendarna rukometa\u0161ica.<\/p>\n\n\n\n<p>Popovi\u0107 nagla\u0161ava da je klub kona\u010dno na stabilnim osnovama, \u0161to je od velikog zna\u010daja za realizaciju planova.<\/p>\n\n\n\n<p>&#8211; Organizacija ide ka tome da Budu\u0107nost bude na zdravim nogama, i to je vjetar u le\u0111a za sve nas. Nije bilo zvu\u010dnih poja\u010danja, ali smo vratili Itanu Grbi\u0107, na\u0161u iskusnu reprezentativku i moju veliku \u017eelju. Ona \u0107e sigurno puno pomo\u0107i timu.<\/p>\n\n\n\n<p>Ipak, nerealna o\u010dekivanja nisu potrebna.<\/p>\n\n\n\n<figure class=\"wp-block-image size-large\"><img decoding=\"async\" src=\"https:\/\/gradski.me\/wp-content\/uploads\/2025\/09\/Bojana-Popovic-ZRK-Buducnost-Dejan-Starcevic-1024x683.jpg\" alt=\"\" class=\"wp-image-828697\"\/><figcaption class=\"wp-element-caption\">Foto: \u017dRK Budu\u0107nost\/Dejan Star\u010devi\u0107<\/figcaption><\/figure>\n\n\n\n<p>&#8211; Ne prijetimo nikome. Ovo je tek po\u010detak izgradnje tima koji u narednim godinama treba da do\u017eivi svoj zenit. \u017delimo da \u0161to vi\u0161e \u0161ansi dobiju mlade igra\u010dice, da polako stasavaju, jer ne mo\u017eemo od njih odmah da o\u010dekujemo zrelost, prije svega psihi\u010dku. Za napredak je potreban ozbiljan rad i pristup.<\/p>\n\n\n\n<p>Popovi\u0107 je podsjetila da je Budu\u0107nost oslonac crnogorske reprezentacije, te da je va\u017eno da se vodi ra\u010duna o razvoju talenata.<\/p>\n\n\n\n<p>&#8211;\u00a0Mlade rukometa\u0161ice moramo da pravilno usmjeravamo, da odlaze u klubove gdje \u0107e igrati, a ne da sjede na klupi. Ekipa mora da ima bazu doma\u0107ih iskusnih igra\u010dica, mladih koje rastu uz njih, uz dvije-tri kvalitetne strankinje. Samo tako mo\u017eemo da gradimo i Budu\u0107nost i reprezentaciju.<\/p>\n\n\n\n<p>Za kraj se osvrnula i na uspjeh kadetske reprezentacije Crne Gore koja je nedavno osvojila bronzu na Evropskom prvenstvu.<\/p>\n\n\n\n<p>&#8211;\u00a0\u010cestitam djevojkama na velikom uspjehu, bodrili smo ih tokom \u010ditavog prvenstva. To je va\u017ean rezultat i za reprezentaciju i za Budu\u0107nost\u00a0&#8211; zaklju\u010dila je \u0161estostruka klupska prvakinja Evrope iz igra\u010dkih dana.<\/p>\n\n\n\n<p>Period bez utakmica, isti\u010de krilo\u00a0Nina Bulatovi\u0107, bio je dug, ali i dovoljno iskori\u0161ten da ekipa u pravom ritmu do\u010deka start nove sezone u EHF Ligi \u0161ampiona.<\/p>\n\n\n\n<figure class=\"wp-block-image size-full\"><img decoding=\"async\" src=\"https:\/\/gradski.me\/wp-content\/uploads\/2024\/11\/Nina-Bulatovic-ZRK-Buducnost-Dejan-Starcevic.jpg\" alt=\"\" class=\"wp-image-643240\"\/><figcaption class=\"wp-element-caption\">Foto: \u017dRK Budu\u0107nost\/Dejan Star\u010devi\u0107<\/figcaption><\/figure>\n\n\n\n<p>&#8211;\u00a0Iza nas je period od nekih pet mjeseci u kojima nijesmo imali takmi\u010darsku utakmicu. U nedjelju nam dolazi izuzetno dobra ekipa Debrecina, \u010diji kostur tima je ve\u0107 du\u017ei niz godina zajedno. Sigurno je da su protivnice uigrane i motivisane i moramo na pravi na\u010din da odgovorimo na to\u00a0&#8211; rekla je Bulatovi\u0107.<\/p>\n\n\n\n<p>Nagla\u0161ava da je pripremni period bio kvalitetan i da je Budu\u0107nost spremna da krene sna\u017eno od samog starta.<\/p>\n\n\n\n<p>&#8211;\u00a0Radile smo jako kvalitetno, sa pravim pristupom, i sigurno je da \u0107emo da damo sve od sebe da otvaranje sezone u Ligi \u0161ampiona kruni\u0161emo pobjedom\u00a0&#8211; dodala je na\u0161a reprezentativka.<\/p>\n\n\n\n<p>Poseban motiv ima i\u00a0Itana Grbi\u0107, koja se poslije \u010detiri godine vratila u klub u kojem je ponikla. Sada, sa kapitenskom trakom, spremna je da povede ekipu kroz novo evropsko poglavlje.<\/p>\n\n\n\n<figure class=\"wp-block-image size-large\"><img decoding=\"async\" src=\"https:\/\/gradski.me\/wp-content\/uploads\/2025\/09\/Itana-Grbic-ZRK-Buducnost-Dejan-Starcevic-1024x683.jpg\" alt=\"\" class=\"wp-image-828439\"\/><figcaption class=\"wp-element-caption\">Foto: \u017dRK Budu\u0107nost\/Dejan Star\u010devi\u0107<\/figcaption><\/figure>\n\n\n\n<p>&#8211;\u00a0Mnogo mi je drago \u0161to sam se vratila na mjesto gdje je sve po\u010delo za mene. Spremna sam za izazove i te\u017einu koju nosi kapitenska traka ovoga kluba. Smatram da imam iskustva da pomognem ekipi. Ali ne bih vi\u0161e o sebi &#8211; najbitnije je da ekipa igra dobro i da se u nedjelju protiv Debrecina ostvari pobjeda\u00a0&#8211; poru\u010dila je Grbi\u0107.<\/p>\n\n\n\n<p>Otvoriti sezonu trijumfom bilo bi zna\u010dajno i na psiholo\u0161kom planu, dodaje Itana.<\/p>\n\n\n\n<p>&#8211;\u00a0Sigurno je da \u0107e biti te\u0161ko protiv Debrecina, kao i protiv ve\u0107ine rivala u na\u0161oj grupi, koji imaju vi\u0161e iskusnih igra\u010dica. Mi smo ekipa koju \u010dine uglavnom mlade rukometa\u0161ice, uz par nas starijih. Va\u017eno je da krenemo trijumfom zbog samopouzdanja i energije za nastavak takmi\u010denja. Posebno nas raduje \u0161to prvi me\u010d igramo kod ku\u0107e, gdje nikome nikada nije bilo lako. Na\u0161 glavni adut je odbrana, iz koje izvla\u010dimo energiju i prenosimo je na ostale segmente igre\u00a0&#8211; naglasila je Grbi\u0107.<\/p>\n\n\n\n<p>Govore\u0107i o vremenu koje je provela van Podgorice, Grbi\u0107 je istakla da su iskustva u inostranstvu bila dragocjena, ali da je povratak Budu\u0107nosti za nju poseban.<\/p>\n\n\n\n<p>&#8211;\u00a0Za po\u010detak &#8211; trener se nije promijenio i to me raduje. Ove \u010detiri godine su bile jako te\u0161ke i izazovne za Budu\u0107nost. \u017delim da zahvalim svim ljudima koji su ostali tu i borili se da klub ponovo bude na visokom nivou. Trideset godina u kontinuitetu igranja Lige \u0161ampiona dovoljno govori o kakvom se klubu radi. Ja sam u me\u0111uvremenu promijenila nekoliko klubova, igrala u vrhunskim sredinama i sre\u0107na sam zbog tih iskustava. Ali povratak ku\u0107i je posebna emocija.<\/p>\n\n\n\n<p>Itana je uputila i poruku navija\u010dima:<\/p>\n\n\n\n<p>&#8211;\u00a0Pozivam publiku da u nedjelju do\u0111e u \u0161to ve\u0107em broju i pru\u017ei nam podr\u0161ku. Njihova energija nam je uvijek bila vjetar u le\u0111a.<\/p>\n\n\n\n<p>Pored Budu\u0107nosti i Debrecina u grupi A su i danski\u00a0Esbjerg, ma\u0111arski\u00a0\u0110er, francuski\u00a0Mec, njema\u010dka\u00a0Borusija\u00a0Dortmund, norve\u0161ki\u00a0Storhamar\u00a0i rumunska\u00a0Glorija Bistrica.<\/p>","protected":false},"excerpt":{"rendered":"<p>\u010cekanje je zavr\u0161eno &#8211; rukometa\u0161ice OTP Group Budu\u0107nosti zapo\u010dinju novu evropsku avanturu i jubilarno 30. u\u010de\u0161\u0107e u EHF Ligi \u0161ampiona, a ve\u0107 danas u 16 sati u &#8220;M:tel dvorani Mora\u010da&#8221; do\u010dekuju ma\u0111arski Debrecin u prvom kolu grupe A.<\/p>","protected":false},"author":1,"featured_media":950625,"comment_status":"open","ping_status":"open","sticky":false,"template":"","format":"standard","meta":{"_acf_changed":false,"footnotes":""},"categories":[148],"tags":[7180,6013,1901],"naslovna":[],"class_list":["post-950624","post","type-post","status-publish","format-standard","has-post-thumbnail","hentry","category-sport","tag-debrecin","tag-ehf-liga-sampiona","tag-zrk-otp-group-buducnost"],"acf":[],"yoast_head":"<!-- This site is optimized with the Yoast SEO plugin v27.4 - https:\/\/yoast.com\/product\/yoast-seo-wordpress\/ -->\n<title>Jubilarno 30. u\u010de\u0161\u0107e u eliti: Rukometa\u0161ice Budu\u0107nosti na premijeri do\u010dekuju Debrecin - dmcsrb.com<\/title>\n<meta name=\"robots\" content=\"index, follow, max-snippet:-1, max-image-preview:large, max-video-preview:-1\" \/>\n<link rel=\"canonical\" href=\"https:\/\/dmcsrb.com\/en\/sport\/jubilarno-30-ucesce-u-eliti-rukometasice-buducnosti-na-premijeri-docekuju-debrecin\/\" \/>\n<meta property=\"og:locale\" content=\"en_GB\" \/>\n<meta property=\"og:type\" content=\"article\" \/>\n<meta property=\"og:title\" content=\"Jubilarno 30. u\u010de\u0161\u0107e u eliti: Rukometa\u0161ice Budu\u0107nosti na premijeri do\u010dekuju Debrecin - dmcsrb.com\" \/>\n<meta property=\"og:description\" content=\"\u010cekanje je zavr\u0161eno - rukometa\u0161ice OTP Group Budu\u0107nosti zapo\u010dinju novu evropsku avanturu i jubilarno 30. u\u010de\u0161\u0107e u EHF Ligi \u0161ampiona, a ve\u0107 danas u 16 sati u &quot;M:tel dvorani Mora\u010da&quot; do\u010dekuju ma\u0111arski Debrecin u prvom kolu grupe A.\" \/>\n<meta property=\"og:url\" content=\"https:\/\/dmcsrb.com\/en\/sport\/jubilarno-30-ucesce-u-eliti-rukometasice-buducnosti-na-premijeri-docekuju-debrecin\/\" \/>\n<meta property=\"og:site_name\" content=\"dmcsrb.com\" \/>\n<meta property=\"article:published_time\" content=\"2025-09-07T04:10:00+00:00\" \/>\n<meta property=\"og:image\" content=\"https:\/\/dmcsrb.com\/wp-content\/uploads\/2026\/01\/Rukometasice-Buducnosti-pozdravljaju-publiku-ZRK-Buducnost-Dejan-Starcevic.webp\" \/>\n\t<meta property=\"og:image:width\" content=\"1364\" \/>\n\t<meta property=\"og:image:height\" content=\"908\" \/>\n\t<meta property=\"og:image:type\" content=\"image\/jpeg\" \/>\n<meta name=\"author\" content=\"dmcsrbija.com@gmail.com\" \/>\n<meta name=\"twitter:card\" content=\"summary_large_image\" \/>\n<meta name=\"twitter:label1\" content=\"Written by\" \/>\n\t<meta name=\"twitter:data1\" content=\"dmcsrbija.com@gmail.com\" \/>\n\t<meta name=\"twitter:label2\" content=\"Estimated reading time\" \/>\n\t<meta name=\"twitter:data2\" content=\"5 minutes\" \/>\n<script type=\"application\/ld+json\" class=\"yoast-schema-graph\">{\"@context\":\"https:\\\/\\\/schema.org\",\"@graph\":[{\"@type\":\"Article\",\"@id\":\"https:\\\/\\\/dmcsrb.com\\\/sport\\\/jubilarno-30-ucesce-u-eliti-rukometasice-buducnosti-na-premijeri-docekuju-debrecin\\\/#article\",\"isPartOf\":{\"@id\":\"https:\\\/\\\/dmcsrb.com\\\/sport\\\/jubilarno-30-ucesce-u-eliti-rukometasice-buducnosti-na-premijeri-docekuju-debrecin\\\/\"},\"author\":{\"name\":\"dmcsrbija.com@gmail.com\",\"@id\":\"https:\\\/\\\/dmcsrb.com\\\/#\\\/schema\\\/person\\\/5c39170f12db1b8b457732d0b5c854e2\"},\"headline\":\"Jubilarno 30. u\u010de\u0161\u0107e u eliti: Rukometa\u0161ice Budu\u0107nosti na premijeri do\u010dekuju Debrecin\",\"datePublished\":\"2025-09-07T04:10:00+00:00\",\"mainEntityOfPage\":{\"@id\":\"https:\\\/\\\/dmcsrb.com\\\/sport\\\/jubilarno-30-ucesce-u-eliti-rukometasice-buducnosti-na-premijeri-docekuju-debrecin\\\/\"},\"wordCount\":959,\"commentCount\":0,\"image\":{\"@id\":\"https:\\\/\\\/dmcsrb.com\\\/sport\\\/jubilarno-30-ucesce-u-eliti-rukometasice-buducnosti-na-premijeri-docekuju-debrecin\\\/#primaryimage\"},\"thumbnailUrl\":\"https:\\\/\\\/dmcsrb.com\\\/wp-content\\\/uploads\\\/2026\\\/01\\\/Rukometasice-Buducnosti-pozdravljaju-publiku-ZRK-Buducnost-Dejan-Starcevic.webp\",\"keywords\":[\"Debrecin\",\"EHF Liga \u0161ampiona\",\"\u017dRK OTP Group Budu\u0107nost\"],\"articleSection\":[\"Sport\"],\"inLanguage\":\"en-GB\",\"potentialAction\":[{\"@type\":\"CommentAction\",\"name\":\"Comment\",\"target\":[\"https:\\\/\\\/dmcsrb.com\\\/sport\\\/jubilarno-30-ucesce-u-eliti-rukometasice-buducnosti-na-premijeri-docekuju-debrecin\\\/#respond\"]}]},{\"@type\":\"WebPage\",\"@id\":\"https:\\\/\\\/dmcsrb.com\\\/sport\\\/jubilarno-30-ucesce-u-eliti-rukometasice-buducnosti-na-premijeri-docekuju-debrecin\\\/\",\"url\":\"https:\\\/\\\/dmcsrb.com\\\/sport\\\/jubilarno-30-ucesce-u-eliti-rukometasice-buducnosti-na-premijeri-docekuju-debrecin\\\/\",\"name\":\"Jubilarno 30. u\u010de\u0161\u0107e u eliti: Rukometa\u0161ice Budu\u0107nosti na premijeri do\u010dekuju Debrecin - dmcsrb.com\",\"isPartOf\":{\"@id\":\"https:\\\/\\\/dmcsrb.com\\\/#website\"},\"primaryImageOfPage\":{\"@id\":\"https:\\\/\\\/dmcsrb.com\\\/sport\\\/jubilarno-30-ucesce-u-eliti-rukometasice-buducnosti-na-premijeri-docekuju-debrecin\\\/#primaryimage\"},\"image\":{\"@id\":\"https:\\\/\\\/dmcsrb.com\\\/sport\\\/jubilarno-30-ucesce-u-eliti-rukometasice-buducnosti-na-premijeri-docekuju-debrecin\\\/#primaryimage\"},\"thumbnailUrl\":\"https:\\\/\\\/dmcsrb.com\\\/wp-content\\\/uploads\\\/2026\\\/01\\\/Rukometasice-Buducnosti-pozdravljaju-publiku-ZRK-Buducnost-Dejan-Starcevic.webp\",\"datePublished\":\"2025-09-07T04:10:00+00:00\",\"author\":{\"@id\":\"https:\\\/\\\/dmcsrb.com\\\/#\\\/schema\\\/person\\\/5c39170f12db1b8b457732d0b5c854e2\"},\"breadcrumb\":{\"@id\":\"https:\\\/\\\/dmcsrb.com\\\/sport\\\/jubilarno-30-ucesce-u-eliti-rukometasice-buducnosti-na-premijeri-docekuju-debrecin\\\/#breadcrumb\"},\"inLanguage\":\"en-GB\",\"potentialAction\":[{\"@type\":\"ReadAction\",\"target\":[\"https:\\\/\\\/dmcsrb.com\\\/sport\\\/jubilarno-30-ucesce-u-eliti-rukometasice-buducnosti-na-premijeri-docekuju-debrecin\\\/\"]}]},{\"@type\":\"ImageObject\",\"inLanguage\":\"en-GB\",\"@id\":\"https:\\\/\\\/dmcsrb.com\\\/sport\\\/jubilarno-30-ucesce-u-eliti-rukometasice-buducnosti-na-premijeri-docekuju-debrecin\\\/#primaryimage\",\"url\":\"https:\\\/\\\/dmcsrb.com\\\/wp-content\\\/uploads\\\/2026\\\/01\\\/Rukometasice-Buducnosti-pozdravljaju-publiku-ZRK-Buducnost-Dejan-Starcevic.webp\",\"contentUrl\":\"https:\\\/\\\/dmcsrb.com\\\/wp-content\\\/uploads\\\/2026\\\/01\\\/Rukometasice-Buducnosti-pozdravljaju-publiku-ZRK-Buducnost-Dejan-Starcevic.webp\",\"width\":1364,\"height\":908},{\"@type\":\"BreadcrumbList\",\"@id\":\"https:\\\/\\\/dmcsrb.com\\\/sport\\\/jubilarno-30-ucesce-u-eliti-rukometasice-buducnosti-na-premijeri-docekuju-debrecin\\\/#breadcrumb\",\"itemListElement\":[{\"@type\":\"ListItem\",\"position\":1,\"name\":\"Home\",\"item\":\"https:\\\/\\\/dmcsrb.com\\\/\"},{\"@type\":\"ListItem\",\"position\":2,\"name\":\"Jubilarno 30. u\u010de\u0161\u0107e u eliti: Rukometa\u0161ice Budu\u0107nosti na premijeri do\u010dekuju Debrecin\"}]},{\"@type\":\"WebSite\",\"@id\":\"https:\\\/\\\/dmcsrb.com\\\/#website\",\"url\":\"https:\\\/\\\/dmcsrb.com\\\/\",\"name\":\"dmcsrb.com\",\"description\":\"\",\"potentialAction\":[{\"@type\":\"SearchAction\",\"target\":{\"@type\":\"EntryPoint\",\"urlTemplate\":\"https:\\\/\\\/dmcsrb.com\\\/?s={search_term_string}\"},\"query-input\":{\"@type\":\"PropertyValueSpecification\",\"valueRequired\":true,\"valueName\":\"search_term_string\"}}],\"inLanguage\":\"en-GB\"},{\"@type\":\"Person\",\"@id\":\"https:\\\/\\\/dmcsrb.com\\\/#\\\/schema\\\/person\\\/5c39170f12db1b8b457732d0b5c854e2\",\"name\":\"dmcsrbija.com@gmail.com\",\"image\":{\"@type\":\"ImageObject\",\"inLanguage\":\"en-GB\",\"@id\":\"https:\\\/\\\/secure.gravatar.com\\\/avatar\\\/68592660ad6347fad0fb587f8d5d8f1a7b44961362f56e4f2cd524feb87e9069?s=96&d=mm&r=g\",\"url\":\"https:\\\/\\\/secure.gravatar.com\\\/avatar\\\/68592660ad6347fad0fb587f8d5d8f1a7b44961362f56e4f2cd524feb87e9069?s=96&d=mm&r=g\",\"contentUrl\":\"https:\\\/\\\/secure.gravatar.com\\\/avatar\\\/68592660ad6347fad0fb587f8d5d8f1a7b44961362f56e4f2cd524feb87e9069?s=96&d=mm&r=g\",\"caption\":\"dmcsrbija.com@gmail.com\"},\"sameAs\":[\"https:\\\/\\\/dmcsrb.com\"],\"url\":\"https:\\\/\\\/dmcsrb.com\\\/en\\\/author\\\/dmcsrbija-comgmail-com\\\/\"}]}<\/script>\n<!-- \/ Yoast SEO plugin. -->","yoast_head_json":{"title":"Jubilarno 30. u\u010de\u0161\u0107e u eliti: Rukometa\u0161ice Budu\u0107nosti na premijeri do\u010dekuju Debrecin - dmcsrb.com","robots":{"index":"index","follow":"follow","max-snippet":"max-snippet:-1","max-image-preview":"max-image-preview:large","max-video-preview":"max-video-preview:-1"},"canonical":"https:\/\/dmcsrb.com\/en\/sport\/jubilarno-30-ucesce-u-eliti-rukometasice-buducnosti-na-premijeri-docekuju-debrecin\/","og_locale":"en_GB","og_type":"article","og_title":"Jubilarno 30. u\u010de\u0161\u0107e u eliti: Rukometa\u0161ice Budu\u0107nosti na premijeri do\u010dekuju Debrecin - dmcsrb.com","og_description":"\u010cekanje je zavr\u0161eno - rukometa\u0161ice OTP Group Budu\u0107nosti zapo\u010dinju novu evropsku avanturu i jubilarno 30. u\u010de\u0161\u0107e u EHF Ligi \u0161ampiona, a ve\u0107 danas u 16 sati u \"M:tel dvorani Mora\u010da\" do\u010dekuju ma\u0111arski Debrecin u prvom kolu grupe A.","og_url":"https:\/\/dmcsrb.com\/en\/sport\/jubilarno-30-ucesce-u-eliti-rukometasice-buducnosti-na-premijeri-docekuju-debrecin\/","og_site_name":"dmcsrb.com","article_published_time":"2025-09-07T04:10:00+00:00","og_image":[{"width":1364,"height":908,"url":"https:\/\/dmcsrb.com\/wp-content\/uploads\/2026\/01\/Rukometasice-Buducnosti-pozdravljaju-publiku-ZRK-Buducnost-Dejan-Starcevic.webp","type":"image\/jpeg"}],"author":"dmcsrbija.com@gmail.com","twitter_card":"summary_large_image","twitter_misc":{"Written by":"dmcsrbija.com@gmail.com","Estimated reading time":"5 minutes"},"schema":{"@context":"https:\/\/schema.org","@graph":[{"@type":"Article","@id":"https:\/\/dmcsrb.com\/sport\/jubilarno-30-ucesce-u-eliti-rukometasice-buducnosti-na-premijeri-docekuju-debrecin\/#article","isPartOf":{"@id":"https:\/\/dmcsrb.com\/sport\/jubilarno-30-ucesce-u-eliti-rukometasice-buducnosti-na-premijeri-docekuju-debrecin\/"},"author":{"name":"dmcsrbija.com@gmail.com","@id":"https:\/\/dmcsrb.com\/#\/schema\/person\/5c39170f12db1b8b457732d0b5c854e2"},"headline":"Jubilarno 30. u\u010de\u0161\u0107e u eliti: Rukometa\u0161ice Budu\u0107nosti na premijeri do\u010dekuju Debrecin","datePublished":"2025-09-07T04:10:00+00:00","mainEntityOfPage":{"@id":"https:\/\/dmcsrb.com\/sport\/jubilarno-30-ucesce-u-eliti-rukometasice-buducnosti-na-premijeri-docekuju-debrecin\/"},"wordCount":959,"commentCount":0,"image":{"@id":"https:\/\/dmcsrb.com\/sport\/jubilarno-30-ucesce-u-eliti-rukometasice-buducnosti-na-premijeri-docekuju-debrecin\/#primaryimage"},"thumbnailUrl":"https:\/\/dmcsrb.com\/wp-content\/uploads\/2026\/01\/Rukometasice-Buducnosti-pozdravljaju-publiku-ZRK-Buducnost-Dejan-Starcevic.webp","keywords":["Debrecin","EHF Liga \u0161ampiona","\u017dRK OTP Group Budu\u0107nost"],"articleSection":["Sport"],"inLanguage":"en-GB","potentialAction":[{"@type":"CommentAction","name":"Comment","target":["https:\/\/dmcsrb.com\/sport\/jubilarno-30-ucesce-u-eliti-rukometasice-buducnosti-na-premijeri-docekuju-debrecin\/#respond"]}]},{"@type":"WebPage","@id":"https:\/\/dmcsrb.com\/sport\/jubilarno-30-ucesce-u-eliti-rukometasice-buducnosti-na-premijeri-docekuju-debrecin\/","url":"https:\/\/dmcsrb.com\/sport\/jubilarno-30-ucesce-u-eliti-rukometasice-buducnosti-na-premijeri-docekuju-debrecin\/","name":"Jubilarno 30. u\u010de\u0161\u0107e u eliti: Rukometa\u0161ice Budu\u0107nosti na premijeri do\u010dekuju Debrecin - dmcsrb.com","isPartOf":{"@id":"https:\/\/dmcsrb.com\/#website"},"primaryImageOfPage":{"@id":"https:\/\/dmcsrb.com\/sport\/jubilarno-30-ucesce-u-eliti-rukometasice-buducnosti-na-premijeri-docekuju-debrecin\/#primaryimage"},"image":{"@id":"https:\/\/dmcsrb.com\/sport\/jubilarno-30-ucesce-u-eliti-rukometasice-buducnosti-na-premijeri-docekuju-debrecin\/#primaryimage"},"thumbnailUrl":"https:\/\/dmcsrb.com\/wp-content\/uploads\/2026\/01\/Rukometasice-Buducnosti-pozdravljaju-publiku-ZRK-Buducnost-Dejan-Starcevic.webp","datePublished":"2025-09-07T04:10:00+00:00","author":{"@id":"https:\/\/dmcsrb.com\/#\/schema\/person\/5c39170f12db1b8b457732d0b5c854e2"},"breadcrumb":{"@id":"https:\/\/dmcsrb.com\/sport\/jubilarno-30-ucesce-u-eliti-rukometasice-buducnosti-na-premijeri-docekuju-debrecin\/#breadcrumb"},"inLanguage":"en-GB","potentialAction":[{"@type":"ReadAction","target":["https:\/\/dmcsrb.com\/sport\/jubilarno-30-ucesce-u-eliti-rukometasice-buducnosti-na-premijeri-docekuju-debrecin\/"]}]},{"@type":"ImageObject","inLanguage":"en-GB","@id":"https:\/\/dmcsrb.com\/sport\/jubilarno-30-ucesce-u-eliti-rukometasice-buducnosti-na-premijeri-docekuju-debrecin\/#primaryimage","url":"https:\/\/dmcsrb.com\/wp-content\/uploads\/2026\/01\/Rukometasice-Buducnosti-pozdravljaju-publiku-ZRK-Buducnost-Dejan-Starcevic.webp","contentUrl":"https:\/\/dmcsrb.com\/wp-content\/uploads\/2026\/01\/Rukometasice-Buducnosti-pozdravljaju-publiku-ZRK-Buducnost-Dejan-Starcevic.webp","width":1364,"height":908},{"@type":"BreadcrumbList","@id":"https:\/\/dmcsrb.com\/sport\/jubilarno-30-ucesce-u-eliti-rukometasice-buducnosti-na-premijeri-docekuju-debrecin\/#breadcrumb","itemListElement":[{"@type":"ListItem","position":1,"name":"Home","item":"https:\/\/dmcsrb.com\/"},{"@type":"ListItem","position":2,"name":"Jubilarno 30. u\u010de\u0161\u0107e u eliti: Rukometa\u0161ice Budu\u0107nosti na premijeri do\u010dekuju Debrecin"}]},{"@type":"WebSite","@id":"https:\/\/dmcsrb.com\/#website","url":"https:\/\/dmcsrb.com\/","name":"dmcsrb.com","description":"","potentialAction":[{"@type":"SearchAction","target":{"@type":"EntryPoint","urlTemplate":"https:\/\/dmcsrb.com\/?s={search_term_string}"},"query-input":{"@type":"PropertyValueSpecification","valueRequired":true,"valueName":"search_term_string"}}],"inLanguage":"en-GB"},{"@type":"Person","@id":"https:\/\/dmcsrb.com\/#\/schema\/person\/5c39170f12db1b8b457732d0b5c854e2","name":"dmcsrbija.com@gmail.com","image":{"@type":"ImageObject","inLanguage":"en-GB","@id":"https:\/\/secure.gravatar.com\/avatar\/68592660ad6347fad0fb587f8d5d8f1a7b44961362f56e4f2cd524feb87e9069?s=96&d=mm&r=g","url":"https:\/\/secure.gravatar.com\/avatar\/68592660ad6347fad0fb587f8d5d8f1a7b44961362f56e4f2cd524feb87e9069?s=96&d=mm&r=g","contentUrl":"https:\/\/secure.gravatar.com\/avatar\/68592660ad6347fad0fb587f8d5d8f1a7b44961362f56e4f2cd524feb87e9069?s=96&d=mm&r=g","caption":"dmcsrbija.com@gmail.com"},"sameAs":["https:\/\/dmcsrb.com"],"url":"https:\/\/dmcsrb.com\/en\/author\/dmcsrbija-comgmail-com\/"}]}},"_links":{"self":[{"href":"https:\/\/dmcsrb.com\/en\/wp-json\/wp\/v2\/posts\/950624","targetHints":{"allow":["GET"]}}],"collection":[{"href":"https:\/\/dmcsrb.com\/en\/wp-json\/wp\/v2\/posts"}],"about":[{"href":"https:\/\/dmcsrb.com\/en\/wp-json\/wp\/v2\/types\/post"}],"author":[{"embeddable":true,"href":"https:\/\/dmcsrb.com\/en\/wp-json\/wp\/v2\/users\/1"}],"replies":[{"embeddable":true,"href":"https:\/\/dmcsrb.com\/en\/wp-json\/wp\/v2\/comments?post=950624"}],"version-history":[{"count":0,"href":"https:\/\/dmcsrb.com\/en\/wp-json\/wp\/v2\/posts\/950624\/revisions"}],"wp:featuredmedia":[{"embeddable":true,"href":"https:\/\/dmcsrb.com\/en\/wp-json\/wp\/v2\/media\/950625"}],"wp:attachment":[{"href":"https:\/\/dmcsrb.com\/en\/wp-json\/wp\/v2\/media?parent=950624"}],"wp:term":[{"taxonomy":"category","embeddable":true,"href":"https:\/\/dmcsrb.com\/en\/wp-json\/wp\/v2\/categories?post=950624"},{"taxonomy":"post_tag","embeddable":true,"href":"https:\/\/dmcsrb.com\/en\/wp-json\/wp\/v2\/tags?post=950624"},{"taxonomy":"naslovna","embeddable":true,"href":"https:\/\/dmcsrb.com\/en\/wp-json\/wp\/v2\/naslovna?post=950624"}],"curies":[{"name":"wp","href":"https:\/\/api.w.org\/{rel}","templated":true}]}}