{"id":950620,"date":"2025-09-07T05:37:00","date_gmt":"2025-09-07T03:37:00","guid":{"rendered":"https:\/\/dmcsrb.com\/uncategorized\/otkriven-uzrok-tragedije-u-lisabonu-sve-se-desilo-u-50-sekundi-kabine-presle-samo-sest-metara\/"},"modified":"2025-09-07T05:37:00","modified_gmt":"2025-09-07T03:37:00","slug":"otkriven-uzrok-tragedije-u-lisabonu-sve-se-desilo-u-50-sekundi-kabine-presle-samo-sest-metara","status":"publish","type":"post","link":"https:\/\/dmcsrb.com\/en\/svijet\/otkriven-uzrok-tragedije-u-lisabonu-sve-se-desilo-u-50-sekundi-kabine-presle-samo-sest-metara\/","title":{"rendered":"Otkriven uzrok tragedije u Lisabonu: &#8220;Sve se desilo u 50 sekundi, kabine pre\u0161le samo \u0161est metara&#8221;"},"content":{"rendered":"<p><\/p>\n\n\n\n<p>&#8220;Kabine kosog lifta pre\u0161le su \u0161est metara kada su iznenada izgubile silu ravnote\u017ee spojnog kabla&#8221;, navodi se.<\/p>\n\n\n\n<p>U nastavku izvje\u0161taja se ka\u017ee kako je ko\u010dni\u010dar odmah aktivirao pneumatsku ko\u010dnicu, kao i ru\u010dnu ko\u010dnicu.<\/p>\n\n\n\n<p>Tako\u0111e se ka\u017ee kako te mjere, na\u017ealost, nisu imale u\u010dinka u smanjenju brzine vozila.<\/p>\n\n\n\n<p>&#8220;Kabina je nastavila nekontrolirano ubrzavati i isko\u010dila iz \u0161ina pri brzini od oko 60 km\/h, a cijela katastrofa odvila se u manje od 50 sekundi&#8221;, dodaje se.<\/p>\n\n\n\n<p>Iako su se pojavila pitanja o odr\u017eavanju opreme, izvje\u0161taj navodi da je, prema dosad prikupljenim dokazima, ono bilo redovno. Potvr\u0111eno je da je zakazani vizualni pregled obavljen na samo jutro nesre\u0107e, ali problem je bio \u0161to podru\u010dje gdje je kabal pukao &#8220;nije vidljivo bez demonta\u017ee&#8221;.<\/p>\n\n\n\n<p>Podsjetimo, tragedija se desila u srijedu u 18 sati, a poginulo je ukupno 16 osoba, od kojih su ve\u0107ina bili strani turisti.<\/p>","protected":false},"excerpt":{"rendered":"<p>U prvom zvani\u010dnom izvje\u0161taju o smrtonosnoj nesre\u0107i lisabonske uspinja\u010de, Kancelarija za prevenciju i istragu avionskih i \u017eeljezni\u010dkih nesre\u0107a navodi da je pukao kabal koji je povezivao dvije kabine, uprkos tome \u0161to je ko\u010dni\u010dar odmah aktivirao ko\u010dnice.<\/p>","protected":false},"author":1,"featured_media":950621,"comment_status":"open","ping_status":"open","sticky":false,"template":"","format":"standard","meta":{"_acf_changed":false,"footnotes":""},"categories":[144],"tags":[6822,6823],"naslovna":[],"class_list":["post-950620","post","type-post","status-publish","format-standard","has-post-thumbnail","hentry","category-svijet","tag-lisabon","tag-uspinjaca"],"acf":[],"yoast_head":"<!-- This site is optimized with the Yoast SEO plugin v27.4 - https:\/\/yoast.com\/product\/yoast-seo-wordpress\/ -->\n<title>Otkriven uzrok tragedije u Lisabonu: &quot;Sve se desilo u 50 sekundi, kabine pre\u0161le samo \u0161est metara&quot; - dmcsrb.com<\/title>\n<meta name=\"robots\" content=\"index, follow, max-snippet:-1, max-image-preview:large, max-video-preview:-1\" \/>\n<link rel=\"canonical\" href=\"https:\/\/dmcsrb.com\/en\/svijet\/otkriven-uzrok-tragedije-u-lisabonu-sve-se-desilo-u-50-sekundi-kabine-presle-samo-sest-metara\/\" \/>\n<meta property=\"og:locale\" content=\"en_GB\" \/>\n<meta property=\"og:type\" content=\"article\" \/>\n<meta property=\"og:title\" content=\"Otkriven uzrok tragedije u Lisabonu: &quot;Sve se desilo u 50 sekundi, kabine pre\u0161le samo \u0161est metara&quot; - dmcsrb.com\" \/>\n<meta property=\"og:description\" content=\"U prvom zvani\u010dnom izvje\u0161taju o smrtonosnoj nesre\u0107i lisabonske uspinja\u010de, Kancelarija za prevenciju i istragu avionskih i \u017eeljezni\u010dkih nesre\u0107a navodi da je pukao kabal koji je povezivao dvije kabine, uprkos tome \u0161to je ko\u010dni\u010dar odmah aktivirao ko\u010dnice.\" \/>\n<meta property=\"og:url\" content=\"https:\/\/dmcsrb.com\/en\/svijet\/otkriven-uzrok-tragedije-u-lisabonu-sve-se-desilo-u-50-sekundi-kabine-presle-samo-sest-metara\/\" \/>\n<meta property=\"og:site_name\" content=\"dmcsrb.com\" \/>\n<meta property=\"article:published_time\" content=\"2025-09-07T03:37:00+00:00\" \/>\n<meta property=\"og:image\" content=\"https:\/\/dmcsrb.com\/wp-content\/uploads\/2026\/01\/Uspinjaca-Lisabon-nesreca-foto-AP.webp\" \/>\n\t<meta property=\"og:image:width\" content=\"966\" \/>\n\t<meta property=\"og:image:height\" content=\"637\" \/>\n\t<meta property=\"og:image:type\" content=\"image\/jpeg\" \/>\n<meta name=\"author\" content=\"dmcsrbija.com@gmail.com\" \/>\n<meta name=\"twitter:card\" content=\"summary_large_image\" \/>\n<meta name=\"twitter:label1\" content=\"Written by\" \/>\n\t<meta name=\"twitter:data1\" content=\"dmcsrbija.com@gmail.com\" \/>\n\t<meta name=\"twitter:label2\" content=\"Estimated reading time\" \/>\n\t<meta name=\"twitter:data2\" content=\"1 minute\" \/>\n<script type=\"application\/ld+json\" class=\"yoast-schema-graph\">{\"@context\":\"https:\\\/\\\/schema.org\",\"@graph\":[{\"@type\":\"Article\",\"@id\":\"https:\\\/\\\/dmcsrb.com\\\/svijet\\\/otkriven-uzrok-tragedije-u-lisabonu-sve-se-desilo-u-50-sekundi-kabine-presle-samo-sest-metara\\\/#article\",\"isPartOf\":{\"@id\":\"https:\\\/\\\/dmcsrb.com\\\/svijet\\\/otkriven-uzrok-tragedije-u-lisabonu-sve-se-desilo-u-50-sekundi-kabine-presle-samo-sest-metara\\\/\"},\"author\":{\"name\":\"dmcsrbija.com@gmail.com\",\"@id\":\"https:\\\/\\\/dmcsrb.com\\\/#\\\/schema\\\/person\\\/5c39170f12db1b8b457732d0b5c854e2\"},\"headline\":\"Otkriven uzrok tragedije u Lisabonu: &#8220;Sve se desilo u 50 sekundi, kabine pre\u0161le samo \u0161est metara&#8221;\",\"datePublished\":\"2025-09-07T03:37:00+00:00\",\"mainEntityOfPage\":{\"@id\":\"https:\\\/\\\/dmcsrb.com\\\/svijet\\\/otkriven-uzrok-tragedije-u-lisabonu-sve-se-desilo-u-50-sekundi-kabine-presle-samo-sest-metara\\\/\"},\"wordCount\":175,\"commentCount\":0,\"image\":{\"@id\":\"https:\\\/\\\/dmcsrb.com\\\/svijet\\\/otkriven-uzrok-tragedije-u-lisabonu-sve-se-desilo-u-50-sekundi-kabine-presle-samo-sest-metara\\\/#primaryimage\"},\"thumbnailUrl\":\"https:\\\/\\\/dmcsrb.com\\\/wp-content\\\/uploads\\\/2026\\\/01\\\/Uspinjaca-Lisabon-nesreca-foto-AP.webp\",\"keywords\":[\"Lisabon\",\"Uspinja\u010da\"],\"articleSection\":[\"Svijet\"],\"inLanguage\":\"en-GB\",\"potentialAction\":[{\"@type\":\"CommentAction\",\"name\":\"Comment\",\"target\":[\"https:\\\/\\\/dmcsrb.com\\\/svijet\\\/otkriven-uzrok-tragedije-u-lisabonu-sve-se-desilo-u-50-sekundi-kabine-presle-samo-sest-metara\\\/#respond\"]}]},{\"@type\":\"WebPage\",\"@id\":\"https:\\\/\\\/dmcsrb.com\\\/svijet\\\/otkriven-uzrok-tragedije-u-lisabonu-sve-se-desilo-u-50-sekundi-kabine-presle-samo-sest-metara\\\/\",\"url\":\"https:\\\/\\\/dmcsrb.com\\\/svijet\\\/otkriven-uzrok-tragedije-u-lisabonu-sve-se-desilo-u-50-sekundi-kabine-presle-samo-sest-metara\\\/\",\"name\":\"Otkriven uzrok tragedije u Lisabonu: \\\"Sve se desilo u 50 sekundi, kabine pre\u0161le samo \u0161est metara\\\" - dmcsrb.com\",\"isPartOf\":{\"@id\":\"https:\\\/\\\/dmcsrb.com\\\/#website\"},\"primaryImageOfPage\":{\"@id\":\"https:\\\/\\\/dmcsrb.com\\\/svijet\\\/otkriven-uzrok-tragedije-u-lisabonu-sve-se-desilo-u-50-sekundi-kabine-presle-samo-sest-metara\\\/#primaryimage\"},\"image\":{\"@id\":\"https:\\\/\\\/dmcsrb.com\\\/svijet\\\/otkriven-uzrok-tragedije-u-lisabonu-sve-se-desilo-u-50-sekundi-kabine-presle-samo-sest-metara\\\/#primaryimage\"},\"thumbnailUrl\":\"https:\\\/\\\/dmcsrb.com\\\/wp-content\\\/uploads\\\/2026\\\/01\\\/Uspinjaca-Lisabon-nesreca-foto-AP.webp\",\"datePublished\":\"2025-09-07T03:37:00+00:00\",\"author\":{\"@id\":\"https:\\\/\\\/dmcsrb.com\\\/#\\\/schema\\\/person\\\/5c39170f12db1b8b457732d0b5c854e2\"},\"breadcrumb\":{\"@id\":\"https:\\\/\\\/dmcsrb.com\\\/svijet\\\/otkriven-uzrok-tragedije-u-lisabonu-sve-se-desilo-u-50-sekundi-kabine-presle-samo-sest-metara\\\/#breadcrumb\"},\"inLanguage\":\"en-GB\",\"potentialAction\":[{\"@type\":\"ReadAction\",\"target\":[\"https:\\\/\\\/dmcsrb.com\\\/svijet\\\/otkriven-uzrok-tragedije-u-lisabonu-sve-se-desilo-u-50-sekundi-kabine-presle-samo-sest-metara\\\/\"]}]},{\"@type\":\"ImageObject\",\"inLanguage\":\"en-GB\",\"@id\":\"https:\\\/\\\/dmcsrb.com\\\/svijet\\\/otkriven-uzrok-tragedije-u-lisabonu-sve-se-desilo-u-50-sekundi-kabine-presle-samo-sest-metara\\\/#primaryimage\",\"url\":\"https:\\\/\\\/dmcsrb.com\\\/wp-content\\\/uploads\\\/2026\\\/01\\\/Uspinjaca-Lisabon-nesreca-foto-AP.webp\",\"contentUrl\":\"https:\\\/\\\/dmcsrb.com\\\/wp-content\\\/uploads\\\/2026\\\/01\\\/Uspinjaca-Lisabon-nesreca-foto-AP.webp\",\"width\":966,\"height\":637},{\"@type\":\"BreadcrumbList\",\"@id\":\"https:\\\/\\\/dmcsrb.com\\\/svijet\\\/otkriven-uzrok-tragedije-u-lisabonu-sve-se-desilo-u-50-sekundi-kabine-presle-samo-sest-metara\\\/#breadcrumb\",\"itemListElement\":[{\"@type\":\"ListItem\",\"position\":1,\"name\":\"Home\",\"item\":\"https:\\\/\\\/dmcsrb.com\\\/\"},{\"@type\":\"ListItem\",\"position\":2,\"name\":\"Otkriven uzrok tragedije u Lisabonu: &#8220;Sve se desilo u 50 sekundi, kabine pre\u0161le samo \u0161est metara&#8221;\"}]},{\"@type\":\"WebSite\",\"@id\":\"https:\\\/\\\/dmcsrb.com\\\/#website\",\"url\":\"https:\\\/\\\/dmcsrb.com\\\/\",\"name\":\"dmcsrb.com\",\"description\":\"\",\"potentialAction\":[{\"@type\":\"SearchAction\",\"target\":{\"@type\":\"EntryPoint\",\"urlTemplate\":\"https:\\\/\\\/dmcsrb.com\\\/?s={search_term_string}\"},\"query-input\":{\"@type\":\"PropertyValueSpecification\",\"valueRequired\":true,\"valueName\":\"search_term_string\"}}],\"inLanguage\":\"en-GB\"},{\"@type\":\"Person\",\"@id\":\"https:\\\/\\\/dmcsrb.com\\\/#\\\/schema\\\/person\\\/5c39170f12db1b8b457732d0b5c854e2\",\"name\":\"dmcsrbija.com@gmail.com\",\"image\":{\"@type\":\"ImageObject\",\"inLanguage\":\"en-GB\",\"@id\":\"https:\\\/\\\/secure.gravatar.com\\\/avatar\\\/68592660ad6347fad0fb587f8d5d8f1a7b44961362f56e4f2cd524feb87e9069?s=96&d=mm&r=g\",\"url\":\"https:\\\/\\\/secure.gravatar.com\\\/avatar\\\/68592660ad6347fad0fb587f8d5d8f1a7b44961362f56e4f2cd524feb87e9069?s=96&d=mm&r=g\",\"contentUrl\":\"https:\\\/\\\/secure.gravatar.com\\\/avatar\\\/68592660ad6347fad0fb587f8d5d8f1a7b44961362f56e4f2cd524feb87e9069?s=96&d=mm&r=g\",\"caption\":\"dmcsrbija.com@gmail.com\"},\"sameAs\":[\"https:\\\/\\\/dmcsrb.com\"],\"url\":\"https:\\\/\\\/dmcsrb.com\\\/en\\\/author\\\/dmcsrbija-comgmail-com\\\/\"}]}<\/script>\n<!-- \/ Yoast SEO plugin. -->","yoast_head_json":{"title":"Otkriven uzrok tragedije u Lisabonu: \"Sve se desilo u 50 sekundi, kabine pre\u0161le samo \u0161est metara\" - dmcsrb.com","robots":{"index":"index","follow":"follow","max-snippet":"max-snippet:-1","max-image-preview":"max-image-preview:large","max-video-preview":"max-video-preview:-1"},"canonical":"https:\/\/dmcsrb.com\/en\/svijet\/otkriven-uzrok-tragedije-u-lisabonu-sve-se-desilo-u-50-sekundi-kabine-presle-samo-sest-metara\/","og_locale":"en_GB","og_type":"article","og_title":"Otkriven uzrok tragedije u Lisabonu: \"Sve se desilo u 50 sekundi, kabine pre\u0161le samo \u0161est metara\" - dmcsrb.com","og_description":"U prvom zvani\u010dnom izvje\u0161taju o smrtonosnoj nesre\u0107i lisabonske uspinja\u010de, Kancelarija za prevenciju i istragu avionskih i \u017eeljezni\u010dkih nesre\u0107a navodi da je pukao kabal koji je povezivao dvije kabine, uprkos tome \u0161to je ko\u010dni\u010dar odmah aktivirao ko\u010dnice.","og_url":"https:\/\/dmcsrb.com\/en\/svijet\/otkriven-uzrok-tragedije-u-lisabonu-sve-se-desilo-u-50-sekundi-kabine-presle-samo-sest-metara\/","og_site_name":"dmcsrb.com","article_published_time":"2025-09-07T03:37:00+00:00","og_image":[{"width":966,"height":637,"url":"https:\/\/dmcsrb.com\/wp-content\/uploads\/2026\/01\/Uspinjaca-Lisabon-nesreca-foto-AP.webp","type":"image\/jpeg"}],"author":"dmcsrbija.com@gmail.com","twitter_card":"summary_large_image","twitter_misc":{"Written by":"dmcsrbija.com@gmail.com","Estimated reading time":"1 minute"},"schema":{"@context":"https:\/\/schema.org","@graph":[{"@type":"Article","@id":"https:\/\/dmcsrb.com\/svijet\/otkriven-uzrok-tragedije-u-lisabonu-sve-se-desilo-u-50-sekundi-kabine-presle-samo-sest-metara\/#article","isPartOf":{"@id":"https:\/\/dmcsrb.com\/svijet\/otkriven-uzrok-tragedije-u-lisabonu-sve-se-desilo-u-50-sekundi-kabine-presle-samo-sest-metara\/"},"author":{"name":"dmcsrbija.com@gmail.com","@id":"https:\/\/dmcsrb.com\/#\/schema\/person\/5c39170f12db1b8b457732d0b5c854e2"},"headline":"Otkriven uzrok tragedije u Lisabonu: &#8220;Sve se desilo u 50 sekundi, kabine pre\u0161le samo \u0161est metara&#8221;","datePublished":"2025-09-07T03:37:00+00:00","mainEntityOfPage":{"@id":"https:\/\/dmcsrb.com\/svijet\/otkriven-uzrok-tragedije-u-lisabonu-sve-se-desilo-u-50-sekundi-kabine-presle-samo-sest-metara\/"},"wordCount":175,"commentCount":0,"image":{"@id":"https:\/\/dmcsrb.com\/svijet\/otkriven-uzrok-tragedije-u-lisabonu-sve-se-desilo-u-50-sekundi-kabine-presle-samo-sest-metara\/#primaryimage"},"thumbnailUrl":"https:\/\/dmcsrb.com\/wp-content\/uploads\/2026\/01\/Uspinjaca-Lisabon-nesreca-foto-AP.webp","keywords":["Lisabon","Uspinja\u010da"],"articleSection":["Svijet"],"inLanguage":"en-GB","potentialAction":[{"@type":"CommentAction","name":"Comment","target":["https:\/\/dmcsrb.com\/svijet\/otkriven-uzrok-tragedije-u-lisabonu-sve-se-desilo-u-50-sekundi-kabine-presle-samo-sest-metara\/#respond"]}]},{"@type":"WebPage","@id":"https:\/\/dmcsrb.com\/svijet\/otkriven-uzrok-tragedije-u-lisabonu-sve-se-desilo-u-50-sekundi-kabine-presle-samo-sest-metara\/","url":"https:\/\/dmcsrb.com\/svijet\/otkriven-uzrok-tragedije-u-lisabonu-sve-se-desilo-u-50-sekundi-kabine-presle-samo-sest-metara\/","name":"Otkriven uzrok tragedije u Lisabonu: \"Sve se desilo u 50 sekundi, kabine pre\u0161le samo \u0161est metara\" - dmcsrb.com","isPartOf":{"@id":"https:\/\/dmcsrb.com\/#website"},"primaryImageOfPage":{"@id":"https:\/\/dmcsrb.com\/svijet\/otkriven-uzrok-tragedije-u-lisabonu-sve-se-desilo-u-50-sekundi-kabine-presle-samo-sest-metara\/#primaryimage"},"image":{"@id":"https:\/\/dmcsrb.com\/svijet\/otkriven-uzrok-tragedije-u-lisabonu-sve-se-desilo-u-50-sekundi-kabine-presle-samo-sest-metara\/#primaryimage"},"thumbnailUrl":"https:\/\/dmcsrb.com\/wp-content\/uploads\/2026\/01\/Uspinjaca-Lisabon-nesreca-foto-AP.webp","datePublished":"2025-09-07T03:37:00+00:00","author":{"@id":"https:\/\/dmcsrb.com\/#\/schema\/person\/5c39170f12db1b8b457732d0b5c854e2"},"breadcrumb":{"@id":"https:\/\/dmcsrb.com\/svijet\/otkriven-uzrok-tragedije-u-lisabonu-sve-se-desilo-u-50-sekundi-kabine-presle-samo-sest-metara\/#breadcrumb"},"inLanguage":"en-GB","potentialAction":[{"@type":"ReadAction","target":["https:\/\/dmcsrb.com\/svijet\/otkriven-uzrok-tragedije-u-lisabonu-sve-se-desilo-u-50-sekundi-kabine-presle-samo-sest-metara\/"]}]},{"@type":"ImageObject","inLanguage":"en-GB","@id":"https:\/\/dmcsrb.com\/svijet\/otkriven-uzrok-tragedije-u-lisabonu-sve-se-desilo-u-50-sekundi-kabine-presle-samo-sest-metara\/#primaryimage","url":"https:\/\/dmcsrb.com\/wp-content\/uploads\/2026\/01\/Uspinjaca-Lisabon-nesreca-foto-AP.webp","contentUrl":"https:\/\/dmcsrb.com\/wp-content\/uploads\/2026\/01\/Uspinjaca-Lisabon-nesreca-foto-AP.webp","width":966,"height":637},{"@type":"BreadcrumbList","@id":"https:\/\/dmcsrb.com\/svijet\/otkriven-uzrok-tragedije-u-lisabonu-sve-se-desilo-u-50-sekundi-kabine-presle-samo-sest-metara\/#breadcrumb","itemListElement":[{"@type":"ListItem","position":1,"name":"Home","item":"https:\/\/dmcsrb.com\/"},{"@type":"ListItem","position":2,"name":"Otkriven uzrok tragedije u Lisabonu: &#8220;Sve se desilo u 50 sekundi, kabine pre\u0161le samo \u0161est metara&#8221;"}]},{"@type":"WebSite","@id":"https:\/\/dmcsrb.com\/#website","url":"https:\/\/dmcsrb.com\/","name":"dmcsrb.com","description":"","potentialAction":[{"@type":"SearchAction","target":{"@type":"EntryPoint","urlTemplate":"https:\/\/dmcsrb.com\/?s={search_term_string}"},"query-input":{"@type":"PropertyValueSpecification","valueRequired":true,"valueName":"search_term_string"}}],"inLanguage":"en-GB"},{"@type":"Person","@id":"https:\/\/dmcsrb.com\/#\/schema\/person\/5c39170f12db1b8b457732d0b5c854e2","name":"dmcsrbija.com@gmail.com","image":{"@type":"ImageObject","inLanguage":"en-GB","@id":"https:\/\/secure.gravatar.com\/avatar\/68592660ad6347fad0fb587f8d5d8f1a7b44961362f56e4f2cd524feb87e9069?s=96&d=mm&r=g","url":"https:\/\/secure.gravatar.com\/avatar\/68592660ad6347fad0fb587f8d5d8f1a7b44961362f56e4f2cd524feb87e9069?s=96&d=mm&r=g","contentUrl":"https:\/\/secure.gravatar.com\/avatar\/68592660ad6347fad0fb587f8d5d8f1a7b44961362f56e4f2cd524feb87e9069?s=96&d=mm&r=g","caption":"dmcsrbija.com@gmail.com"},"sameAs":["https:\/\/dmcsrb.com"],"url":"https:\/\/dmcsrb.com\/en\/author\/dmcsrbija-comgmail-com\/"}]}},"_links":{"self":[{"href":"https:\/\/dmcsrb.com\/en\/wp-json\/wp\/v2\/posts\/950620","targetHints":{"allow":["GET"]}}],"collection":[{"href":"https:\/\/dmcsrb.com\/en\/wp-json\/wp\/v2\/posts"}],"about":[{"href":"https:\/\/dmcsrb.com\/en\/wp-json\/wp\/v2\/types\/post"}],"author":[{"embeddable":true,"href":"https:\/\/dmcsrb.com\/en\/wp-json\/wp\/v2\/users\/1"}],"replies":[{"embeddable":true,"href":"https:\/\/dmcsrb.com\/en\/wp-json\/wp\/v2\/comments?post=950620"}],"version-history":[{"count":0,"href":"https:\/\/dmcsrb.com\/en\/wp-json\/wp\/v2\/posts\/950620\/revisions"}],"wp:featuredmedia":[{"embeddable":true,"href":"https:\/\/dmcsrb.com\/en\/wp-json\/wp\/v2\/media\/950621"}],"wp:attachment":[{"href":"https:\/\/dmcsrb.com\/en\/wp-json\/wp\/v2\/media?parent=950620"}],"wp:term":[{"taxonomy":"category","embeddable":true,"href":"https:\/\/dmcsrb.com\/en\/wp-json\/wp\/v2\/categories?post=950620"},{"taxonomy":"post_tag","embeddable":true,"href":"https:\/\/dmcsrb.com\/en\/wp-json\/wp\/v2\/tags?post=950620"},{"taxonomy":"naslovna","embeddable":true,"href":"https:\/\/dmcsrb.com\/en\/wp-json\/wp\/v2\/naslovna?post=950620"}],"curies":[{"name":"wp","href":"https:\/\/api.w.org\/{rel}","templated":true}]}}