{"id":950619,"date":"2025-09-07T05:17:00","date_gmt":"2025-09-07T03:17:00","guid":{"rendered":"https:\/\/dmcsrb.com\/uncategorized\/njujorska-bitka-za-grend-slem-krunu-i-broj-jedan-siner-i-alkaraz-15-put-jedan-naspram-drugoga\/"},"modified":"2025-09-07T05:17:00","modified_gmt":"2025-09-07T03:17:00","slug":"njujorska-bitka-za-grend-slem-krunu-i-broj-jedan-siner-i-alkaraz-15-put-jedan-naspram-drugoga","status":"publish","type":"post","link":"https:\/\/dmcsrb.com\/en\/sport\/njujorska-bitka-za-grend-slem-krunu-i-broj-jedan-siner-i-alkaraz-15-put-jedan-naspram-drugoga\/","title":{"rendered":"Njujor\u0161ka bitka za grend slem krunu i broj jedan: Siner i Alkaraz 15. put jedan naspram drugoga"},"content":{"rendered":"<p>Bi\u0107e to njihov peti me\u0111usobni duel ove sezone, tre\u0107i na grend slemovima, a ukupno 15. u karijeri. \u0160panac vodi 9:5 u pobjedama, uklju\u010duju\u0107i i prednost 6:3 na betonu i 3:2 kada je rije\u010d o grend slem okr\u0161ajima.<\/p>\n\n\n\n<p>Te\u0161ko je re\u0107i ko je favorit, ali bukmejkeri ovog puta blagu prednost daju Italijanu.<\/p>\n\n\n\n<p>&#8220;Mnogo je unaprijedio servis. Ima i bolji ritam, a procenti su mu uvijek visoki. Sada je konstantniji, nema vi\u0161e velikih oscilacija. Na svakom turniru ide do kraja. Sli\u010dno se i ja osje\u0107am \u2013 bolje serviram, igra na mre\u017ei mi je napredovala, kretanje tako\u0111e. Fizi\u010dki sam spremniji. Jedva \u010dekam finale. Osje\u0107am da je ovdje na\u0161e rivalstvo i po\u010delo&#8221;, rekao je Siner.<\/p>\n\n\n\n<p>U polufinalu protiv Feliksa O\u017eea-Alijazima, Italijan je zatra\u017eio medicinski tajm-aut u pauzi izme\u0111u drugog i tre\u0107eg seta.<\/p>\n\n\n\n<p>&#8220;Nije bilo ni\u0161ta ozbiljno. Imao sam manji problem sa trbu\u0161nim mi\u0161i\u0107em, ali poslije intervencije sam se ve\u0107 osje\u0107ao bolje&#8221;, objasnio je.<\/p>\n\n\n\n<p>Na tri od posljednja \u010detiri grend slema (Rolan Garos, Vimbldon i US open), upravo Siner i Alkaraz odlu\u010duju o tituli, a posljednjih osam grend slemova osvojio je jedan od njih dvojice \u2013 Italijan ili \u0160panac.<\/p>\n\n\n\n<figure class=\"wp-block-image size-large\"><img decoding=\"async\" src=\"https:\/\/gradski.me\/wp-content\/uploads\/2025\/07\/Alkaraz-Siner-AP-Photo-Alessandra-Tarantino-1024x576.webp\" alt=\"\" class=\"wp-image-791733\"\/><figcaption class=\"wp-element-caption\">Foto: AP Photo\/Alessandra Tarantino<\/figcaption><\/figure>\n\n\n\n<p>Karlos je ove godine osvojio Rolan Garos u epskom finalu, spasiv\u0161i vi\u0161estruke me\u010d-lopte, i tako do\u0161ao do pete grend slem titule. Potom mu se Siner revan\u0161irao na Vimbldonu pobjedom 3:1. Njihov posljednji okr\u0161aj bio je u finalu mastersa u Sinsinatiju, gdje je Janik predao me\u010d nakon samo pet gemova zbog bolesti.<\/p>\n\n\n\n<figure class=\"wp-block-embed is-type-video is-provider-youtube wp-block-embed-youtube wp-embed-aspect-16-9 wp-has-aspect-ratio\"><div class=\"wp-block-embed__wrapper\">\n<iframe loading=\"lazy\" title=\"Highlights Sinner vs Alcaraz Final | Roland-Garros 2025\" width=\"500\" height=\"281\" src=\"https:\/\/www.youtube.com\/embed\/aERKJuBtIGw?feature=oembed\" frameborder=\"0\" allow=\"accelerometer; autoplay; clipboard-write; encrypted-media; gyroscope; picture-in-picture; web-share\" referrerpolicy=\"strict-origin-when-cross-origin\" allowfullscreen><\/iframe>\n<\/div><\/figure>\n\n\n\n<p>Siner ve\u010deras igra peto grend slem finale zaredom, uz samo jedan poraz \u2013 upravo od Alkaraza. Italijan je time postao tek \u010detvrti teniser u istoriji (nakon Roda Lejvera, Rod\u017eera Federera i Novaka \u0110okovi\u0107a) koji je uspio da u\u0111e u finala sva \u010detiri grend slema u jednoj sezoni. Sa samo 24 godine, najmla\u0111i je igra\u010d kojem je to po\u0161lo za rukom.<\/p>\n\n\n\n<figure class=\"wp-block-embed is-type-video is-provider-youtube wp-block-embed-youtube wp-embed-aspect-16-9 wp-has-aspect-ratio\"><div class=\"wp-block-embed__wrapper\">\n<iframe loading=\"lazy\" title=\"Carlos Alcaraz vs. Jannik Sinner Highlights | 2022 US Open Quarterfinal\" width=\"500\" height=\"281\" src=\"https:\/\/www.youtube.com\/embed\/tMZ4PRxEcp4?feature=oembed\" frameborder=\"0\" allow=\"accelerometer; autoplay; clipboard-write; encrypted-media; gyroscope; picture-in-picture; web-share\" referrerpolicy=\"strict-origin-when-cross-origin\" allowfullscreen><\/iframe>\n<\/div><\/figure>\n\n\n\n<p>Bi\u0107e ovo njihov drugi me\u0111usobni duel u Njujorku &#8211; prvi, iz 2022. godine, bio je spektakularan. Tada je Alkaraz slavio u \u010detvrtfinalu, nakon vi\u0161e od pet sati igre i borbe u pet setova.<\/p>\n\n\n\n<figure class=\"wp-block-image size-large\"><img decoding=\"async\" src=\"https:\/\/gradski.me\/wp-content\/uploads\/2025\/06\/Alkaraz-i-Siner-ATP-Tour-X-1024x691.jpg\" alt=\"\" class=\"wp-image-768296\"\/><figcaption class=\"wp-element-caption\">Foto: ATP Tour\/X<\/figcaption><\/figure>\n\n\n\n<p>Siner ve\u010deras juri i petu grend slem titulu, \u010dime bi se izjedna\u010dio sa Alkarazom i poku\u0161ao da postane prvi igra\u010d jo\u0161 od Rod\u017eera Federera (2008) koji je odbranio titulu na US openu.<\/p>\n\n\n\n<figure class=\"wp-block-embed is-type-rich is-provider-twitter wp-block-embed-twitter\"><div class=\"wp-block-embed__wrapper\">\n<blockquote class=\"twitter-tweet\" data-width=\"500\" data-dnt=\"true\"><p lang=\"en\" dir=\"ltr\">CARLOS ALCARAZ VS. JANNIK SINNER \ud83c\udfbe <br><br>For the THIRD straight time at a major men&#39;s singles final this year \ud83d\ude31 <a href=\"https:\/\/t.co\/DM5Zee95Ok\">pic.twitter.com\/DM5Zee95Ok<\/a><\/p>&mdash; ESPN (@espn) <a href=\"https:\/\/twitter.com\/espn\/status\/1964161049680064553?ref_src=twsrc%5Etfw\">September 6, 2025<\/a><\/blockquote><script async src=\"https:\/\/platform.twitter.com\/widgets.js\" charset=\"utf-8\"><\/script>\n<\/div><\/figure>\n\n\n\n<p>Alkaraz, s druge strane, \u017eeli da pobjegne na plus dva kada su u pitanju slem titule i da se vrati na \u010delo ATP liste, \u0161to bi ostvario osvajanjem pehara u \u201eVelikoj jabuci\u201c.<\/p>\n\n\n\n<p>Na putu do finala, Karlos nije izgubio nijedan set, dok je Siner ispustio dva \u2013 protiv Denisa \u0160apovalova u osmini finala i O\u017eea-Alijazima u polufinalu.<\/p>\n\n\n\n<p>Bez dileme, pred nama je spektakl i jo\u0161 jedna nezaboravna bitka dva teniska maga, a prema pisanju ameri\u010dkih medija, finalu \u0107e prisustvovati i prvi \u010dovjek te dr\u017eave, Donald Tramp. <\/p>\n\n\n\n<figure class=\"wp-block-embed is-type-rich is-provider-twitter wp-block-embed-twitter\"><div class=\"wp-block-embed__wrapper\">\n<blockquote class=\"twitter-tweet\" data-width=\"500\" data-dnt=\"true\"><p lang=\"es\" dir=\"ltr\">\u00bfA qu\u00e9 equipo perteneces? \ud83c\uddee\ud83c\uddf9\ud83c\uddea\ud83c\uddf8 <a href=\"https:\/\/t.co\/580PI0av38\">pic.twitter.com\/580PI0av38<\/a><\/p>&mdash; US Open Tennis (@usopen) <a href=\"https:\/\/twitter.com\/usopen\/status\/1964174475282285043?ref_src=twsrc%5Etfw\">September 6, 2025<\/a><\/blockquote><script async src=\"https:\/\/platform.twitter.com\/widgets.js\" charset=\"utf-8\"><\/script>\n<\/div><\/figure>","protected":false},"excerpt":{"rendered":"<p>Rivalstvo koje defini\u0161e novu eru svjetskog tenisa ve\u010deras dobija jo\u0161 jedno veliko poglavlje &#8211; Janik Siner i Karlos Alkaraz ukrsti\u0107e rekete u finalu US Opena na \u010duvenom &#8220;Artur E\u0161u&#8221; u me\u010du koji po\u010dinje od 20 sati po na\u0161em vremenu.<\/p>","protected":false},"author":1,"featured_media":916923,"comment_status":"open","ping_status":"open","sticky":false,"template":"","format":"standard","meta":{"_acf_changed":false,"footnotes":""},"categories":[148],"tags":[5863,3456,6460],"naslovna":[],"class_list":["post-950619","post","type-post","status-publish","format-standard","has-post-thumbnail","hentry","category-sport","tag-janik-siner","tag-karlos-alkaraz","tag-us-open"],"acf":[],"yoast_head":"<!-- This site is optimized with the Yoast SEO plugin v27.0 - https:\/\/yoast.com\/product\/yoast-seo-wordpress\/ -->\n<title>Njujor\u0161ka bitka za grend slem krunu i broj jedan: Siner i Alkaraz 15. put jedan naspram drugoga - dmcsrb.com<\/title>\n<meta name=\"robots\" content=\"index, follow, max-snippet:-1, max-image-preview:large, max-video-preview:-1\" \/>\n<link rel=\"canonical\" href=\"https:\/\/dmcsrb.com\/en\/sport\/njujorska-bitka-za-grend-slem-krunu-i-broj-jedan-siner-i-alkaraz-15-put-jedan-naspram-drugoga\/\" \/>\n<meta property=\"og:locale\" content=\"en_GB\" \/>\n<meta property=\"og:type\" content=\"article\" \/>\n<meta property=\"og:title\" content=\"Njujor\u0161ka bitka za grend slem krunu i broj jedan: Siner i Alkaraz 15. put jedan naspram drugoga - dmcsrb.com\" \/>\n<meta property=\"og:description\" content=\"Rivalstvo koje defini\u0161e novu eru svjetskog tenisa ve\u010deras dobija jo\u0161 jedno veliko poglavlje - Janik Siner i Karlos Alkaraz ukrsti\u0107e rekete u finalu US Opena na \u010duvenom &quot;Artur E\u0161u&quot; u me\u010du koji po\u010dinje od 20 sati po na\u0161em vremenu.\" \/>\n<meta property=\"og:url\" content=\"https:\/\/dmcsrb.com\/en\/sport\/njujorska-bitka-za-grend-slem-krunu-i-broj-jedan-siner-i-alkaraz-15-put-jedan-naspram-drugoga\/\" \/>\n<meta property=\"og:site_name\" content=\"dmcsrb.com\" \/>\n<meta property=\"article:published_time\" content=\"2025-09-07T03:17:00+00:00\" \/>\n<meta property=\"og:image\" content=\"https:\/\/dmcsrb.com\/wp-content\/uploads\/2026\/01\/Siner-Alkaraz-AP-Photo-Kirsty-Wigglesworth.webp\" \/>\n\t<meta property=\"og:image:width\" content=\"1600\" \/>\n\t<meta property=\"og:image:height\" content=\"1066\" \/>\n\t<meta property=\"og:image:type\" content=\"image\/webp\" \/>\n<meta name=\"author\" content=\"dmcsrbija.com@gmail.com\" \/>\n<meta name=\"twitter:card\" content=\"summary_large_image\" \/>\n<meta name=\"twitter:label1\" content=\"Written by\" \/>\n\t<meta name=\"twitter:data1\" content=\"dmcsrbija.com@gmail.com\" \/>\n\t<meta name=\"twitter:label2\" content=\"Estimated reading time\" \/>\n\t<meta name=\"twitter:data2\" content=\"3 minutes\" \/>\n<script type=\"application\/ld+json\" class=\"yoast-schema-graph\">{\"@context\":\"https:\/\/schema.org\",\"@graph\":[{\"@type\":\"Article\",\"@id\":\"https:\/\/dmcsrb.com\/sport\/njujorska-bitka-za-grend-slem-krunu-i-broj-jedan-siner-i-alkaraz-15-put-jedan-naspram-drugoga\/#article\",\"isPartOf\":{\"@id\":\"https:\/\/dmcsrb.com\/sport\/njujorska-bitka-za-grend-slem-krunu-i-broj-jedan-siner-i-alkaraz-15-put-jedan-naspram-drugoga\/\"},\"author\":{\"name\":\"dmcsrbija.com@gmail.com\",\"@id\":\"https:\/\/dmcsrb.com\/#\/schema\/person\/5c39170f12db1b8b457732d0b5c854e2\"},\"headline\":\"Njujor\u0161ka bitka za grend slem krunu i broj jedan: Siner i Alkaraz 15. put jedan naspram drugoga\",\"datePublished\":\"2025-09-07T03:17:00+00:00\",\"mainEntityOfPage\":{\"@id\":\"https:\/\/dmcsrb.com\/sport\/njujorska-bitka-za-grend-slem-krunu-i-broj-jedan-siner-i-alkaraz-15-put-jedan-naspram-drugoga\/\"},\"wordCount\":528,\"commentCount\":0,\"image\":{\"@id\":\"https:\/\/dmcsrb.com\/sport\/njujorska-bitka-za-grend-slem-krunu-i-broj-jedan-siner-i-alkaraz-15-put-jedan-naspram-drugoga\/#primaryimage\"},\"thumbnailUrl\":\"https:\/\/dmcsrb.com\/wp-content\/uploads\/2026\/01\/Siner-Alkaraz-AP-Photo-Kirsty-Wigglesworth.webp\",\"keywords\":[\"Janik Siner\",\"Karlos Alkaraz\",\"US open\"],\"articleSection\":[\"Sport\"],\"inLanguage\":\"en-GB\",\"potentialAction\":[{\"@type\":\"CommentAction\",\"name\":\"Comment\",\"target\":[\"https:\/\/dmcsrb.com\/sport\/njujorska-bitka-za-grend-slem-krunu-i-broj-jedan-siner-i-alkaraz-15-put-jedan-naspram-drugoga\/#respond\"]}]},{\"@type\":\"WebPage\",\"@id\":\"https:\/\/dmcsrb.com\/sport\/njujorska-bitka-za-grend-slem-krunu-i-broj-jedan-siner-i-alkaraz-15-put-jedan-naspram-drugoga\/\",\"url\":\"https:\/\/dmcsrb.com\/sport\/njujorska-bitka-za-grend-slem-krunu-i-broj-jedan-siner-i-alkaraz-15-put-jedan-naspram-drugoga\/\",\"name\":\"Njujor\u0161ka bitka za grend slem krunu i broj jedan: Siner i Alkaraz 15. put jedan naspram drugoga - dmcsrb.com\",\"isPartOf\":{\"@id\":\"https:\/\/dmcsrb.com\/#website\"},\"primaryImageOfPage\":{\"@id\":\"https:\/\/dmcsrb.com\/sport\/njujorska-bitka-za-grend-slem-krunu-i-broj-jedan-siner-i-alkaraz-15-put-jedan-naspram-drugoga\/#primaryimage\"},\"image\":{\"@id\":\"https:\/\/dmcsrb.com\/sport\/njujorska-bitka-za-grend-slem-krunu-i-broj-jedan-siner-i-alkaraz-15-put-jedan-naspram-drugoga\/#primaryimage\"},\"thumbnailUrl\":\"https:\/\/dmcsrb.com\/wp-content\/uploads\/2026\/01\/Siner-Alkaraz-AP-Photo-Kirsty-Wigglesworth.webp\",\"datePublished\":\"2025-09-07T03:17:00+00:00\",\"author\":{\"@id\":\"https:\/\/dmcsrb.com\/#\/schema\/person\/5c39170f12db1b8b457732d0b5c854e2\"},\"breadcrumb\":{\"@id\":\"https:\/\/dmcsrb.com\/sport\/njujorska-bitka-za-grend-slem-krunu-i-broj-jedan-siner-i-alkaraz-15-put-jedan-naspram-drugoga\/#breadcrumb\"},\"inLanguage\":\"en-GB\",\"potentialAction\":[{\"@type\":\"ReadAction\",\"target\":[\"https:\/\/dmcsrb.com\/sport\/njujorska-bitka-za-grend-slem-krunu-i-broj-jedan-siner-i-alkaraz-15-put-jedan-naspram-drugoga\/\"]}]},{\"@type\":\"ImageObject\",\"inLanguage\":\"en-GB\",\"@id\":\"https:\/\/dmcsrb.com\/sport\/njujorska-bitka-za-grend-slem-krunu-i-broj-jedan-siner-i-alkaraz-15-put-jedan-naspram-drugoga\/#primaryimage\",\"url\":\"https:\/\/dmcsrb.com\/wp-content\/uploads\/2026\/01\/Siner-Alkaraz-AP-Photo-Kirsty-Wigglesworth.webp\",\"contentUrl\":\"https:\/\/dmcsrb.com\/wp-content\/uploads\/2026\/01\/Siner-Alkaraz-AP-Photo-Kirsty-Wigglesworth.webp\",\"width\":1600,\"height\":1066},{\"@type\":\"BreadcrumbList\",\"@id\":\"https:\/\/dmcsrb.com\/sport\/njujorska-bitka-za-grend-slem-krunu-i-broj-jedan-siner-i-alkaraz-15-put-jedan-naspram-drugoga\/#breadcrumb\",\"itemListElement\":[{\"@type\":\"ListItem\",\"position\":1,\"name\":\"Home\",\"item\":\"https:\/\/dmcsrb.com\/\"},{\"@type\":\"ListItem\",\"position\":2,\"name\":\"Njujor\u0161ka bitka za grend slem krunu i broj jedan: Siner i Alkaraz 15. put jedan naspram drugoga\"}]},{\"@type\":\"WebSite\",\"@id\":\"https:\/\/dmcsrb.com\/#website\",\"url\":\"https:\/\/dmcsrb.com\/\",\"name\":\"dmcsrb.com\",\"description\":\"\",\"potentialAction\":[{\"@type\":\"SearchAction\",\"target\":{\"@type\":\"EntryPoint\",\"urlTemplate\":\"https:\/\/dmcsrb.com\/?s={search_term_string}\"},\"query-input\":{\"@type\":\"PropertyValueSpecification\",\"valueRequired\":true,\"valueName\":\"search_term_string\"}}],\"inLanguage\":\"en-GB\"},{\"@type\":\"Person\",\"@id\":\"https:\/\/dmcsrb.com\/#\/schema\/person\/5c39170f12db1b8b457732d0b5c854e2\",\"name\":\"dmcsrbija.com@gmail.com\",\"image\":{\"@type\":\"ImageObject\",\"inLanguage\":\"en-GB\",\"@id\":\"https:\/\/dmcsrb.com\/#\/schema\/person\/image\/\",\"url\":\"https:\/\/secure.gravatar.com\/avatar\/68592660ad6347fad0fb587f8d5d8f1a7b44961362f56e4f2cd524feb87e9069?s=96&d=mm&r=g\",\"contentUrl\":\"https:\/\/secure.gravatar.com\/avatar\/68592660ad6347fad0fb587f8d5d8f1a7b44961362f56e4f2cd524feb87e9069?s=96&d=mm&r=g\",\"caption\":\"dmcsrbija.com@gmail.com\"},\"sameAs\":[\"https:\/\/dmcsrb.com\"],\"url\":\"https:\/\/dmcsrb.com\/en\/author\/dmcsrbija-comgmail-com\/\"}]}<\/script>\n<!-- \/ Yoast SEO plugin. -->","yoast_head_json":{"title":"Njujor\u0161ka bitka za grend slem krunu i broj jedan: Siner i Alkaraz 15. put jedan naspram drugoga - dmcsrb.com","robots":{"index":"index","follow":"follow","max-snippet":"max-snippet:-1","max-image-preview":"max-image-preview:large","max-video-preview":"max-video-preview:-1"},"canonical":"https:\/\/dmcsrb.com\/en\/sport\/njujorska-bitka-za-grend-slem-krunu-i-broj-jedan-siner-i-alkaraz-15-put-jedan-naspram-drugoga\/","og_locale":"en_GB","og_type":"article","og_title":"Njujor\u0161ka bitka za grend slem krunu i broj jedan: Siner i Alkaraz 15. put jedan naspram drugoga - dmcsrb.com","og_description":"Rivalstvo koje defini\u0161e novu eru svjetskog tenisa ve\u010deras dobija jo\u0161 jedno veliko poglavlje - Janik Siner i Karlos Alkaraz ukrsti\u0107e rekete u finalu US Opena na \u010duvenom \"Artur E\u0161u\" u me\u010du koji po\u010dinje od 20 sati po na\u0161em vremenu.","og_url":"https:\/\/dmcsrb.com\/en\/sport\/njujorska-bitka-za-grend-slem-krunu-i-broj-jedan-siner-i-alkaraz-15-put-jedan-naspram-drugoga\/","og_site_name":"dmcsrb.com","article_published_time":"2025-09-07T03:17:00+00:00","og_image":[{"width":1600,"height":1066,"url":"https:\/\/dmcsrb.com\/wp-content\/uploads\/2026\/01\/Siner-Alkaraz-AP-Photo-Kirsty-Wigglesworth.webp","type":"image\/webp"}],"author":"dmcsrbija.com@gmail.com","twitter_card":"summary_large_image","twitter_misc":{"Written by":"dmcsrbija.com@gmail.com","Estimated reading time":"3 minutes"},"schema":{"@context":"https:\/\/schema.org","@graph":[{"@type":"Article","@id":"https:\/\/dmcsrb.com\/sport\/njujorska-bitka-za-grend-slem-krunu-i-broj-jedan-siner-i-alkaraz-15-put-jedan-naspram-drugoga\/#article","isPartOf":{"@id":"https:\/\/dmcsrb.com\/sport\/njujorska-bitka-za-grend-slem-krunu-i-broj-jedan-siner-i-alkaraz-15-put-jedan-naspram-drugoga\/"},"author":{"name":"dmcsrbija.com@gmail.com","@id":"https:\/\/dmcsrb.com\/#\/schema\/person\/5c39170f12db1b8b457732d0b5c854e2"},"headline":"Njujor\u0161ka bitka za grend slem krunu i broj jedan: Siner i Alkaraz 15. put jedan naspram drugoga","datePublished":"2025-09-07T03:17:00+00:00","mainEntityOfPage":{"@id":"https:\/\/dmcsrb.com\/sport\/njujorska-bitka-za-grend-slem-krunu-i-broj-jedan-siner-i-alkaraz-15-put-jedan-naspram-drugoga\/"},"wordCount":528,"commentCount":0,"image":{"@id":"https:\/\/dmcsrb.com\/sport\/njujorska-bitka-za-grend-slem-krunu-i-broj-jedan-siner-i-alkaraz-15-put-jedan-naspram-drugoga\/#primaryimage"},"thumbnailUrl":"https:\/\/dmcsrb.com\/wp-content\/uploads\/2026\/01\/Siner-Alkaraz-AP-Photo-Kirsty-Wigglesworth.webp","keywords":["Janik Siner","Karlos Alkaraz","US open"],"articleSection":["Sport"],"inLanguage":"en-GB","potentialAction":[{"@type":"CommentAction","name":"Comment","target":["https:\/\/dmcsrb.com\/sport\/njujorska-bitka-za-grend-slem-krunu-i-broj-jedan-siner-i-alkaraz-15-put-jedan-naspram-drugoga\/#respond"]}]},{"@type":"WebPage","@id":"https:\/\/dmcsrb.com\/sport\/njujorska-bitka-za-grend-slem-krunu-i-broj-jedan-siner-i-alkaraz-15-put-jedan-naspram-drugoga\/","url":"https:\/\/dmcsrb.com\/sport\/njujorska-bitka-za-grend-slem-krunu-i-broj-jedan-siner-i-alkaraz-15-put-jedan-naspram-drugoga\/","name":"Njujor\u0161ka bitka za grend slem krunu i broj jedan: Siner i Alkaraz 15. put jedan naspram drugoga - dmcsrb.com","isPartOf":{"@id":"https:\/\/dmcsrb.com\/#website"},"primaryImageOfPage":{"@id":"https:\/\/dmcsrb.com\/sport\/njujorska-bitka-za-grend-slem-krunu-i-broj-jedan-siner-i-alkaraz-15-put-jedan-naspram-drugoga\/#primaryimage"},"image":{"@id":"https:\/\/dmcsrb.com\/sport\/njujorska-bitka-za-grend-slem-krunu-i-broj-jedan-siner-i-alkaraz-15-put-jedan-naspram-drugoga\/#primaryimage"},"thumbnailUrl":"https:\/\/dmcsrb.com\/wp-content\/uploads\/2026\/01\/Siner-Alkaraz-AP-Photo-Kirsty-Wigglesworth.webp","datePublished":"2025-09-07T03:17:00+00:00","author":{"@id":"https:\/\/dmcsrb.com\/#\/schema\/person\/5c39170f12db1b8b457732d0b5c854e2"},"breadcrumb":{"@id":"https:\/\/dmcsrb.com\/sport\/njujorska-bitka-za-grend-slem-krunu-i-broj-jedan-siner-i-alkaraz-15-put-jedan-naspram-drugoga\/#breadcrumb"},"inLanguage":"en-GB","potentialAction":[{"@type":"ReadAction","target":["https:\/\/dmcsrb.com\/sport\/njujorska-bitka-za-grend-slem-krunu-i-broj-jedan-siner-i-alkaraz-15-put-jedan-naspram-drugoga\/"]}]},{"@type":"ImageObject","inLanguage":"en-GB","@id":"https:\/\/dmcsrb.com\/sport\/njujorska-bitka-za-grend-slem-krunu-i-broj-jedan-siner-i-alkaraz-15-put-jedan-naspram-drugoga\/#primaryimage","url":"https:\/\/dmcsrb.com\/wp-content\/uploads\/2026\/01\/Siner-Alkaraz-AP-Photo-Kirsty-Wigglesworth.webp","contentUrl":"https:\/\/dmcsrb.com\/wp-content\/uploads\/2026\/01\/Siner-Alkaraz-AP-Photo-Kirsty-Wigglesworth.webp","width":1600,"height":1066},{"@type":"BreadcrumbList","@id":"https:\/\/dmcsrb.com\/sport\/njujorska-bitka-za-grend-slem-krunu-i-broj-jedan-siner-i-alkaraz-15-put-jedan-naspram-drugoga\/#breadcrumb","itemListElement":[{"@type":"ListItem","position":1,"name":"Home","item":"https:\/\/dmcsrb.com\/"},{"@type":"ListItem","position":2,"name":"Njujor\u0161ka bitka za grend slem krunu i broj jedan: Siner i Alkaraz 15. put jedan naspram drugoga"}]},{"@type":"WebSite","@id":"https:\/\/dmcsrb.com\/#website","url":"https:\/\/dmcsrb.com\/","name":"dmcsrb.com","description":"","potentialAction":[{"@type":"SearchAction","target":{"@type":"EntryPoint","urlTemplate":"https:\/\/dmcsrb.com\/?s={search_term_string}"},"query-input":{"@type":"PropertyValueSpecification","valueRequired":true,"valueName":"search_term_string"}}],"inLanguage":"en-GB"},{"@type":"Person","@id":"https:\/\/dmcsrb.com\/#\/schema\/person\/5c39170f12db1b8b457732d0b5c854e2","name":"dmcsrbija.com@gmail.com","image":{"@type":"ImageObject","inLanguage":"en-GB","@id":"https:\/\/dmcsrb.com\/#\/schema\/person\/image\/","url":"https:\/\/secure.gravatar.com\/avatar\/68592660ad6347fad0fb587f8d5d8f1a7b44961362f56e4f2cd524feb87e9069?s=96&d=mm&r=g","contentUrl":"https:\/\/secure.gravatar.com\/avatar\/68592660ad6347fad0fb587f8d5d8f1a7b44961362f56e4f2cd524feb87e9069?s=96&d=mm&r=g","caption":"dmcsrbija.com@gmail.com"},"sameAs":["https:\/\/dmcsrb.com"],"url":"https:\/\/dmcsrb.com\/en\/author\/dmcsrbija-comgmail-com\/"}]}},"_links":{"self":[{"href":"https:\/\/dmcsrb.com\/en\/wp-json\/wp\/v2\/posts\/950619","targetHints":{"allow":["GET"]}}],"collection":[{"href":"https:\/\/dmcsrb.com\/en\/wp-json\/wp\/v2\/posts"}],"about":[{"href":"https:\/\/dmcsrb.com\/en\/wp-json\/wp\/v2\/types\/post"}],"author":[{"embeddable":true,"href":"https:\/\/dmcsrb.com\/en\/wp-json\/wp\/v2\/users\/1"}],"replies":[{"embeddable":true,"href":"https:\/\/dmcsrb.com\/en\/wp-json\/wp\/v2\/comments?post=950619"}],"version-history":[{"count":0,"href":"https:\/\/dmcsrb.com\/en\/wp-json\/wp\/v2\/posts\/950619\/revisions"}],"wp:featuredmedia":[{"embeddable":true,"href":"https:\/\/dmcsrb.com\/en\/wp-json\/wp\/v2\/media\/916923"}],"wp:attachment":[{"href":"https:\/\/dmcsrb.com\/en\/wp-json\/wp\/v2\/media?parent=950619"}],"wp:term":[{"taxonomy":"category","embeddable":true,"href":"https:\/\/dmcsrb.com\/en\/wp-json\/wp\/v2\/categories?post=950619"},{"taxonomy":"post_tag","embeddable":true,"href":"https:\/\/dmcsrb.com\/en\/wp-json\/wp\/v2\/tags?post=950619"},{"taxonomy":"naslovna","embeddable":true,"href":"https:\/\/dmcsrb.com\/en\/wp-json\/wp\/v2\/naslovna?post=950619"}],"curies":[{"name":"wp","href":"https:\/\/api.w.org\/{rel}","templated":true}]}}