{"id":950576,"date":"2025-09-06T17:52:00","date_gmt":"2025-09-06T15:52:00","guid":{"rendered":"https:\/\/dmcsrb.com\/uncategorized\/video-podgoricu-u-prvih-sedam-mjeseci-posjetilo-vise-od-107-000-turista-zabiljezeno-skoro-200-000-nocenja\/"},"modified":"2025-09-06T17:52:00","modified_gmt":"2025-09-06T15:52:00","slug":"video-podgoricu-u-prvih-sedam-mjeseci-posjetilo-vise-od-107-000-turista-zabiljezeno-skoro-200-000-nocenja","status":"publish","type":"post","link":"https:\/\/dmcsrb.com\/en\/podgorica\/video-podgoricu-u-prvih-sedam-mjeseci-posjetilo-vise-od-107-000-turista-zabiljezeno-skoro-200-000-nocenja\/","title":{"rendered":"(VIDEO) Podgoricu u prvih sedam mjeseci posjetilo vi\u0161e od 107.000 turista, zabilje\u017eeno skoro 200.000 no\u0107enja"},"content":{"rendered":"<p>&#8220;Iako jul bilje\u017ei blagi pad, tokom prvih sedam mjeseci ove godine, generalno, zabilje\u017een je rast broja turista u glavnom gradu&#8221;, saop\u0161tila je portparolka Turisti\u010dke organizacije Podgorica, <strong>Sla\u0111ana Rabrenovi\u0107<\/strong>.<\/p>\n\n\n\n<p>Kako navodi, od januara do kraja jula ukupno je ostvareno 107.560 dolazaka u kolektivne smje\u0161taje, \u0161to je 4% vi\u0161e u odnosu na isti period 2024. godine. Broj no\u0107enja iznosio je 198.454.<\/p>\n\n\n\n<p>,,Najve\u0107u posje\u0107enost bilje\u017ei se iz dr\u017eava poput Kine, Turske, Izraela, SAD-a, Njema\u010dke, Francuske kao i iz regiona. \u0160to se ti\u010de strukture gostiju, najvi\u0161e imamo tranzitnih, tokom ljetnje sezone, \u0161to naravno nije slu\u010daj kada je u pitanju cijela godina gdje su dominantni poslovni turisti&#8221;, kazala je Rabrenovi\u0107.<\/p>\n\n\n\n<p>Turisti\u010dka organizacija Podgorice ove godine obogatila je svoju ponudu, pa je u saradnji sa partnerima organizovala brojne koncerte na Trgu nezavisnosti, izlete, dje\u010dje i porodi\u010dne manifestacije, kao i Dane vina i ukljeve. Primije\u0107eno je, obja\u0161njava Rabrenovi\u0107, da turisti posebno vole spoj kulture, zabave i prirode, pa su sli\u010dni doga\u0111aji ve\u0107 u najavi za naredni period.<\/p>\n\n\n\n<p>,Manifestacija pod nazivom ,,No\u0107 punog mjeseca\u201c je 7. septembra na brdu Gorica, 14. septembra je Family cup u parku Kru\u0161evac, od 18-21. septembra Street food festival i 20. i 21. ,,Podgorica pod epohama&#8221;.<\/p>\n\n\n\n<p>Ove godine bi\u0107e odr\u017eana 40. dodjela nagrade \u201eBiramo najbolje u turizmu i ugostiteljstvu\u201cu Podgorici za 2025. godinu, a prijave su otvorene do 25. septembra za sve pojedince i kolektive, podsjetila je Rabrenovi\u0107.<\/p>\n\n\n\n<figure class=\"wp-block-embed is-type-video is-provider-youtube wp-block-embed-youtube wp-embed-aspect-16-9 wp-has-aspect-ratio\"><div class=\"wp-block-embed__wrapper\">\n<iframe loading=\"lazy\" title=\"Podgoricu u prvih sedam mjeseci posjetilo vi\u0161e od 107.000 turista, zabilje\u017eeno skoro 200.000 no\u0107enja\" width=\"500\" height=\"281\" src=\"https:\/\/www.youtube.com\/embed\/UHantBdEqRI?feature=oembed\" frameborder=\"0\" allow=\"accelerometer; autoplay; clipboard-write; encrypted-media; gyroscope; picture-in-picture; web-share\" referrerpolicy=\"strict-origin-when-cross-origin\" allowfullscreen><\/iframe>\n<\/div><\/figure>","protected":false},"excerpt":{"rendered":"<p>Prema zvani\u010dnim podacima, Glavni grad je tokom jula posjetilo 21.148 gostiju u kolektivnom smje\u0161taju, \u0161to je za 4 odsto manje nego u istom periodu pro\u0161le godine. Ukupno je ostvareno 38.146 no\u0107enja, \u0161to predstavlja pad od 3 odsto u odnosu na prethodnu godinu, ka\u017eu za Gradsku u Turisti\u010dkoj organizaciji Podgorica.<\/p>","protected":false},"author":1,"featured_media":950577,"comment_status":"open","ping_status":"open","sticky":false,"template":"","format":"standard","meta":{"_acf_changed":false,"footnotes":""},"categories":[56],"tags":[2755,2753,1516],"naslovna":[],"class_list":["post-950576","post","type-post","status-publish","format-standard","has-post-thumbnail","hentry","category-podgorica","tag-sladjana-rabrenovic","tag-to-podgorica","tag-turisti"],"acf":[],"yoast_head":"<!-- This site is optimized with the Yoast SEO plugin v27.0 - https:\/\/yoast.com\/product\/yoast-seo-wordpress\/ -->\n<title>(VIDEO) Podgoricu u prvih sedam mjeseci posjetilo vi\u0161e od 107.000 turista, zabilje\u017eeno skoro 200.000 no\u0107enja - dmcsrb.com<\/title>\n<meta name=\"robots\" content=\"index, follow, max-snippet:-1, max-image-preview:large, max-video-preview:-1\" \/>\n<link rel=\"canonical\" href=\"https:\/\/dmcsrb.com\/en\/podgorica\/video-podgoricu-u-prvih-sedam-mjeseci-posjetilo-vise-od-107-000-turista-zabiljezeno-skoro-200-000-nocenja\/\" \/>\n<meta property=\"og:locale\" content=\"en_GB\" \/>\n<meta property=\"og:type\" content=\"article\" \/>\n<meta property=\"og:title\" content=\"(VIDEO) Podgoricu u prvih sedam mjeseci posjetilo vi\u0161e od 107.000 turista, zabilje\u017eeno skoro 200.000 no\u0107enja - dmcsrb.com\" \/>\n<meta property=\"og:description\" content=\"Prema zvani\u010dnim podacima, Glavni grad je tokom jula posjetilo 21.148 gostiju u kolektivnom smje\u0161taju, \u0161to je za 4 odsto manje nego u istom periodu pro\u0161le godine. Ukupno je ostvareno 38.146 no\u0107enja, \u0161to predstavlja pad od 3 odsto u odnosu na prethodnu godinu, ka\u017eu za Gradsku u Turisti\u010dkoj organizaciji Podgorica.\" \/>\n<meta property=\"og:url\" content=\"https:\/\/dmcsrb.com\/en\/podgorica\/video-podgoricu-u-prvih-sedam-mjeseci-posjetilo-vise-od-107-000-turista-zabiljezeno-skoro-200-000-nocenja\/\" \/>\n<meta property=\"og:site_name\" content=\"dmcsrb.com\" \/>\n<meta property=\"article:published_time\" content=\"2025-09-06T15:52:00+00:00\" \/>\n<meta property=\"og:image\" content=\"https:\/\/dmcsrb.com\/wp-content\/uploads\/2026\/01\/Podgorica-panorama-mostovi-foto-gradski.webp\" \/>\n\t<meta property=\"og:image:width\" content=\"1524\" \/>\n\t<meta property=\"og:image:height\" content=\"877\" \/>\n\t<meta property=\"og:image:type\" content=\"image\/jpeg\" \/>\n<meta name=\"author\" content=\"dmcsrbija.com@gmail.com\" \/>\n<meta name=\"twitter:card\" content=\"summary_large_image\" \/>\n<meta name=\"twitter:label1\" content=\"Written by\" \/>\n\t<meta name=\"twitter:data1\" content=\"dmcsrbija.com@gmail.com\" \/>\n\t<meta name=\"twitter:label2\" content=\"Estimated reading time\" \/>\n\t<meta name=\"twitter:data2\" content=\"1 minute\" \/>\n<script type=\"application\/ld+json\" class=\"yoast-schema-graph\">{\"@context\":\"https:\/\/schema.org\",\"@graph\":[{\"@type\":\"Article\",\"@id\":\"https:\/\/dmcsrb.com\/podgorica\/video-podgoricu-u-prvih-sedam-mjeseci-posjetilo-vise-od-107-000-turista-zabiljezeno-skoro-200-000-nocenja\/#article\",\"isPartOf\":{\"@id\":\"https:\/\/dmcsrb.com\/podgorica\/video-podgoricu-u-prvih-sedam-mjeseci-posjetilo-vise-od-107-000-turista-zabiljezeno-skoro-200-000-nocenja\/\"},\"author\":{\"name\":\"dmcsrbija.com@gmail.com\",\"@id\":\"https:\/\/dmcsrb.com\/#\/schema\/person\/5c39170f12db1b8b457732d0b5c854e2\"},\"headline\":\"(VIDEO) Podgoricu u prvih sedam mjeseci posjetilo vi\u0161e od 107.000 turista, zabilje\u017eeno skoro 200.000 no\u0107enja\",\"datePublished\":\"2025-09-06T15:52:00+00:00\",\"mainEntityOfPage\":{\"@id\":\"https:\/\/dmcsrb.com\/podgorica\/video-podgoricu-u-prvih-sedam-mjeseci-posjetilo-vise-od-107-000-turista-zabiljezeno-skoro-200-000-nocenja\/\"},\"wordCount\":264,\"commentCount\":0,\"image\":{\"@id\":\"https:\/\/dmcsrb.com\/podgorica\/video-podgoricu-u-prvih-sedam-mjeseci-posjetilo-vise-od-107-000-turista-zabiljezeno-skoro-200-000-nocenja\/#primaryimage\"},\"thumbnailUrl\":\"https:\/\/dmcsrb.com\/wp-content\/uploads\/2026\/01\/Podgorica-panorama-mostovi-foto-gradski.webp\",\"keywords\":[\"Sla\u0111ana Rabrenovi\u0107\",\"TO Podgorica\",\"turisti\"],\"articleSection\":[\"Podgorica\"],\"inLanguage\":\"en-GB\",\"potentialAction\":[{\"@type\":\"CommentAction\",\"name\":\"Comment\",\"target\":[\"https:\/\/dmcsrb.com\/podgorica\/video-podgoricu-u-prvih-sedam-mjeseci-posjetilo-vise-od-107-000-turista-zabiljezeno-skoro-200-000-nocenja\/#respond\"]}]},{\"@type\":\"WebPage\",\"@id\":\"https:\/\/dmcsrb.com\/podgorica\/video-podgoricu-u-prvih-sedam-mjeseci-posjetilo-vise-od-107-000-turista-zabiljezeno-skoro-200-000-nocenja\/\",\"url\":\"https:\/\/dmcsrb.com\/podgorica\/video-podgoricu-u-prvih-sedam-mjeseci-posjetilo-vise-od-107-000-turista-zabiljezeno-skoro-200-000-nocenja\/\",\"name\":\"(VIDEO) Podgoricu u prvih sedam mjeseci posjetilo vi\u0161e od 107.000 turista, zabilje\u017eeno skoro 200.000 no\u0107enja - dmcsrb.com\",\"isPartOf\":{\"@id\":\"https:\/\/dmcsrb.com\/#website\"},\"primaryImageOfPage\":{\"@id\":\"https:\/\/dmcsrb.com\/podgorica\/video-podgoricu-u-prvih-sedam-mjeseci-posjetilo-vise-od-107-000-turista-zabiljezeno-skoro-200-000-nocenja\/#primaryimage\"},\"image\":{\"@id\":\"https:\/\/dmcsrb.com\/podgorica\/video-podgoricu-u-prvih-sedam-mjeseci-posjetilo-vise-od-107-000-turista-zabiljezeno-skoro-200-000-nocenja\/#primaryimage\"},\"thumbnailUrl\":\"https:\/\/dmcsrb.com\/wp-content\/uploads\/2026\/01\/Podgorica-panorama-mostovi-foto-gradski.webp\",\"datePublished\":\"2025-09-06T15:52:00+00:00\",\"author\":{\"@id\":\"https:\/\/dmcsrb.com\/#\/schema\/person\/5c39170f12db1b8b457732d0b5c854e2\"},\"breadcrumb\":{\"@id\":\"https:\/\/dmcsrb.com\/podgorica\/video-podgoricu-u-prvih-sedam-mjeseci-posjetilo-vise-od-107-000-turista-zabiljezeno-skoro-200-000-nocenja\/#breadcrumb\"},\"inLanguage\":\"en-GB\",\"potentialAction\":[{\"@type\":\"ReadAction\",\"target\":[\"https:\/\/dmcsrb.com\/podgorica\/video-podgoricu-u-prvih-sedam-mjeseci-posjetilo-vise-od-107-000-turista-zabiljezeno-skoro-200-000-nocenja\/\"]}]},{\"@type\":\"ImageObject\",\"inLanguage\":\"en-GB\",\"@id\":\"https:\/\/dmcsrb.com\/podgorica\/video-podgoricu-u-prvih-sedam-mjeseci-posjetilo-vise-od-107-000-turista-zabiljezeno-skoro-200-000-nocenja\/#primaryimage\",\"url\":\"https:\/\/dmcsrb.com\/wp-content\/uploads\/2026\/01\/Podgorica-panorama-mostovi-foto-gradski.webp\",\"contentUrl\":\"https:\/\/dmcsrb.com\/wp-content\/uploads\/2026\/01\/Podgorica-panorama-mostovi-foto-gradski.webp\",\"width\":1524,\"height\":877},{\"@type\":\"BreadcrumbList\",\"@id\":\"https:\/\/dmcsrb.com\/podgorica\/video-podgoricu-u-prvih-sedam-mjeseci-posjetilo-vise-od-107-000-turista-zabiljezeno-skoro-200-000-nocenja\/#breadcrumb\",\"itemListElement\":[{\"@type\":\"ListItem\",\"position\":1,\"name\":\"Home\",\"item\":\"https:\/\/dmcsrb.com\/\"},{\"@type\":\"ListItem\",\"position\":2,\"name\":\"(VIDEO) Podgoricu u prvih sedam mjeseci posjetilo vi\u0161e od 107.000 turista, zabilje\u017eeno skoro 200.000 no\u0107enja\"}]},{\"@type\":\"WebSite\",\"@id\":\"https:\/\/dmcsrb.com\/#website\",\"url\":\"https:\/\/dmcsrb.com\/\",\"name\":\"dmcsrb.com\",\"description\":\"\",\"potentialAction\":[{\"@type\":\"SearchAction\",\"target\":{\"@type\":\"EntryPoint\",\"urlTemplate\":\"https:\/\/dmcsrb.com\/?s={search_term_string}\"},\"query-input\":{\"@type\":\"PropertyValueSpecification\",\"valueRequired\":true,\"valueName\":\"search_term_string\"}}],\"inLanguage\":\"en-GB\"},{\"@type\":\"Person\",\"@id\":\"https:\/\/dmcsrb.com\/#\/schema\/person\/5c39170f12db1b8b457732d0b5c854e2\",\"name\":\"dmcsrbija.com@gmail.com\",\"image\":{\"@type\":\"ImageObject\",\"inLanguage\":\"en-GB\",\"@id\":\"https:\/\/dmcsrb.com\/#\/schema\/person\/image\/\",\"url\":\"https:\/\/secure.gravatar.com\/avatar\/68592660ad6347fad0fb587f8d5d8f1a7b44961362f56e4f2cd524feb87e9069?s=96&d=mm&r=g\",\"contentUrl\":\"https:\/\/secure.gravatar.com\/avatar\/68592660ad6347fad0fb587f8d5d8f1a7b44961362f56e4f2cd524feb87e9069?s=96&d=mm&r=g\",\"caption\":\"dmcsrbija.com@gmail.com\"},\"sameAs\":[\"https:\/\/dmcsrb.com\"],\"url\":\"https:\/\/dmcsrb.com\/en\/author\/dmcsrbija-comgmail-com\/\"}]}<\/script>\n<!-- \/ Yoast SEO plugin. -->","yoast_head_json":{"title":"(VIDEO) Podgoricu u prvih sedam mjeseci posjetilo vi\u0161e od 107.000 turista, zabilje\u017eeno skoro 200.000 no\u0107enja - dmcsrb.com","robots":{"index":"index","follow":"follow","max-snippet":"max-snippet:-1","max-image-preview":"max-image-preview:large","max-video-preview":"max-video-preview:-1"},"canonical":"https:\/\/dmcsrb.com\/en\/podgorica\/video-podgoricu-u-prvih-sedam-mjeseci-posjetilo-vise-od-107-000-turista-zabiljezeno-skoro-200-000-nocenja\/","og_locale":"en_GB","og_type":"article","og_title":"(VIDEO) Podgoricu u prvih sedam mjeseci posjetilo vi\u0161e od 107.000 turista, zabilje\u017eeno skoro 200.000 no\u0107enja - dmcsrb.com","og_description":"Prema zvani\u010dnim podacima, Glavni grad je tokom jula posjetilo 21.148 gostiju u kolektivnom smje\u0161taju, \u0161to je za 4 odsto manje nego u istom periodu pro\u0161le godine. Ukupno je ostvareno 38.146 no\u0107enja, \u0161to predstavlja pad od 3 odsto u odnosu na prethodnu godinu, ka\u017eu za Gradsku u Turisti\u010dkoj organizaciji Podgorica.","og_url":"https:\/\/dmcsrb.com\/en\/podgorica\/video-podgoricu-u-prvih-sedam-mjeseci-posjetilo-vise-od-107-000-turista-zabiljezeno-skoro-200-000-nocenja\/","og_site_name":"dmcsrb.com","article_published_time":"2025-09-06T15:52:00+00:00","og_image":[{"width":1524,"height":877,"url":"https:\/\/dmcsrb.com\/wp-content\/uploads\/2026\/01\/Podgorica-panorama-mostovi-foto-gradski.webp","type":"image\/jpeg"}],"author":"dmcsrbija.com@gmail.com","twitter_card":"summary_large_image","twitter_misc":{"Written by":"dmcsrbija.com@gmail.com","Estimated reading time":"1 minute"},"schema":{"@context":"https:\/\/schema.org","@graph":[{"@type":"Article","@id":"https:\/\/dmcsrb.com\/podgorica\/video-podgoricu-u-prvih-sedam-mjeseci-posjetilo-vise-od-107-000-turista-zabiljezeno-skoro-200-000-nocenja\/#article","isPartOf":{"@id":"https:\/\/dmcsrb.com\/podgorica\/video-podgoricu-u-prvih-sedam-mjeseci-posjetilo-vise-od-107-000-turista-zabiljezeno-skoro-200-000-nocenja\/"},"author":{"name":"dmcsrbija.com@gmail.com","@id":"https:\/\/dmcsrb.com\/#\/schema\/person\/5c39170f12db1b8b457732d0b5c854e2"},"headline":"(VIDEO) Podgoricu u prvih sedam mjeseci posjetilo vi\u0161e od 107.000 turista, zabilje\u017eeno skoro 200.000 no\u0107enja","datePublished":"2025-09-06T15:52:00+00:00","mainEntityOfPage":{"@id":"https:\/\/dmcsrb.com\/podgorica\/video-podgoricu-u-prvih-sedam-mjeseci-posjetilo-vise-od-107-000-turista-zabiljezeno-skoro-200-000-nocenja\/"},"wordCount":264,"commentCount":0,"image":{"@id":"https:\/\/dmcsrb.com\/podgorica\/video-podgoricu-u-prvih-sedam-mjeseci-posjetilo-vise-od-107-000-turista-zabiljezeno-skoro-200-000-nocenja\/#primaryimage"},"thumbnailUrl":"https:\/\/dmcsrb.com\/wp-content\/uploads\/2026\/01\/Podgorica-panorama-mostovi-foto-gradski.webp","keywords":["Sla\u0111ana Rabrenovi\u0107","TO Podgorica","turisti"],"articleSection":["Podgorica"],"inLanguage":"en-GB","potentialAction":[{"@type":"CommentAction","name":"Comment","target":["https:\/\/dmcsrb.com\/podgorica\/video-podgoricu-u-prvih-sedam-mjeseci-posjetilo-vise-od-107-000-turista-zabiljezeno-skoro-200-000-nocenja\/#respond"]}]},{"@type":"WebPage","@id":"https:\/\/dmcsrb.com\/podgorica\/video-podgoricu-u-prvih-sedam-mjeseci-posjetilo-vise-od-107-000-turista-zabiljezeno-skoro-200-000-nocenja\/","url":"https:\/\/dmcsrb.com\/podgorica\/video-podgoricu-u-prvih-sedam-mjeseci-posjetilo-vise-od-107-000-turista-zabiljezeno-skoro-200-000-nocenja\/","name":"(VIDEO) Podgoricu u prvih sedam mjeseci posjetilo vi\u0161e od 107.000 turista, zabilje\u017eeno skoro 200.000 no\u0107enja - dmcsrb.com","isPartOf":{"@id":"https:\/\/dmcsrb.com\/#website"},"primaryImageOfPage":{"@id":"https:\/\/dmcsrb.com\/podgorica\/video-podgoricu-u-prvih-sedam-mjeseci-posjetilo-vise-od-107-000-turista-zabiljezeno-skoro-200-000-nocenja\/#primaryimage"},"image":{"@id":"https:\/\/dmcsrb.com\/podgorica\/video-podgoricu-u-prvih-sedam-mjeseci-posjetilo-vise-od-107-000-turista-zabiljezeno-skoro-200-000-nocenja\/#primaryimage"},"thumbnailUrl":"https:\/\/dmcsrb.com\/wp-content\/uploads\/2026\/01\/Podgorica-panorama-mostovi-foto-gradski.webp","datePublished":"2025-09-06T15:52:00+00:00","author":{"@id":"https:\/\/dmcsrb.com\/#\/schema\/person\/5c39170f12db1b8b457732d0b5c854e2"},"breadcrumb":{"@id":"https:\/\/dmcsrb.com\/podgorica\/video-podgoricu-u-prvih-sedam-mjeseci-posjetilo-vise-od-107-000-turista-zabiljezeno-skoro-200-000-nocenja\/#breadcrumb"},"inLanguage":"en-GB","potentialAction":[{"@type":"ReadAction","target":["https:\/\/dmcsrb.com\/podgorica\/video-podgoricu-u-prvih-sedam-mjeseci-posjetilo-vise-od-107-000-turista-zabiljezeno-skoro-200-000-nocenja\/"]}]},{"@type":"ImageObject","inLanguage":"en-GB","@id":"https:\/\/dmcsrb.com\/podgorica\/video-podgoricu-u-prvih-sedam-mjeseci-posjetilo-vise-od-107-000-turista-zabiljezeno-skoro-200-000-nocenja\/#primaryimage","url":"https:\/\/dmcsrb.com\/wp-content\/uploads\/2026\/01\/Podgorica-panorama-mostovi-foto-gradski.webp","contentUrl":"https:\/\/dmcsrb.com\/wp-content\/uploads\/2026\/01\/Podgorica-panorama-mostovi-foto-gradski.webp","width":1524,"height":877},{"@type":"BreadcrumbList","@id":"https:\/\/dmcsrb.com\/podgorica\/video-podgoricu-u-prvih-sedam-mjeseci-posjetilo-vise-od-107-000-turista-zabiljezeno-skoro-200-000-nocenja\/#breadcrumb","itemListElement":[{"@type":"ListItem","position":1,"name":"Home","item":"https:\/\/dmcsrb.com\/"},{"@type":"ListItem","position":2,"name":"(VIDEO) Podgoricu u prvih sedam mjeseci posjetilo vi\u0161e od 107.000 turista, zabilje\u017eeno skoro 200.000 no\u0107enja"}]},{"@type":"WebSite","@id":"https:\/\/dmcsrb.com\/#website","url":"https:\/\/dmcsrb.com\/","name":"dmcsrb.com","description":"","potentialAction":[{"@type":"SearchAction","target":{"@type":"EntryPoint","urlTemplate":"https:\/\/dmcsrb.com\/?s={search_term_string}"},"query-input":{"@type":"PropertyValueSpecification","valueRequired":true,"valueName":"search_term_string"}}],"inLanguage":"en-GB"},{"@type":"Person","@id":"https:\/\/dmcsrb.com\/#\/schema\/person\/5c39170f12db1b8b457732d0b5c854e2","name":"dmcsrbija.com@gmail.com","image":{"@type":"ImageObject","inLanguage":"en-GB","@id":"https:\/\/dmcsrb.com\/#\/schema\/person\/image\/","url":"https:\/\/secure.gravatar.com\/avatar\/68592660ad6347fad0fb587f8d5d8f1a7b44961362f56e4f2cd524feb87e9069?s=96&d=mm&r=g","contentUrl":"https:\/\/secure.gravatar.com\/avatar\/68592660ad6347fad0fb587f8d5d8f1a7b44961362f56e4f2cd524feb87e9069?s=96&d=mm&r=g","caption":"dmcsrbija.com@gmail.com"},"sameAs":["https:\/\/dmcsrb.com"],"url":"https:\/\/dmcsrb.com\/en\/author\/dmcsrbija-comgmail-com\/"}]}},"_links":{"self":[{"href":"https:\/\/dmcsrb.com\/en\/wp-json\/wp\/v2\/posts\/950576","targetHints":{"allow":["GET"]}}],"collection":[{"href":"https:\/\/dmcsrb.com\/en\/wp-json\/wp\/v2\/posts"}],"about":[{"href":"https:\/\/dmcsrb.com\/en\/wp-json\/wp\/v2\/types\/post"}],"author":[{"embeddable":true,"href":"https:\/\/dmcsrb.com\/en\/wp-json\/wp\/v2\/users\/1"}],"replies":[{"embeddable":true,"href":"https:\/\/dmcsrb.com\/en\/wp-json\/wp\/v2\/comments?post=950576"}],"version-history":[{"count":0,"href":"https:\/\/dmcsrb.com\/en\/wp-json\/wp\/v2\/posts\/950576\/revisions"}],"wp:featuredmedia":[{"embeddable":true,"href":"https:\/\/dmcsrb.com\/en\/wp-json\/wp\/v2\/media\/950577"}],"wp:attachment":[{"href":"https:\/\/dmcsrb.com\/en\/wp-json\/wp\/v2\/media?parent=950576"}],"wp:term":[{"taxonomy":"category","embeddable":true,"href":"https:\/\/dmcsrb.com\/en\/wp-json\/wp\/v2\/categories?post=950576"},{"taxonomy":"post_tag","embeddable":true,"href":"https:\/\/dmcsrb.com\/en\/wp-json\/wp\/v2\/tags?post=950576"},{"taxonomy":"naslovna","embeddable":true,"href":"https:\/\/dmcsrb.com\/en\/wp-json\/wp\/v2\/naslovna?post=950576"}],"curies":[{"name":"wp","href":"https:\/\/api.w.org\/{rel}","templated":true}]}}