{"id":950497,"date":"2025-09-06T09:00:05","date_gmt":"2025-09-06T07:00:05","guid":{"rendered":"https:\/\/dmcsrb.com\/uncategorized\/ulcinj-uhapsen-nastavnik-osumnjicen-da-je-seksualno-uznemiravao-devetogodisnju-ucenicu\/"},"modified":"2025-09-06T09:00:05","modified_gmt":"2025-09-06T07:00:05","slug":"ulcinj-uhapsen-nastavnik-osumnjicen-da-je-seksualno-uznemiravao-devetogodisnju-ucenicu","status":"publish","type":"post","link":"https:\/\/dmcsrb.com\/en\/hronika\/ulcinj-uhapsen-nastavnik-osumnjicen-da-je-seksualno-uznemiravao-devetogodisnju-ucenicu\/","title":{"rendered":"Ulcinj: Uhap\u0161en nastavnik, osumnji\u010den da je seksualno uznemiravao devetogodi\u0161nju u\u010denicu"},"content":{"rendered":"<p><\/p>\n\n\n\n<p>Osumnji\u010deni je nastavnik, dok je o\u0161te\u0107eno dijete u\u010denica jedne \u0161kole, navode iz Uprave policije.<\/p>\n\n\n\n<p>&#8221;Doga\u0111aj je Policiji prijavljen 02.09.2025. godine, nakon \u010dega su policijski slu\u017ebenici bez odlaganja, sa posebnom pa\u017enjom i senzibilitetom jer se radi o maloljetnom djetetu, preduzeli sve potrebne mjere i radnje kako bi se utvrdile \u010dinjenice u prijavljenom doga\u0111aju&#8221;, isti\u010du iz Uprave policije.<\/p>\n\n\n\n<p>Prikupljena su obavje\u0161tenja od vi\u0161e lica a preduzete su i druge policijske mjere i radnje, navode iz Uprave policije.<\/p>\n\n\n\n<p>&#8221;O svemu su obavije\u0161teni dr\u017eavni tu\u017eilac u Osnovnom dr\u017eavnom tu\u017eila\u0161tvu u Ulcinju, dr\u017eavni tu\u017eilac u Vi\u0161em dr\u017eavnom tu\u017eila\u0161tvu u Podgorici i Centar za socijalni rad&#8221;, isti\u010du iz Uprave policije.<\/p>\n\n\n\n<p>Nakon prikupljenih dodatnih obavje\u0161tenja, nadle\u017eni dr\u017eavni tu\u017eilac u Osnovnom dr\u017eavnom tu\u017eila\u0161tvu u Ulcinju se izjasnio da se u doga\u0111aju sti\u010du bitni elementi bi\u0107a krivi\u010dnog djela seksualno uznemiravanje i nalo\u017eio da se osumnji\u010deni R.P. li\u0161i slobode, navode iz Uprave policije.<\/p>\n\n\n\n<p>&#8221;R.P. je saslu\u0161an kod nadle\u017enog tu\u017eioca koji je potom donio rje\u0161enje o zadr\u017eavanju osumnji\u010denog u policijskim prostorijama do 72 sata, do privoda sudiji za istragu&#8221;, zaklju\u010duju iz Uprave policije.<\/p>","protected":false},"excerpt":{"rendered":"<p>Policijski slu\u017ebenici Odjeljenja bezbjednosti Ulcinj li\u0161ili su slobode R.P (66) iz Ulcinja, zbog sumnje da je, na \u0161tetu djevoj\u010dice stare devet godina, po\u010dinio krivi\u010dno djelo seksualno uznemiravanje, saop\u0161teno je iz Uprave policije.<\/p>","protected":false},"author":1,"featured_media":950498,"comment_status":"open","ping_status":"open","sticky":false,"template":"","format":"standard","meta":{"_acf_changed":false,"footnotes":""},"categories":[17],"tags":[7103,82,7104,4433,1838],"naslovna":[],"class_list":["post-950497","post","type-post","status-publish","format-standard","has-post-thumbnail","hentry","category-hronika","tag-devetogodisnju-ucenicu","tag-hapsenje","tag-nastavnik","tag-seksualno-uznemiravanje","tag-ulcinj"],"acf":[],"yoast_head":"<!-- This site is optimized with the Yoast SEO plugin v27.4 - https:\/\/yoast.com\/product\/yoast-seo-wordpress\/ -->\n<title>Ulcinj: Uhap\u0161en nastavnik, osumnji\u010den da je seksualno uznemiravao devetogodi\u0161nju u\u010denicu - dmcsrb.com<\/title>\n<meta name=\"robots\" content=\"index, follow, max-snippet:-1, max-image-preview:large, max-video-preview:-1\" \/>\n<link rel=\"canonical\" href=\"https:\/\/dmcsrb.com\/en\/hronika\/ulcinj-uhapsen-nastavnik-osumnjicen-da-je-seksualno-uznemiravao-devetogodisnju-ucenicu\/\" \/>\n<meta property=\"og:locale\" content=\"en_GB\" \/>\n<meta property=\"og:type\" content=\"article\" \/>\n<meta property=\"og:title\" content=\"Ulcinj: Uhap\u0161en nastavnik, osumnji\u010den da je seksualno uznemiravao devetogodi\u0161nju u\u010denicu - dmcsrb.com\" \/>\n<meta property=\"og:description\" content=\"Policijski slu\u017ebenici Odjeljenja bezbjednosti Ulcinj li\u0161ili su slobode R.P (66) iz Ulcinja, zbog sumnje da je, na \u0161tetu djevoj\u010dice stare devet godina, po\u010dinio krivi\u010dno djelo seksualno uznemiravanje, saop\u0161teno je iz Uprave policije.\" \/>\n<meta property=\"og:url\" content=\"https:\/\/dmcsrb.com\/en\/hronika\/ulcinj-uhapsen-nastavnik-osumnjicen-da-je-seksualno-uznemiravao-devetogodisnju-ucenicu\/\" \/>\n<meta property=\"og:site_name\" content=\"dmcsrb.com\" \/>\n<meta property=\"article:published_time\" content=\"2025-09-06T07:00:05+00:00\" \/>\n<meta property=\"og:image\" content=\"https:\/\/dmcsrb.com\/wp-content\/uploads\/2026\/01\/ulcinj1.webp\" \/>\n\t<meta property=\"og:image:width\" content=\"1118\" \/>\n\t<meta property=\"og:image:height\" content=\"745\" \/>\n\t<meta property=\"og:image:type\" content=\"image\/jpeg\" \/>\n<meta name=\"author\" content=\"dmcsrbija.com@gmail.com\" \/>\n<meta name=\"twitter:card\" content=\"summary_large_image\" \/>\n<meta name=\"twitter:label1\" content=\"Written by\" \/>\n\t<meta name=\"twitter:data1\" content=\"dmcsrbija.com@gmail.com\" \/>\n\t<meta name=\"twitter:label2\" content=\"Estimated reading time\" \/>\n\t<meta name=\"twitter:data2\" content=\"1 minute\" \/>\n<script type=\"application\/ld+json\" class=\"yoast-schema-graph\">{\"@context\":\"https:\\\/\\\/schema.org\",\"@graph\":[{\"@type\":\"Article\",\"@id\":\"https:\\\/\\\/dmcsrb.com\\\/hronika\\\/ulcinj-uhapsen-nastavnik-osumnjicen-da-je-seksualno-uznemiravao-devetogodisnju-ucenicu\\\/#article\",\"isPartOf\":{\"@id\":\"https:\\\/\\\/dmcsrb.com\\\/hronika\\\/ulcinj-uhapsen-nastavnik-osumnjicen-da-je-seksualno-uznemiravao-devetogodisnju-ucenicu\\\/\"},\"author\":{\"name\":\"dmcsrbija.com@gmail.com\",\"@id\":\"https:\\\/\\\/dmcsrb.com\\\/#\\\/schema\\\/person\\\/5c39170f12db1b8b457732d0b5c854e2\"},\"headline\":\"Ulcinj: Uhap\u0161en nastavnik, osumnji\u010den da je seksualno uznemiravao devetogodi\u0161nju u\u010denicu\",\"datePublished\":\"2025-09-06T07:00:05+00:00\",\"mainEntityOfPage\":{\"@id\":\"https:\\\/\\\/dmcsrb.com\\\/hronika\\\/ulcinj-uhapsen-nastavnik-osumnjicen-da-je-seksualno-uznemiravao-devetogodisnju-ucenicu\\\/\"},\"wordCount\":231,\"commentCount\":0,\"image\":{\"@id\":\"https:\\\/\\\/dmcsrb.com\\\/hronika\\\/ulcinj-uhapsen-nastavnik-osumnjicen-da-je-seksualno-uznemiravao-devetogodisnju-ucenicu\\\/#primaryimage\"},\"thumbnailUrl\":\"https:\\\/\\\/dmcsrb.com\\\/wp-content\\\/uploads\\\/2026\\\/01\\\/ulcinj1.webp\",\"keywords\":[\"Devetogodi\u0161nju u\u010denicu\",\"hap\u0161enje\",\"nastavnik\",\"Seksualno uznemiravanje\",\"Ulcinj\"],\"articleSection\":[\"Hronika\"],\"inLanguage\":\"en-GB\",\"potentialAction\":[{\"@type\":\"CommentAction\",\"name\":\"Comment\",\"target\":[\"https:\\\/\\\/dmcsrb.com\\\/hronika\\\/ulcinj-uhapsen-nastavnik-osumnjicen-da-je-seksualno-uznemiravao-devetogodisnju-ucenicu\\\/#respond\"]}]},{\"@type\":\"WebPage\",\"@id\":\"https:\\\/\\\/dmcsrb.com\\\/hronika\\\/ulcinj-uhapsen-nastavnik-osumnjicen-da-je-seksualno-uznemiravao-devetogodisnju-ucenicu\\\/\",\"url\":\"https:\\\/\\\/dmcsrb.com\\\/hronika\\\/ulcinj-uhapsen-nastavnik-osumnjicen-da-je-seksualno-uznemiravao-devetogodisnju-ucenicu\\\/\",\"name\":\"Ulcinj: Uhap\u0161en nastavnik, osumnji\u010den da je seksualno uznemiravao devetogodi\u0161nju u\u010denicu - dmcsrb.com\",\"isPartOf\":{\"@id\":\"https:\\\/\\\/dmcsrb.com\\\/#website\"},\"primaryImageOfPage\":{\"@id\":\"https:\\\/\\\/dmcsrb.com\\\/hronika\\\/ulcinj-uhapsen-nastavnik-osumnjicen-da-je-seksualno-uznemiravao-devetogodisnju-ucenicu\\\/#primaryimage\"},\"image\":{\"@id\":\"https:\\\/\\\/dmcsrb.com\\\/hronika\\\/ulcinj-uhapsen-nastavnik-osumnjicen-da-je-seksualno-uznemiravao-devetogodisnju-ucenicu\\\/#primaryimage\"},\"thumbnailUrl\":\"https:\\\/\\\/dmcsrb.com\\\/wp-content\\\/uploads\\\/2026\\\/01\\\/ulcinj1.webp\",\"datePublished\":\"2025-09-06T07:00:05+00:00\",\"author\":{\"@id\":\"https:\\\/\\\/dmcsrb.com\\\/#\\\/schema\\\/person\\\/5c39170f12db1b8b457732d0b5c854e2\"},\"breadcrumb\":{\"@id\":\"https:\\\/\\\/dmcsrb.com\\\/hronika\\\/ulcinj-uhapsen-nastavnik-osumnjicen-da-je-seksualno-uznemiravao-devetogodisnju-ucenicu\\\/#breadcrumb\"},\"inLanguage\":\"en-GB\",\"potentialAction\":[{\"@type\":\"ReadAction\",\"target\":[\"https:\\\/\\\/dmcsrb.com\\\/hronika\\\/ulcinj-uhapsen-nastavnik-osumnjicen-da-je-seksualno-uznemiravao-devetogodisnju-ucenicu\\\/\"]}]},{\"@type\":\"ImageObject\",\"inLanguage\":\"en-GB\",\"@id\":\"https:\\\/\\\/dmcsrb.com\\\/hronika\\\/ulcinj-uhapsen-nastavnik-osumnjicen-da-je-seksualno-uznemiravao-devetogodisnju-ucenicu\\\/#primaryimage\",\"url\":\"https:\\\/\\\/dmcsrb.com\\\/wp-content\\\/uploads\\\/2026\\\/01\\\/ulcinj1.webp\",\"contentUrl\":\"https:\\\/\\\/dmcsrb.com\\\/wp-content\\\/uploads\\\/2026\\\/01\\\/ulcinj1.webp\",\"width\":1118,\"height\":745},{\"@type\":\"BreadcrumbList\",\"@id\":\"https:\\\/\\\/dmcsrb.com\\\/hronika\\\/ulcinj-uhapsen-nastavnik-osumnjicen-da-je-seksualno-uznemiravao-devetogodisnju-ucenicu\\\/#breadcrumb\",\"itemListElement\":[{\"@type\":\"ListItem\",\"position\":1,\"name\":\"Home\",\"item\":\"https:\\\/\\\/dmcsrb.com\\\/\"},{\"@type\":\"ListItem\",\"position\":2,\"name\":\"Ulcinj: Uhap\u0161en nastavnik, osumnji\u010den da je seksualno uznemiravao devetogodi\u0161nju u\u010denicu\"}]},{\"@type\":\"WebSite\",\"@id\":\"https:\\\/\\\/dmcsrb.com\\\/#website\",\"url\":\"https:\\\/\\\/dmcsrb.com\\\/\",\"name\":\"dmcsrb.com\",\"description\":\"\",\"potentialAction\":[{\"@type\":\"SearchAction\",\"target\":{\"@type\":\"EntryPoint\",\"urlTemplate\":\"https:\\\/\\\/dmcsrb.com\\\/?s={search_term_string}\"},\"query-input\":{\"@type\":\"PropertyValueSpecification\",\"valueRequired\":true,\"valueName\":\"search_term_string\"}}],\"inLanguage\":\"en-GB\"},{\"@type\":\"Person\",\"@id\":\"https:\\\/\\\/dmcsrb.com\\\/#\\\/schema\\\/person\\\/5c39170f12db1b8b457732d0b5c854e2\",\"name\":\"dmcsrbija.com@gmail.com\",\"image\":{\"@type\":\"ImageObject\",\"inLanguage\":\"en-GB\",\"@id\":\"https:\\\/\\\/secure.gravatar.com\\\/avatar\\\/68592660ad6347fad0fb587f8d5d8f1a7b44961362f56e4f2cd524feb87e9069?s=96&d=mm&r=g\",\"url\":\"https:\\\/\\\/secure.gravatar.com\\\/avatar\\\/68592660ad6347fad0fb587f8d5d8f1a7b44961362f56e4f2cd524feb87e9069?s=96&d=mm&r=g\",\"contentUrl\":\"https:\\\/\\\/secure.gravatar.com\\\/avatar\\\/68592660ad6347fad0fb587f8d5d8f1a7b44961362f56e4f2cd524feb87e9069?s=96&d=mm&r=g\",\"caption\":\"dmcsrbija.com@gmail.com\"},\"sameAs\":[\"https:\\\/\\\/dmcsrb.com\"],\"url\":\"https:\\\/\\\/dmcsrb.com\\\/en\\\/author\\\/dmcsrbija-comgmail-com\\\/\"}]}<\/script>\n<!-- \/ Yoast SEO plugin. -->","yoast_head_json":{"title":"Ulcinj: Uhap\u0161en nastavnik, osumnji\u010den da je seksualno uznemiravao devetogodi\u0161nju u\u010denicu - dmcsrb.com","robots":{"index":"index","follow":"follow","max-snippet":"max-snippet:-1","max-image-preview":"max-image-preview:large","max-video-preview":"max-video-preview:-1"},"canonical":"https:\/\/dmcsrb.com\/en\/hronika\/ulcinj-uhapsen-nastavnik-osumnjicen-da-je-seksualno-uznemiravao-devetogodisnju-ucenicu\/","og_locale":"en_GB","og_type":"article","og_title":"Ulcinj: Uhap\u0161en nastavnik, osumnji\u010den da je seksualno uznemiravao devetogodi\u0161nju u\u010denicu - dmcsrb.com","og_description":"Policijski slu\u017ebenici Odjeljenja bezbjednosti Ulcinj li\u0161ili su slobode R.P (66) iz Ulcinja, zbog sumnje da je, na \u0161tetu djevoj\u010dice stare devet godina, po\u010dinio krivi\u010dno djelo seksualno uznemiravanje, saop\u0161teno je iz Uprave policije.","og_url":"https:\/\/dmcsrb.com\/en\/hronika\/ulcinj-uhapsen-nastavnik-osumnjicen-da-je-seksualno-uznemiravao-devetogodisnju-ucenicu\/","og_site_name":"dmcsrb.com","article_published_time":"2025-09-06T07:00:05+00:00","og_image":[{"width":1118,"height":745,"url":"https:\/\/dmcsrb.com\/wp-content\/uploads\/2026\/01\/ulcinj1.webp","type":"image\/jpeg"}],"author":"dmcsrbija.com@gmail.com","twitter_card":"summary_large_image","twitter_misc":{"Written by":"dmcsrbija.com@gmail.com","Estimated reading time":"1 minute"},"schema":{"@context":"https:\/\/schema.org","@graph":[{"@type":"Article","@id":"https:\/\/dmcsrb.com\/hronika\/ulcinj-uhapsen-nastavnik-osumnjicen-da-je-seksualno-uznemiravao-devetogodisnju-ucenicu\/#article","isPartOf":{"@id":"https:\/\/dmcsrb.com\/hronika\/ulcinj-uhapsen-nastavnik-osumnjicen-da-je-seksualno-uznemiravao-devetogodisnju-ucenicu\/"},"author":{"name":"dmcsrbija.com@gmail.com","@id":"https:\/\/dmcsrb.com\/#\/schema\/person\/5c39170f12db1b8b457732d0b5c854e2"},"headline":"Ulcinj: Uhap\u0161en nastavnik, osumnji\u010den da je seksualno uznemiravao devetogodi\u0161nju u\u010denicu","datePublished":"2025-09-06T07:00:05+00:00","mainEntityOfPage":{"@id":"https:\/\/dmcsrb.com\/hronika\/ulcinj-uhapsen-nastavnik-osumnjicen-da-je-seksualno-uznemiravao-devetogodisnju-ucenicu\/"},"wordCount":231,"commentCount":0,"image":{"@id":"https:\/\/dmcsrb.com\/hronika\/ulcinj-uhapsen-nastavnik-osumnjicen-da-je-seksualno-uznemiravao-devetogodisnju-ucenicu\/#primaryimage"},"thumbnailUrl":"https:\/\/dmcsrb.com\/wp-content\/uploads\/2026\/01\/ulcinj1.webp","keywords":["Devetogodi\u0161nju u\u010denicu","hap\u0161enje","nastavnik","Seksualno uznemiravanje","Ulcinj"],"articleSection":["Hronika"],"inLanguage":"en-GB","potentialAction":[{"@type":"CommentAction","name":"Comment","target":["https:\/\/dmcsrb.com\/hronika\/ulcinj-uhapsen-nastavnik-osumnjicen-da-je-seksualno-uznemiravao-devetogodisnju-ucenicu\/#respond"]}]},{"@type":"WebPage","@id":"https:\/\/dmcsrb.com\/hronika\/ulcinj-uhapsen-nastavnik-osumnjicen-da-je-seksualno-uznemiravao-devetogodisnju-ucenicu\/","url":"https:\/\/dmcsrb.com\/hronika\/ulcinj-uhapsen-nastavnik-osumnjicen-da-je-seksualno-uznemiravao-devetogodisnju-ucenicu\/","name":"Ulcinj: Uhap\u0161en nastavnik, osumnji\u010den da je seksualno uznemiravao devetogodi\u0161nju u\u010denicu - dmcsrb.com","isPartOf":{"@id":"https:\/\/dmcsrb.com\/#website"},"primaryImageOfPage":{"@id":"https:\/\/dmcsrb.com\/hronika\/ulcinj-uhapsen-nastavnik-osumnjicen-da-je-seksualno-uznemiravao-devetogodisnju-ucenicu\/#primaryimage"},"image":{"@id":"https:\/\/dmcsrb.com\/hronika\/ulcinj-uhapsen-nastavnik-osumnjicen-da-je-seksualno-uznemiravao-devetogodisnju-ucenicu\/#primaryimage"},"thumbnailUrl":"https:\/\/dmcsrb.com\/wp-content\/uploads\/2026\/01\/ulcinj1.webp","datePublished":"2025-09-06T07:00:05+00:00","author":{"@id":"https:\/\/dmcsrb.com\/#\/schema\/person\/5c39170f12db1b8b457732d0b5c854e2"},"breadcrumb":{"@id":"https:\/\/dmcsrb.com\/hronika\/ulcinj-uhapsen-nastavnik-osumnjicen-da-je-seksualno-uznemiravao-devetogodisnju-ucenicu\/#breadcrumb"},"inLanguage":"en-GB","potentialAction":[{"@type":"ReadAction","target":["https:\/\/dmcsrb.com\/hronika\/ulcinj-uhapsen-nastavnik-osumnjicen-da-je-seksualno-uznemiravao-devetogodisnju-ucenicu\/"]}]},{"@type":"ImageObject","inLanguage":"en-GB","@id":"https:\/\/dmcsrb.com\/hronika\/ulcinj-uhapsen-nastavnik-osumnjicen-da-je-seksualno-uznemiravao-devetogodisnju-ucenicu\/#primaryimage","url":"https:\/\/dmcsrb.com\/wp-content\/uploads\/2026\/01\/ulcinj1.webp","contentUrl":"https:\/\/dmcsrb.com\/wp-content\/uploads\/2026\/01\/ulcinj1.webp","width":1118,"height":745},{"@type":"BreadcrumbList","@id":"https:\/\/dmcsrb.com\/hronika\/ulcinj-uhapsen-nastavnik-osumnjicen-da-je-seksualno-uznemiravao-devetogodisnju-ucenicu\/#breadcrumb","itemListElement":[{"@type":"ListItem","position":1,"name":"Home","item":"https:\/\/dmcsrb.com\/"},{"@type":"ListItem","position":2,"name":"Ulcinj: Uhap\u0161en nastavnik, osumnji\u010den da je seksualno uznemiravao devetogodi\u0161nju u\u010denicu"}]},{"@type":"WebSite","@id":"https:\/\/dmcsrb.com\/#website","url":"https:\/\/dmcsrb.com\/","name":"dmcsrb.com","description":"","potentialAction":[{"@type":"SearchAction","target":{"@type":"EntryPoint","urlTemplate":"https:\/\/dmcsrb.com\/?s={search_term_string}"},"query-input":{"@type":"PropertyValueSpecification","valueRequired":true,"valueName":"search_term_string"}}],"inLanguage":"en-GB"},{"@type":"Person","@id":"https:\/\/dmcsrb.com\/#\/schema\/person\/5c39170f12db1b8b457732d0b5c854e2","name":"dmcsrbija.com@gmail.com","image":{"@type":"ImageObject","inLanguage":"en-GB","@id":"https:\/\/secure.gravatar.com\/avatar\/68592660ad6347fad0fb587f8d5d8f1a7b44961362f56e4f2cd524feb87e9069?s=96&d=mm&r=g","url":"https:\/\/secure.gravatar.com\/avatar\/68592660ad6347fad0fb587f8d5d8f1a7b44961362f56e4f2cd524feb87e9069?s=96&d=mm&r=g","contentUrl":"https:\/\/secure.gravatar.com\/avatar\/68592660ad6347fad0fb587f8d5d8f1a7b44961362f56e4f2cd524feb87e9069?s=96&d=mm&r=g","caption":"dmcsrbija.com@gmail.com"},"sameAs":["https:\/\/dmcsrb.com"],"url":"https:\/\/dmcsrb.com\/en\/author\/dmcsrbija-comgmail-com\/"}]}},"_links":{"self":[{"href":"https:\/\/dmcsrb.com\/en\/wp-json\/wp\/v2\/posts\/950497","targetHints":{"allow":["GET"]}}],"collection":[{"href":"https:\/\/dmcsrb.com\/en\/wp-json\/wp\/v2\/posts"}],"about":[{"href":"https:\/\/dmcsrb.com\/en\/wp-json\/wp\/v2\/types\/post"}],"author":[{"embeddable":true,"href":"https:\/\/dmcsrb.com\/en\/wp-json\/wp\/v2\/users\/1"}],"replies":[{"embeddable":true,"href":"https:\/\/dmcsrb.com\/en\/wp-json\/wp\/v2\/comments?post=950497"}],"version-history":[{"count":0,"href":"https:\/\/dmcsrb.com\/en\/wp-json\/wp\/v2\/posts\/950497\/revisions"}],"wp:featuredmedia":[{"embeddable":true,"href":"https:\/\/dmcsrb.com\/en\/wp-json\/wp\/v2\/media\/950498"}],"wp:attachment":[{"href":"https:\/\/dmcsrb.com\/en\/wp-json\/wp\/v2\/media?parent=950497"}],"wp:term":[{"taxonomy":"category","embeddable":true,"href":"https:\/\/dmcsrb.com\/en\/wp-json\/wp\/v2\/categories?post=950497"},{"taxonomy":"post_tag","embeddable":true,"href":"https:\/\/dmcsrb.com\/en\/wp-json\/wp\/v2\/tags?post=950497"},{"taxonomy":"naslovna","embeddable":true,"href":"https:\/\/dmcsrb.com\/en\/wp-json\/wp\/v2\/naslovna?post=950497"}],"curies":[{"name":"wp","href":"https:\/\/api.w.org\/{rel}","templated":true}]}}