{"id":950495,"date":"2025-09-06T13:35:00","date_gmt":"2025-09-06T11:35:00","guid":{"rendered":"https:\/\/dmcsrb.com\/uncategorized\/finveo-i-u-narednom-periodu-uz-fondaciju-cini-dobro\/"},"modified":"2025-09-06T13:35:00","modified_gmt":"2025-09-06T11:35:00","slug":"finveo-i-u-narednom-periodu-uz-fondaciju-cini-dobro","status":"publish","type":"post","link":"https:\/\/dmcsrb.com\/en\/drustvo\/finveo-i-u-narednom-periodu-uz-fondaciju-cini-dobro\/","title":{"rendered":"Finveo i u narednom periodu uz Fondaciju \u201e\u010cini dobro\u201c"},"content":{"rendered":"<p><\/p>\n\n\n\n<p>\u201eNastavak saradnje sa kompanijom Finveo predstavlja potvrdu da Fondacija svojim radom daje zna\u010dajan doprinos crnogorskom dru\u0161tvu, naro\u010dito u oblastima edukacije, mladih, obrazovanja za odr\u017eivi razvoj i inovacija. Kada dijelimo iste vrijednosti, o\u010dekivan je i nastavak saradnje, jer zajedno, ujedinjeni mo\u017eemo \u010diniti velike korake u izgradnji pravednije, prosperitetnije i odr\u017eivije zajednice,\u201d rekla je mr Marija Manja Jovovi\u0107, direktorica fondacije \u201e\u010cini dobro\u201c.<\/p>\n\n\n\n<p>Fondacija &#8220;\u010cini dobro,&#8221; pored donatora, koji su presti\u017ene crnogorske kompanije, uz sebe ima i renomirane kompanije prijatelje sa kojima dijeli iste vrijednosti u pogledu dru\u0161tveno odgovorne kulture i poslovanja.<\/p>\n\n\n\n<p>\u201cSaradnja sa Fondacijom \u201c\u010cini dobro\u201d za FINVEO predstavlja mnogo vi\u0161e od same poslovne odluke, ona je izraz na\u0161e posve\u0107enosti dru\u0161tvenoj odgovornosti i stvaranju trajnih vrijednosti za zajednicu. Posebno nam je zadovoljstvo \u0161to smo i ove godine dio plemenite misije Fondacije, jer vjerujemo da zajedni\u010dkim snagama mo\u017eemo pokrenuti pozitivne promjene i doprinijeti boljem kvalitetu \u017eivota gra\u0111ana. Ponosni smo \u0161to, kroz ovu saradnju, pokazujemo da istinske vrijednosti poslovanja nijesu samo u brojkama, ve\u0107 i u spremnosti da damo doprinos dru\u0161tvu u kojem \u017eivimo i radimo, \u201c kazala je Ana An\u0111eli\u0107, direktorica Finveo Crna Gora.<\/p>","protected":false},"excerpt":{"rendered":"<p>Kompanija Finveo nastavlja ve\u0107 tre\u0107u godinu zaredom, da podr\u017eava Nevladinu fondaciju \u201e\u010cini dobro\u201c u njenim projektima i aktivnostima iz oblasti dru\u0161tveno odgovornog poslovanja i filantropije.<\/p>","protected":false},"author":1,"featured_media":950496,"comment_status":"open","ping_status":"open","sticky":false,"template":"","format":"standard","meta":{"_acf_changed":false,"footnotes":""},"categories":[2],"tags":[7101,409,7102],"naslovna":[],"class_list":["post-950495","post","type-post","status-publish","format-standard","has-post-thumbnail","hentry","category-drustvo","tag-finveo","tag-fondacija-cini-dobro","tag-naredni-period"],"acf":[],"yoast_head":"<!-- This site is optimized with the Yoast SEO plugin v27.0 - https:\/\/yoast.com\/product\/yoast-seo-wordpress\/ -->\n<title>Finveo i u narednom periodu uz Fondaciju \u201e\u010cini dobro\u201c - dmcsrb.com<\/title>\n<meta name=\"robots\" content=\"index, follow, max-snippet:-1, max-image-preview:large, max-video-preview:-1\" \/>\n<link rel=\"canonical\" href=\"https:\/\/dmcsrb.com\/en\/drustvo\/finveo-i-u-narednom-periodu-uz-fondaciju-cini-dobro\/\" \/>\n<meta property=\"og:locale\" content=\"en_GB\" \/>\n<meta property=\"og:type\" content=\"article\" \/>\n<meta property=\"og:title\" content=\"Finveo i u narednom periodu uz Fondaciju \u201e\u010cini dobro\u201c - dmcsrb.com\" \/>\n<meta property=\"og:description\" content=\"Kompanija Finveo nastavlja ve\u0107 tre\u0107u godinu zaredom, da podr\u017eava Nevladinu fondaciju \u201e\u010cini dobro\u201c u njenim projektima i aktivnostima iz oblasti dru\u0161tveno odgovornog poslovanja i filantropije.\" \/>\n<meta property=\"og:url\" content=\"https:\/\/dmcsrb.com\/en\/drustvo\/finveo-i-u-narednom-periodu-uz-fondaciju-cini-dobro\/\" \/>\n<meta property=\"og:site_name\" content=\"dmcsrb.com\" \/>\n<meta property=\"article:published_time\" content=\"2025-09-06T11:35:00+00:00\" \/>\n<meta property=\"og:image\" content=\"https:\/\/dmcsrb.com\/wp-content\/uploads\/2026\/01\/Jovovic-Andjelic.webp\" \/>\n\t<meta property=\"og:image:width\" content=\"1201\" \/>\n\t<meta property=\"og:image:height\" content=\"1600\" \/>\n\t<meta property=\"og:image:type\" content=\"image\/jpeg\" \/>\n<meta name=\"author\" content=\"dmcsrbija.com@gmail.com\" \/>\n<meta name=\"twitter:card\" content=\"summary_large_image\" \/>\n<meta name=\"twitter:label1\" content=\"Written by\" \/>\n\t<meta name=\"twitter:data1\" content=\"dmcsrbija.com@gmail.com\" \/>\n\t<meta name=\"twitter:label2\" content=\"Estimated reading time\" \/>\n\t<meta name=\"twitter:data2\" content=\"1 minute\" \/>\n<script type=\"application\/ld+json\" class=\"yoast-schema-graph\">{\"@context\":\"https:\/\/schema.org\",\"@graph\":[{\"@type\":\"Article\",\"@id\":\"https:\/\/dmcsrb.com\/drustvo\/finveo-i-u-narednom-periodu-uz-fondaciju-cini-dobro\/#article\",\"isPartOf\":{\"@id\":\"https:\/\/dmcsrb.com\/drustvo\/finveo-i-u-narednom-periodu-uz-fondaciju-cini-dobro\/\"},\"author\":{\"name\":\"dmcsrbija.com@gmail.com\",\"@id\":\"https:\/\/dmcsrb.com\/#\/schema\/person\/5c39170f12db1b8b457732d0b5c854e2\"},\"headline\":\"Finveo i u narednom periodu uz Fondaciju \u201e\u010cini dobro\u201c\",\"datePublished\":\"2025-09-06T11:35:00+00:00\",\"mainEntityOfPage\":{\"@id\":\"https:\/\/dmcsrb.com\/drustvo\/finveo-i-u-narednom-periodu-uz-fondaciju-cini-dobro\/\"},\"wordCount\":207,\"commentCount\":0,\"image\":{\"@id\":\"https:\/\/dmcsrb.com\/drustvo\/finveo-i-u-narednom-periodu-uz-fondaciju-cini-dobro\/#primaryimage\"},\"thumbnailUrl\":\"https:\/\/dmcsrb.com\/wp-content\/uploads\/2026\/01\/Jovovic-Andjelic.webp\",\"keywords\":[\"Finveo\",\"Fondacija \\\"\u010cini dobro\\\"\",\"Naredni period\"],\"articleSection\":[\"Dru\u0161tvo\"],\"inLanguage\":\"en-GB\",\"potentialAction\":[{\"@type\":\"CommentAction\",\"name\":\"Comment\",\"target\":[\"https:\/\/dmcsrb.com\/drustvo\/finveo-i-u-narednom-periodu-uz-fondaciju-cini-dobro\/#respond\"]}]},{\"@type\":\"WebPage\",\"@id\":\"https:\/\/dmcsrb.com\/drustvo\/finveo-i-u-narednom-periodu-uz-fondaciju-cini-dobro\/\",\"url\":\"https:\/\/dmcsrb.com\/drustvo\/finveo-i-u-narednom-periodu-uz-fondaciju-cini-dobro\/\",\"name\":\"Finveo i u narednom periodu uz Fondaciju \u201e\u010cini dobro\u201c - dmcsrb.com\",\"isPartOf\":{\"@id\":\"https:\/\/dmcsrb.com\/#website\"},\"primaryImageOfPage\":{\"@id\":\"https:\/\/dmcsrb.com\/drustvo\/finveo-i-u-narednom-periodu-uz-fondaciju-cini-dobro\/#primaryimage\"},\"image\":{\"@id\":\"https:\/\/dmcsrb.com\/drustvo\/finveo-i-u-narednom-periodu-uz-fondaciju-cini-dobro\/#primaryimage\"},\"thumbnailUrl\":\"https:\/\/dmcsrb.com\/wp-content\/uploads\/2026\/01\/Jovovic-Andjelic.webp\",\"datePublished\":\"2025-09-06T11:35:00+00:00\",\"author\":{\"@id\":\"https:\/\/dmcsrb.com\/#\/schema\/person\/5c39170f12db1b8b457732d0b5c854e2\"},\"breadcrumb\":{\"@id\":\"https:\/\/dmcsrb.com\/drustvo\/finveo-i-u-narednom-periodu-uz-fondaciju-cini-dobro\/#breadcrumb\"},\"inLanguage\":\"en-GB\",\"potentialAction\":[{\"@type\":\"ReadAction\",\"target\":[\"https:\/\/dmcsrb.com\/drustvo\/finveo-i-u-narednom-periodu-uz-fondaciju-cini-dobro\/\"]}]},{\"@type\":\"ImageObject\",\"inLanguage\":\"en-GB\",\"@id\":\"https:\/\/dmcsrb.com\/drustvo\/finveo-i-u-narednom-periodu-uz-fondaciju-cini-dobro\/#primaryimage\",\"url\":\"https:\/\/dmcsrb.com\/wp-content\/uploads\/2026\/01\/Jovovic-Andjelic.webp\",\"contentUrl\":\"https:\/\/dmcsrb.com\/wp-content\/uploads\/2026\/01\/Jovovic-Andjelic.webp\",\"width\":1201,\"height\":1600},{\"@type\":\"BreadcrumbList\",\"@id\":\"https:\/\/dmcsrb.com\/drustvo\/finveo-i-u-narednom-periodu-uz-fondaciju-cini-dobro\/#breadcrumb\",\"itemListElement\":[{\"@type\":\"ListItem\",\"position\":1,\"name\":\"Home\",\"item\":\"https:\/\/dmcsrb.com\/\"},{\"@type\":\"ListItem\",\"position\":2,\"name\":\"Finveo i u narednom periodu uz Fondaciju \u201e\u010cini dobro\u201c\"}]},{\"@type\":\"WebSite\",\"@id\":\"https:\/\/dmcsrb.com\/#website\",\"url\":\"https:\/\/dmcsrb.com\/\",\"name\":\"dmcsrb.com\",\"description\":\"\",\"potentialAction\":[{\"@type\":\"SearchAction\",\"target\":{\"@type\":\"EntryPoint\",\"urlTemplate\":\"https:\/\/dmcsrb.com\/?s={search_term_string}\"},\"query-input\":{\"@type\":\"PropertyValueSpecification\",\"valueRequired\":true,\"valueName\":\"search_term_string\"}}],\"inLanguage\":\"en-GB\"},{\"@type\":\"Person\",\"@id\":\"https:\/\/dmcsrb.com\/#\/schema\/person\/5c39170f12db1b8b457732d0b5c854e2\",\"name\":\"dmcsrbija.com@gmail.com\",\"image\":{\"@type\":\"ImageObject\",\"inLanguage\":\"en-GB\",\"@id\":\"https:\/\/dmcsrb.com\/#\/schema\/person\/image\/\",\"url\":\"https:\/\/secure.gravatar.com\/avatar\/68592660ad6347fad0fb587f8d5d8f1a7b44961362f56e4f2cd524feb87e9069?s=96&d=mm&r=g\",\"contentUrl\":\"https:\/\/secure.gravatar.com\/avatar\/68592660ad6347fad0fb587f8d5d8f1a7b44961362f56e4f2cd524feb87e9069?s=96&d=mm&r=g\",\"caption\":\"dmcsrbija.com@gmail.com\"},\"sameAs\":[\"https:\/\/dmcsrb.com\"],\"url\":\"https:\/\/dmcsrb.com\/en\/author\/dmcsrbija-comgmail-com\/\"}]}<\/script>\n<!-- \/ Yoast SEO plugin. -->","yoast_head_json":{"title":"Finveo i u narednom periodu uz Fondaciju \u201e\u010cini dobro\u201c - dmcsrb.com","robots":{"index":"index","follow":"follow","max-snippet":"max-snippet:-1","max-image-preview":"max-image-preview:large","max-video-preview":"max-video-preview:-1"},"canonical":"https:\/\/dmcsrb.com\/en\/drustvo\/finveo-i-u-narednom-periodu-uz-fondaciju-cini-dobro\/","og_locale":"en_GB","og_type":"article","og_title":"Finveo i u narednom periodu uz Fondaciju \u201e\u010cini dobro\u201c - dmcsrb.com","og_description":"Kompanija Finveo nastavlja ve\u0107 tre\u0107u godinu zaredom, da podr\u017eava Nevladinu fondaciju \u201e\u010cini dobro\u201c u njenim projektima i aktivnostima iz oblasti dru\u0161tveno odgovornog poslovanja i filantropije.","og_url":"https:\/\/dmcsrb.com\/en\/drustvo\/finveo-i-u-narednom-periodu-uz-fondaciju-cini-dobro\/","og_site_name":"dmcsrb.com","article_published_time":"2025-09-06T11:35:00+00:00","og_image":[{"width":1201,"height":1600,"url":"https:\/\/dmcsrb.com\/wp-content\/uploads\/2026\/01\/Jovovic-Andjelic.webp","type":"image\/jpeg"}],"author":"dmcsrbija.com@gmail.com","twitter_card":"summary_large_image","twitter_misc":{"Written by":"dmcsrbija.com@gmail.com","Estimated reading time":"1 minute"},"schema":{"@context":"https:\/\/schema.org","@graph":[{"@type":"Article","@id":"https:\/\/dmcsrb.com\/drustvo\/finveo-i-u-narednom-periodu-uz-fondaciju-cini-dobro\/#article","isPartOf":{"@id":"https:\/\/dmcsrb.com\/drustvo\/finveo-i-u-narednom-periodu-uz-fondaciju-cini-dobro\/"},"author":{"name":"dmcsrbija.com@gmail.com","@id":"https:\/\/dmcsrb.com\/#\/schema\/person\/5c39170f12db1b8b457732d0b5c854e2"},"headline":"Finveo i u narednom periodu uz Fondaciju \u201e\u010cini dobro\u201c","datePublished":"2025-09-06T11:35:00+00:00","mainEntityOfPage":{"@id":"https:\/\/dmcsrb.com\/drustvo\/finveo-i-u-narednom-periodu-uz-fondaciju-cini-dobro\/"},"wordCount":207,"commentCount":0,"image":{"@id":"https:\/\/dmcsrb.com\/drustvo\/finveo-i-u-narednom-periodu-uz-fondaciju-cini-dobro\/#primaryimage"},"thumbnailUrl":"https:\/\/dmcsrb.com\/wp-content\/uploads\/2026\/01\/Jovovic-Andjelic.webp","keywords":["Finveo","Fondacija \"\u010cini dobro\"","Naredni period"],"articleSection":["Dru\u0161tvo"],"inLanguage":"en-GB","potentialAction":[{"@type":"CommentAction","name":"Comment","target":["https:\/\/dmcsrb.com\/drustvo\/finveo-i-u-narednom-periodu-uz-fondaciju-cini-dobro\/#respond"]}]},{"@type":"WebPage","@id":"https:\/\/dmcsrb.com\/drustvo\/finveo-i-u-narednom-periodu-uz-fondaciju-cini-dobro\/","url":"https:\/\/dmcsrb.com\/drustvo\/finveo-i-u-narednom-periodu-uz-fondaciju-cini-dobro\/","name":"Finveo i u narednom periodu uz Fondaciju \u201e\u010cini dobro\u201c - dmcsrb.com","isPartOf":{"@id":"https:\/\/dmcsrb.com\/#website"},"primaryImageOfPage":{"@id":"https:\/\/dmcsrb.com\/drustvo\/finveo-i-u-narednom-periodu-uz-fondaciju-cini-dobro\/#primaryimage"},"image":{"@id":"https:\/\/dmcsrb.com\/drustvo\/finveo-i-u-narednom-periodu-uz-fondaciju-cini-dobro\/#primaryimage"},"thumbnailUrl":"https:\/\/dmcsrb.com\/wp-content\/uploads\/2026\/01\/Jovovic-Andjelic.webp","datePublished":"2025-09-06T11:35:00+00:00","author":{"@id":"https:\/\/dmcsrb.com\/#\/schema\/person\/5c39170f12db1b8b457732d0b5c854e2"},"breadcrumb":{"@id":"https:\/\/dmcsrb.com\/drustvo\/finveo-i-u-narednom-periodu-uz-fondaciju-cini-dobro\/#breadcrumb"},"inLanguage":"en-GB","potentialAction":[{"@type":"ReadAction","target":["https:\/\/dmcsrb.com\/drustvo\/finveo-i-u-narednom-periodu-uz-fondaciju-cini-dobro\/"]}]},{"@type":"ImageObject","inLanguage":"en-GB","@id":"https:\/\/dmcsrb.com\/drustvo\/finveo-i-u-narednom-periodu-uz-fondaciju-cini-dobro\/#primaryimage","url":"https:\/\/dmcsrb.com\/wp-content\/uploads\/2026\/01\/Jovovic-Andjelic.webp","contentUrl":"https:\/\/dmcsrb.com\/wp-content\/uploads\/2026\/01\/Jovovic-Andjelic.webp","width":1201,"height":1600},{"@type":"BreadcrumbList","@id":"https:\/\/dmcsrb.com\/drustvo\/finveo-i-u-narednom-periodu-uz-fondaciju-cini-dobro\/#breadcrumb","itemListElement":[{"@type":"ListItem","position":1,"name":"Home","item":"https:\/\/dmcsrb.com\/"},{"@type":"ListItem","position":2,"name":"Finveo i u narednom periodu uz Fondaciju \u201e\u010cini dobro\u201c"}]},{"@type":"WebSite","@id":"https:\/\/dmcsrb.com\/#website","url":"https:\/\/dmcsrb.com\/","name":"dmcsrb.com","description":"","potentialAction":[{"@type":"SearchAction","target":{"@type":"EntryPoint","urlTemplate":"https:\/\/dmcsrb.com\/?s={search_term_string}"},"query-input":{"@type":"PropertyValueSpecification","valueRequired":true,"valueName":"search_term_string"}}],"inLanguage":"en-GB"},{"@type":"Person","@id":"https:\/\/dmcsrb.com\/#\/schema\/person\/5c39170f12db1b8b457732d0b5c854e2","name":"dmcsrbija.com@gmail.com","image":{"@type":"ImageObject","inLanguage":"en-GB","@id":"https:\/\/dmcsrb.com\/#\/schema\/person\/image\/","url":"https:\/\/secure.gravatar.com\/avatar\/68592660ad6347fad0fb587f8d5d8f1a7b44961362f56e4f2cd524feb87e9069?s=96&d=mm&r=g","contentUrl":"https:\/\/secure.gravatar.com\/avatar\/68592660ad6347fad0fb587f8d5d8f1a7b44961362f56e4f2cd524feb87e9069?s=96&d=mm&r=g","caption":"dmcsrbija.com@gmail.com"},"sameAs":["https:\/\/dmcsrb.com"],"url":"https:\/\/dmcsrb.com\/en\/author\/dmcsrbija-comgmail-com\/"}]}},"_links":{"self":[{"href":"https:\/\/dmcsrb.com\/en\/wp-json\/wp\/v2\/posts\/950495","targetHints":{"allow":["GET"]}}],"collection":[{"href":"https:\/\/dmcsrb.com\/en\/wp-json\/wp\/v2\/posts"}],"about":[{"href":"https:\/\/dmcsrb.com\/en\/wp-json\/wp\/v2\/types\/post"}],"author":[{"embeddable":true,"href":"https:\/\/dmcsrb.com\/en\/wp-json\/wp\/v2\/users\/1"}],"replies":[{"embeddable":true,"href":"https:\/\/dmcsrb.com\/en\/wp-json\/wp\/v2\/comments?post=950495"}],"version-history":[{"count":0,"href":"https:\/\/dmcsrb.com\/en\/wp-json\/wp\/v2\/posts\/950495\/revisions"}],"wp:featuredmedia":[{"embeddable":true,"href":"https:\/\/dmcsrb.com\/en\/wp-json\/wp\/v2\/media\/950496"}],"wp:attachment":[{"href":"https:\/\/dmcsrb.com\/en\/wp-json\/wp\/v2\/media?parent=950495"}],"wp:term":[{"taxonomy":"category","embeddable":true,"href":"https:\/\/dmcsrb.com\/en\/wp-json\/wp\/v2\/categories?post=950495"},{"taxonomy":"post_tag","embeddable":true,"href":"https:\/\/dmcsrb.com\/en\/wp-json\/wp\/v2\/tags?post=950495"},{"taxonomy":"naslovna","embeddable":true,"href":"https:\/\/dmcsrb.com\/en\/wp-json\/wp\/v2\/naslovna?post=950495"}],"curies":[{"name":"wp","href":"https:\/\/api.w.org\/{rel}","templated":true}]}}