{"id":950434,"date":"2025-09-05T18:37:22","date_gmt":"2025-09-05T16:37:22","guid":{"rendered":"https:\/\/dmcsrb.com\/uncategorized\/mladi-sokoli-vodili-pa-poklekli-u-speciji\/"},"modified":"2025-09-05T18:37:22","modified_gmt":"2025-09-05T16:37:22","slug":"mladi-sokoli-vodili-pa-poklekli-u-speciji","status":"publish","type":"post","link":"https:\/\/dmcsrb.com\/en\/sport\/mladi-sokoli-vodili-pa-poklekli-u-speciji\/","title":{"rendered":"Mladi &#8220;sokoli&#8221; vodili, pa poklekli u Speciji"},"content":{"rendered":"<p>Kosti\u0107 je tako sjajnu formu iz Partizana prenio i na reprezentaciju.<\/p>\n\n\n\n<p>Poveli smo u 4. minutu, Idrisi je pogrije\u0161io u opasnoj zoni, lopta je do\u0161la do Kosti\u0107a koji je sjajnom dijagonalom sa 12-13 metara pogodio donji lijevi ugao.<\/p>\n\n\n\n<p>Nije bilo uzbu\u0111enja sve do 17. minuta, kada je \u0110ukanovi\u0107 \u0161utirao sa 25 metara, a golman Italije krajnjim naporom, odbio loptu u korner.<\/p>\n\n\n\n<p>Iz tog kornera, bili smo blizu gola &#8211; zamalo je zakasnio upravo \u0110ukanovi\u0107 da loptu sa druge stative zakuca u mre\u017eu.<\/p>\n\n\n\n<p>U 29. minutu i Miranovi\u0107 je oprobao udarac sa distance, lopta je oti\u0161la malo pored stative.<\/p>\n\n\n\n<p>U prvom dijelu smo bez problema odbili sve napade &#8220;azura&#8221;, pa smo na veliki odmor oti\u0161li sa vo\u0111stvom 1:0.<\/p>\n\n\n\n<p>Iz prve ne\u0161to opasnije akcije Italijani su izjedna\u010dili &#8211; pogodio je sa ivice kaznenog prostora Lipani, \u010dini se da je Domazetovi\u0107 mogao bolje da interveni\u0161e.<\/p>\n\n\n\n<p>U 54. minutu, Pizili je proigrao Rajmonda, koji je je sa 10-11 metara prebacio gol.<\/p>\n\n\n\n<p>Uzvratili smo na isteku sat igre, kada je \u0110ukanovi\u0107 ga\u0111ao iz slobodnjaka, ali nije bio precizan.<\/p>\n\n\n\n<p>Nije bilo nakon toga uzbu\u0111enja , da bi u 78. minutu Perovi\u0107 bio neporezan i gotovo u samom uglu \u0161enaesterca oborio Rajmonda.<\/p>\n\n\n\n<p>Precizan sa &#8220;bijele ta\u010dke&#8221; bio je Koleo\u0161o. Do kraja nismo stvorili nijednu ozbiljnu \u0161ansu, pa je poraz bio neminovan 2:1.<\/p>\n\n\n\n<p>Na\u0161a selekcija kvalifikacije nastavlja za \u010detiri dana, kada do\u010dekuje \u0160vedsku.<\/p>","protected":false},"excerpt":{"rendered":"<p>Dva razli\u010dita poluvremena odigrala je mlada reprezentacija Crne Gore na gostovanju Italiji na startu kvalifikacija za Evropsko prvenstvo &#8211; vodila je nakon 45 minuta golom Andreja Kosti\u0107a i imala nekoliko opasnih poku\u0161aja, da bi u nastavku posustala i na kraju pora\u017eena 2:1.<\/p>","protected":false},"author":1,"featured_media":949994,"comment_status":"open","ping_status":"open","sticky":false,"template":"","format":"standard","meta":{"_acf_changed":false,"footnotes":""},"categories":[148],"tags":[6806,6807,6808],"naslovna":[],"class_list":["post-950434","post","type-post","status-publish","format-standard","has-post-thumbnail","hentry","category-sport","tag-kvalifikacije-za-evropsko-prvenstvo","tag-mlada-fudbalska-reprezentacija-crne-gore","tag-mlada-fudbalska-reprezentacija-italije"],"acf":[],"yoast_head":"<!-- This site is optimized with the Yoast SEO plugin v27.4 - https:\/\/yoast.com\/product\/yoast-seo-wordpress\/ -->\n<title>Mladi &quot;sokoli&quot; vodili, pa poklekli u Speciji - dmcsrb.com<\/title>\n<meta name=\"robots\" content=\"index, follow, max-snippet:-1, max-image-preview:large, max-video-preview:-1\" \/>\n<link rel=\"canonical\" href=\"https:\/\/dmcsrb.com\/en\/sport\/mladi-sokoli-vodili-pa-poklekli-u-speciji\/\" \/>\n<meta property=\"og:locale\" content=\"en_GB\" \/>\n<meta property=\"og:type\" content=\"article\" \/>\n<meta property=\"og:title\" content=\"Mladi &quot;sokoli&quot; vodili, pa poklekli u Speciji - dmcsrb.com\" \/>\n<meta property=\"og:description\" content=\"Dva razli\u010dita poluvremena odigrala je mlada reprezentacija Crne Gore na gostovanju Italiji na startu kvalifikacija za Evropsko prvenstvo - vodila je nakon 45 minuta golom Andreja Kosti\u0107a i imala nekoliko opasnih poku\u0161aja, da bi u nastavku posustala i na kraju pora\u017eena 2:1.\" \/>\n<meta property=\"og:url\" content=\"https:\/\/dmcsrb.com\/en\/sport\/mladi-sokoli-vodili-pa-poklekli-u-speciji\/\" \/>\n<meta property=\"og:site_name\" content=\"dmcsrb.com\" \/>\n<meta property=\"article:published_time\" content=\"2025-09-05T16:37:22+00:00\" \/>\n<meta property=\"og:image\" content=\"https:\/\/dmcsrb.com\/wp-content\/uploads\/2026\/01\/Andrej-Kostic-FSCG.webp\" \/>\n\t<meta property=\"og:image:width\" content=\"1280\" \/>\n\t<meta property=\"og:image:height\" content=\"838\" \/>\n\t<meta property=\"og:image:type\" content=\"image\/webp\" \/>\n<meta name=\"author\" content=\"dmcsrbija.com@gmail.com\" \/>\n<meta name=\"twitter:card\" content=\"summary_large_image\" \/>\n<meta name=\"twitter:label1\" content=\"Written by\" \/>\n\t<meta name=\"twitter:data1\" content=\"dmcsrbija.com@gmail.com\" \/>\n\t<meta name=\"twitter:label2\" content=\"Estimated reading time\" \/>\n\t<meta name=\"twitter:data2\" content=\"1 minute\" \/>\n<script type=\"application\/ld+json\" class=\"yoast-schema-graph\">{\"@context\":\"https:\\\/\\\/schema.org\",\"@graph\":[{\"@type\":\"Article\",\"@id\":\"https:\\\/\\\/dmcsrb.com\\\/sport\\\/mladi-sokoli-vodili-pa-poklekli-u-speciji\\\/#article\",\"isPartOf\":{\"@id\":\"https:\\\/\\\/dmcsrb.com\\\/sport\\\/mladi-sokoli-vodili-pa-poklekli-u-speciji\\\/\"},\"author\":{\"name\":\"dmcsrbija.com@gmail.com\",\"@id\":\"https:\\\/\\\/dmcsrb.com\\\/#\\\/schema\\\/person\\\/5c39170f12db1b8b457732d0b5c854e2\"},\"headline\":\"Mladi &#8220;sokoli&#8221; vodili, pa poklekli u Speciji\",\"datePublished\":\"2025-09-05T16:37:22+00:00\",\"mainEntityOfPage\":{\"@id\":\"https:\\\/\\\/dmcsrb.com\\\/sport\\\/mladi-sokoli-vodili-pa-poklekli-u-speciji\\\/\"},\"wordCount\":240,\"commentCount\":0,\"image\":{\"@id\":\"https:\\\/\\\/dmcsrb.com\\\/sport\\\/mladi-sokoli-vodili-pa-poklekli-u-speciji\\\/#primaryimage\"},\"thumbnailUrl\":\"https:\\\/\\\/dmcsrb.com\\\/wp-content\\\/uploads\\\/2026\\\/01\\\/Andrej-Kostic-FSCG.webp\",\"keywords\":[\"kvalifikacije za Evropsko prvenstvo\",\"Mlada fudbalska reprezentacija Crne Gore\",\"Mlada fudbalska reprezentacija Italije\"],\"articleSection\":[\"Sport\"],\"inLanguage\":\"en-GB\",\"potentialAction\":[{\"@type\":\"CommentAction\",\"name\":\"Comment\",\"target\":[\"https:\\\/\\\/dmcsrb.com\\\/sport\\\/mladi-sokoli-vodili-pa-poklekli-u-speciji\\\/#respond\"]}]},{\"@type\":\"WebPage\",\"@id\":\"https:\\\/\\\/dmcsrb.com\\\/sport\\\/mladi-sokoli-vodili-pa-poklekli-u-speciji\\\/\",\"url\":\"https:\\\/\\\/dmcsrb.com\\\/sport\\\/mladi-sokoli-vodili-pa-poklekli-u-speciji\\\/\",\"name\":\"Mladi \\\"sokoli\\\" vodili, pa poklekli u Speciji - dmcsrb.com\",\"isPartOf\":{\"@id\":\"https:\\\/\\\/dmcsrb.com\\\/#website\"},\"primaryImageOfPage\":{\"@id\":\"https:\\\/\\\/dmcsrb.com\\\/sport\\\/mladi-sokoli-vodili-pa-poklekli-u-speciji\\\/#primaryimage\"},\"image\":{\"@id\":\"https:\\\/\\\/dmcsrb.com\\\/sport\\\/mladi-sokoli-vodili-pa-poklekli-u-speciji\\\/#primaryimage\"},\"thumbnailUrl\":\"https:\\\/\\\/dmcsrb.com\\\/wp-content\\\/uploads\\\/2026\\\/01\\\/Andrej-Kostic-FSCG.webp\",\"datePublished\":\"2025-09-05T16:37:22+00:00\",\"author\":{\"@id\":\"https:\\\/\\\/dmcsrb.com\\\/#\\\/schema\\\/person\\\/5c39170f12db1b8b457732d0b5c854e2\"},\"breadcrumb\":{\"@id\":\"https:\\\/\\\/dmcsrb.com\\\/sport\\\/mladi-sokoli-vodili-pa-poklekli-u-speciji\\\/#breadcrumb\"},\"inLanguage\":\"en-GB\",\"potentialAction\":[{\"@type\":\"ReadAction\",\"target\":[\"https:\\\/\\\/dmcsrb.com\\\/sport\\\/mladi-sokoli-vodili-pa-poklekli-u-speciji\\\/\"]}]},{\"@type\":\"ImageObject\",\"inLanguage\":\"en-GB\",\"@id\":\"https:\\\/\\\/dmcsrb.com\\\/sport\\\/mladi-sokoli-vodili-pa-poklekli-u-speciji\\\/#primaryimage\",\"url\":\"https:\\\/\\\/dmcsrb.com\\\/wp-content\\\/uploads\\\/2026\\\/01\\\/Andrej-Kostic-FSCG.webp\",\"contentUrl\":\"https:\\\/\\\/dmcsrb.com\\\/wp-content\\\/uploads\\\/2026\\\/01\\\/Andrej-Kostic-FSCG.webp\",\"width\":1280,\"height\":838},{\"@type\":\"BreadcrumbList\",\"@id\":\"https:\\\/\\\/dmcsrb.com\\\/sport\\\/mladi-sokoli-vodili-pa-poklekli-u-speciji\\\/#breadcrumb\",\"itemListElement\":[{\"@type\":\"ListItem\",\"position\":1,\"name\":\"Home\",\"item\":\"https:\\\/\\\/dmcsrb.com\\\/\"},{\"@type\":\"ListItem\",\"position\":2,\"name\":\"Mladi &#8220;sokoli&#8221; vodili, pa poklekli u Speciji\"}]},{\"@type\":\"WebSite\",\"@id\":\"https:\\\/\\\/dmcsrb.com\\\/#website\",\"url\":\"https:\\\/\\\/dmcsrb.com\\\/\",\"name\":\"dmcsrb.com\",\"description\":\"\",\"potentialAction\":[{\"@type\":\"SearchAction\",\"target\":{\"@type\":\"EntryPoint\",\"urlTemplate\":\"https:\\\/\\\/dmcsrb.com\\\/?s={search_term_string}\"},\"query-input\":{\"@type\":\"PropertyValueSpecification\",\"valueRequired\":true,\"valueName\":\"search_term_string\"}}],\"inLanguage\":\"en-GB\"},{\"@type\":\"Person\",\"@id\":\"https:\\\/\\\/dmcsrb.com\\\/#\\\/schema\\\/person\\\/5c39170f12db1b8b457732d0b5c854e2\",\"name\":\"dmcsrbija.com@gmail.com\",\"image\":{\"@type\":\"ImageObject\",\"inLanguage\":\"en-GB\",\"@id\":\"https:\\\/\\\/secure.gravatar.com\\\/avatar\\\/68592660ad6347fad0fb587f8d5d8f1a7b44961362f56e4f2cd524feb87e9069?s=96&d=mm&r=g\",\"url\":\"https:\\\/\\\/secure.gravatar.com\\\/avatar\\\/68592660ad6347fad0fb587f8d5d8f1a7b44961362f56e4f2cd524feb87e9069?s=96&d=mm&r=g\",\"contentUrl\":\"https:\\\/\\\/secure.gravatar.com\\\/avatar\\\/68592660ad6347fad0fb587f8d5d8f1a7b44961362f56e4f2cd524feb87e9069?s=96&d=mm&r=g\",\"caption\":\"dmcsrbija.com@gmail.com\"},\"sameAs\":[\"https:\\\/\\\/dmcsrb.com\"],\"url\":\"https:\\\/\\\/dmcsrb.com\\\/en\\\/author\\\/dmcsrbija-comgmail-com\\\/\"}]}<\/script>\n<!-- \/ Yoast SEO plugin. -->","yoast_head_json":{"title":"Mladi \"sokoli\" vodili, pa poklekli u Speciji - dmcsrb.com","robots":{"index":"index","follow":"follow","max-snippet":"max-snippet:-1","max-image-preview":"max-image-preview:large","max-video-preview":"max-video-preview:-1"},"canonical":"https:\/\/dmcsrb.com\/en\/sport\/mladi-sokoli-vodili-pa-poklekli-u-speciji\/","og_locale":"en_GB","og_type":"article","og_title":"Mladi \"sokoli\" vodili, pa poklekli u Speciji - dmcsrb.com","og_description":"Dva razli\u010dita poluvremena odigrala je mlada reprezentacija Crne Gore na gostovanju Italiji na startu kvalifikacija za Evropsko prvenstvo - vodila je nakon 45 minuta golom Andreja Kosti\u0107a i imala nekoliko opasnih poku\u0161aja, da bi u nastavku posustala i na kraju pora\u017eena 2:1.","og_url":"https:\/\/dmcsrb.com\/en\/sport\/mladi-sokoli-vodili-pa-poklekli-u-speciji\/","og_site_name":"dmcsrb.com","article_published_time":"2025-09-05T16:37:22+00:00","og_image":[{"width":1280,"height":838,"url":"https:\/\/dmcsrb.com\/wp-content\/uploads\/2026\/01\/Andrej-Kostic-FSCG.webp","type":"image\/webp"}],"author":"dmcsrbija.com@gmail.com","twitter_card":"summary_large_image","twitter_misc":{"Written by":"dmcsrbija.com@gmail.com","Estimated reading time":"1 minute"},"schema":{"@context":"https:\/\/schema.org","@graph":[{"@type":"Article","@id":"https:\/\/dmcsrb.com\/sport\/mladi-sokoli-vodili-pa-poklekli-u-speciji\/#article","isPartOf":{"@id":"https:\/\/dmcsrb.com\/sport\/mladi-sokoli-vodili-pa-poklekli-u-speciji\/"},"author":{"name":"dmcsrbija.com@gmail.com","@id":"https:\/\/dmcsrb.com\/#\/schema\/person\/5c39170f12db1b8b457732d0b5c854e2"},"headline":"Mladi &#8220;sokoli&#8221; vodili, pa poklekli u Speciji","datePublished":"2025-09-05T16:37:22+00:00","mainEntityOfPage":{"@id":"https:\/\/dmcsrb.com\/sport\/mladi-sokoli-vodili-pa-poklekli-u-speciji\/"},"wordCount":240,"commentCount":0,"image":{"@id":"https:\/\/dmcsrb.com\/sport\/mladi-sokoli-vodili-pa-poklekli-u-speciji\/#primaryimage"},"thumbnailUrl":"https:\/\/dmcsrb.com\/wp-content\/uploads\/2026\/01\/Andrej-Kostic-FSCG.webp","keywords":["kvalifikacije za Evropsko prvenstvo","Mlada fudbalska reprezentacija Crne Gore","Mlada fudbalska reprezentacija Italije"],"articleSection":["Sport"],"inLanguage":"en-GB","potentialAction":[{"@type":"CommentAction","name":"Comment","target":["https:\/\/dmcsrb.com\/sport\/mladi-sokoli-vodili-pa-poklekli-u-speciji\/#respond"]}]},{"@type":"WebPage","@id":"https:\/\/dmcsrb.com\/sport\/mladi-sokoli-vodili-pa-poklekli-u-speciji\/","url":"https:\/\/dmcsrb.com\/sport\/mladi-sokoli-vodili-pa-poklekli-u-speciji\/","name":"Mladi \"sokoli\" vodili, pa poklekli u Speciji - dmcsrb.com","isPartOf":{"@id":"https:\/\/dmcsrb.com\/#website"},"primaryImageOfPage":{"@id":"https:\/\/dmcsrb.com\/sport\/mladi-sokoli-vodili-pa-poklekli-u-speciji\/#primaryimage"},"image":{"@id":"https:\/\/dmcsrb.com\/sport\/mladi-sokoli-vodili-pa-poklekli-u-speciji\/#primaryimage"},"thumbnailUrl":"https:\/\/dmcsrb.com\/wp-content\/uploads\/2026\/01\/Andrej-Kostic-FSCG.webp","datePublished":"2025-09-05T16:37:22+00:00","author":{"@id":"https:\/\/dmcsrb.com\/#\/schema\/person\/5c39170f12db1b8b457732d0b5c854e2"},"breadcrumb":{"@id":"https:\/\/dmcsrb.com\/sport\/mladi-sokoli-vodili-pa-poklekli-u-speciji\/#breadcrumb"},"inLanguage":"en-GB","potentialAction":[{"@type":"ReadAction","target":["https:\/\/dmcsrb.com\/sport\/mladi-sokoli-vodili-pa-poklekli-u-speciji\/"]}]},{"@type":"ImageObject","inLanguage":"en-GB","@id":"https:\/\/dmcsrb.com\/sport\/mladi-sokoli-vodili-pa-poklekli-u-speciji\/#primaryimage","url":"https:\/\/dmcsrb.com\/wp-content\/uploads\/2026\/01\/Andrej-Kostic-FSCG.webp","contentUrl":"https:\/\/dmcsrb.com\/wp-content\/uploads\/2026\/01\/Andrej-Kostic-FSCG.webp","width":1280,"height":838},{"@type":"BreadcrumbList","@id":"https:\/\/dmcsrb.com\/sport\/mladi-sokoli-vodili-pa-poklekli-u-speciji\/#breadcrumb","itemListElement":[{"@type":"ListItem","position":1,"name":"Home","item":"https:\/\/dmcsrb.com\/"},{"@type":"ListItem","position":2,"name":"Mladi &#8220;sokoli&#8221; vodili, pa poklekli u Speciji"}]},{"@type":"WebSite","@id":"https:\/\/dmcsrb.com\/#website","url":"https:\/\/dmcsrb.com\/","name":"dmcsrb.com","description":"","potentialAction":[{"@type":"SearchAction","target":{"@type":"EntryPoint","urlTemplate":"https:\/\/dmcsrb.com\/?s={search_term_string}"},"query-input":{"@type":"PropertyValueSpecification","valueRequired":true,"valueName":"search_term_string"}}],"inLanguage":"en-GB"},{"@type":"Person","@id":"https:\/\/dmcsrb.com\/#\/schema\/person\/5c39170f12db1b8b457732d0b5c854e2","name":"dmcsrbija.com@gmail.com","image":{"@type":"ImageObject","inLanguage":"en-GB","@id":"https:\/\/secure.gravatar.com\/avatar\/68592660ad6347fad0fb587f8d5d8f1a7b44961362f56e4f2cd524feb87e9069?s=96&d=mm&r=g","url":"https:\/\/secure.gravatar.com\/avatar\/68592660ad6347fad0fb587f8d5d8f1a7b44961362f56e4f2cd524feb87e9069?s=96&d=mm&r=g","contentUrl":"https:\/\/secure.gravatar.com\/avatar\/68592660ad6347fad0fb587f8d5d8f1a7b44961362f56e4f2cd524feb87e9069?s=96&d=mm&r=g","caption":"dmcsrbija.com@gmail.com"},"sameAs":["https:\/\/dmcsrb.com"],"url":"https:\/\/dmcsrb.com\/en\/author\/dmcsrbija-comgmail-com\/"}]}},"_links":{"self":[{"href":"https:\/\/dmcsrb.com\/en\/wp-json\/wp\/v2\/posts\/950434","targetHints":{"allow":["GET"]}}],"collection":[{"href":"https:\/\/dmcsrb.com\/en\/wp-json\/wp\/v2\/posts"}],"about":[{"href":"https:\/\/dmcsrb.com\/en\/wp-json\/wp\/v2\/types\/post"}],"author":[{"embeddable":true,"href":"https:\/\/dmcsrb.com\/en\/wp-json\/wp\/v2\/users\/1"}],"replies":[{"embeddable":true,"href":"https:\/\/dmcsrb.com\/en\/wp-json\/wp\/v2\/comments?post=950434"}],"version-history":[{"count":0,"href":"https:\/\/dmcsrb.com\/en\/wp-json\/wp\/v2\/posts\/950434\/revisions"}],"wp:featuredmedia":[{"embeddable":true,"href":"https:\/\/dmcsrb.com\/en\/wp-json\/wp\/v2\/media\/949994"}],"wp:attachment":[{"href":"https:\/\/dmcsrb.com\/en\/wp-json\/wp\/v2\/media?parent=950434"}],"wp:term":[{"taxonomy":"category","embeddable":true,"href":"https:\/\/dmcsrb.com\/en\/wp-json\/wp\/v2\/categories?post=950434"},{"taxonomy":"post_tag","embeddable":true,"href":"https:\/\/dmcsrb.com\/en\/wp-json\/wp\/v2\/tags?post=950434"},{"taxonomy":"naslovna","embeddable":true,"href":"https:\/\/dmcsrb.com\/en\/wp-json\/wp\/v2\/naslovna?post=950434"}],"curies":[{"name":"wp","href":"https:\/\/api.w.org\/{rel}","templated":true}]}}