{"id":950431,"date":"2025-09-05T18:31:00","date_gmt":"2025-09-05T16:31:00","guid":{"rendered":"https:\/\/dmcsrb.com\/uncategorized\/sudjenja-koja-traju-godinama-su-problem-pravosudja-i-evropskog-puta-crne-gore\/"},"modified":"2025-09-05T18:31:00","modified_gmt":"2025-09-05T16:31:00","slug":"sudjenja-koja-traju-godinama-su-problem-pravosudja-i-evropskog-puta-crne-gore","status":"publish","type":"post","link":"https:\/\/dmcsrb.com\/en\/drustvo\/sudjenja-koja-traju-godinama-su-problem-pravosudja-i-evropskog-puta-crne-gore\/","title":{"rendered":"Su\u0111enja koja traju godinama su problem pravosu\u0111a i evropskog puta Crne Gore"},"content":{"rendered":"<p><\/p>\n\n\n\n<p><\/p>\n\n\n\n<p>Ukoliko do 17. oktobra ne bude izre\u010dena prvostepena presuda, Milo\u0161 Medenica \u0107e, shodno zakonu, morati da iza\u0111e iz pritvora, gdje se nalazi od maja 2022. Iz civilnog sektora poru\u010duju da se ovakva praksa direktno reflektuje i na evropske integracije Crne Gore, jer Brisel o\u010dekuje efikasne i pravovremene odluke u predmetima visoke korupcije i organizovanog kriminala.<\/p>\n\n\n\n<p>Dejan Milovac, MANS ka\u017ee da se upravo borba protiv korupcije i kriminala spo\u010ditava kao klju\u010dni nedostatak za poglavlja 23 i 24.<\/p>\n\n\n\n<p>&#8220;Nedostatak pravosna\u017enih presuda, jedina svijetla ta\u010dka jeste rad tu\u017eila\u0161tva. Ja samo \u017eelim da posjetim da je VDT i predsjednica suda obe\u0107ali reforme, me\u0111utim primjeri poput ovoga pokazuju da od reformi nema ni\u0161ta.<br>Slu\u010daj Medenica, me\u0111utim nije usamljen. Odga\u0111anja sve \u010de\u0161\u0107e postaju praksa u na\u0161em pravosu\u0111u. Branilac Medenice, advokat Stefan Jovanovi\u0107, podsje\u0107a da su tokom cijelog postupka nudili jemstvo za njegovog branjenika&#8221;, naveo je on.<\/p>\n\n\n\n<p>Stefan Jovanovi\u0107, advokat Medenice ka\u017ee da okrivljeni imaju svoja prava, zagarantovana Ustavom.<\/p>\n\n\n\n<p>&#8220;A ne po\u0161tuju se, 3 godine u pritvoru, a postupak nije ni krenuo. Do\u0161li smo u situaciju da moj branjenik mo\u017ee da iza\u0111e uz odre\u0111ene mjere, dovoljno je upotrebiti logiku da bi se uz jemstvo obezbijedilo odr\u0161avanje predmeta, mog branjenika, a on svakako nema namjeru da opstruira predmet, svakako ne planira bjekstvo&#8221;, ukazuje Jovanovi\u0107.<\/p>\n\n\n\n<p>Advokat Veselin Radulovi\u0107 me\u0111utim, upozorava da \u010desta odga\u0111anja su\u0111enja ne smiju postati taktika u procesima, posebno kada se radi o predmetima od visokog dru\u0161tvenog interesa.<\/p>\n\n\n\n<p>&#8220;Naravno da taj slu\u010daj i neki drugi slu\u010dajevi pokazuju da pravosu\u0111e nije efikasno i da doprinosi nepovjerenju u na\u0161 sistem. Ja sam formalno sa\u010dinio predlogi poslao poslanicima, koji je glasio da sva odlaganja od strane optu\u017eenih ne ulaze u taj rok od 3 godine, za dono\u0161enje prvostepene presude&#8221;, rekao je Radulovi\u0107.<\/p>\n\n\n\n<p>Do tad, odga\u0111anje su\u0111enja bi\u0107e test za doma\u0107e pravosu\u0111e i dr\u017eavu da odgovori na evropske standarde vladavine prava.<\/p>","protected":false},"excerpt":{"rendered":"<p>Sudski procesi u Crnoj Gori traju unedogled, a su\u0111enja se sve \u010de\u0161\u0107e odga\u0111aju. I to u slu\u010dajevima od javnog interesa, \u0161to u velikoj mjeri ote\u017eava na\u0161 put ka Evropkoj uniji, ali i uti\u010de na efikasnost pravosu\u0111a i povjerenje gra\u0111anja u sudstvo. \u0160ta uraditi da takvoj praksi stanemo na kraj, te koliko nas ko\u0161taju vi\u0161egodi\u0161nja su\u0111enja provjeravala je Jovana Pekovi\u0107.<\/p>","protected":false},"author":1,"featured_media":912484,"comment_status":"open","ping_status":"open","sticky":false,"template":"","format":"standard","meta":{"_acf_changed":false,"footnotes":""},"categories":[2],"tags":[584,10,7059],"naslovna":[],"class_list":["post-950431","post","type-post","status-publish","format-standard","has-post-thumbnail","hentry","category-drustvo","tag-cg","tag-eu","tag-sudjenja"],"acf":[],"yoast_head":"<!-- This site is optimized with the Yoast SEO plugin v27.4 - https:\/\/yoast.com\/product\/yoast-seo-wordpress\/ -->\n<title>Su\u0111enja koja traju godinama su problem pravosu\u0111a i evropskog puta Crne Gore - dmcsrb.com<\/title>\n<meta name=\"robots\" content=\"index, follow, max-snippet:-1, max-image-preview:large, max-video-preview:-1\" \/>\n<link rel=\"canonical\" href=\"https:\/\/dmcsrb.com\/en\/drustvo\/sudjenja-koja-traju-godinama-su-problem-pravosudja-i-evropskog-puta-crne-gore\/\" \/>\n<meta property=\"og:locale\" content=\"en_GB\" \/>\n<meta property=\"og:type\" content=\"article\" \/>\n<meta property=\"og:title\" content=\"Su\u0111enja koja traju godinama su problem pravosu\u0111a i evropskog puta Crne Gore - dmcsrb.com\" \/>\n<meta property=\"og:description\" content=\"Sudski procesi u Crnoj Gori traju unedogled, a su\u0111enja se sve \u010de\u0161\u0107e odga\u0111aju. I to u slu\u010dajevima od javnog interesa, \u0161to u velikoj mjeri ote\u017eava na\u0161 put ka Evropkoj uniji, ali i uti\u010de na efikasnost pravosu\u0111a i povjerenje gra\u0111anja u sudstvo. \u0160ta uraditi da takvoj praksi stanemo na kraj, te koliko nas ko\u0161taju vi\u0161egodi\u0161nja su\u0111enja provjeravala je Jovana Pekovi\u0107.\" \/>\n<meta property=\"og:url\" content=\"https:\/\/dmcsrb.com\/en\/drustvo\/sudjenja-koja-traju-godinama-su-problem-pravosudja-i-evropskog-puta-crne-gore\/\" \/>\n<meta property=\"og:site_name\" content=\"dmcsrb.com\" \/>\n<meta property=\"article:published_time\" content=\"2025-09-05T16:31:00+00:00\" \/>\n<meta property=\"og:image\" content=\"https:\/\/dmcsrb.com\/wp-content\/uploads\/2026\/01\/sud-odluka-presuda-sudija.jpg\" \/>\n\t<meta property=\"og:image:width\" content=\"900\" \/>\n\t<meta property=\"og:image:height\" content=\"600\" \/>\n\t<meta property=\"og:image:type\" content=\"image\/jpeg\" \/>\n<meta name=\"author\" content=\"dmcsrbija.com@gmail.com\" \/>\n<meta name=\"twitter:card\" content=\"summary_large_image\" \/>\n<meta name=\"twitter:label1\" content=\"Written by\" \/>\n\t<meta name=\"twitter:data1\" content=\"dmcsrbija.com@gmail.com\" \/>\n\t<meta name=\"twitter:label2\" content=\"Estimated reading time\" \/>\n\t<meta name=\"twitter:data2\" content=\"2 minutes\" \/>\n<script type=\"application\/ld+json\" class=\"yoast-schema-graph\">{\"@context\":\"https:\\\/\\\/schema.org\",\"@graph\":[{\"@type\":\"Article\",\"@id\":\"https:\\\/\\\/dmcsrb.com\\\/drustvo\\\/sudjenja-koja-traju-godinama-su-problem-pravosudja-i-evropskog-puta-crne-gore\\\/#article\",\"isPartOf\":{\"@id\":\"https:\\\/\\\/dmcsrb.com\\\/drustvo\\\/sudjenja-koja-traju-godinama-su-problem-pravosudja-i-evropskog-puta-crne-gore\\\/\"},\"author\":{\"name\":\"dmcsrbija.com@gmail.com\",\"@id\":\"https:\\\/\\\/dmcsrb.com\\\/#\\\/schema\\\/person\\\/5c39170f12db1b8b457732d0b5c854e2\"},\"headline\":\"Su\u0111enja koja traju godinama su problem pravosu\u0111a i evropskog puta Crne Gore\",\"datePublished\":\"2025-09-05T16:31:00+00:00\",\"mainEntityOfPage\":{\"@id\":\"https:\\\/\\\/dmcsrb.com\\\/drustvo\\\/sudjenja-koja-traju-godinama-su-problem-pravosudja-i-evropskog-puta-crne-gore\\\/\"},\"wordCount\":352,\"commentCount\":0,\"image\":{\"@id\":\"https:\\\/\\\/dmcsrb.com\\\/drustvo\\\/sudjenja-koja-traju-godinama-su-problem-pravosudja-i-evropskog-puta-crne-gore\\\/#primaryimage\"},\"thumbnailUrl\":\"https:\\\/\\\/dmcsrb.com\\\/wp-content\\\/uploads\\\/2026\\\/01\\\/sud-odluka-presuda-sudija.jpg\",\"keywords\":[\"CG\",\"EU\",\"Su\u0111enja\"],\"articleSection\":[\"Dru\u0161tvo\"],\"inLanguage\":\"en-GB\",\"potentialAction\":[{\"@type\":\"CommentAction\",\"name\":\"Comment\",\"target\":[\"https:\\\/\\\/dmcsrb.com\\\/drustvo\\\/sudjenja-koja-traju-godinama-su-problem-pravosudja-i-evropskog-puta-crne-gore\\\/#respond\"]}]},{\"@type\":\"WebPage\",\"@id\":\"https:\\\/\\\/dmcsrb.com\\\/drustvo\\\/sudjenja-koja-traju-godinama-su-problem-pravosudja-i-evropskog-puta-crne-gore\\\/\",\"url\":\"https:\\\/\\\/dmcsrb.com\\\/drustvo\\\/sudjenja-koja-traju-godinama-su-problem-pravosudja-i-evropskog-puta-crne-gore\\\/\",\"name\":\"Su\u0111enja koja traju godinama su problem pravosu\u0111a i evropskog puta Crne Gore - dmcsrb.com\",\"isPartOf\":{\"@id\":\"https:\\\/\\\/dmcsrb.com\\\/#website\"},\"primaryImageOfPage\":{\"@id\":\"https:\\\/\\\/dmcsrb.com\\\/drustvo\\\/sudjenja-koja-traju-godinama-su-problem-pravosudja-i-evropskog-puta-crne-gore\\\/#primaryimage\"},\"image\":{\"@id\":\"https:\\\/\\\/dmcsrb.com\\\/drustvo\\\/sudjenja-koja-traju-godinama-su-problem-pravosudja-i-evropskog-puta-crne-gore\\\/#primaryimage\"},\"thumbnailUrl\":\"https:\\\/\\\/dmcsrb.com\\\/wp-content\\\/uploads\\\/2026\\\/01\\\/sud-odluka-presuda-sudija.jpg\",\"datePublished\":\"2025-09-05T16:31:00+00:00\",\"author\":{\"@id\":\"https:\\\/\\\/dmcsrb.com\\\/#\\\/schema\\\/person\\\/5c39170f12db1b8b457732d0b5c854e2\"},\"breadcrumb\":{\"@id\":\"https:\\\/\\\/dmcsrb.com\\\/drustvo\\\/sudjenja-koja-traju-godinama-su-problem-pravosudja-i-evropskog-puta-crne-gore\\\/#breadcrumb\"},\"inLanguage\":\"en-GB\",\"potentialAction\":[{\"@type\":\"ReadAction\",\"target\":[\"https:\\\/\\\/dmcsrb.com\\\/drustvo\\\/sudjenja-koja-traju-godinama-su-problem-pravosudja-i-evropskog-puta-crne-gore\\\/\"]}]},{\"@type\":\"ImageObject\",\"inLanguage\":\"en-GB\",\"@id\":\"https:\\\/\\\/dmcsrb.com\\\/drustvo\\\/sudjenja-koja-traju-godinama-su-problem-pravosudja-i-evropskog-puta-crne-gore\\\/#primaryimage\",\"url\":\"https:\\\/\\\/dmcsrb.com\\\/wp-content\\\/uploads\\\/2026\\\/01\\\/sud-odluka-presuda-sudija.jpg\",\"contentUrl\":\"https:\\\/\\\/dmcsrb.com\\\/wp-content\\\/uploads\\\/2026\\\/01\\\/sud-odluka-presuda-sudija.jpg\",\"width\":900,\"height\":600},{\"@type\":\"BreadcrumbList\",\"@id\":\"https:\\\/\\\/dmcsrb.com\\\/drustvo\\\/sudjenja-koja-traju-godinama-su-problem-pravosudja-i-evropskog-puta-crne-gore\\\/#breadcrumb\",\"itemListElement\":[{\"@type\":\"ListItem\",\"position\":1,\"name\":\"Home\",\"item\":\"https:\\\/\\\/dmcsrb.com\\\/\"},{\"@type\":\"ListItem\",\"position\":2,\"name\":\"Su\u0111enja koja traju godinama su problem pravosu\u0111a i evropskog puta Crne Gore\"}]},{\"@type\":\"WebSite\",\"@id\":\"https:\\\/\\\/dmcsrb.com\\\/#website\",\"url\":\"https:\\\/\\\/dmcsrb.com\\\/\",\"name\":\"dmcsrb.com\",\"description\":\"\",\"potentialAction\":[{\"@type\":\"SearchAction\",\"target\":{\"@type\":\"EntryPoint\",\"urlTemplate\":\"https:\\\/\\\/dmcsrb.com\\\/?s={search_term_string}\"},\"query-input\":{\"@type\":\"PropertyValueSpecification\",\"valueRequired\":true,\"valueName\":\"search_term_string\"}}],\"inLanguage\":\"en-GB\"},{\"@type\":\"Person\",\"@id\":\"https:\\\/\\\/dmcsrb.com\\\/#\\\/schema\\\/person\\\/5c39170f12db1b8b457732d0b5c854e2\",\"name\":\"dmcsrbija.com@gmail.com\",\"image\":{\"@type\":\"ImageObject\",\"inLanguage\":\"en-GB\",\"@id\":\"https:\\\/\\\/secure.gravatar.com\\\/avatar\\\/68592660ad6347fad0fb587f8d5d8f1a7b44961362f56e4f2cd524feb87e9069?s=96&d=mm&r=g\",\"url\":\"https:\\\/\\\/secure.gravatar.com\\\/avatar\\\/68592660ad6347fad0fb587f8d5d8f1a7b44961362f56e4f2cd524feb87e9069?s=96&d=mm&r=g\",\"contentUrl\":\"https:\\\/\\\/secure.gravatar.com\\\/avatar\\\/68592660ad6347fad0fb587f8d5d8f1a7b44961362f56e4f2cd524feb87e9069?s=96&d=mm&r=g\",\"caption\":\"dmcsrbija.com@gmail.com\"},\"sameAs\":[\"https:\\\/\\\/dmcsrb.com\"],\"url\":\"https:\\\/\\\/dmcsrb.com\\\/en\\\/author\\\/dmcsrbija-comgmail-com\\\/\"}]}<\/script>\n<!-- \/ Yoast SEO plugin. -->","yoast_head_json":{"title":"Su\u0111enja koja traju godinama su problem pravosu\u0111a i evropskog puta Crne Gore - dmcsrb.com","robots":{"index":"index","follow":"follow","max-snippet":"max-snippet:-1","max-image-preview":"max-image-preview:large","max-video-preview":"max-video-preview:-1"},"canonical":"https:\/\/dmcsrb.com\/en\/drustvo\/sudjenja-koja-traju-godinama-su-problem-pravosudja-i-evropskog-puta-crne-gore\/","og_locale":"en_GB","og_type":"article","og_title":"Su\u0111enja koja traju godinama su problem pravosu\u0111a i evropskog puta Crne Gore - dmcsrb.com","og_description":"Sudski procesi u Crnoj Gori traju unedogled, a su\u0111enja se sve \u010de\u0161\u0107e odga\u0111aju. I to u slu\u010dajevima od javnog interesa, \u0161to u velikoj mjeri ote\u017eava na\u0161 put ka Evropkoj uniji, ali i uti\u010de na efikasnost pravosu\u0111a i povjerenje gra\u0111anja u sudstvo. \u0160ta uraditi da takvoj praksi stanemo na kraj, te koliko nas ko\u0161taju vi\u0161egodi\u0161nja su\u0111enja provjeravala je Jovana Pekovi\u0107.","og_url":"https:\/\/dmcsrb.com\/en\/drustvo\/sudjenja-koja-traju-godinama-su-problem-pravosudja-i-evropskog-puta-crne-gore\/","og_site_name":"dmcsrb.com","article_published_time":"2025-09-05T16:31:00+00:00","og_image":[{"width":900,"height":600,"url":"https:\/\/dmcsrb.com\/wp-content\/uploads\/2026\/01\/sud-odluka-presuda-sudija.jpg","type":"image\/jpeg"}],"author":"dmcsrbija.com@gmail.com","twitter_card":"summary_large_image","twitter_misc":{"Written by":"dmcsrbija.com@gmail.com","Estimated reading time":"2 minutes"},"schema":{"@context":"https:\/\/schema.org","@graph":[{"@type":"Article","@id":"https:\/\/dmcsrb.com\/drustvo\/sudjenja-koja-traju-godinama-su-problem-pravosudja-i-evropskog-puta-crne-gore\/#article","isPartOf":{"@id":"https:\/\/dmcsrb.com\/drustvo\/sudjenja-koja-traju-godinama-su-problem-pravosudja-i-evropskog-puta-crne-gore\/"},"author":{"name":"dmcsrbija.com@gmail.com","@id":"https:\/\/dmcsrb.com\/#\/schema\/person\/5c39170f12db1b8b457732d0b5c854e2"},"headline":"Su\u0111enja koja traju godinama su problem pravosu\u0111a i evropskog puta Crne Gore","datePublished":"2025-09-05T16:31:00+00:00","mainEntityOfPage":{"@id":"https:\/\/dmcsrb.com\/drustvo\/sudjenja-koja-traju-godinama-su-problem-pravosudja-i-evropskog-puta-crne-gore\/"},"wordCount":352,"commentCount":0,"image":{"@id":"https:\/\/dmcsrb.com\/drustvo\/sudjenja-koja-traju-godinama-su-problem-pravosudja-i-evropskog-puta-crne-gore\/#primaryimage"},"thumbnailUrl":"https:\/\/dmcsrb.com\/wp-content\/uploads\/2026\/01\/sud-odluka-presuda-sudija.jpg","keywords":["CG","EU","Su\u0111enja"],"articleSection":["Dru\u0161tvo"],"inLanguage":"en-GB","potentialAction":[{"@type":"CommentAction","name":"Comment","target":["https:\/\/dmcsrb.com\/drustvo\/sudjenja-koja-traju-godinama-su-problem-pravosudja-i-evropskog-puta-crne-gore\/#respond"]}]},{"@type":"WebPage","@id":"https:\/\/dmcsrb.com\/drustvo\/sudjenja-koja-traju-godinama-su-problem-pravosudja-i-evropskog-puta-crne-gore\/","url":"https:\/\/dmcsrb.com\/drustvo\/sudjenja-koja-traju-godinama-su-problem-pravosudja-i-evropskog-puta-crne-gore\/","name":"Su\u0111enja koja traju godinama su problem pravosu\u0111a i evropskog puta Crne Gore - dmcsrb.com","isPartOf":{"@id":"https:\/\/dmcsrb.com\/#website"},"primaryImageOfPage":{"@id":"https:\/\/dmcsrb.com\/drustvo\/sudjenja-koja-traju-godinama-su-problem-pravosudja-i-evropskog-puta-crne-gore\/#primaryimage"},"image":{"@id":"https:\/\/dmcsrb.com\/drustvo\/sudjenja-koja-traju-godinama-su-problem-pravosudja-i-evropskog-puta-crne-gore\/#primaryimage"},"thumbnailUrl":"https:\/\/dmcsrb.com\/wp-content\/uploads\/2026\/01\/sud-odluka-presuda-sudija.jpg","datePublished":"2025-09-05T16:31:00+00:00","author":{"@id":"https:\/\/dmcsrb.com\/#\/schema\/person\/5c39170f12db1b8b457732d0b5c854e2"},"breadcrumb":{"@id":"https:\/\/dmcsrb.com\/drustvo\/sudjenja-koja-traju-godinama-su-problem-pravosudja-i-evropskog-puta-crne-gore\/#breadcrumb"},"inLanguage":"en-GB","potentialAction":[{"@type":"ReadAction","target":["https:\/\/dmcsrb.com\/drustvo\/sudjenja-koja-traju-godinama-su-problem-pravosudja-i-evropskog-puta-crne-gore\/"]}]},{"@type":"ImageObject","inLanguage":"en-GB","@id":"https:\/\/dmcsrb.com\/drustvo\/sudjenja-koja-traju-godinama-su-problem-pravosudja-i-evropskog-puta-crne-gore\/#primaryimage","url":"https:\/\/dmcsrb.com\/wp-content\/uploads\/2026\/01\/sud-odluka-presuda-sudija.jpg","contentUrl":"https:\/\/dmcsrb.com\/wp-content\/uploads\/2026\/01\/sud-odluka-presuda-sudija.jpg","width":900,"height":600},{"@type":"BreadcrumbList","@id":"https:\/\/dmcsrb.com\/drustvo\/sudjenja-koja-traju-godinama-su-problem-pravosudja-i-evropskog-puta-crne-gore\/#breadcrumb","itemListElement":[{"@type":"ListItem","position":1,"name":"Home","item":"https:\/\/dmcsrb.com\/"},{"@type":"ListItem","position":2,"name":"Su\u0111enja koja traju godinama su problem pravosu\u0111a i evropskog puta Crne Gore"}]},{"@type":"WebSite","@id":"https:\/\/dmcsrb.com\/#website","url":"https:\/\/dmcsrb.com\/","name":"dmcsrb.com","description":"","potentialAction":[{"@type":"SearchAction","target":{"@type":"EntryPoint","urlTemplate":"https:\/\/dmcsrb.com\/?s={search_term_string}"},"query-input":{"@type":"PropertyValueSpecification","valueRequired":true,"valueName":"search_term_string"}}],"inLanguage":"en-GB"},{"@type":"Person","@id":"https:\/\/dmcsrb.com\/#\/schema\/person\/5c39170f12db1b8b457732d0b5c854e2","name":"dmcsrbija.com@gmail.com","image":{"@type":"ImageObject","inLanguage":"en-GB","@id":"https:\/\/secure.gravatar.com\/avatar\/68592660ad6347fad0fb587f8d5d8f1a7b44961362f56e4f2cd524feb87e9069?s=96&d=mm&r=g","url":"https:\/\/secure.gravatar.com\/avatar\/68592660ad6347fad0fb587f8d5d8f1a7b44961362f56e4f2cd524feb87e9069?s=96&d=mm&r=g","contentUrl":"https:\/\/secure.gravatar.com\/avatar\/68592660ad6347fad0fb587f8d5d8f1a7b44961362f56e4f2cd524feb87e9069?s=96&d=mm&r=g","caption":"dmcsrbija.com@gmail.com"},"sameAs":["https:\/\/dmcsrb.com"],"url":"https:\/\/dmcsrb.com\/en\/author\/dmcsrbija-comgmail-com\/"}]}},"_links":{"self":[{"href":"https:\/\/dmcsrb.com\/en\/wp-json\/wp\/v2\/posts\/950431","targetHints":{"allow":["GET"]}}],"collection":[{"href":"https:\/\/dmcsrb.com\/en\/wp-json\/wp\/v2\/posts"}],"about":[{"href":"https:\/\/dmcsrb.com\/en\/wp-json\/wp\/v2\/types\/post"}],"author":[{"embeddable":true,"href":"https:\/\/dmcsrb.com\/en\/wp-json\/wp\/v2\/users\/1"}],"replies":[{"embeddable":true,"href":"https:\/\/dmcsrb.com\/en\/wp-json\/wp\/v2\/comments?post=950431"}],"version-history":[{"count":0,"href":"https:\/\/dmcsrb.com\/en\/wp-json\/wp\/v2\/posts\/950431\/revisions"}],"wp:featuredmedia":[{"embeddable":true,"href":"https:\/\/dmcsrb.com\/en\/wp-json\/wp\/v2\/media\/912484"}],"wp:attachment":[{"href":"https:\/\/dmcsrb.com\/en\/wp-json\/wp\/v2\/media?parent=950431"}],"wp:term":[{"taxonomy":"category","embeddable":true,"href":"https:\/\/dmcsrb.com\/en\/wp-json\/wp\/v2\/categories?post=950431"},{"taxonomy":"post_tag","embeddable":true,"href":"https:\/\/dmcsrb.com\/en\/wp-json\/wp\/v2\/tags?post=950431"},{"taxonomy":"naslovna","embeddable":true,"href":"https:\/\/dmcsrb.com\/en\/wp-json\/wp\/v2\/naslovna?post=950431"}],"curies":[{"name":"wp","href":"https:\/\/api.w.org\/{rel}","templated":true}]}}