{"id":950398,"date":"2025-09-05T15:22:00","date_gmt":"2025-09-05T13:22:00","guid":{"rendered":"https:\/\/dmcsrb.com\/uncategorized\/film-roda-zatvara-dzada-film-festival\/"},"modified":"2025-09-05T15:22:00","modified_gmt":"2025-09-05T13:22:00","slug":"film-roda-zatvara-dzada-film-festival","status":"publish","type":"post","link":"https:\/\/dmcsrb.com\/en\/kultura\/film-roda-zatvara-dzada-film-festival\/","title":{"rendered":"Film &#8220;Roda&#8221; zatvara D\u017eada film festival"},"content":{"rendered":"<p><\/p>\n\n\n\n<p><\/p>\n\n\n\n<p><\/p>\n\n\n\n<p>Njeno saop\u0161tenje prenosimo integralno:<\/p>\n\n\n\n<p>\u201cDragi prijatelji D\u017eade i svi gra\u0111ani Podgorice, svi vi koji nas podr\u017eavate, ali i vi koji nas osu\u0111ujete\u2026.<\/p>\n\n\n\n<p>Kada smo po\u010deli da pripremamo ovogodi\u0161nje jubilarno izdanje D\u017eada film festivala, nismo ni slutili da \u0107emo morati govoriti o ovakvim temama i ovakvim stvarima. U\u0161li smo u desetu godinu sa entuzijazmom, sa ponosom na sve \u0161to smo do sad izgradili zajedno sa publikom, autorima, kom\u0161ijama, i filmskim stvaraocima iz cijelog svijeta!<\/p>\n\n\n\n<p>Pripremili smo izuzetno bogat takmi\u010darski program i filmove koji su promi\u0161ljeni, hrabri, nje\u017eni i va\u017eni. I sve je i\u0161lo onako kako smo zamislili\u2026 do jednog trenutka. Tokom prikazivanja filma \u201cRoda\u201d na\u0161eg sjajnog reditelja Isa \u0106osje prekinuto je ono \u0161to nikada ne bi smjelo biti prekinuto &#8211; Pravo autora da ispri\u010da pri\u010du.<\/p>\n\n\n\n<p>Pravo publike da je \u010duje. Pravo filma da bude prikazan. U tom trenutku, bez dileme, donijeli smo odluku. Taj film, koji je neko poku\u0161ao da uti\u0161a, bi\u0107e film koji \u0107e zatvoriti ovogodi\u0161nju D\u017eadu.<\/p>\n\n\n\n<p>Zato vas pozivam da nam se pridru\u017eite na zatvaranju festivala u nedjelju, u 20 \u010dasova, u Crnogorskoj kinoteci.<\/p>\n\n\n\n<p>Prikaza\u0107emo film koji nije samo film. On je poruka. On je ta\u010dka i on je na\u0161 odgovor. Zatvori\u0107emo jubilarnu D\u017eadu dostojanstveno, hrabro i onako kako jedino znamo &#8211; zajedno.<\/p>\n\n\n\n<p>Na kraju, \u017eelim da se zahvalim svima koji su reagovali, jer te reakcije potvr\u0111uju da ravnodu\u0161nosti nema i ne smije je biti. A D\u017eada nije ravnodu\u0161na ve\u0107 punih 10 godina i to jako dobro znaju ljudi koji nas prate i znaju da festival ne podr\u017eava nikakav oblik nasilja, a ponajmanje nacionalne netrpeljivosti. Rekla bih da je D\u017eada kolateralna \u0161teta, dru\u0161tvenih devijacija kojima bi trebalo da se bave pa i institucije koje nas i danas prozivaju.<\/p>\n\n\n\n<p>Festival ovih razmjera organizije mali tim ljudi koji se godinama trudi da bez dovoljnih finansijskih sredstava organizuje 10. izdanje u ovom obimu i sve prvenstveno za dobrobit zajednice, a ne li\u010dnu.<\/p>\n\n\n\n<p>Iskreno se nadamo da \u0107e svako od nas na mikro i makro nivou zastati na trenutak i promisliti o va\u017enosti uva\u017eavanja i po\u0161tovanja razli\u010ditosti, da \u0107e crnogorsko dru\u0161tvo, ali posebno institucije pokazati \u017eelju i volju da se bore protiv primitivnih u\u010denja i ideologija kojima nema mjesta nigdje, a ponajmanje u kulturi. Mo\u017eda \u0107e ba\u0161 Roda na Zabjelu doprinijeti tome!<\/p>\n\n\n\n<p>Vidimo se u nedjelju!&#8221;<\/p>","protected":false},"excerpt":{"rendered":"<p>Nakon prekida projekcije filma Roda na D\u017eada film festu direktorica festivala Nina Lon\u010dar pozvala je publiku da se pridru\u017ei projekciji filma u nedjelju.<\/p>","protected":false},"author":1,"featured_media":950399,"comment_status":"open","ping_status":"open","sticky":false,"template":"","format":"standard","meta":{"_acf_changed":false,"footnotes":""},"categories":[50],"tags":[7032,7026],"naslovna":[],"class_list":["post-950398","post","type-post","status-publish","format-standard","has-post-thumbnail","hentry","category-kultura","tag-dzada","tag-film-roda"],"acf":[],"yoast_head":"<!-- This site is optimized with the Yoast SEO plugin v27.0 - https:\/\/yoast.com\/product\/yoast-seo-wordpress\/ -->\n<title>Film &quot;Roda&quot; zatvara D\u017eada film festival - dmcsrb.com<\/title>\n<meta name=\"robots\" content=\"index, follow, max-snippet:-1, max-image-preview:large, max-video-preview:-1\" \/>\n<link rel=\"canonical\" href=\"https:\/\/dmcsrb.com\/en\/kultura\/film-roda-zatvara-dzada-film-festival\/\" \/>\n<meta property=\"og:locale\" content=\"en_GB\" \/>\n<meta property=\"og:type\" content=\"article\" \/>\n<meta property=\"og:title\" content=\"Film &quot;Roda&quot; zatvara D\u017eada film festival - dmcsrb.com\" \/>\n<meta property=\"og:description\" content=\"Nakon prekida projekcije filma Roda na D\u017eada film festu direktorica festivala Nina Lon\u010dar pozvala je publiku da se pridru\u017ei projekciji filma u nedjelju.\" \/>\n<meta property=\"og:url\" content=\"https:\/\/dmcsrb.com\/en\/kultura\/film-roda-zatvara-dzada-film-festival\/\" \/>\n<meta property=\"og:site_name\" content=\"dmcsrb.com\" \/>\n<meta property=\"article:published_time\" content=\"2025-09-05T13:22:00+00:00\" \/>\n<meta property=\"og:image\" content=\"https:\/\/dmcsrb.com\/wp-content\/uploads\/2026\/01\/roda.webp\" \/>\n\t<meta property=\"og:image:width\" content=\"960\" \/>\n\t<meta property=\"og:image:height\" content=\"600\" \/>\n\t<meta property=\"og:image:type\" content=\"image\/jpeg\" \/>\n<meta name=\"author\" content=\"dmcsrbija.com@gmail.com\" \/>\n<meta name=\"twitter:card\" content=\"summary_large_image\" \/>\n<meta name=\"twitter:label1\" content=\"Written by\" \/>\n\t<meta name=\"twitter:data1\" content=\"dmcsrbija.com@gmail.com\" \/>\n\t<meta name=\"twitter:label2\" content=\"Estimated reading time\" \/>\n\t<meta name=\"twitter:data2\" content=\"2 minutes\" \/>\n<script type=\"application\/ld+json\" class=\"yoast-schema-graph\">{\"@context\":\"https:\/\/schema.org\",\"@graph\":[{\"@type\":\"Article\",\"@id\":\"https:\/\/dmcsrb.com\/kultura\/film-roda-zatvara-dzada-film-festival\/#article\",\"isPartOf\":{\"@id\":\"https:\/\/dmcsrb.com\/kultura\/film-roda-zatvara-dzada-film-festival\/\"},\"author\":{\"name\":\"dmcsrbija.com@gmail.com\",\"@id\":\"https:\/\/dmcsrb.com\/#\/schema\/person\/5c39170f12db1b8b457732d0b5c854e2\"},\"headline\":\"Film &#8220;Roda&#8221; zatvara D\u017eada film festival\",\"datePublished\":\"2025-09-05T13:22:00+00:00\",\"mainEntityOfPage\":{\"@id\":\"https:\/\/dmcsrb.com\/kultura\/film-roda-zatvara-dzada-film-festival\/\"},\"wordCount\":420,\"commentCount\":0,\"image\":{\"@id\":\"https:\/\/dmcsrb.com\/kultura\/film-roda-zatvara-dzada-film-festival\/#primaryimage\"},\"thumbnailUrl\":\"https:\/\/dmcsrb.com\/wp-content\/uploads\/2026\/01\/roda.webp\",\"keywords\":[\"d\u017eada\",\"Film \\\"Roda\\\"\"],\"articleSection\":[\"Kultura\"],\"inLanguage\":\"en-GB\",\"potentialAction\":[{\"@type\":\"CommentAction\",\"name\":\"Comment\",\"target\":[\"https:\/\/dmcsrb.com\/kultura\/film-roda-zatvara-dzada-film-festival\/#respond\"]}]},{\"@type\":\"WebPage\",\"@id\":\"https:\/\/dmcsrb.com\/kultura\/film-roda-zatvara-dzada-film-festival\/\",\"url\":\"https:\/\/dmcsrb.com\/kultura\/film-roda-zatvara-dzada-film-festival\/\",\"name\":\"Film \\\"Roda\\\" zatvara D\u017eada film festival - dmcsrb.com\",\"isPartOf\":{\"@id\":\"https:\/\/dmcsrb.com\/#website\"},\"primaryImageOfPage\":{\"@id\":\"https:\/\/dmcsrb.com\/kultura\/film-roda-zatvara-dzada-film-festival\/#primaryimage\"},\"image\":{\"@id\":\"https:\/\/dmcsrb.com\/kultura\/film-roda-zatvara-dzada-film-festival\/#primaryimage\"},\"thumbnailUrl\":\"https:\/\/dmcsrb.com\/wp-content\/uploads\/2026\/01\/roda.webp\",\"datePublished\":\"2025-09-05T13:22:00+00:00\",\"author\":{\"@id\":\"https:\/\/dmcsrb.com\/#\/schema\/person\/5c39170f12db1b8b457732d0b5c854e2\"},\"breadcrumb\":{\"@id\":\"https:\/\/dmcsrb.com\/kultura\/film-roda-zatvara-dzada-film-festival\/#breadcrumb\"},\"inLanguage\":\"en-GB\",\"potentialAction\":[{\"@type\":\"ReadAction\",\"target\":[\"https:\/\/dmcsrb.com\/kultura\/film-roda-zatvara-dzada-film-festival\/\"]}]},{\"@type\":\"ImageObject\",\"inLanguage\":\"en-GB\",\"@id\":\"https:\/\/dmcsrb.com\/kultura\/film-roda-zatvara-dzada-film-festival\/#primaryimage\",\"url\":\"https:\/\/dmcsrb.com\/wp-content\/uploads\/2026\/01\/roda.webp\",\"contentUrl\":\"https:\/\/dmcsrb.com\/wp-content\/uploads\/2026\/01\/roda.webp\",\"width\":960,\"height\":600},{\"@type\":\"BreadcrumbList\",\"@id\":\"https:\/\/dmcsrb.com\/kultura\/film-roda-zatvara-dzada-film-festival\/#breadcrumb\",\"itemListElement\":[{\"@type\":\"ListItem\",\"position\":1,\"name\":\"Home\",\"item\":\"https:\/\/dmcsrb.com\/\"},{\"@type\":\"ListItem\",\"position\":2,\"name\":\"Film &#8220;Roda&#8221; zatvara D\u017eada film festival\"}]},{\"@type\":\"WebSite\",\"@id\":\"https:\/\/dmcsrb.com\/#website\",\"url\":\"https:\/\/dmcsrb.com\/\",\"name\":\"dmcsrb.com\",\"description\":\"\",\"potentialAction\":[{\"@type\":\"SearchAction\",\"target\":{\"@type\":\"EntryPoint\",\"urlTemplate\":\"https:\/\/dmcsrb.com\/?s={search_term_string}\"},\"query-input\":{\"@type\":\"PropertyValueSpecification\",\"valueRequired\":true,\"valueName\":\"search_term_string\"}}],\"inLanguage\":\"en-GB\"},{\"@type\":\"Person\",\"@id\":\"https:\/\/dmcsrb.com\/#\/schema\/person\/5c39170f12db1b8b457732d0b5c854e2\",\"name\":\"dmcsrbija.com@gmail.com\",\"image\":{\"@type\":\"ImageObject\",\"inLanguage\":\"en-GB\",\"@id\":\"https:\/\/dmcsrb.com\/#\/schema\/person\/image\/\",\"url\":\"https:\/\/secure.gravatar.com\/avatar\/68592660ad6347fad0fb587f8d5d8f1a7b44961362f56e4f2cd524feb87e9069?s=96&d=mm&r=g\",\"contentUrl\":\"https:\/\/secure.gravatar.com\/avatar\/68592660ad6347fad0fb587f8d5d8f1a7b44961362f56e4f2cd524feb87e9069?s=96&d=mm&r=g\",\"caption\":\"dmcsrbija.com@gmail.com\"},\"sameAs\":[\"https:\/\/dmcsrb.com\"],\"url\":\"https:\/\/dmcsrb.com\/en\/author\/dmcsrbija-comgmail-com\/\"}]}<\/script>\n<!-- \/ Yoast SEO plugin. -->","yoast_head_json":{"title":"Film \"Roda\" zatvara D\u017eada film festival - dmcsrb.com","robots":{"index":"index","follow":"follow","max-snippet":"max-snippet:-1","max-image-preview":"max-image-preview:large","max-video-preview":"max-video-preview:-1"},"canonical":"https:\/\/dmcsrb.com\/en\/kultura\/film-roda-zatvara-dzada-film-festival\/","og_locale":"en_GB","og_type":"article","og_title":"Film \"Roda\" zatvara D\u017eada film festival - dmcsrb.com","og_description":"Nakon prekida projekcije filma Roda na D\u017eada film festu direktorica festivala Nina Lon\u010dar pozvala je publiku da se pridru\u017ei projekciji filma u nedjelju.","og_url":"https:\/\/dmcsrb.com\/en\/kultura\/film-roda-zatvara-dzada-film-festival\/","og_site_name":"dmcsrb.com","article_published_time":"2025-09-05T13:22:00+00:00","og_image":[{"width":960,"height":600,"url":"https:\/\/dmcsrb.com\/wp-content\/uploads\/2026\/01\/roda.webp","type":"image\/jpeg"}],"author":"dmcsrbija.com@gmail.com","twitter_card":"summary_large_image","twitter_misc":{"Written by":"dmcsrbija.com@gmail.com","Estimated reading time":"2 minutes"},"schema":{"@context":"https:\/\/schema.org","@graph":[{"@type":"Article","@id":"https:\/\/dmcsrb.com\/kultura\/film-roda-zatvara-dzada-film-festival\/#article","isPartOf":{"@id":"https:\/\/dmcsrb.com\/kultura\/film-roda-zatvara-dzada-film-festival\/"},"author":{"name":"dmcsrbija.com@gmail.com","@id":"https:\/\/dmcsrb.com\/#\/schema\/person\/5c39170f12db1b8b457732d0b5c854e2"},"headline":"Film &#8220;Roda&#8221; zatvara D\u017eada film festival","datePublished":"2025-09-05T13:22:00+00:00","mainEntityOfPage":{"@id":"https:\/\/dmcsrb.com\/kultura\/film-roda-zatvara-dzada-film-festival\/"},"wordCount":420,"commentCount":0,"image":{"@id":"https:\/\/dmcsrb.com\/kultura\/film-roda-zatvara-dzada-film-festival\/#primaryimage"},"thumbnailUrl":"https:\/\/dmcsrb.com\/wp-content\/uploads\/2026\/01\/roda.webp","keywords":["d\u017eada","Film \"Roda\""],"articleSection":["Kultura"],"inLanguage":"en-GB","potentialAction":[{"@type":"CommentAction","name":"Comment","target":["https:\/\/dmcsrb.com\/kultura\/film-roda-zatvara-dzada-film-festival\/#respond"]}]},{"@type":"WebPage","@id":"https:\/\/dmcsrb.com\/kultura\/film-roda-zatvara-dzada-film-festival\/","url":"https:\/\/dmcsrb.com\/kultura\/film-roda-zatvara-dzada-film-festival\/","name":"Film \"Roda\" zatvara D\u017eada film festival - dmcsrb.com","isPartOf":{"@id":"https:\/\/dmcsrb.com\/#website"},"primaryImageOfPage":{"@id":"https:\/\/dmcsrb.com\/kultura\/film-roda-zatvara-dzada-film-festival\/#primaryimage"},"image":{"@id":"https:\/\/dmcsrb.com\/kultura\/film-roda-zatvara-dzada-film-festival\/#primaryimage"},"thumbnailUrl":"https:\/\/dmcsrb.com\/wp-content\/uploads\/2026\/01\/roda.webp","datePublished":"2025-09-05T13:22:00+00:00","author":{"@id":"https:\/\/dmcsrb.com\/#\/schema\/person\/5c39170f12db1b8b457732d0b5c854e2"},"breadcrumb":{"@id":"https:\/\/dmcsrb.com\/kultura\/film-roda-zatvara-dzada-film-festival\/#breadcrumb"},"inLanguage":"en-GB","potentialAction":[{"@type":"ReadAction","target":["https:\/\/dmcsrb.com\/kultura\/film-roda-zatvara-dzada-film-festival\/"]}]},{"@type":"ImageObject","inLanguage":"en-GB","@id":"https:\/\/dmcsrb.com\/kultura\/film-roda-zatvara-dzada-film-festival\/#primaryimage","url":"https:\/\/dmcsrb.com\/wp-content\/uploads\/2026\/01\/roda.webp","contentUrl":"https:\/\/dmcsrb.com\/wp-content\/uploads\/2026\/01\/roda.webp","width":960,"height":600},{"@type":"BreadcrumbList","@id":"https:\/\/dmcsrb.com\/kultura\/film-roda-zatvara-dzada-film-festival\/#breadcrumb","itemListElement":[{"@type":"ListItem","position":1,"name":"Home","item":"https:\/\/dmcsrb.com\/"},{"@type":"ListItem","position":2,"name":"Film &#8220;Roda&#8221; zatvara D\u017eada film festival"}]},{"@type":"WebSite","@id":"https:\/\/dmcsrb.com\/#website","url":"https:\/\/dmcsrb.com\/","name":"dmcsrb.com","description":"","potentialAction":[{"@type":"SearchAction","target":{"@type":"EntryPoint","urlTemplate":"https:\/\/dmcsrb.com\/?s={search_term_string}"},"query-input":{"@type":"PropertyValueSpecification","valueRequired":true,"valueName":"search_term_string"}}],"inLanguage":"en-GB"},{"@type":"Person","@id":"https:\/\/dmcsrb.com\/#\/schema\/person\/5c39170f12db1b8b457732d0b5c854e2","name":"dmcsrbija.com@gmail.com","image":{"@type":"ImageObject","inLanguage":"en-GB","@id":"https:\/\/dmcsrb.com\/#\/schema\/person\/image\/","url":"https:\/\/secure.gravatar.com\/avatar\/68592660ad6347fad0fb587f8d5d8f1a7b44961362f56e4f2cd524feb87e9069?s=96&d=mm&r=g","contentUrl":"https:\/\/secure.gravatar.com\/avatar\/68592660ad6347fad0fb587f8d5d8f1a7b44961362f56e4f2cd524feb87e9069?s=96&d=mm&r=g","caption":"dmcsrbija.com@gmail.com"},"sameAs":["https:\/\/dmcsrb.com"],"url":"https:\/\/dmcsrb.com\/en\/author\/dmcsrbija-comgmail-com\/"}]}},"_links":{"self":[{"href":"https:\/\/dmcsrb.com\/en\/wp-json\/wp\/v2\/posts\/950398","targetHints":{"allow":["GET"]}}],"collection":[{"href":"https:\/\/dmcsrb.com\/en\/wp-json\/wp\/v2\/posts"}],"about":[{"href":"https:\/\/dmcsrb.com\/en\/wp-json\/wp\/v2\/types\/post"}],"author":[{"embeddable":true,"href":"https:\/\/dmcsrb.com\/en\/wp-json\/wp\/v2\/users\/1"}],"replies":[{"embeddable":true,"href":"https:\/\/dmcsrb.com\/en\/wp-json\/wp\/v2\/comments?post=950398"}],"version-history":[{"count":0,"href":"https:\/\/dmcsrb.com\/en\/wp-json\/wp\/v2\/posts\/950398\/revisions"}],"wp:featuredmedia":[{"embeddable":true,"href":"https:\/\/dmcsrb.com\/en\/wp-json\/wp\/v2\/media\/950399"}],"wp:attachment":[{"href":"https:\/\/dmcsrb.com\/en\/wp-json\/wp\/v2\/media?parent=950398"}],"wp:term":[{"taxonomy":"category","embeddable":true,"href":"https:\/\/dmcsrb.com\/en\/wp-json\/wp\/v2\/categories?post=950398"},{"taxonomy":"post_tag","embeddable":true,"href":"https:\/\/dmcsrb.com\/en\/wp-json\/wp\/v2\/tags?post=950398"},{"taxonomy":"naslovna","embeddable":true,"href":"https:\/\/dmcsrb.com\/en\/wp-json\/wp\/v2\/naslovna?post=950398"}],"curies":[{"name":"wp","href":"https:\/\/api.w.org\/{rel}","templated":true}]}}