{"id":950395,"date":"2025-09-05T15:59:00","date_gmt":"2025-09-05T13:59:00","guid":{"rendered":"https:\/\/dmcsrb.com\/uncategorized\/terzic-prekid-filma-je-pokazatelj-kakva-je-posttridesetoavgustovska-crna-gora\/"},"modified":"2025-09-05T15:59:00","modified_gmt":"2025-09-05T13:59:00","slug":"terzic-prekid-filma-je-pokazatelj-kakva-je-posttridesetoavgustovska-crna-gora","status":"publish","type":"post","link":"https:\/\/dmcsrb.com\/en\/politika\/terzic-prekid-filma-je-pokazatelj-kakva-je-posttridesetoavgustovska-crna-gora\/","title":{"rendered":"Terzi\u0107: Prekid filma je pokazatelj kakva je posttridesetoavgustovska Crna Gora"},"content":{"rendered":"<p><br><br><\/p>\n\n\n\n<p><\/p>\n\n\n\n<p>On isti\u010de da je takva nezdrava klima u dru\u0161tvu, koja je trenutno aktuelna u Crnoj Gori, ogledalo nazadnih, retrogradnih politika koje su, zahvaljuju\u0107i PES-u i Milojku Spaji\u0107u, do\u0161le u poziciju da odlu\u010duju o sudbini antifa\u0161isti\u010dke i gra\u0111anske Crne Gore.<\/p>\n\n\n\n<p>Me\u0111unacionalna netrpeljivost i mr\u017enja dolaze kao rezultat danas u ovoj dr\u017eavi, na\u017ealost, vladaju\u0107e politike koja besramno la\u017eira istoriju, a ratne zlo\u010dince bestidno naziva herojima. To ne iznena\u0111uje u ambijentu gdje od pojedinaca u crnim mantijama ne dolaze poruke ljubavi i mira, naprotiv \u2013 dolaze poruke razdora koje stvaraju tenzije u dru\u0161tvu. Na kraju, odgovornost za ovakve pojave u dru\u0161tvu snosi samo i isklju\u010divo premijer Milojko Spaji\u0107 koji je na pozicije uticaja doveo Andriju Mandi\u0107a i ostatak njegove \u010detni\u010dke \u010dete koji neumorno rade na razaranju antifa\u0161isti\u010dkog i gra\u0111anskog bi\u0107a nezavisne Crne Gore- poru\u010dio je on.<\/p>","protected":false},"excerpt":{"rendered":"<p>Prekid projekcije filma emitovanog na albanskom jeziku u Podgorici je pokazatelj kakva je posttridesetoavgustovska Crna Gora u kojoj su se nacionalisti\u010dki elementi poput Demokratskog fronta razmahali u vlasti &#8211; naveo je odbornik DPS-a u Skup\u0161tini Glavnog grad Filip Terzi\u0107.<\/p>","protected":false},"author":1,"featured_media":909990,"comment_status":"open","ping_status":"open","sticky":false,"template":"","format":"standard","meta":{"_acf_changed":false,"footnotes":""},"categories":[12],"tags":[2412,113,7030,7031],"naslovna":[],"class_list":["post-950395","post","type-post","status-publish","format-standard","has-post-thumbnail","hentry","category-politika","tag-filip-terzic","tag-film","tag-odbornik-dps","tag-roda"],"acf":[],"yoast_head":"<!-- This site is optimized with the Yoast SEO plugin v27.4 - https:\/\/yoast.com\/product\/yoast-seo-wordpress\/ -->\n<title>Terzi\u0107: Prekid filma je pokazatelj kakva je posttridesetoavgustovska Crna Gora - dmcsrb.com<\/title>\n<meta name=\"robots\" content=\"index, follow, max-snippet:-1, max-image-preview:large, max-video-preview:-1\" \/>\n<link rel=\"canonical\" href=\"https:\/\/dmcsrb.com\/en\/politika\/terzic-prekid-filma-je-pokazatelj-kakva-je-posttridesetoavgustovska-crna-gora\/\" \/>\n<meta property=\"og:locale\" content=\"en_GB\" \/>\n<meta property=\"og:type\" content=\"article\" \/>\n<meta property=\"og:title\" content=\"Terzi\u0107: Prekid filma je pokazatelj kakva je posttridesetoavgustovska Crna Gora - dmcsrb.com\" \/>\n<meta property=\"og:description\" content=\"Prekid projekcije filma emitovanog na albanskom jeziku u Podgorici je pokazatelj kakva je posttridesetoavgustovska Crna Gora u kojoj su se nacionalisti\u010dki elementi poput Demokratskog fronta razmahali u vlasti - naveo je odbornik DPS-a u Skup\u0161tini Glavnog grad Filip Terzi\u0107.\" \/>\n<meta property=\"og:url\" content=\"https:\/\/dmcsrb.com\/en\/politika\/terzic-prekid-filma-je-pokazatelj-kakva-je-posttridesetoavgustovska-crna-gora\/\" \/>\n<meta property=\"og:site_name\" content=\"dmcsrb.com\" \/>\n<meta property=\"article:published_time\" content=\"2025-09-05T13:59:00+00:00\" \/>\n<meta property=\"og:image\" content=\"https:\/\/dmcsrb.com\/wp-content\/uploads\/2026\/01\/terzic.jpg\" \/>\n\t<meta property=\"og:image:width\" content=\"1118\" \/>\n\t<meta property=\"og:image:height\" content=\"745\" \/>\n\t<meta property=\"og:image:type\" content=\"image\/jpeg\" \/>\n<meta name=\"author\" content=\"dmcsrbija.com@gmail.com\" \/>\n<meta name=\"twitter:card\" content=\"summary_large_image\" \/>\n<meta name=\"twitter:label1\" content=\"Written by\" \/>\n\t<meta name=\"twitter:data1\" content=\"dmcsrbija.com@gmail.com\" \/>\n\t<meta name=\"twitter:label2\" content=\"Estimated reading time\" \/>\n\t<meta name=\"twitter:data2\" content=\"1 minute\" \/>\n<script type=\"application\/ld+json\" class=\"yoast-schema-graph\">{\"@context\":\"https:\\\/\\\/schema.org\",\"@graph\":[{\"@type\":\"Article\",\"@id\":\"https:\\\/\\\/dmcsrb.com\\\/politika\\\/terzic-prekid-filma-je-pokazatelj-kakva-je-posttridesetoavgustovska-crna-gora\\\/#article\",\"isPartOf\":{\"@id\":\"https:\\\/\\\/dmcsrb.com\\\/politika\\\/terzic-prekid-filma-je-pokazatelj-kakva-je-posttridesetoavgustovska-crna-gora\\\/\"},\"author\":{\"name\":\"dmcsrbija.com@gmail.com\",\"@id\":\"https:\\\/\\\/dmcsrb.com\\\/#\\\/schema\\\/person\\\/5c39170f12db1b8b457732d0b5c854e2\"},\"headline\":\"Terzi\u0107: Prekid filma je pokazatelj kakva je posttridesetoavgustovska Crna Gora\",\"datePublished\":\"2025-09-05T13:59:00+00:00\",\"mainEntityOfPage\":{\"@id\":\"https:\\\/\\\/dmcsrb.com\\\/politika\\\/terzic-prekid-filma-je-pokazatelj-kakva-je-posttridesetoavgustovska-crna-gora\\\/\"},\"wordCount\":169,\"commentCount\":0,\"image\":{\"@id\":\"https:\\\/\\\/dmcsrb.com\\\/politika\\\/terzic-prekid-filma-je-pokazatelj-kakva-je-posttridesetoavgustovska-crna-gora\\\/#primaryimage\"},\"thumbnailUrl\":\"https:\\\/\\\/dmcsrb.com\\\/wp-content\\\/uploads\\\/2026\\\/01\\\/terzic.jpg\",\"keywords\":[\"Filip Terzi\u0107\",\"Film\",\"odbornik dps\",\"Roda\"],\"articleSection\":[\"Politika\"],\"inLanguage\":\"en-GB\",\"potentialAction\":[{\"@type\":\"CommentAction\",\"name\":\"Comment\",\"target\":[\"https:\\\/\\\/dmcsrb.com\\\/politika\\\/terzic-prekid-filma-je-pokazatelj-kakva-je-posttridesetoavgustovska-crna-gora\\\/#respond\"]}]},{\"@type\":\"WebPage\",\"@id\":\"https:\\\/\\\/dmcsrb.com\\\/politika\\\/terzic-prekid-filma-je-pokazatelj-kakva-je-posttridesetoavgustovska-crna-gora\\\/\",\"url\":\"https:\\\/\\\/dmcsrb.com\\\/politika\\\/terzic-prekid-filma-je-pokazatelj-kakva-je-posttridesetoavgustovska-crna-gora\\\/\",\"name\":\"Terzi\u0107: Prekid filma je pokazatelj kakva je posttridesetoavgustovska Crna Gora - dmcsrb.com\",\"isPartOf\":{\"@id\":\"https:\\\/\\\/dmcsrb.com\\\/#website\"},\"primaryImageOfPage\":{\"@id\":\"https:\\\/\\\/dmcsrb.com\\\/politika\\\/terzic-prekid-filma-je-pokazatelj-kakva-je-posttridesetoavgustovska-crna-gora\\\/#primaryimage\"},\"image\":{\"@id\":\"https:\\\/\\\/dmcsrb.com\\\/politika\\\/terzic-prekid-filma-je-pokazatelj-kakva-je-posttridesetoavgustovska-crna-gora\\\/#primaryimage\"},\"thumbnailUrl\":\"https:\\\/\\\/dmcsrb.com\\\/wp-content\\\/uploads\\\/2026\\\/01\\\/terzic.jpg\",\"datePublished\":\"2025-09-05T13:59:00+00:00\",\"author\":{\"@id\":\"https:\\\/\\\/dmcsrb.com\\\/#\\\/schema\\\/person\\\/5c39170f12db1b8b457732d0b5c854e2\"},\"breadcrumb\":{\"@id\":\"https:\\\/\\\/dmcsrb.com\\\/politika\\\/terzic-prekid-filma-je-pokazatelj-kakva-je-posttridesetoavgustovska-crna-gora\\\/#breadcrumb\"},\"inLanguage\":\"en-GB\",\"potentialAction\":[{\"@type\":\"ReadAction\",\"target\":[\"https:\\\/\\\/dmcsrb.com\\\/politika\\\/terzic-prekid-filma-je-pokazatelj-kakva-je-posttridesetoavgustovska-crna-gora\\\/\"]}]},{\"@type\":\"ImageObject\",\"inLanguage\":\"en-GB\",\"@id\":\"https:\\\/\\\/dmcsrb.com\\\/politika\\\/terzic-prekid-filma-je-pokazatelj-kakva-je-posttridesetoavgustovska-crna-gora\\\/#primaryimage\",\"url\":\"https:\\\/\\\/dmcsrb.com\\\/wp-content\\\/uploads\\\/2026\\\/01\\\/terzic.jpg\",\"contentUrl\":\"https:\\\/\\\/dmcsrb.com\\\/wp-content\\\/uploads\\\/2026\\\/01\\\/terzic.jpg\",\"width\":1118,\"height\":745},{\"@type\":\"BreadcrumbList\",\"@id\":\"https:\\\/\\\/dmcsrb.com\\\/politika\\\/terzic-prekid-filma-je-pokazatelj-kakva-je-posttridesetoavgustovska-crna-gora\\\/#breadcrumb\",\"itemListElement\":[{\"@type\":\"ListItem\",\"position\":1,\"name\":\"Home\",\"item\":\"https:\\\/\\\/dmcsrb.com\\\/\"},{\"@type\":\"ListItem\",\"position\":2,\"name\":\"Terzi\u0107: Prekid filma je pokazatelj kakva je posttridesetoavgustovska Crna Gora\"}]},{\"@type\":\"WebSite\",\"@id\":\"https:\\\/\\\/dmcsrb.com\\\/#website\",\"url\":\"https:\\\/\\\/dmcsrb.com\\\/\",\"name\":\"dmcsrb.com\",\"description\":\"\",\"potentialAction\":[{\"@type\":\"SearchAction\",\"target\":{\"@type\":\"EntryPoint\",\"urlTemplate\":\"https:\\\/\\\/dmcsrb.com\\\/?s={search_term_string}\"},\"query-input\":{\"@type\":\"PropertyValueSpecification\",\"valueRequired\":true,\"valueName\":\"search_term_string\"}}],\"inLanguage\":\"en-GB\"},{\"@type\":\"Person\",\"@id\":\"https:\\\/\\\/dmcsrb.com\\\/#\\\/schema\\\/person\\\/5c39170f12db1b8b457732d0b5c854e2\",\"name\":\"dmcsrbija.com@gmail.com\",\"image\":{\"@type\":\"ImageObject\",\"inLanguage\":\"en-GB\",\"@id\":\"https:\\\/\\\/secure.gravatar.com\\\/avatar\\\/68592660ad6347fad0fb587f8d5d8f1a7b44961362f56e4f2cd524feb87e9069?s=96&d=mm&r=g\",\"url\":\"https:\\\/\\\/secure.gravatar.com\\\/avatar\\\/68592660ad6347fad0fb587f8d5d8f1a7b44961362f56e4f2cd524feb87e9069?s=96&d=mm&r=g\",\"contentUrl\":\"https:\\\/\\\/secure.gravatar.com\\\/avatar\\\/68592660ad6347fad0fb587f8d5d8f1a7b44961362f56e4f2cd524feb87e9069?s=96&d=mm&r=g\",\"caption\":\"dmcsrbija.com@gmail.com\"},\"sameAs\":[\"https:\\\/\\\/dmcsrb.com\"],\"url\":\"https:\\\/\\\/dmcsrb.com\\\/en\\\/author\\\/dmcsrbija-comgmail-com\\\/\"}]}<\/script>\n<!-- \/ Yoast SEO plugin. -->","yoast_head_json":{"title":"Terzi\u0107: Prekid filma je pokazatelj kakva je posttridesetoavgustovska Crna Gora - dmcsrb.com","robots":{"index":"index","follow":"follow","max-snippet":"max-snippet:-1","max-image-preview":"max-image-preview:large","max-video-preview":"max-video-preview:-1"},"canonical":"https:\/\/dmcsrb.com\/en\/politika\/terzic-prekid-filma-je-pokazatelj-kakva-je-posttridesetoavgustovska-crna-gora\/","og_locale":"en_GB","og_type":"article","og_title":"Terzi\u0107: Prekid filma je pokazatelj kakva je posttridesetoavgustovska Crna Gora - dmcsrb.com","og_description":"Prekid projekcije filma emitovanog na albanskom jeziku u Podgorici je pokazatelj kakva je posttridesetoavgustovska Crna Gora u kojoj su se nacionalisti\u010dki elementi poput Demokratskog fronta razmahali u vlasti - naveo je odbornik DPS-a u Skup\u0161tini Glavnog grad Filip Terzi\u0107.","og_url":"https:\/\/dmcsrb.com\/en\/politika\/terzic-prekid-filma-je-pokazatelj-kakva-je-posttridesetoavgustovska-crna-gora\/","og_site_name":"dmcsrb.com","article_published_time":"2025-09-05T13:59:00+00:00","og_image":[{"width":1118,"height":745,"url":"https:\/\/dmcsrb.com\/wp-content\/uploads\/2026\/01\/terzic.jpg","type":"image\/jpeg"}],"author":"dmcsrbija.com@gmail.com","twitter_card":"summary_large_image","twitter_misc":{"Written by":"dmcsrbija.com@gmail.com","Estimated reading time":"1 minute"},"schema":{"@context":"https:\/\/schema.org","@graph":[{"@type":"Article","@id":"https:\/\/dmcsrb.com\/politika\/terzic-prekid-filma-je-pokazatelj-kakva-je-posttridesetoavgustovska-crna-gora\/#article","isPartOf":{"@id":"https:\/\/dmcsrb.com\/politika\/terzic-prekid-filma-je-pokazatelj-kakva-je-posttridesetoavgustovska-crna-gora\/"},"author":{"name":"dmcsrbija.com@gmail.com","@id":"https:\/\/dmcsrb.com\/#\/schema\/person\/5c39170f12db1b8b457732d0b5c854e2"},"headline":"Terzi\u0107: Prekid filma je pokazatelj kakva je posttridesetoavgustovska Crna Gora","datePublished":"2025-09-05T13:59:00+00:00","mainEntityOfPage":{"@id":"https:\/\/dmcsrb.com\/politika\/terzic-prekid-filma-je-pokazatelj-kakva-je-posttridesetoavgustovska-crna-gora\/"},"wordCount":169,"commentCount":0,"image":{"@id":"https:\/\/dmcsrb.com\/politika\/terzic-prekid-filma-je-pokazatelj-kakva-je-posttridesetoavgustovska-crna-gora\/#primaryimage"},"thumbnailUrl":"https:\/\/dmcsrb.com\/wp-content\/uploads\/2026\/01\/terzic.jpg","keywords":["Filip Terzi\u0107","Film","odbornik dps","Roda"],"articleSection":["Politika"],"inLanguage":"en-GB","potentialAction":[{"@type":"CommentAction","name":"Comment","target":["https:\/\/dmcsrb.com\/politika\/terzic-prekid-filma-je-pokazatelj-kakva-je-posttridesetoavgustovska-crna-gora\/#respond"]}]},{"@type":"WebPage","@id":"https:\/\/dmcsrb.com\/politika\/terzic-prekid-filma-je-pokazatelj-kakva-je-posttridesetoavgustovska-crna-gora\/","url":"https:\/\/dmcsrb.com\/politika\/terzic-prekid-filma-je-pokazatelj-kakva-je-posttridesetoavgustovska-crna-gora\/","name":"Terzi\u0107: Prekid filma je pokazatelj kakva je posttridesetoavgustovska Crna Gora - dmcsrb.com","isPartOf":{"@id":"https:\/\/dmcsrb.com\/#website"},"primaryImageOfPage":{"@id":"https:\/\/dmcsrb.com\/politika\/terzic-prekid-filma-je-pokazatelj-kakva-je-posttridesetoavgustovska-crna-gora\/#primaryimage"},"image":{"@id":"https:\/\/dmcsrb.com\/politika\/terzic-prekid-filma-je-pokazatelj-kakva-je-posttridesetoavgustovska-crna-gora\/#primaryimage"},"thumbnailUrl":"https:\/\/dmcsrb.com\/wp-content\/uploads\/2026\/01\/terzic.jpg","datePublished":"2025-09-05T13:59:00+00:00","author":{"@id":"https:\/\/dmcsrb.com\/#\/schema\/person\/5c39170f12db1b8b457732d0b5c854e2"},"breadcrumb":{"@id":"https:\/\/dmcsrb.com\/politika\/terzic-prekid-filma-je-pokazatelj-kakva-je-posttridesetoavgustovska-crna-gora\/#breadcrumb"},"inLanguage":"en-GB","potentialAction":[{"@type":"ReadAction","target":["https:\/\/dmcsrb.com\/politika\/terzic-prekid-filma-je-pokazatelj-kakva-je-posttridesetoavgustovska-crna-gora\/"]}]},{"@type":"ImageObject","inLanguage":"en-GB","@id":"https:\/\/dmcsrb.com\/politika\/terzic-prekid-filma-je-pokazatelj-kakva-je-posttridesetoavgustovska-crna-gora\/#primaryimage","url":"https:\/\/dmcsrb.com\/wp-content\/uploads\/2026\/01\/terzic.jpg","contentUrl":"https:\/\/dmcsrb.com\/wp-content\/uploads\/2026\/01\/terzic.jpg","width":1118,"height":745},{"@type":"BreadcrumbList","@id":"https:\/\/dmcsrb.com\/politika\/terzic-prekid-filma-je-pokazatelj-kakva-je-posttridesetoavgustovska-crna-gora\/#breadcrumb","itemListElement":[{"@type":"ListItem","position":1,"name":"Home","item":"https:\/\/dmcsrb.com\/"},{"@type":"ListItem","position":2,"name":"Terzi\u0107: Prekid filma je pokazatelj kakva je posttridesetoavgustovska Crna Gora"}]},{"@type":"WebSite","@id":"https:\/\/dmcsrb.com\/#website","url":"https:\/\/dmcsrb.com\/","name":"dmcsrb.com","description":"","potentialAction":[{"@type":"SearchAction","target":{"@type":"EntryPoint","urlTemplate":"https:\/\/dmcsrb.com\/?s={search_term_string}"},"query-input":{"@type":"PropertyValueSpecification","valueRequired":true,"valueName":"search_term_string"}}],"inLanguage":"en-GB"},{"@type":"Person","@id":"https:\/\/dmcsrb.com\/#\/schema\/person\/5c39170f12db1b8b457732d0b5c854e2","name":"dmcsrbija.com@gmail.com","image":{"@type":"ImageObject","inLanguage":"en-GB","@id":"https:\/\/secure.gravatar.com\/avatar\/68592660ad6347fad0fb587f8d5d8f1a7b44961362f56e4f2cd524feb87e9069?s=96&d=mm&r=g","url":"https:\/\/secure.gravatar.com\/avatar\/68592660ad6347fad0fb587f8d5d8f1a7b44961362f56e4f2cd524feb87e9069?s=96&d=mm&r=g","contentUrl":"https:\/\/secure.gravatar.com\/avatar\/68592660ad6347fad0fb587f8d5d8f1a7b44961362f56e4f2cd524feb87e9069?s=96&d=mm&r=g","caption":"dmcsrbija.com@gmail.com"},"sameAs":["https:\/\/dmcsrb.com"],"url":"https:\/\/dmcsrb.com\/en\/author\/dmcsrbija-comgmail-com\/"}]}},"_links":{"self":[{"href":"https:\/\/dmcsrb.com\/en\/wp-json\/wp\/v2\/posts\/950395","targetHints":{"allow":["GET"]}}],"collection":[{"href":"https:\/\/dmcsrb.com\/en\/wp-json\/wp\/v2\/posts"}],"about":[{"href":"https:\/\/dmcsrb.com\/en\/wp-json\/wp\/v2\/types\/post"}],"author":[{"embeddable":true,"href":"https:\/\/dmcsrb.com\/en\/wp-json\/wp\/v2\/users\/1"}],"replies":[{"embeddable":true,"href":"https:\/\/dmcsrb.com\/en\/wp-json\/wp\/v2\/comments?post=950395"}],"version-history":[{"count":0,"href":"https:\/\/dmcsrb.com\/en\/wp-json\/wp\/v2\/posts\/950395\/revisions"}],"wp:featuredmedia":[{"embeddable":true,"href":"https:\/\/dmcsrb.com\/en\/wp-json\/wp\/v2\/media\/909990"}],"wp:attachment":[{"href":"https:\/\/dmcsrb.com\/en\/wp-json\/wp\/v2\/media?parent=950395"}],"wp:term":[{"taxonomy":"category","embeddable":true,"href":"https:\/\/dmcsrb.com\/en\/wp-json\/wp\/v2\/categories?post=950395"},{"taxonomy":"post_tag","embeddable":true,"href":"https:\/\/dmcsrb.com\/en\/wp-json\/wp\/v2\/tags?post=950395"},{"taxonomy":"naslovna","embeddable":true,"href":"https:\/\/dmcsrb.com\/en\/wp-json\/wp\/v2\/naslovna?post=950395"}],"curies":[{"name":"wp","href":"https:\/\/api.w.org\/{rel}","templated":true}]}}